{"id":155544,"date":"2024-04-15T11:40:00","date_gmt":"2024-04-15T14:40:00","guid":{"rendered":"https:\/\/folhapopular.info\/?p=155544"},"modified":"2024-04-15T09:21:46","modified_gmt":"2024-04-15T12:21:46","slug":"declaracao-anual-de-rebanho-comeca-nesta-segunda-feira-no-estado","status":"publish","type":"post","link":"https:\/\/folhapopular.info\/index.php\/2024\/04\/15\/declaracao-anual-de-rebanho-comeca-nesta-segunda-feira-no-estado\/","title":{"rendered":"Declara\u00e7\u00e3o Anual de Rebanho come\u00e7a nesta segunda-feira no Estado"},"content":{"rendered":"\n<p>Come\u00e7a nesta segunda-feira e prossegue at\u00e9 14 de junho o per\u00edodo para os pecuaristas fazerem a Declara\u00e7\u00e3o Anual de Rebanho referente ao ano de 2024. A Declara\u00e7\u00e3o de Rebanho \u00e9 uma obriga\u00e7\u00e3o sanit\u00e1ria de todos os produtores rurais ga\u00fachos detentores de animais. &#8220;Al\u00e9m do atendimento \u00e0 legisla\u00e7\u00e3o vigente, os dados nos d\u00e3o embasamento para que tenhamos uma radiografia da distribui\u00e7\u00e3o das popula\u00e7\u00f5es animais, das faixas et\u00e1rias\u201d, detalha a diretora do Departamento de Vigil\u00e2ncia e Defesa Sanit\u00e1ria Animal da Secretaria da Agricultura, Pecu\u00e1ria, Produ\u00e7\u00e3o Sustent\u00e1vel e Irriga\u00e7\u00e3o (DDA\/Seapi), Rosane Collares. Segundo ela, com os dados \u00e9 poss\u00edvel ser mais assertivo nas pol\u00edticas p\u00fablicas de sa\u00fade animal.<\/p>\n\n\n\n<p>Desde o ano passado, a declara\u00e7\u00e3o pode ser feita diretamente pela internet, em m\u00f3dulo espec\u00edfico dentro do Produtor Online. Caso prefira, o produtor tamb\u00e9m pode fazer o preenchimento dos formul\u00e1rios em PDF ou presencialmente nas Inspetorias ou Escrit\u00f3rios de Defesa Agropecu\u00e1ria, com aux\u00edlio dos servidores da Seapi e assinando digitalmente com sua senha do Produtor Online.<\/p>\n","protected":false},"excerpt":{"rendered":"<p>Come\u00e7a nesta segunda-feira e prossegue at\u00e9 14 de junho o per\u00edodo para os pecuaristas fazerem a Declara\u00e7\u00e3o Anual de Rebanho referente ao ano de 2024. A Declara\u00e7\u00e3o de Rebanho \u00e9 uma obriga\u00e7\u00e3o sanit\u00e1ria de todos os produtores rurais ga\u00fachos detentores de animais. &#8220;Al\u00e9m do atendimento \u00e0 legisla\u00e7\u00e3o vigente, os dados nos d\u00e3o embasamento para que [&hellip;]<\/p>\n","protected":false},"author":8,"featured_media":155547,"comment_status":"open","ping_status":"open","sticky":false,"template":"","format":"standard","meta":{"pmpro_default_level":"","_jetpack_memberships_contains_paid_content":false,"footnotes":""},"categories":[2,10991,10994],"tags":[14814,1794],"class_list":{"0":"post-155544","1":"post","2":"type-post","3":"status-publish","4":"format-standard","5":"has-post-thumbnail","7":"category-featured","8":"category-economia","9":"category-rural","10":"tag-declaracao-de-rebanho","11":"tag-rio-grande-do-sul","12":"pmpro-has-access"},"yoast_head":"<!-- This site is optimized with the Yoast SEO plugin v27.5 - https:\/\/yoast.com\/product\/yoast-seo-wordpress\/ -->\n<title>Declara\u00e7\u00e3o Anual de Rebanho come\u00e7a nesta segunda-feira no Estado - Folha Popular<\/title>\n<meta name=\"robots\" content=\"index, follow, max-snippet:-1, max-image-preview:large, max-video-preview:-1\" \/>\n<link rel=\"canonical\" href=\"https:\/\/folhapopular.info\/index.php\/2024\/04\/15\/declaracao-anual-de-rebanho-comeca-nesta-segunda-feira-no-estado\/\" \/>\n<meta property=\"og:locale\" content=\"pt_BR\" \/>\n<meta property=\"og:type\" content=\"article\" \/>\n<meta property=\"og:title\" content=\"Declara\u00e7\u00e3o Anual de Rebanho come\u00e7a nesta segunda-feira no Estado - Folha Popular\" \/>\n<meta property=\"og:description\" content=\"Come\u00e7a nesta segunda-feira e prossegue at\u00e9 14 de junho o per\u00edodo para os pecuaristas fazerem a Declara\u00e7\u00e3o Anual de Rebanho referente ao ano de 2024. A Declara\u00e7\u00e3o de Rebanho \u00e9 uma obriga\u00e7\u00e3o sanit\u00e1ria de todos os produtores rurais ga\u00fachos detentores de animais. &#8220;Al\u00e9m do atendimento \u00e0 legisla\u00e7\u00e3o vigente, os dados nos d\u00e3o embasamento para que [&hellip;]\" \/>\n<meta property=\"og:url\" content=\"https:\/\/folhapopular.info\/index.php\/2024\/04\/15\/declaracao-anual-de-rebanho-comeca-nesta-segunda-feira-no-estado\/\" \/>\n<meta property=\"og:site_name\" content=\"Folha Popular\" \/>\n<meta property=\"article:published_time\" content=\"2024-04-15T14:40:00+00:00\" \/>\n<meta property=\"og:image\" content=\"https:\/\/folhapopular.info\/wp-content\/uploads\/2024\/04\/12153114_107442_GD.jpeg\" \/>\n\t<meta property=\"og:image:width\" content=\"800\" \/>\n\t<meta property=\"og:image:height\" content=\"450\" \/>\n\t<meta property=\"og:image:type\" content=\"image\/jpeg\" \/>\n<meta name=\"author\" content=\"Reda\u00e7\u00e3o Folha Popular\" \/>\n<meta name=\"twitter:card\" content=\"summary_large_image\" \/>\n<meta name=\"twitter:label1\" content=\"Escrito por\" \/>\n\t<meta name=\"twitter:data1\" content=\"Reda\u00e7\u00e3o Folha Popular\" \/>\n\t<meta name=\"twitter:label2\" content=\"Est. tempo de leitura\" \/>\n\t<meta name=\"twitter:data2\" content=\"2 minutos\" \/>\n<script type=\"application\/ld+json\" class=\"yoast-schema-graph\">{\"@context\":\"https:\\\/\\\/schema.org\",\"@graph\":[{\"@type\":\"Article\",\"@id\":\"https:\\\/\\\/folhapopular.info\\\/index.php\\\/2024\\\/04\\\/15\\\/declaracao-anual-de-rebanho-comeca-nesta-segunda-feira-no-estado\\\/#article\",\"isPartOf\":{\"@id\":\"https:\\\/\\\/folhapopular.info\\\/index.php\\\/2024\\\/04\\\/15\\\/declaracao-anual-de-rebanho-comeca-nesta-segunda-feira-no-estado\\\/\"},\"author\":{\"name\":\"Reda\u00e7\u00e3o Folha Popular\",\"@id\":\"https:\\\/\\\/folhapopular.info\\\/#\\\/schema\\\/person\\\/2814e8a0df7643585a9ca38bc6eb9d4b\"},\"headline\":\"Declara\u00e7\u00e3o Anual de Rebanho come\u00e7a nesta segunda-feira no Estado\",\"datePublished\":\"2024-04-15T14:40:00+00:00\",\"mainEntityOfPage\":{\"@id\":\"https:\\\/\\\/folhapopular.info\\\/index.php\\\/2024\\\/04\\\/15\\\/declaracao-anual-de-rebanho-comeca-nesta-segunda-feira-no-estado\\\/\"},\"wordCount\":199,\"commentCount\":0,\"image\":{\"@id\":\"https:\\\/\\\/folhapopular.info\\\/index.php\\\/2024\\\/04\\\/15\\\/declaracao-anual-de-rebanho-comeca-nesta-segunda-feira-no-estado\\\/#primaryimage\"},\"thumbnailUrl\":\"https:\\\/\\\/folhapopular.info\\\/wp-content\\\/uploads\\\/2024\\\/04\\\/12153114_107442_GD.jpeg\",\"keywords\":[\"Declara\u00e7\u00e3o de rebanho\",\"Rio Grande do Sul\"],\"articleSection\":[\"Destaques\",\"Economia\",\"Rural\"],\"inLanguage\":\"pt-BR\",\"potentialAction\":[{\"@type\":\"CommentAction\",\"name\":\"Comment\",\"target\":[\"https:\\\/\\\/folhapopular.info\\\/index.php\\\/2024\\\/04\\\/15\\\/declaracao-anual-de-rebanho-comeca-nesta-segunda-feira-no-estado\\\/#respond\"]}]},{\"@type\":\"WebPage\",\"@id\":\"https:\\\/\\\/folhapopular.info\\\/index.php\\\/2024\\\/04\\\/15\\\/declaracao-anual-de-rebanho-comeca-nesta-segunda-feira-no-estado\\\/\",\"url\":\"https:\\\/\\\/folhapopular.info\\\/index.php\\\/2024\\\/04\\\/15\\\/declaracao-anual-de-rebanho-comeca-nesta-segunda-feira-no-estado\\\/\",\"name\":\"Declara\u00e7\u00e3o Anual de Rebanho come\u00e7a nesta segunda-feira no Estado - Folha Popular\",\"isPartOf\":{\"@id\":\"https:\\\/\\\/folhapopular.info\\\/#website\"},\"primaryImageOfPage\":{\"@id\":\"https:\\\/\\\/folhapopular.info\\\/index.php\\\/2024\\\/04\\\/15\\\/declaracao-anual-de-rebanho-comeca-nesta-segunda-feira-no-estado\\\/#primaryimage\"},\"image\":{\"@id\":\"https:\\\/\\\/folhapopular.info\\\/index.php\\\/2024\\\/04\\\/15\\\/declaracao-anual-de-rebanho-comeca-nesta-segunda-feira-no-estado\\\/#primaryimage\"},\"thumbnailUrl\":\"https:\\\/\\\/folhapopular.info\\\/wp-content\\\/uploads\\\/2024\\\/04\\\/12153114_107442_GD.jpeg\",\"datePublished\":\"2024-04-15T14:40:00+00:00\",\"author\":{\"@id\":\"https:\\\/\\\/folhapopular.info\\\/#\\\/schema\\\/person\\\/2814e8a0df7643585a9ca38bc6eb9d4b\"},\"breadcrumb\":{\"@id\":\"https:\\\/\\\/folhapopular.info\\\/index.php\\\/2024\\\/04\\\/15\\\/declaracao-anual-de-rebanho-comeca-nesta-segunda-feira-no-estado\\\/#breadcrumb\"},\"inLanguage\":\"pt-BR\",\"potentialAction\":[{\"@type\":\"ReadAction\",\"target\":[\"https:\\\/\\\/folhapopular.info\\\/index.php\\\/2024\\\/04\\\/15\\\/declaracao-anual-de-rebanho-comeca-nesta-segunda-feira-no-estado\\\/\"]}]},{\"@type\":\"ImageObject\",\"inLanguage\":\"pt-BR\",\"@id\":\"https:\\\/\\\/folhapopular.info\\\/index.php\\\/2024\\\/04\\\/15\\\/declaracao-anual-de-rebanho-comeca-nesta-segunda-feira-no-estado\\\/#primaryimage\",\"url\":\"https:\\\/\\\/folhapopular.info\\\/wp-content\\\/uploads\\\/2024\\\/04\\\/12153114_107442_GD.jpeg\",\"contentUrl\":\"https:\\\/\\\/folhapopular.info\\\/wp-content\\\/uploads\\\/2024\\\/04\\\/12153114_107442_GD.jpeg\",\"width\":800,\"height\":450,\"caption\":\"Cr\u00e9dito: Divulga\u00e7\u00e3o\"},{\"@type\":\"BreadcrumbList\",\"@id\":\"https:\\\/\\\/folhapopular.info\\\/index.php\\\/2024\\\/04\\\/15\\\/declaracao-anual-de-rebanho-comeca-nesta-segunda-feira-no-estado\\\/#breadcrumb\",\"itemListElement\":[{\"@type\":\"ListItem\",\"position\":1,\"name\":\"In\u00edcio\",\"item\":\"https:\\\/\\\/folhapopular.info\\\/\"},{\"@type\":\"ListItem\",\"position\":2,\"name\":\"Declara\u00e7\u00e3o Anual de Rebanho come\u00e7a nesta segunda-feira no Estado\"}]},{\"@type\":\"WebSite\",\"@id\":\"https:\\\/\\\/folhapopular.info\\\/#website\",\"url\":\"https:\\\/\\\/folhapopular.info\\\/\",\"name\":\"Folha Popular\",\"description\":\"Onde voc\u00ea tem vez e voz\",\"potentialAction\":[{\"@type\":\"SearchAction\",\"target\":{\"@type\":\"EntryPoint\",\"urlTemplate\":\"https:\\\/\\\/folhapopular.info\\\/?s={search_term_string}\"},\"query-input\":{\"@type\":\"PropertyValueSpecification\",\"valueRequired\":true,\"valueName\":\"search_term_string\"}}],\"inLanguage\":\"pt-BR\"},{\"@type\":\"Person\",\"@id\":\"https:\\\/\\\/folhapopular.info\\\/#\\\/schema\\\/person\\\/2814e8a0df7643585a9ca38bc6eb9d4b\",\"name\":\"Reda\u00e7\u00e3o Folha Popular\",\"image\":{\"@type\":\"ImageObject\",\"inLanguage\":\"pt-BR\",\"@id\":\"https:\\\/\\\/folhapopular.info\\\/wp-content\\\/uploads\\\/2026\\\/04\\\/Folha-1.webp\",\"url\":\"https:\\\/\\\/folhapopular.info\\\/wp-content\\\/uploads\\\/2026\\\/04\\\/Folha-1.webp\",\"contentUrl\":\"https:\\\/\\\/folhapopular.info\\\/wp-content\\\/uploads\\\/2026\\\/04\\\/Folha-1.webp\",\"caption\":\"Reda\u00e7\u00e3o Folha Popular\"},\"url\":\"https:\\\/\\\/folhapopular.info\\\/index.php\\\/author\\\/redacao\\\/\"}]}<\/script>\n<!-- \/ Yoast SEO plugin. -->","yoast_head_json":{"title":"Declara\u00e7\u00e3o Anual de Rebanho come\u00e7a nesta segunda-feira no Estado - Folha Popular","robots":{"index":"index","follow":"follow","max-snippet":"max-snippet:-1","max-image-preview":"max-image-preview:large","max-video-preview":"max-video-preview:-1"},"canonical":"https:\/\/folhapopular.info\/index.php\/2024\/04\/15\/declaracao-anual-de-rebanho-comeca-nesta-segunda-feira-no-estado\/","og_locale":"pt_BR","og_type":"article","og_title":"Declara\u00e7\u00e3o Anual de Rebanho come\u00e7a nesta segunda-feira no Estado - Folha Popular","og_description":"Come\u00e7a nesta segunda-feira e prossegue at\u00e9 14 de junho o per\u00edodo para os pecuaristas fazerem a Declara\u00e7\u00e3o Anual de Rebanho referente ao ano de 2024. A Declara\u00e7\u00e3o de Rebanho \u00e9 uma obriga\u00e7\u00e3o sanit\u00e1ria de todos os produtores rurais ga\u00fachos detentores de animais. &#8220;Al\u00e9m do atendimento \u00e0 legisla\u00e7\u00e3o vigente, os dados nos d\u00e3o embasamento para que [&hellip;]","og_url":"https:\/\/folhapopular.info\/index.php\/2024\/04\/15\/declaracao-anual-de-rebanho-comeca-nesta-segunda-feira-no-estado\/","og_site_name":"Folha Popular","article_published_time":"2024-04-15T14:40:00+00:00","og_image":[{"width":800,"height":450,"url":"https:\/\/folhapopular.info\/wp-content\/uploads\/2024\/04\/12153114_107442_GD.jpeg","type":"image\/jpeg"}],"author":"Reda\u00e7\u00e3o Folha Popular","twitter_card":"summary_large_image","twitter_misc":{"Escrito por":"Reda\u00e7\u00e3o Folha Popular","Est. tempo de leitura":"2 minutos"},"schema":{"@context":"https:\/\/schema.org","@graph":[{"@type":"Article","@id":"https:\/\/folhapopular.info\/index.php\/2024\/04\/15\/declaracao-anual-de-rebanho-comeca-nesta-segunda-feira-no-estado\/#article","isPartOf":{"@id":"https:\/\/folhapopular.info\/index.php\/2024\/04\/15\/declaracao-anual-de-rebanho-comeca-nesta-segunda-feira-no-estado\/"},"author":{"name":"Reda\u00e7\u00e3o Folha Popular","@id":"https:\/\/folhapopular.info\/#\/schema\/person\/2814e8a0df7643585a9ca38bc6eb9d4b"},"headline":"Declara\u00e7\u00e3o Anual de Rebanho come\u00e7a nesta segunda-feira no Estado","datePublished":"2024-04-15T14:40:00+00:00","mainEntityOfPage":{"@id":"https:\/\/folhapopular.info\/index.php\/2024\/04\/15\/declaracao-anual-de-rebanho-comeca-nesta-segunda-feira-no-estado\/"},"wordCount":199,"commentCount":0,"image":{"@id":"https:\/\/folhapopular.info\/index.php\/2024\/04\/15\/declaracao-anual-de-rebanho-comeca-nesta-segunda-feira-no-estado\/#primaryimage"},"thumbnailUrl":"https:\/\/folhapopular.info\/wp-content\/uploads\/2024\/04\/12153114_107442_GD.jpeg","keywords":["Declara\u00e7\u00e3o de rebanho","Rio Grande do Sul"],"articleSection":["Destaques","Economia","Rural"],"inLanguage":"pt-BR","potentialAction":[{"@type":"CommentAction","name":"Comment","target":["https:\/\/folhapopular.info\/index.php\/2024\/04\/15\/declaracao-anual-de-rebanho-comeca-nesta-segunda-feira-no-estado\/#respond"]}]},{"@type":"WebPage","@id":"https:\/\/folhapopular.info\/index.php\/2024\/04\/15\/declaracao-anual-de-rebanho-comeca-nesta-segunda-feira-no-estado\/","url":"https:\/\/folhapopular.info\/index.php\/2024\/04\/15\/declaracao-anual-de-rebanho-comeca-nesta-segunda-feira-no-estado\/","name":"Declara\u00e7\u00e3o Anual de Rebanho come\u00e7a nesta segunda-feira no Estado - Folha Popular","isPartOf":{"@id":"https:\/\/folhapopular.info\/#website"},"primaryImageOfPage":{"@id":"https:\/\/folhapopular.info\/index.php\/2024\/04\/15\/declaracao-anual-de-rebanho-comeca-nesta-segunda-feira-no-estado\/#primaryimage"},"image":{"@id":"https:\/\/folhapopular.info\/index.php\/2024\/04\/15\/declaracao-anual-de-rebanho-comeca-nesta-segunda-feira-no-estado\/#primaryimage"},"thumbnailUrl":"https:\/\/folhapopular.info\/wp-content\/uploads\/2024\/04\/12153114_107442_GD.jpeg","datePublished":"2024-04-15T14:40:00+00:00","author":{"@id":"https:\/\/folhapopular.info\/#\/schema\/person\/2814e8a0df7643585a9ca38bc6eb9d4b"},"breadcrumb":{"@id":"https:\/\/folhapopular.info\/index.php\/2024\/04\/15\/declaracao-anual-de-rebanho-comeca-nesta-segunda-feira-no-estado\/#breadcrumb"},"inLanguage":"pt-BR","potentialAction":[{"@type":"ReadAction","target":["https:\/\/folhapopular.info\/index.php\/2024\/04\/15\/declaracao-anual-de-rebanho-comeca-nesta-segunda-feira-no-estado\/"]}]},{"@type":"ImageObject","inLanguage":"pt-BR","@id":"https:\/\/folhapopular.info\/index.php\/2024\/04\/15\/declaracao-anual-de-rebanho-comeca-nesta-segunda-feira-no-estado\/#primaryimage","url":"https:\/\/folhapopular.info\/wp-content\/uploads\/2024\/04\/12153114_107442_GD.jpeg","contentUrl":"https:\/\/folhapopular.info\/wp-content\/uploads\/2024\/04\/12153114_107442_GD.jpeg","width":800,"height":450,"caption":"Cr\u00e9dito: Divulga\u00e7\u00e3o"},{"@type":"BreadcrumbList","@id":"https:\/\/folhapopular.info\/index.php\/2024\/04\/15\/declaracao-anual-de-rebanho-comeca-nesta-segunda-feira-no-estado\/#breadcrumb","itemListElement":[{"@type":"ListItem","position":1,"name":"In\u00edcio","item":"https:\/\/folhapopular.info\/"},{"@type":"ListItem","position":2,"name":"Declara\u00e7\u00e3o Anual de Rebanho come\u00e7a nesta segunda-feira no Estado"}]},{"@type":"WebSite","@id":"https:\/\/folhapopular.info\/#website","url":"https:\/\/folhapopular.info\/","name":"Folha Popular","description":"Onde voc\u00ea tem vez e voz","potentialAction":[{"@type":"SearchAction","target":{"@type":"EntryPoint","urlTemplate":"https:\/\/folhapopular.info\/?s={search_term_string}"},"query-input":{"@type":"PropertyValueSpecification","valueRequired":true,"valueName":"search_term_string"}}],"inLanguage":"pt-BR"},{"@type":"Person","@id":"https:\/\/folhapopular.info\/#\/schema\/person\/2814e8a0df7643585a9ca38bc6eb9d4b","name":"Reda\u00e7\u00e3o Folha Popular","image":{"@type":"ImageObject","inLanguage":"pt-BR","@id":"https:\/\/folhapopular.info\/wp-content\/uploads\/2026\/04\/Folha-1.webp","url":"https:\/\/folhapopular.info\/wp-content\/uploads\/2026\/04\/Folha-1.webp","contentUrl":"https:\/\/folhapopular.info\/wp-content\/uploads\/2026\/04\/Folha-1.webp","caption":"Reda\u00e7\u00e3o Folha Popular"},"url":"https:\/\/folhapopular.info\/index.php\/author\/redacao\/"}]}},"jetpack_featured_media_url":"https:\/\/folhapopular.info\/wp-content\/uploads\/2024\/04\/12153114_107442_GD.jpeg","jetpack_sharing_enabled":true,"amp_enabled":true,"_links":{"self":[{"href":"https:\/\/folhapopular.info\/index.php\/wp-json\/wp\/v2\/posts\/155544","targetHints":{"allow":["GET"]}}],"collection":[{"href":"https:\/\/folhapopular.info\/index.php\/wp-json\/wp\/v2\/posts"}],"about":[{"href":"https:\/\/folhapopular.info\/index.php\/wp-json\/wp\/v2\/types\/post"}],"author":[{"embeddable":true,"href":"https:\/\/folhapopular.info\/index.php\/wp-json\/wp\/v2\/users\/8"}],"replies":[{"embeddable":true,"href":"https:\/\/folhapopular.info\/index.php\/wp-json\/wp\/v2\/comments?post=155544"}],"version-history":[{"count":0,"href":"https:\/\/folhapopular.info\/index.php\/wp-json\/wp\/v2\/posts\/155544\/revisions"}],"wp:featuredmedia":[{"embeddable":true,"href":"https:\/\/folhapopular.info\/index.php\/wp-json\/wp\/v2\/media\/155547"}],"wp:attachment":[{"href":"https:\/\/folhapopular.info\/index.php\/wp-json\/wp\/v2\/media?parent=155544"}],"wp:term":[{"taxonomy":"category","embeddable":true,"href":"https:\/\/folhapopular.info\/index.php\/wp-json\/wp\/v2\/categories?post=155544"},{"taxonomy":"post_tag","embeddable":true,"href":"https:\/\/folhapopular.info\/index.php\/wp-json\/wp\/v2\/tags?post=155544"}],"curies":[{"name":"wp","href":"https:\/\/api.w.org\/{rel}","templated":true}]}}