{"id":155688,"date":"2024-04-17T14:00:00","date_gmt":"2024-04-17T17:00:00","guid":{"rendered":"https:\/\/folhapopular.info\/?p=155688"},"modified":"2024-04-17T08:18:59","modified_gmt":"2024-04-17T11:18:59","slug":"pdt-lanca-forneck-pre-candidato-a-prefeito","status":"publish","type":"post","link":"https:\/\/folhapopular.info\/index.php\/2024\/04\/17\/pdt-lanca-forneck-pre-candidato-a-prefeito\/","title":{"rendered":"PDT lan\u00e7a Forneck pr\u00e9-candidato a prefeito"},"content":{"rendered":"\n<p>O atual prefeito Celso Alo\u00edsio Forneck j\u00e1 era o pr\u00e9-candidato natural do PDT para concorrer \u00e0 reelei\u00e7\u00e3o no pleito deste ano em Teut\u00f4nia. Na noite desta sexta-feira (12\/4), o partido realizou evento de lan\u00e7amento da pr\u00e9-candidatura de Forneck a prefeito de Teut\u00f4nia, bem como apresentou alguns dos pr\u00e9-candidatos a vereadores.<\/p>\n\n\n\n<p>Um grande contingente de filiados e simpatizantes foi reunido na sede social do Clube Esportivo Ribeirense, em Linha Ribeiro. Tamb\u00e9m foram oficializados os apoios dos partidos PSB e Podemos.<\/p>\n\n\n\n<p>O presidente do PDT de Teut\u00f4nia e vereador Juliano Renato K\u00f6rner fez o an\u00fancio da caminhada que se inicia at\u00e9 o momento das conven\u00e7\u00f5es. \u201cFoi assim, com muita alegria, entusiasmo e brilho no olho que lan\u00e7amos nesta noite, com a presen\u00e7a de cerca de 400 pessoas, a pr\u00e9 candidatura do prefeito Celso Forneck para o pleito de 2024\u201d, diz. O momento foi de vibra\u00e7\u00e3o, envolvendo o p\u00fablico com muita emo\u00e7\u00e3o.<\/p>\n\n\n\n<p>\u201cN\u00f3s arrumamos a casa, hoje ela est\u00e1 arrumada; n\u00e3o temos contas atrasadas nem pend\u00eancias\u201d, afirma Forneck. \u201cAgora, podemos caminhar olhando sempre para frente\u201d, exclama.<\/p>\n\n\n\n<p>O pr\u00f3ximo desafio \u00e9 a escolha do vice, que dever\u00e1 ter como base resultados de levantamento de campo. \u201cFaremos uma pesquisa p\u00fablica, para ter o aval da comunidade\u201d, sustenta K\u00f6rner. O PDT ter\u00e1 nominata completa de candidatos a vereador \u2013 s\u00e3o 12 nomes, dos quais no m\u00ednimo 8 de um g\u00eanero e 4 de outro \u2013 para buscar as cadeiras no Legislativo. Assim, PSB e Podemos tamb\u00e9m devem preparar seus candidatos a vereador.<\/p>\n\n\n\n<figure class=\"wp-block-image size-large\"><img loading=\"lazy\" decoding=\"async\" width=\"1024\" height=\"682\" src=\"https:\/\/folhapopular.info\/wp-content\/uploads\/2024\/04\/Juliano-Korner-fez-o-anuncio_Grasieli-Nabinger_Divulgacao-1024x682.jpeg\" alt=\"\" class=\"wp-image-155690\" srcset=\"https:\/\/folhapopular.info\/wp-content\/uploads\/2024\/04\/Juliano-Korner-fez-o-anuncio_Grasieli-Nabinger_Divulgacao-1024x682.jpeg 1024w, https:\/\/folhapopular.info\/wp-content\/uploads\/2024\/04\/Juliano-Korner-fez-o-anuncio_Grasieli-Nabinger_Divulgacao-300x200.jpeg 300w, https:\/\/folhapopular.info\/wp-content\/uploads\/2024\/04\/Juliano-Korner-fez-o-anuncio_Grasieli-Nabinger_Divulgacao-768x512.jpeg 768w, https:\/\/folhapopular.info\/wp-content\/uploads\/2024\/04\/Juliano-Korner-fez-o-anuncio_Grasieli-Nabinger_Divulgacao-1536x1023.jpeg 1536w, https:\/\/folhapopular.info\/wp-content\/uploads\/2024\/04\/Juliano-Korner-fez-o-anuncio_Grasieli-Nabinger_Divulgacao-630x420.jpeg 630w, https:\/\/folhapopular.info\/wp-content\/uploads\/2024\/04\/Juliano-Korner-fez-o-anuncio_Grasieli-Nabinger_Divulgacao-696x464.jpeg 696w, https:\/\/folhapopular.info\/wp-content\/uploads\/2024\/04\/Juliano-Korner-fez-o-anuncio_Grasieli-Nabinger_Divulgacao-1068x712.jpeg 1068w, https:\/\/folhapopular.info\/wp-content\/uploads\/2024\/04\/Juliano-Korner-fez-o-anuncio_Grasieli-Nabinger_Divulgacao.jpeg 1600w\" sizes=\"auto, (max-width: 1024px) 100vw, 1024px\" \/><figcaption class=\"wp-element-caption\">Cr\u00e9dito: Divulga\u00e7\u00e3o\/ Grasieli Nabinger<\/figcaption><\/figure>\n\n\n\n<p>Lideran\u00e7as regionais e estaduais do PDT estiveram presentes, como: o deputado federal Heitor Schuch (PSB); os deputados estaduais Gilmar Sossella (PDT) e Eduardo Loureiro (PDT), representado por seu assessor F\u00e1bio Medeiros; o ex-deputado estadual Gerson Burmann (PDT); o presidente da Funda\u00e7\u00e3o Ga\u00facha do Trabalho e A\u00e7\u00e3o Social (FGTAS) Jos\u00e9 Scorsatto (PDT); e o prefeito Amarildo (PDT), de Fazenda Vilanova. A mesa de autoridades ainda contou com o presidente do PDT de Teut\u00f4nia, Juliano K\u00f6rner; o presidente do PSB de Teut\u00f4nia, Rog\u00e9rio Hauschild; o presidente do Podemos de Teut\u00f4nia, Vitor Ahlert; o pr\u00e9-candidato Celso Forneck e a primeira-dama Ilani Forneck.<\/p>\n\n\n\n<p>\u201cH\u00e1 tr\u00eas pilares b\u00e1sicos que permitem \u00e0 sociedade perceber se a gest\u00e3o p\u00fablica \u00e9 comprometida com as pessoas: 1. transpar\u00eancia e zelo pelo recurso p\u00fablico; 2. compromisso com a sua sociedade; e 3. entrega de servi\u00e7os nas mais diversas \u00e1reas\u201d, explica Scorsatto. \u201cO Forneck e sua equipe tiveram todos esses cuidados\u201d, completa.<\/p>\n\n\n\n<p>Vitor Ahlert ressalta que \u201cmuitas empresas est\u00e3o vindo se instalar em Teut\u00f4nia, porque reconhecem a seriedade da gest\u00e3o e o potencial do munic\u00edpio\u201d. Somente no primeiro trimestre de 2024, foram gerados 568 novos postos de trabalho formal na cidade.<\/p>\n\n\n\n<figure class=\"wp-block-image size-large\"><img loading=\"lazy\" decoding=\"async\" width=\"1024\" height=\"682\" src=\"https:\/\/folhapopular.info\/wp-content\/uploads\/2024\/04\/Mobilizacao-dos-partidos-reuniu-cerca-de-400-pessoas-nesta-sexta-a-noite_Grasieli-Nabinger_Divulgacao-1024x682.jpeg\" alt=\"\" class=\"wp-image-155691\" srcset=\"https:\/\/folhapopular.info\/wp-content\/uploads\/2024\/04\/Mobilizacao-dos-partidos-reuniu-cerca-de-400-pessoas-nesta-sexta-a-noite_Grasieli-Nabinger_Divulgacao-1024x682.jpeg 1024w, https:\/\/folhapopular.info\/wp-content\/uploads\/2024\/04\/Mobilizacao-dos-partidos-reuniu-cerca-de-400-pessoas-nesta-sexta-a-noite_Grasieli-Nabinger_Divulgacao-300x200.jpeg 300w, https:\/\/folhapopular.info\/wp-content\/uploads\/2024\/04\/Mobilizacao-dos-partidos-reuniu-cerca-de-400-pessoas-nesta-sexta-a-noite_Grasieli-Nabinger_Divulgacao-768x512.jpeg 768w, https:\/\/folhapopular.info\/wp-content\/uploads\/2024\/04\/Mobilizacao-dos-partidos-reuniu-cerca-de-400-pessoas-nesta-sexta-a-noite_Grasieli-Nabinger_Divulgacao-1536x1023.jpeg 1536w, https:\/\/folhapopular.info\/wp-content\/uploads\/2024\/04\/Mobilizacao-dos-partidos-reuniu-cerca-de-400-pessoas-nesta-sexta-a-noite_Grasieli-Nabinger_Divulgacao-630x420.jpeg 630w, https:\/\/folhapopular.info\/wp-content\/uploads\/2024\/04\/Mobilizacao-dos-partidos-reuniu-cerca-de-400-pessoas-nesta-sexta-a-noite_Grasieli-Nabinger_Divulgacao-696x464.jpeg 696w, https:\/\/folhapopular.info\/wp-content\/uploads\/2024\/04\/Mobilizacao-dos-partidos-reuniu-cerca-de-400-pessoas-nesta-sexta-a-noite_Grasieli-Nabinger_Divulgacao-1068x712.jpeg 1068w, https:\/\/folhapopular.info\/wp-content\/uploads\/2024\/04\/Mobilizacao-dos-partidos-reuniu-cerca-de-400-pessoas-nesta-sexta-a-noite_Grasieli-Nabinger_Divulgacao.jpeg 1600w\" sizes=\"auto, (max-width: 1024px) 100vw, 1024px\" \/><figcaption class=\"wp-element-caption\">Mobiliza\u00e7\u00e3o dos partidos reuniu cerca de 400 pessoas\/ Cr\u00e9dito: Divulga\u00e7\u00e3o \/ Grasieli Nabinger<\/figcaption><\/figure>\n","protected":false},"excerpt":{"rendered":"<p>O atual prefeito Celso Alo\u00edsio Forneck j\u00e1 era o pr\u00e9-candidato natural do PDT para concorrer \u00e0 reelei\u00e7\u00e3o no pleito deste ano em Teut\u00f4nia. Na noite desta sexta-feira (12\/4), o partido realizou evento de lan\u00e7amento da pr\u00e9-candidatura de Forneck a prefeito de Teut\u00f4nia, bem como apresentou alguns dos pr\u00e9-candidatos a vereadores. Um grande contingente de filiados [&hellip;]<\/p>\n","protected":false},"author":7,"featured_media":155689,"comment_status":"open","ping_status":"open","sticky":false,"template":"","format":"standard","meta":{"pmpro_default_level":"","_jetpack_memberships_contains_paid_content":false,"footnotes":""},"categories":[2,3553,10985],"tags":[3167,6129,14838,6355],"class_list":{"0":"post-155688","1":"post","2":"type-post","3":"status-publish","4":"format-standard","5":"has-post-thumbnail","7":"category-featured","8":"category-eleicoes","9":"category-politica","10":"tag-eleicoes","11":"tag-pdt","12":"tag-podemos","13":"tag-psb","14":"pmpro-has-access"},"yoast_head":"<!-- This site is optimized with the Yoast SEO plugin v27.5 - https:\/\/yoast.com\/product\/yoast-seo-wordpress\/ -->\n<title>PDT lan\u00e7a Forneck pr\u00e9-candidato a prefeito - Folha Popular<\/title>\n<meta name=\"robots\" content=\"index, follow, max-snippet:-1, max-image-preview:large, max-video-preview:-1\" \/>\n<link rel=\"canonical\" href=\"https:\/\/folhapopular.info\/index.php\/2024\/04\/17\/pdt-lanca-forneck-pre-candidato-a-prefeito\/\" \/>\n<meta property=\"og:locale\" content=\"pt_BR\" \/>\n<meta property=\"og:type\" content=\"article\" \/>\n<meta property=\"og:title\" content=\"PDT lan\u00e7a Forneck pr\u00e9-candidato a prefeito - Folha Popular\" \/>\n<meta property=\"og:description\" content=\"O atual prefeito Celso Alo\u00edsio Forneck j\u00e1 era o pr\u00e9-candidato natural do PDT para concorrer \u00e0 reelei\u00e7\u00e3o no pleito deste ano em Teut\u00f4nia. Na noite desta sexta-feira (12\/4), o partido realizou evento de lan\u00e7amento da pr\u00e9-candidatura de Forneck a prefeito de Teut\u00f4nia, bem como apresentou alguns dos pr\u00e9-candidatos a vereadores. Um grande contingente de filiados [&hellip;]\" \/>\n<meta property=\"og:url\" content=\"https:\/\/folhapopular.info\/index.php\/2024\/04\/17\/pdt-lanca-forneck-pre-candidato-a-prefeito\/\" \/>\n<meta property=\"og:site_name\" content=\"Folha Popular\" \/>\n<meta property=\"article:published_time\" content=\"2024-04-17T17:00:00+00:00\" \/>\n<meta property=\"og:image\" content=\"https:\/\/folhapopular.info\/wp-content\/uploads\/2024\/04\/Presidentes-dos-tres-partidos-lancaram-Forneck-como-pre-candidato_Grasieli-Nabinger_Divulgacao.jpeg\" \/>\n\t<meta property=\"og:image:width\" content=\"1600\" \/>\n\t<meta property=\"og:image:height\" content=\"1066\" \/>\n\t<meta property=\"og:image:type\" content=\"image\/jpeg\" \/>\n<meta name=\"author\" content=\"Lucas Leandro Brune\" \/>\n<meta name=\"twitter:card\" content=\"summary_large_image\" \/>\n<meta name=\"twitter:label1\" content=\"Escrito por\" \/>\n\t<meta name=\"twitter:data1\" content=\"Lucas Leandro Brune\" \/>\n\t<meta name=\"twitter:label2\" content=\"Est. tempo de leitura\" \/>\n\t<meta name=\"twitter:data2\" content=\"4 minutos\" \/>\n<script type=\"application\/ld+json\" class=\"yoast-schema-graph\">{\"@context\":\"https:\\\/\\\/schema.org\",\"@graph\":[{\"@type\":\"Article\",\"@id\":\"https:\\\/\\\/folhapopular.info\\\/index.php\\\/2024\\\/04\\\/17\\\/pdt-lanca-forneck-pre-candidato-a-prefeito\\\/#article\",\"isPartOf\":{\"@id\":\"https:\\\/\\\/folhapopular.info\\\/index.php\\\/2024\\\/04\\\/17\\\/pdt-lanca-forneck-pre-candidato-a-prefeito\\\/\"},\"author\":{\"name\":\"Lucas Leandro Brune\",\"@id\":\"https:\\\/\\\/folhapopular.info\\\/#\\\/schema\\\/person\\\/533a15f60cd49e81ab3a90b4ca33cb36\"},\"headline\":\"PDT lan\u00e7a Forneck pr\u00e9-candidato a prefeito\",\"datePublished\":\"2024-04-17T17:00:00+00:00\",\"mainEntityOfPage\":{\"@id\":\"https:\\\/\\\/folhapopular.info\\\/index.php\\\/2024\\\/04\\\/17\\\/pdt-lanca-forneck-pre-candidato-a-prefeito\\\/\"},\"wordCount\":497,\"commentCount\":0,\"image\":{\"@id\":\"https:\\\/\\\/folhapopular.info\\\/index.php\\\/2024\\\/04\\\/17\\\/pdt-lanca-forneck-pre-candidato-a-prefeito\\\/#primaryimage\"},\"thumbnailUrl\":\"https:\\\/\\\/folhapopular.info\\\/wp-content\\\/uploads\\\/2024\\\/04\\\/Presidentes-dos-tres-partidos-lancaram-Forneck-como-pre-candidato_Grasieli-Nabinger_Divulgacao.jpeg\",\"keywords\":[\"Elei\u00e7\u00f5es\",\"PDT\",\"Podemos\",\"PSB\"],\"articleSection\":[\"Destaques\",\"Elei\u00e7\u00f5es\",\"Pol\u00edtica\"],\"inLanguage\":\"pt-BR\",\"potentialAction\":[{\"@type\":\"CommentAction\",\"name\":\"Comment\",\"target\":[\"https:\\\/\\\/folhapopular.info\\\/index.php\\\/2024\\\/04\\\/17\\\/pdt-lanca-forneck-pre-candidato-a-prefeito\\\/#respond\"]}]},{\"@type\":\"WebPage\",\"@id\":\"https:\\\/\\\/folhapopular.info\\\/index.php\\\/2024\\\/04\\\/17\\\/pdt-lanca-forneck-pre-candidato-a-prefeito\\\/\",\"url\":\"https:\\\/\\\/folhapopular.info\\\/index.php\\\/2024\\\/04\\\/17\\\/pdt-lanca-forneck-pre-candidato-a-prefeito\\\/\",\"name\":\"PDT lan\u00e7a Forneck pr\u00e9-candidato a prefeito - Folha Popular\",\"isPartOf\":{\"@id\":\"https:\\\/\\\/folhapopular.info\\\/#website\"},\"primaryImageOfPage\":{\"@id\":\"https:\\\/\\\/folhapopular.info\\\/index.php\\\/2024\\\/04\\\/17\\\/pdt-lanca-forneck-pre-candidato-a-prefeito\\\/#primaryimage\"},\"image\":{\"@id\":\"https:\\\/\\\/folhapopular.info\\\/index.php\\\/2024\\\/04\\\/17\\\/pdt-lanca-forneck-pre-candidato-a-prefeito\\\/#primaryimage\"},\"thumbnailUrl\":\"https:\\\/\\\/folhapopular.info\\\/wp-content\\\/uploads\\\/2024\\\/04\\\/Presidentes-dos-tres-partidos-lancaram-Forneck-como-pre-candidato_Grasieli-Nabinger_Divulgacao.jpeg\",\"datePublished\":\"2024-04-17T17:00:00+00:00\",\"author\":{\"@id\":\"https:\\\/\\\/folhapopular.info\\\/#\\\/schema\\\/person\\\/533a15f60cd49e81ab3a90b4ca33cb36\"},\"breadcrumb\":{\"@id\":\"https:\\\/\\\/folhapopular.info\\\/index.php\\\/2024\\\/04\\\/17\\\/pdt-lanca-forneck-pre-candidato-a-prefeito\\\/#breadcrumb\"},\"inLanguage\":\"pt-BR\",\"potentialAction\":[{\"@type\":\"ReadAction\",\"target\":[\"https:\\\/\\\/folhapopular.info\\\/index.php\\\/2024\\\/04\\\/17\\\/pdt-lanca-forneck-pre-candidato-a-prefeito\\\/\"]}]},{\"@type\":\"ImageObject\",\"inLanguage\":\"pt-BR\",\"@id\":\"https:\\\/\\\/folhapopular.info\\\/index.php\\\/2024\\\/04\\\/17\\\/pdt-lanca-forneck-pre-candidato-a-prefeito\\\/#primaryimage\",\"url\":\"https:\\\/\\\/folhapopular.info\\\/wp-content\\\/uploads\\\/2024\\\/04\\\/Presidentes-dos-tres-partidos-lancaram-Forneck-como-pre-candidato_Grasieli-Nabinger_Divulgacao.jpeg\",\"contentUrl\":\"https:\\\/\\\/folhapopular.info\\\/wp-content\\\/uploads\\\/2024\\\/04\\\/Presidentes-dos-tres-partidos-lancaram-Forneck-como-pre-candidato_Grasieli-Nabinger_Divulgacao.jpeg\",\"width\":1600,\"height\":1066,\"caption\":\"Cr\u00e9dito: Divulga\u00e7\u00e3o\\\/ Grasieli Nabinger\"},{\"@type\":\"BreadcrumbList\",\"@id\":\"https:\\\/\\\/folhapopular.info\\\/index.php\\\/2024\\\/04\\\/17\\\/pdt-lanca-forneck-pre-candidato-a-prefeito\\\/#breadcrumb\",\"itemListElement\":[{\"@type\":\"ListItem\",\"position\":1,\"name\":\"In\u00edcio\",\"item\":\"https:\\\/\\\/folhapopular.info\\\/\"},{\"@type\":\"ListItem\",\"position\":2,\"name\":\"PDT lan\u00e7a Forneck pr\u00e9-candidato a prefeito\"}]},{\"@type\":\"WebSite\",\"@id\":\"https:\\\/\\\/folhapopular.info\\\/#website\",\"url\":\"https:\\\/\\\/folhapopular.info\\\/\",\"name\":\"Folha Popular\",\"description\":\"Onde voc\u00ea tem vez e voz\",\"potentialAction\":[{\"@type\":\"SearchAction\",\"target\":{\"@type\":\"EntryPoint\",\"urlTemplate\":\"https:\\\/\\\/folhapopular.info\\\/?s={search_term_string}\"},\"query-input\":{\"@type\":\"PropertyValueSpecification\",\"valueRequired\":true,\"valueName\":\"search_term_string\"}}],\"inLanguage\":\"pt-BR\"},{\"@type\":\"Person\",\"@id\":\"https:\\\/\\\/folhapopular.info\\\/#\\\/schema\\\/person\\\/533a15f60cd49e81ab3a90b4ca33cb36\",\"name\":\"Lucas Leandro Brune\",\"image\":{\"@type\":\"ImageObject\",\"inLanguage\":\"pt-BR\",\"@id\":\"https:\\\/\\\/folhapopular.info\\\/wp-content\\\/uploads\\\/2026\\\/04\\\/LUCAS-1-1.webp\",\"url\":\"https:\\\/\\\/folhapopular.info\\\/wp-content\\\/uploads\\\/2026\\\/04\\\/LUCAS-1-1.webp\",\"contentUrl\":\"https:\\\/\\\/folhapopular.info\\\/wp-content\\\/uploads\\\/2026\\\/04\\\/LUCAS-1-1.webp\",\"caption\":\"Lucas Leandro Brune\"},\"description\":\"Jornalista Profissional Diplomado MTB\\\/RS 14.333\",\"url\":\"https:\\\/\\\/folhapopular.info\\\/index.php\\\/author\\\/lucas-brune\\\/\"}]}<\/script>\n<!-- \/ Yoast SEO plugin. -->","yoast_head_json":{"title":"PDT lan\u00e7a Forneck pr\u00e9-candidato a prefeito - Folha Popular","robots":{"index":"index","follow":"follow","max-snippet":"max-snippet:-1","max-image-preview":"max-image-preview:large","max-video-preview":"max-video-preview:-1"},"canonical":"https:\/\/folhapopular.info\/index.php\/2024\/04\/17\/pdt-lanca-forneck-pre-candidato-a-prefeito\/","og_locale":"pt_BR","og_type":"article","og_title":"PDT lan\u00e7a Forneck pr\u00e9-candidato a prefeito - Folha Popular","og_description":"O atual prefeito Celso Alo\u00edsio Forneck j\u00e1 era o pr\u00e9-candidato natural do PDT para concorrer \u00e0 reelei\u00e7\u00e3o no pleito deste ano em Teut\u00f4nia. Na noite desta sexta-feira (12\/4), o partido realizou evento de lan\u00e7amento da pr\u00e9-candidatura de Forneck a prefeito de Teut\u00f4nia, bem como apresentou alguns dos pr\u00e9-candidatos a vereadores. Um grande contingente de filiados [&hellip;]","og_url":"https:\/\/folhapopular.info\/index.php\/2024\/04\/17\/pdt-lanca-forneck-pre-candidato-a-prefeito\/","og_site_name":"Folha Popular","article_published_time":"2024-04-17T17:00:00+00:00","og_image":[{"width":1600,"height":1066,"url":"https:\/\/folhapopular.info\/wp-content\/uploads\/2024\/04\/Presidentes-dos-tres-partidos-lancaram-Forneck-como-pre-candidato_Grasieli-Nabinger_Divulgacao.jpeg","type":"image\/jpeg"}],"author":"Lucas Leandro Brune","twitter_card":"summary_large_image","twitter_misc":{"Escrito por":"Lucas Leandro Brune","Est. tempo de leitura":"4 minutos"},"schema":{"@context":"https:\/\/schema.org","@graph":[{"@type":"Article","@id":"https:\/\/folhapopular.info\/index.php\/2024\/04\/17\/pdt-lanca-forneck-pre-candidato-a-prefeito\/#article","isPartOf":{"@id":"https:\/\/folhapopular.info\/index.php\/2024\/04\/17\/pdt-lanca-forneck-pre-candidato-a-prefeito\/"},"author":{"name":"Lucas Leandro Brune","@id":"https:\/\/folhapopular.info\/#\/schema\/person\/533a15f60cd49e81ab3a90b4ca33cb36"},"headline":"PDT lan\u00e7a Forneck pr\u00e9-candidato a prefeito","datePublished":"2024-04-17T17:00:00+00:00","mainEntityOfPage":{"@id":"https:\/\/folhapopular.info\/index.php\/2024\/04\/17\/pdt-lanca-forneck-pre-candidato-a-prefeito\/"},"wordCount":497,"commentCount":0,"image":{"@id":"https:\/\/folhapopular.info\/index.php\/2024\/04\/17\/pdt-lanca-forneck-pre-candidato-a-prefeito\/#primaryimage"},"thumbnailUrl":"https:\/\/folhapopular.info\/wp-content\/uploads\/2024\/04\/Presidentes-dos-tres-partidos-lancaram-Forneck-como-pre-candidato_Grasieli-Nabinger_Divulgacao.jpeg","keywords":["Elei\u00e7\u00f5es","PDT","Podemos","PSB"],"articleSection":["Destaques","Elei\u00e7\u00f5es","Pol\u00edtica"],"inLanguage":"pt-BR","potentialAction":[{"@type":"CommentAction","name":"Comment","target":["https:\/\/folhapopular.info\/index.php\/2024\/04\/17\/pdt-lanca-forneck-pre-candidato-a-prefeito\/#respond"]}]},{"@type":"WebPage","@id":"https:\/\/folhapopular.info\/index.php\/2024\/04\/17\/pdt-lanca-forneck-pre-candidato-a-prefeito\/","url":"https:\/\/folhapopular.info\/index.php\/2024\/04\/17\/pdt-lanca-forneck-pre-candidato-a-prefeito\/","name":"PDT lan\u00e7a Forneck pr\u00e9-candidato a prefeito - Folha Popular","isPartOf":{"@id":"https:\/\/folhapopular.info\/#website"},"primaryImageOfPage":{"@id":"https:\/\/folhapopular.info\/index.php\/2024\/04\/17\/pdt-lanca-forneck-pre-candidato-a-prefeito\/#primaryimage"},"image":{"@id":"https:\/\/folhapopular.info\/index.php\/2024\/04\/17\/pdt-lanca-forneck-pre-candidato-a-prefeito\/#primaryimage"},"thumbnailUrl":"https:\/\/folhapopular.info\/wp-content\/uploads\/2024\/04\/Presidentes-dos-tres-partidos-lancaram-Forneck-como-pre-candidato_Grasieli-Nabinger_Divulgacao.jpeg","datePublished":"2024-04-17T17:00:00+00:00","author":{"@id":"https:\/\/folhapopular.info\/#\/schema\/person\/533a15f60cd49e81ab3a90b4ca33cb36"},"breadcrumb":{"@id":"https:\/\/folhapopular.info\/index.php\/2024\/04\/17\/pdt-lanca-forneck-pre-candidato-a-prefeito\/#breadcrumb"},"inLanguage":"pt-BR","potentialAction":[{"@type":"ReadAction","target":["https:\/\/folhapopular.info\/index.php\/2024\/04\/17\/pdt-lanca-forneck-pre-candidato-a-prefeito\/"]}]},{"@type":"ImageObject","inLanguage":"pt-BR","@id":"https:\/\/folhapopular.info\/index.php\/2024\/04\/17\/pdt-lanca-forneck-pre-candidato-a-prefeito\/#primaryimage","url":"https:\/\/folhapopular.info\/wp-content\/uploads\/2024\/04\/Presidentes-dos-tres-partidos-lancaram-Forneck-como-pre-candidato_Grasieli-Nabinger_Divulgacao.jpeg","contentUrl":"https:\/\/folhapopular.info\/wp-content\/uploads\/2024\/04\/Presidentes-dos-tres-partidos-lancaram-Forneck-como-pre-candidato_Grasieli-Nabinger_Divulgacao.jpeg","width":1600,"height":1066,"caption":"Cr\u00e9dito: Divulga\u00e7\u00e3o\/ Grasieli Nabinger"},{"@type":"BreadcrumbList","@id":"https:\/\/folhapopular.info\/index.php\/2024\/04\/17\/pdt-lanca-forneck-pre-candidato-a-prefeito\/#breadcrumb","itemListElement":[{"@type":"ListItem","position":1,"name":"In\u00edcio","item":"https:\/\/folhapopular.info\/"},{"@type":"ListItem","position":2,"name":"PDT lan\u00e7a Forneck pr\u00e9-candidato a prefeito"}]},{"@type":"WebSite","@id":"https:\/\/folhapopular.info\/#website","url":"https:\/\/folhapopular.info\/","name":"Folha Popular","description":"Onde voc\u00ea tem vez e voz","potentialAction":[{"@type":"SearchAction","target":{"@type":"EntryPoint","urlTemplate":"https:\/\/folhapopular.info\/?s={search_term_string}"},"query-input":{"@type":"PropertyValueSpecification","valueRequired":true,"valueName":"search_term_string"}}],"inLanguage":"pt-BR"},{"@type":"Person","@id":"https:\/\/folhapopular.info\/#\/schema\/person\/533a15f60cd49e81ab3a90b4ca33cb36","name":"Lucas Leandro Brune","image":{"@type":"ImageObject","inLanguage":"pt-BR","@id":"https:\/\/folhapopular.info\/wp-content\/uploads\/2026\/04\/LUCAS-1-1.webp","url":"https:\/\/folhapopular.info\/wp-content\/uploads\/2026\/04\/LUCAS-1-1.webp","contentUrl":"https:\/\/folhapopular.info\/wp-content\/uploads\/2026\/04\/LUCAS-1-1.webp","caption":"Lucas Leandro Brune"},"description":"Jornalista Profissional Diplomado MTB\/RS 14.333","url":"https:\/\/folhapopular.info\/index.php\/author\/lucas-brune\/"}]}},"jetpack_featured_media_url":"https:\/\/folhapopular.info\/wp-content\/uploads\/2024\/04\/Presidentes-dos-tres-partidos-lancaram-Forneck-como-pre-candidato_Grasieli-Nabinger_Divulgacao.jpeg","jetpack_sharing_enabled":true,"amp_enabled":true,"_links":{"self":[{"href":"https:\/\/folhapopular.info\/index.php\/wp-json\/wp\/v2\/posts\/155688","targetHints":{"allow":["GET"]}}],"collection":[{"href":"https:\/\/folhapopular.info\/index.php\/wp-json\/wp\/v2\/posts"}],"about":[{"href":"https:\/\/folhapopular.info\/index.php\/wp-json\/wp\/v2\/types\/post"}],"author":[{"embeddable":true,"href":"https:\/\/folhapopular.info\/index.php\/wp-json\/wp\/v2\/users\/7"}],"replies":[{"embeddable":true,"href":"https:\/\/folhapopular.info\/index.php\/wp-json\/wp\/v2\/comments?post=155688"}],"version-history":[{"count":0,"href":"https:\/\/folhapopular.info\/index.php\/wp-json\/wp\/v2\/posts\/155688\/revisions"}],"wp:featuredmedia":[{"embeddable":true,"href":"https:\/\/folhapopular.info\/index.php\/wp-json\/wp\/v2\/media\/155689"}],"wp:attachment":[{"href":"https:\/\/folhapopular.info\/index.php\/wp-json\/wp\/v2\/media?parent=155688"}],"wp:term":[{"taxonomy":"category","embeddable":true,"href":"https:\/\/folhapopular.info\/index.php\/wp-json\/wp\/v2\/categories?post=155688"},{"taxonomy":"post_tag","embeddable":true,"href":"https:\/\/folhapopular.info\/index.php\/wp-json\/wp\/v2\/tags?post=155688"}],"curies":[{"name":"wp","href":"https:\/\/api.w.org\/{rel}","templated":true}]}}