{"id":155818,"date":"2024-04-17T21:18:58","date_gmt":"2024-04-18T00:18:58","guid":{"rendered":"https:\/\/folhapopular.info\/?p=155818"},"modified":"2024-04-17T21:19:01","modified_gmt":"2024-04-18T00:19:01","slug":"cacis-realiza-1o-encontro-do-agro","status":"publish","type":"post","link":"https:\/\/folhapopular.info\/index.php\/2024\/04\/17\/cacis-realiza-1o-encontro-do-agro\/","title":{"rendered":"Cacis realiza 1\u00ba Encontro do Agro"},"content":{"rendered":"\n<p>Na tarde desta quarta-feira (17\/4), a C\u00e2mara de Com\u00e9rcio, Ind\u00fastria, Servi\u00e7os e Agroneg\u00f3cio (Cacis) de Estrela realizou o \u201cEncontro do Agro\u201d. <\/p>\n\n\n\n<p>Obriga\u00e7\u00f5es legais do produtor rural foi o assunto apresentado. Foram destacados os seguintes temas: declara\u00e7\u00e3o do Imposto de Renda, livro-caixa, E-Social e empregados.<\/p>\n\n\n\n<p>Nelcir Zamprogna, s\u00f3cio-propriet\u00e1rio da AgroFiscal, foi quem ministrou o encontro. A empresa atua com contabilidade rural e \u00e9 especialista no agroneg\u00f3cio.<\/p>\n\n\n\n<p>&#8220;Planejamento tribut\u00e1rio \u00e9 o melhor caminho para o produtor, porque \u00e9 feito um planejamento mensal, que \u00e9 o livro-caixa, que auxilia o produtor a ter as informa\u00e7\u00f5es. Ele vai acompanhando os n\u00fameros e, quando chega dezembro, tem as informa\u00e7\u00f5es reais da propriedade de janeiro a dezembro. Quando fizer a declara\u00e7\u00e3o do ano seguinte, ele j\u00e1 sabe se ir\u00e1 ou n\u00e3o pagar imposto, se realmente seu saldo est\u00e1 positivo ou negativo, se sua atividade deu lucro ou n\u00e3o\u201d, apontou Zamprogna.<\/p>\n\n\n\n<p>Estiveram presentes produtores rurais e membros da Cacis. Esse encontro visou orientar e esclarecer d\u00favidas de produtores rurais e demais presentes.<\/p>\n","protected":false},"excerpt":{"rendered":"<p>Na tarde desta quarta-feira (17\/4), a C\u00e2mara de Com\u00e9rcio, Ind\u00fastria, Servi\u00e7os e Agroneg\u00f3cio (Cacis) de Estrela realizou o \u201cEncontro do Agro\u201d. Obriga\u00e7\u00f5es legais do produtor rural foi o assunto apresentado. Foram destacados os seguintes temas: declara\u00e7\u00e3o do Imposto de Renda, livro-caixa, E-Social e empregados. Nelcir Zamprogna, s\u00f3cio-propriet\u00e1rio da AgroFiscal, foi quem ministrou o encontro. A [&hellip;]<\/p>\n","protected":false},"author":8,"featured_media":155820,"comment_status":"open","ping_status":"open","sticky":false,"template":"","format":"standard","meta":{"pmpro_default_level":"","_jetpack_memberships_contains_paid_content":false,"footnotes":""},"categories":[2,10991,10994],"tags":[6948,14854,944,1849,11027],"class_list":{"0":"post-155818","1":"post","2":"type-post","3":"status-publish","4":"format-standard","5":"has-post-thumbnail","7":"category-featured","8":"category-economia","9":"category-rural","10":"tag-agro","11":"tag-agrofiscal","12":"tag-cacis","13":"tag-imposto-de-renda","14":"tag-rural","15":"pmpro-has-access"},"yoast_head":"<!-- This site is optimized with the Yoast SEO plugin v27.5 - https:\/\/yoast.com\/product\/yoast-seo-wordpress\/ -->\n<title>Cacis realiza 1\u00ba Encontro do Agro - Folha Popular<\/title>\n<meta name=\"robots\" content=\"index, follow, max-snippet:-1, max-image-preview:large, max-video-preview:-1\" \/>\n<link rel=\"canonical\" href=\"https:\/\/folhapopular.info\/index.php\/2024\/04\/17\/cacis-realiza-1o-encontro-do-agro\/\" \/>\n<meta property=\"og:locale\" content=\"pt_BR\" \/>\n<meta property=\"og:type\" content=\"article\" \/>\n<meta property=\"og:title\" content=\"Cacis realiza 1\u00ba Encontro do Agro - Folha Popular\" \/>\n<meta property=\"og:description\" content=\"Na tarde desta quarta-feira (17\/4), a C\u00e2mara de Com\u00e9rcio, Ind\u00fastria, Servi\u00e7os e Agroneg\u00f3cio (Cacis) de Estrela realizou o \u201cEncontro do Agro\u201d. Obriga\u00e7\u00f5es legais do produtor rural foi o assunto apresentado. Foram destacados os seguintes temas: declara\u00e7\u00e3o do Imposto de Renda, livro-caixa, E-Social e empregados. Nelcir Zamprogna, s\u00f3cio-propriet\u00e1rio da AgroFiscal, foi quem ministrou o encontro. A [&hellip;]\" \/>\n<meta property=\"og:url\" content=\"https:\/\/folhapopular.info\/index.php\/2024\/04\/17\/cacis-realiza-1o-encontro-do-agro\/\" \/>\n<meta property=\"og:site_name\" content=\"Folha Popular\" \/>\n<meta property=\"article:published_time\" content=\"2024-04-18T00:18:58+00:00\" \/>\n<meta property=\"article:modified_time\" content=\"2024-04-18T00:19:01+00:00\" \/>\n<meta property=\"og:image\" content=\"http:\/\/folhapopular.info\/wp-content\/uploads\/2024\/04\/WhatsApp-Image-2024-04-17-at-21.02.02.jpeg\" \/>\n\t<meta property=\"og:image:width\" content=\"1600\" \/>\n\t<meta property=\"og:image:height\" content=\"900\" \/>\n\t<meta property=\"og:image:type\" content=\"image\/jpeg\" \/>\n<meta name=\"author\" content=\"Reda\u00e7\u00e3o Folha Popular\" \/>\n<meta name=\"twitter:card\" content=\"summary_large_image\" \/>\n<meta name=\"twitter:label1\" content=\"Escrito por\" \/>\n\t<meta name=\"twitter:data1\" content=\"Reda\u00e7\u00e3o Folha Popular\" \/>\n\t<meta name=\"twitter:label2\" content=\"Est. tempo de leitura\" \/>\n\t<meta name=\"twitter:data2\" content=\"2 minutos\" \/>\n<script type=\"application\/ld+json\" class=\"yoast-schema-graph\">{\"@context\":\"https:\\\/\\\/schema.org\",\"@graph\":[{\"@type\":\"Article\",\"@id\":\"https:\\\/\\\/folhapopular.info\\\/index.php\\\/2024\\\/04\\\/17\\\/cacis-realiza-1o-encontro-do-agro\\\/#article\",\"isPartOf\":{\"@id\":\"https:\\\/\\\/folhapopular.info\\\/index.php\\\/2024\\\/04\\\/17\\\/cacis-realiza-1o-encontro-do-agro\\\/\"},\"author\":{\"name\":\"Reda\u00e7\u00e3o Folha Popular\",\"@id\":\"https:\\\/\\\/folhapopular.info\\\/#\\\/schema\\\/person\\\/2814e8a0df7643585a9ca38bc6eb9d4b\"},\"headline\":\"Cacis realiza 1\u00ba Encontro do Agro\",\"datePublished\":\"2024-04-18T00:18:58+00:00\",\"dateModified\":\"2024-04-18T00:19:01+00:00\",\"mainEntityOfPage\":{\"@id\":\"https:\\\/\\\/folhapopular.info\\\/index.php\\\/2024\\\/04\\\/17\\\/cacis-realiza-1o-encontro-do-agro\\\/\"},\"wordCount\":183,\"commentCount\":0,\"image\":{\"@id\":\"https:\\\/\\\/folhapopular.info\\\/index.php\\\/2024\\\/04\\\/17\\\/cacis-realiza-1o-encontro-do-agro\\\/#primaryimage\"},\"thumbnailUrl\":\"https:\\\/\\\/folhapopular.info\\\/wp-content\\\/uploads\\\/2024\\\/04\\\/WhatsApp-Image-2024-04-17-at-21.02.02.jpeg\",\"keywords\":[\"Agro\",\"Agrofiscal\",\"CACIS\",\"Imposto de Renda\",\"rural\"],\"articleSection\":[\"Destaques\",\"Economia\",\"Rural\"],\"inLanguage\":\"pt-BR\",\"potentialAction\":[{\"@type\":\"CommentAction\",\"name\":\"Comment\",\"target\":[\"https:\\\/\\\/folhapopular.info\\\/index.php\\\/2024\\\/04\\\/17\\\/cacis-realiza-1o-encontro-do-agro\\\/#respond\"]}]},{\"@type\":\"WebPage\",\"@id\":\"https:\\\/\\\/folhapopular.info\\\/index.php\\\/2024\\\/04\\\/17\\\/cacis-realiza-1o-encontro-do-agro\\\/\",\"url\":\"https:\\\/\\\/folhapopular.info\\\/index.php\\\/2024\\\/04\\\/17\\\/cacis-realiza-1o-encontro-do-agro\\\/\",\"name\":\"Cacis realiza 1\u00ba Encontro do Agro - Folha Popular\",\"isPartOf\":{\"@id\":\"https:\\\/\\\/folhapopular.info\\\/#website\"},\"primaryImageOfPage\":{\"@id\":\"https:\\\/\\\/folhapopular.info\\\/index.php\\\/2024\\\/04\\\/17\\\/cacis-realiza-1o-encontro-do-agro\\\/#primaryimage\"},\"image\":{\"@id\":\"https:\\\/\\\/folhapopular.info\\\/index.php\\\/2024\\\/04\\\/17\\\/cacis-realiza-1o-encontro-do-agro\\\/#primaryimage\"},\"thumbnailUrl\":\"https:\\\/\\\/folhapopular.info\\\/wp-content\\\/uploads\\\/2024\\\/04\\\/WhatsApp-Image-2024-04-17-at-21.02.02.jpeg\",\"datePublished\":\"2024-04-18T00:18:58+00:00\",\"dateModified\":\"2024-04-18T00:19:01+00:00\",\"author\":{\"@id\":\"https:\\\/\\\/folhapopular.info\\\/#\\\/schema\\\/person\\\/2814e8a0df7643585a9ca38bc6eb9d4b\"},\"breadcrumb\":{\"@id\":\"https:\\\/\\\/folhapopular.info\\\/index.php\\\/2024\\\/04\\\/17\\\/cacis-realiza-1o-encontro-do-agro\\\/#breadcrumb\"},\"inLanguage\":\"pt-BR\",\"potentialAction\":[{\"@type\":\"ReadAction\",\"target\":[\"https:\\\/\\\/folhapopular.info\\\/index.php\\\/2024\\\/04\\\/17\\\/cacis-realiza-1o-encontro-do-agro\\\/\"]}]},{\"@type\":\"ImageObject\",\"inLanguage\":\"pt-BR\",\"@id\":\"https:\\\/\\\/folhapopular.info\\\/index.php\\\/2024\\\/04\\\/17\\\/cacis-realiza-1o-encontro-do-agro\\\/#primaryimage\",\"url\":\"https:\\\/\\\/folhapopular.info\\\/wp-content\\\/uploads\\\/2024\\\/04\\\/WhatsApp-Image-2024-04-17-at-21.02.02.jpeg\",\"contentUrl\":\"https:\\\/\\\/folhapopular.info\\\/wp-content\\\/uploads\\\/2024\\\/04\\\/WhatsApp-Image-2024-04-17-at-21.02.02.jpeg\",\"width\":1600,\"height\":900,\"caption\":\"Cr\u00e9dito: Osmar Possamai \\\/ Especial FP\"},{\"@type\":\"BreadcrumbList\",\"@id\":\"https:\\\/\\\/folhapopular.info\\\/index.php\\\/2024\\\/04\\\/17\\\/cacis-realiza-1o-encontro-do-agro\\\/#breadcrumb\",\"itemListElement\":[{\"@type\":\"ListItem\",\"position\":1,\"name\":\"In\u00edcio\",\"item\":\"https:\\\/\\\/folhapopular.info\\\/\"},{\"@type\":\"ListItem\",\"position\":2,\"name\":\"Cacis realiza 1\u00ba Encontro do Agro\"}]},{\"@type\":\"WebSite\",\"@id\":\"https:\\\/\\\/folhapopular.info\\\/#website\",\"url\":\"https:\\\/\\\/folhapopular.info\\\/\",\"name\":\"Folha Popular\",\"description\":\"Onde voc\u00ea tem vez e voz\",\"potentialAction\":[{\"@type\":\"SearchAction\",\"target\":{\"@type\":\"EntryPoint\",\"urlTemplate\":\"https:\\\/\\\/folhapopular.info\\\/?s={search_term_string}\"},\"query-input\":{\"@type\":\"PropertyValueSpecification\",\"valueRequired\":true,\"valueName\":\"search_term_string\"}}],\"inLanguage\":\"pt-BR\"},{\"@type\":\"Person\",\"@id\":\"https:\\\/\\\/folhapopular.info\\\/#\\\/schema\\\/person\\\/2814e8a0df7643585a9ca38bc6eb9d4b\",\"name\":\"Reda\u00e7\u00e3o Folha Popular\",\"image\":{\"@type\":\"ImageObject\",\"inLanguage\":\"pt-BR\",\"@id\":\"https:\\\/\\\/folhapopular.info\\\/wp-content\\\/uploads\\\/2026\\\/04\\\/Folha-1.webp\",\"url\":\"https:\\\/\\\/folhapopular.info\\\/wp-content\\\/uploads\\\/2026\\\/04\\\/Folha-1.webp\",\"contentUrl\":\"https:\\\/\\\/folhapopular.info\\\/wp-content\\\/uploads\\\/2026\\\/04\\\/Folha-1.webp\",\"caption\":\"Reda\u00e7\u00e3o Folha Popular\"},\"url\":\"https:\\\/\\\/folhapopular.info\\\/index.php\\\/author\\\/redacao\\\/\"}]}<\/script>\n<!-- \/ Yoast SEO plugin. -->","yoast_head_json":{"title":"Cacis realiza 1\u00ba Encontro do Agro - Folha Popular","robots":{"index":"index","follow":"follow","max-snippet":"max-snippet:-1","max-image-preview":"max-image-preview:large","max-video-preview":"max-video-preview:-1"},"canonical":"https:\/\/folhapopular.info\/index.php\/2024\/04\/17\/cacis-realiza-1o-encontro-do-agro\/","og_locale":"pt_BR","og_type":"article","og_title":"Cacis realiza 1\u00ba Encontro do Agro - Folha Popular","og_description":"Na tarde desta quarta-feira (17\/4), a C\u00e2mara de Com\u00e9rcio, Ind\u00fastria, Servi\u00e7os e Agroneg\u00f3cio (Cacis) de Estrela realizou o \u201cEncontro do Agro\u201d. Obriga\u00e7\u00f5es legais do produtor rural foi o assunto apresentado. Foram destacados os seguintes temas: declara\u00e7\u00e3o do Imposto de Renda, livro-caixa, E-Social e empregados. Nelcir Zamprogna, s\u00f3cio-propriet\u00e1rio da AgroFiscal, foi quem ministrou o encontro. A [&hellip;]","og_url":"https:\/\/folhapopular.info\/index.php\/2024\/04\/17\/cacis-realiza-1o-encontro-do-agro\/","og_site_name":"Folha Popular","article_published_time":"2024-04-18T00:18:58+00:00","article_modified_time":"2024-04-18T00:19:01+00:00","og_image":[{"width":1600,"height":900,"url":"http:\/\/folhapopular.info\/wp-content\/uploads\/2024\/04\/WhatsApp-Image-2024-04-17-at-21.02.02.jpeg","type":"image\/jpeg"}],"author":"Reda\u00e7\u00e3o Folha Popular","twitter_card":"summary_large_image","twitter_misc":{"Escrito por":"Reda\u00e7\u00e3o Folha Popular","Est. tempo de leitura":"2 minutos"},"schema":{"@context":"https:\/\/schema.org","@graph":[{"@type":"Article","@id":"https:\/\/folhapopular.info\/index.php\/2024\/04\/17\/cacis-realiza-1o-encontro-do-agro\/#article","isPartOf":{"@id":"https:\/\/folhapopular.info\/index.php\/2024\/04\/17\/cacis-realiza-1o-encontro-do-agro\/"},"author":{"name":"Reda\u00e7\u00e3o Folha Popular","@id":"https:\/\/folhapopular.info\/#\/schema\/person\/2814e8a0df7643585a9ca38bc6eb9d4b"},"headline":"Cacis realiza 1\u00ba Encontro do Agro","datePublished":"2024-04-18T00:18:58+00:00","dateModified":"2024-04-18T00:19:01+00:00","mainEntityOfPage":{"@id":"https:\/\/folhapopular.info\/index.php\/2024\/04\/17\/cacis-realiza-1o-encontro-do-agro\/"},"wordCount":183,"commentCount":0,"image":{"@id":"https:\/\/folhapopular.info\/index.php\/2024\/04\/17\/cacis-realiza-1o-encontro-do-agro\/#primaryimage"},"thumbnailUrl":"https:\/\/folhapopular.info\/wp-content\/uploads\/2024\/04\/WhatsApp-Image-2024-04-17-at-21.02.02.jpeg","keywords":["Agro","Agrofiscal","CACIS","Imposto de Renda","rural"],"articleSection":["Destaques","Economia","Rural"],"inLanguage":"pt-BR","potentialAction":[{"@type":"CommentAction","name":"Comment","target":["https:\/\/folhapopular.info\/index.php\/2024\/04\/17\/cacis-realiza-1o-encontro-do-agro\/#respond"]}]},{"@type":"WebPage","@id":"https:\/\/folhapopular.info\/index.php\/2024\/04\/17\/cacis-realiza-1o-encontro-do-agro\/","url":"https:\/\/folhapopular.info\/index.php\/2024\/04\/17\/cacis-realiza-1o-encontro-do-agro\/","name":"Cacis realiza 1\u00ba Encontro do Agro - Folha Popular","isPartOf":{"@id":"https:\/\/folhapopular.info\/#website"},"primaryImageOfPage":{"@id":"https:\/\/folhapopular.info\/index.php\/2024\/04\/17\/cacis-realiza-1o-encontro-do-agro\/#primaryimage"},"image":{"@id":"https:\/\/folhapopular.info\/index.php\/2024\/04\/17\/cacis-realiza-1o-encontro-do-agro\/#primaryimage"},"thumbnailUrl":"https:\/\/folhapopular.info\/wp-content\/uploads\/2024\/04\/WhatsApp-Image-2024-04-17-at-21.02.02.jpeg","datePublished":"2024-04-18T00:18:58+00:00","dateModified":"2024-04-18T00:19:01+00:00","author":{"@id":"https:\/\/folhapopular.info\/#\/schema\/person\/2814e8a0df7643585a9ca38bc6eb9d4b"},"breadcrumb":{"@id":"https:\/\/folhapopular.info\/index.php\/2024\/04\/17\/cacis-realiza-1o-encontro-do-agro\/#breadcrumb"},"inLanguage":"pt-BR","potentialAction":[{"@type":"ReadAction","target":["https:\/\/folhapopular.info\/index.php\/2024\/04\/17\/cacis-realiza-1o-encontro-do-agro\/"]}]},{"@type":"ImageObject","inLanguage":"pt-BR","@id":"https:\/\/folhapopular.info\/index.php\/2024\/04\/17\/cacis-realiza-1o-encontro-do-agro\/#primaryimage","url":"https:\/\/folhapopular.info\/wp-content\/uploads\/2024\/04\/WhatsApp-Image-2024-04-17-at-21.02.02.jpeg","contentUrl":"https:\/\/folhapopular.info\/wp-content\/uploads\/2024\/04\/WhatsApp-Image-2024-04-17-at-21.02.02.jpeg","width":1600,"height":900,"caption":"Cr\u00e9dito: Osmar Possamai \/ Especial FP"},{"@type":"BreadcrumbList","@id":"https:\/\/folhapopular.info\/index.php\/2024\/04\/17\/cacis-realiza-1o-encontro-do-agro\/#breadcrumb","itemListElement":[{"@type":"ListItem","position":1,"name":"In\u00edcio","item":"https:\/\/folhapopular.info\/"},{"@type":"ListItem","position":2,"name":"Cacis realiza 1\u00ba Encontro do Agro"}]},{"@type":"WebSite","@id":"https:\/\/folhapopular.info\/#website","url":"https:\/\/folhapopular.info\/","name":"Folha Popular","description":"Onde voc\u00ea tem vez e voz","potentialAction":[{"@type":"SearchAction","target":{"@type":"EntryPoint","urlTemplate":"https:\/\/folhapopular.info\/?s={search_term_string}"},"query-input":{"@type":"PropertyValueSpecification","valueRequired":true,"valueName":"search_term_string"}}],"inLanguage":"pt-BR"},{"@type":"Person","@id":"https:\/\/folhapopular.info\/#\/schema\/person\/2814e8a0df7643585a9ca38bc6eb9d4b","name":"Reda\u00e7\u00e3o Folha Popular","image":{"@type":"ImageObject","inLanguage":"pt-BR","@id":"https:\/\/folhapopular.info\/wp-content\/uploads\/2026\/04\/Folha-1.webp","url":"https:\/\/folhapopular.info\/wp-content\/uploads\/2026\/04\/Folha-1.webp","contentUrl":"https:\/\/folhapopular.info\/wp-content\/uploads\/2026\/04\/Folha-1.webp","caption":"Reda\u00e7\u00e3o Folha Popular"},"url":"https:\/\/folhapopular.info\/index.php\/author\/redacao\/"}]}},"jetpack_featured_media_url":"https:\/\/folhapopular.info\/wp-content\/uploads\/2024\/04\/WhatsApp-Image-2024-04-17-at-21.02.02.jpeg","jetpack_sharing_enabled":true,"amp_enabled":true,"_links":{"self":[{"href":"https:\/\/folhapopular.info\/index.php\/wp-json\/wp\/v2\/posts\/155818","targetHints":{"allow":["GET"]}}],"collection":[{"href":"https:\/\/folhapopular.info\/index.php\/wp-json\/wp\/v2\/posts"}],"about":[{"href":"https:\/\/folhapopular.info\/index.php\/wp-json\/wp\/v2\/types\/post"}],"author":[{"embeddable":true,"href":"https:\/\/folhapopular.info\/index.php\/wp-json\/wp\/v2\/users\/8"}],"replies":[{"embeddable":true,"href":"https:\/\/folhapopular.info\/index.php\/wp-json\/wp\/v2\/comments?post=155818"}],"version-history":[{"count":0,"href":"https:\/\/folhapopular.info\/index.php\/wp-json\/wp\/v2\/posts\/155818\/revisions"}],"wp:featuredmedia":[{"embeddable":true,"href":"https:\/\/folhapopular.info\/index.php\/wp-json\/wp\/v2\/media\/155820"}],"wp:attachment":[{"href":"https:\/\/folhapopular.info\/index.php\/wp-json\/wp\/v2\/media?parent=155818"}],"wp:term":[{"taxonomy":"category","embeddable":true,"href":"https:\/\/folhapopular.info\/index.php\/wp-json\/wp\/v2\/categories?post=155818"},{"taxonomy":"post_tag","embeddable":true,"href":"https:\/\/folhapopular.info\/index.php\/wp-json\/wp\/v2\/tags?post=155818"}],"curies":[{"name":"wp","href":"https:\/\/api.w.org\/{rel}","templated":true}]}}