{"id":156002,"date":"2024-04-21T16:00:00","date_gmt":"2024-04-21T19:00:00","guid":{"rendered":"https:\/\/folhapopular.info\/?p=156002"},"modified":"2024-04-20T10:10:36","modified_gmt":"2024-04-20T13:10:36","slug":"pdt-e-psdb-apresentam-pre-candidatos","status":"publish","type":"post","link":"https:\/\/folhapopular.info\/index.php\/2024\/04\/21\/pdt-e-psdb-apresentam-pre-candidatos\/","title":{"rendered":"PDT e PSDB apresentam pr\u00e9-candidatos"},"content":{"rendered":"\n<p>Com as duas nominatas completas e definidas, o PDT e o PSDB de Fazenda Vilanova realizaram encontro no s\u00e1bado passado (13\/4), no CTG Pousada dos Tropeiros, com presen\u00e7a de mais de 500 pessoas. A mobiliza\u00e7\u00e3o tamb\u00e9m serviu para cadastramento de novos filiados aos dois partidos. As duas executivas municipais confirmaram a inten\u00e7\u00e3o de concorrer com no m\u00ednimo 10 pr\u00e9-candidatos a vereador cada uma, somando 20 nomes, e anunciaram a alian\u00e7a em apoio \u00e0 pr\u00e9-candidatura de reelei\u00e7\u00e3o do atual prefeito Amarildo Luis da Silva (PDT).<\/p>\n\n\n\n<p>Houve a presen\u00e7a de autoridades como o deputado federal Pompeo de Matos (PDT) e o presidente da FGTAS, Jos\u00e9 Scorsatto (PDT). O secret\u00e1rio de Estado do Trabalho, deputado estadual Gilmar Sossella (PDT), foi representado por Artur Souto e a deputada estadual Delegada Nadine (PSDB), por Cristiane Viana. Al\u00e9m deles, o prefeito de Teut\u00f4nia, Celso Forneck (PDT), tamb\u00e9m prestigiou a mobiliza\u00e7\u00e3o.<\/p>\n\n\n\n<p>Pompeu de Matos enalteceu as conquistas da administra\u00e7\u00e3o lideradas por Amarildo Luis da Silva e Pedro Dornelles. &#8220;Por onde passamos vemos obras acontecendo, no interior e na cidade. Continuaremos aportando recursos e contribuindo com este brilhante trabalho que tem tudo para ser renovado por mais 4 anos&#8221;, comentou.<\/p>\n\n\n\n<p>Amarildo agradeceu o apoio popular. &#8220;Temos um governo com altos \u00edndices de aceita\u00e7\u00e3o. Isso \u00e9 resultado das a\u00e7\u00f5es que executamos ao longo do mandato e da nossa forma de governar, democraticamente e socialmente. Seguiremos neste ritmo de trabalho e com o foco de um futuro cada dia mais promissor para Fazenda Vilanova e sua popula\u00e7\u00e3o&#8221;, destacou. Ele ainda agradeceu a inclus\u00e3o do PSDB, que se juntou ao PDT para formar a coliga\u00e7\u00e3o de pr\u00e9-campanha. Pr\u00e9-candidatos, secret\u00e1rios e demais lideran\u00e7as deixaram suas mensagens.<\/p>\n","protected":false},"excerpt":{"rendered":"<p>Com as duas nominatas completas e definidas, o PDT e o PSDB de Fazenda Vilanova realizaram encontro no s\u00e1bado passado (13\/4), no CTG Pousada dos Tropeiros, com presen\u00e7a de mais de 500 pessoas. A mobiliza\u00e7\u00e3o tamb\u00e9m serviu para cadastramento de novos filiados aos dois partidos. As duas executivas municipais confirmaram a inten\u00e7\u00e3o de concorrer com [&hellip;]<\/p>\n","protected":false},"author":8,"featured_media":156003,"comment_status":"open","ping_status":"open","sticky":false,"template":"","format":"standard","meta":{"pmpro_default_level":"","_jetpack_memberships_contains_paid_content":false,"footnotes":""},"categories":[2,10985],"tags":[6129,14839,6341],"class_list":{"0":"post-156002","1":"post","2":"type-post","3":"status-publish","4":"format-standard","5":"has-post-thumbnail","7":"category-featured","8":"category-politica","9":"tag-pdt","10":"tag-pre-candidatos","11":"tag-psdb","12":"pmpro-has-access"},"yoast_head":"<!-- This site is optimized with the Yoast SEO plugin v27.5 - https:\/\/yoast.com\/product\/yoast-seo-wordpress\/ -->\n<title>PDT e PSDB apresentam pr\u00e9-candidatos - Folha Popular<\/title>\n<meta name=\"robots\" content=\"index, follow, max-snippet:-1, max-image-preview:large, max-video-preview:-1\" \/>\n<link rel=\"canonical\" href=\"https:\/\/folhapopular.info\/index.php\/2024\/04\/21\/pdt-e-psdb-apresentam-pre-candidatos\/\" \/>\n<meta property=\"og:locale\" content=\"pt_BR\" \/>\n<meta property=\"og:type\" content=\"article\" \/>\n<meta property=\"og:title\" content=\"PDT e PSDB apresentam pr\u00e9-candidatos - Folha Popular\" \/>\n<meta property=\"og:description\" content=\"Com as duas nominatas completas e definidas, o PDT e o PSDB de Fazenda Vilanova realizaram encontro no s\u00e1bado passado (13\/4), no CTG Pousada dos Tropeiros, com presen\u00e7a de mais de 500 pessoas. A mobiliza\u00e7\u00e3o tamb\u00e9m serviu para cadastramento de novos filiados aos dois partidos. As duas executivas municipais confirmaram a inten\u00e7\u00e3o de concorrer com [&hellip;]\" \/>\n<meta property=\"og:url\" content=\"https:\/\/folhapopular.info\/index.php\/2024\/04\/21\/pdt-e-psdb-apresentam-pre-candidatos\/\" \/>\n<meta property=\"og:site_name\" content=\"Folha Popular\" \/>\n<meta property=\"article:published_time\" content=\"2024-04-21T19:00:00+00:00\" \/>\n<meta property=\"og:image\" content=\"https:\/\/folhapopular.info\/wp-content\/uploads\/2024\/04\/WhatsApp-Image-2024-04-13-at-18.18.43-5-scaled.jpeg\" \/>\n\t<meta property=\"og:image:width\" content=\"2560\" \/>\n\t<meta property=\"og:image:height\" content=\"1920\" \/>\n\t<meta property=\"og:image:type\" content=\"image\/jpeg\" \/>\n<meta name=\"author\" content=\"Reda\u00e7\u00e3o Folha Popular\" \/>\n<meta name=\"twitter:card\" content=\"summary_large_image\" \/>\n<meta name=\"twitter:label1\" content=\"Escrito por\" \/>\n\t<meta name=\"twitter:data1\" content=\"Reda\u00e7\u00e3o Folha Popular\" \/>\n\t<meta name=\"twitter:label2\" content=\"Est. tempo de leitura\" \/>\n\t<meta name=\"twitter:data2\" content=\"2 minutos\" \/>\n<script type=\"application\/ld+json\" class=\"yoast-schema-graph\">{\"@context\":\"https:\\\/\\\/schema.org\",\"@graph\":[{\"@type\":\"Article\",\"@id\":\"https:\\\/\\\/folhapopular.info\\\/index.php\\\/2024\\\/04\\\/21\\\/pdt-e-psdb-apresentam-pre-candidatos\\\/#article\",\"isPartOf\":{\"@id\":\"https:\\\/\\\/folhapopular.info\\\/index.php\\\/2024\\\/04\\\/21\\\/pdt-e-psdb-apresentam-pre-candidatos\\\/\"},\"author\":{\"name\":\"Reda\u00e7\u00e3o Folha Popular\",\"@id\":\"https:\\\/\\\/folhapopular.info\\\/#\\\/schema\\\/person\\\/2814e8a0df7643585a9ca38bc6eb9d4b\"},\"headline\":\"PDT e PSDB apresentam pr\u00e9-candidatos\",\"datePublished\":\"2024-04-21T19:00:00+00:00\",\"mainEntityOfPage\":{\"@id\":\"https:\\\/\\\/folhapopular.info\\\/index.php\\\/2024\\\/04\\\/21\\\/pdt-e-psdb-apresentam-pre-candidatos\\\/\"},\"wordCount\":299,\"commentCount\":0,\"image\":{\"@id\":\"https:\\\/\\\/folhapopular.info\\\/index.php\\\/2024\\\/04\\\/21\\\/pdt-e-psdb-apresentam-pre-candidatos\\\/#primaryimage\"},\"thumbnailUrl\":\"https:\\\/\\\/folhapopular.info\\\/wp-content\\\/uploads\\\/2024\\\/04\\\/WhatsApp-Image-2024-04-13-at-18.18.43-5-scaled.jpeg\",\"keywords\":[\"PDT\",\"Pr\u00e9-candidatos\",\"PSDB\"],\"articleSection\":[\"Destaques\",\"Pol\u00edtica\"],\"inLanguage\":\"pt-BR\",\"potentialAction\":[{\"@type\":\"CommentAction\",\"name\":\"Comment\",\"target\":[\"https:\\\/\\\/folhapopular.info\\\/index.php\\\/2024\\\/04\\\/21\\\/pdt-e-psdb-apresentam-pre-candidatos\\\/#respond\"]}]},{\"@type\":\"WebPage\",\"@id\":\"https:\\\/\\\/folhapopular.info\\\/index.php\\\/2024\\\/04\\\/21\\\/pdt-e-psdb-apresentam-pre-candidatos\\\/\",\"url\":\"https:\\\/\\\/folhapopular.info\\\/index.php\\\/2024\\\/04\\\/21\\\/pdt-e-psdb-apresentam-pre-candidatos\\\/\",\"name\":\"PDT e PSDB apresentam pr\u00e9-candidatos - Folha Popular\",\"isPartOf\":{\"@id\":\"https:\\\/\\\/folhapopular.info\\\/#website\"},\"primaryImageOfPage\":{\"@id\":\"https:\\\/\\\/folhapopular.info\\\/index.php\\\/2024\\\/04\\\/21\\\/pdt-e-psdb-apresentam-pre-candidatos\\\/#primaryimage\"},\"image\":{\"@id\":\"https:\\\/\\\/folhapopular.info\\\/index.php\\\/2024\\\/04\\\/21\\\/pdt-e-psdb-apresentam-pre-candidatos\\\/#primaryimage\"},\"thumbnailUrl\":\"https:\\\/\\\/folhapopular.info\\\/wp-content\\\/uploads\\\/2024\\\/04\\\/WhatsApp-Image-2024-04-13-at-18.18.43-5-scaled.jpeg\",\"datePublished\":\"2024-04-21T19:00:00+00:00\",\"author\":{\"@id\":\"https:\\\/\\\/folhapopular.info\\\/#\\\/schema\\\/person\\\/2814e8a0df7643585a9ca38bc6eb9d4b\"},\"breadcrumb\":{\"@id\":\"https:\\\/\\\/folhapopular.info\\\/index.php\\\/2024\\\/04\\\/21\\\/pdt-e-psdb-apresentam-pre-candidatos\\\/#breadcrumb\"},\"inLanguage\":\"pt-BR\",\"potentialAction\":[{\"@type\":\"ReadAction\",\"target\":[\"https:\\\/\\\/folhapopular.info\\\/index.php\\\/2024\\\/04\\\/21\\\/pdt-e-psdb-apresentam-pre-candidatos\\\/\"]}]},{\"@type\":\"ImageObject\",\"inLanguage\":\"pt-BR\",\"@id\":\"https:\\\/\\\/folhapopular.info\\\/index.php\\\/2024\\\/04\\\/21\\\/pdt-e-psdb-apresentam-pre-candidatos\\\/#primaryimage\",\"url\":\"https:\\\/\\\/folhapopular.info\\\/wp-content\\\/uploads\\\/2024\\\/04\\\/WhatsApp-Image-2024-04-13-at-18.18.43-5-scaled.jpeg\",\"contentUrl\":\"https:\\\/\\\/folhapopular.info\\\/wp-content\\\/uploads\\\/2024\\\/04\\\/WhatsApp-Image-2024-04-13-at-18.18.43-5-scaled.jpeg\",\"width\":2560,\"height\":1920,\"caption\":\"Cr\u00e9dito: Ascom PDT e PSDB \\\/ Divulga\u00e7\u00e3o\"},{\"@type\":\"BreadcrumbList\",\"@id\":\"https:\\\/\\\/folhapopular.info\\\/index.php\\\/2024\\\/04\\\/21\\\/pdt-e-psdb-apresentam-pre-candidatos\\\/#breadcrumb\",\"itemListElement\":[{\"@type\":\"ListItem\",\"position\":1,\"name\":\"In\u00edcio\",\"item\":\"https:\\\/\\\/folhapopular.info\\\/\"},{\"@type\":\"ListItem\",\"position\":2,\"name\":\"PDT e PSDB apresentam pr\u00e9-candidatos\"}]},{\"@type\":\"WebSite\",\"@id\":\"https:\\\/\\\/folhapopular.info\\\/#website\",\"url\":\"https:\\\/\\\/folhapopular.info\\\/\",\"name\":\"Folha Popular\",\"description\":\"Onde voc\u00ea tem vez e voz\",\"potentialAction\":[{\"@type\":\"SearchAction\",\"target\":{\"@type\":\"EntryPoint\",\"urlTemplate\":\"https:\\\/\\\/folhapopular.info\\\/?s={search_term_string}\"},\"query-input\":{\"@type\":\"PropertyValueSpecification\",\"valueRequired\":true,\"valueName\":\"search_term_string\"}}],\"inLanguage\":\"pt-BR\"},{\"@type\":\"Person\",\"@id\":\"https:\\\/\\\/folhapopular.info\\\/#\\\/schema\\\/person\\\/2814e8a0df7643585a9ca38bc6eb9d4b\",\"name\":\"Reda\u00e7\u00e3o Folha Popular\",\"image\":{\"@type\":\"ImageObject\",\"inLanguage\":\"pt-BR\",\"@id\":\"https:\\\/\\\/folhapopular.info\\\/wp-content\\\/uploads\\\/2026\\\/04\\\/Folha-1.webp\",\"url\":\"https:\\\/\\\/folhapopular.info\\\/wp-content\\\/uploads\\\/2026\\\/04\\\/Folha-1.webp\",\"contentUrl\":\"https:\\\/\\\/folhapopular.info\\\/wp-content\\\/uploads\\\/2026\\\/04\\\/Folha-1.webp\",\"caption\":\"Reda\u00e7\u00e3o Folha Popular\"},\"url\":\"https:\\\/\\\/folhapopular.info\\\/index.php\\\/author\\\/redacao\\\/\"}]}<\/script>\n<!-- \/ Yoast SEO plugin. -->","yoast_head_json":{"title":"PDT e PSDB apresentam pr\u00e9-candidatos - Folha Popular","robots":{"index":"index","follow":"follow","max-snippet":"max-snippet:-1","max-image-preview":"max-image-preview:large","max-video-preview":"max-video-preview:-1"},"canonical":"https:\/\/folhapopular.info\/index.php\/2024\/04\/21\/pdt-e-psdb-apresentam-pre-candidatos\/","og_locale":"pt_BR","og_type":"article","og_title":"PDT e PSDB apresentam pr\u00e9-candidatos - Folha Popular","og_description":"Com as duas nominatas completas e definidas, o PDT e o PSDB de Fazenda Vilanova realizaram encontro no s\u00e1bado passado (13\/4), no CTG Pousada dos Tropeiros, com presen\u00e7a de mais de 500 pessoas. A mobiliza\u00e7\u00e3o tamb\u00e9m serviu para cadastramento de novos filiados aos dois partidos. As duas executivas municipais confirmaram a inten\u00e7\u00e3o de concorrer com [&hellip;]","og_url":"https:\/\/folhapopular.info\/index.php\/2024\/04\/21\/pdt-e-psdb-apresentam-pre-candidatos\/","og_site_name":"Folha Popular","article_published_time":"2024-04-21T19:00:00+00:00","og_image":[{"width":2560,"height":1920,"url":"https:\/\/folhapopular.info\/wp-content\/uploads\/2024\/04\/WhatsApp-Image-2024-04-13-at-18.18.43-5-scaled.jpeg","type":"image\/jpeg"}],"author":"Reda\u00e7\u00e3o Folha Popular","twitter_card":"summary_large_image","twitter_misc":{"Escrito por":"Reda\u00e7\u00e3o Folha Popular","Est. tempo de leitura":"2 minutos"},"schema":{"@context":"https:\/\/schema.org","@graph":[{"@type":"Article","@id":"https:\/\/folhapopular.info\/index.php\/2024\/04\/21\/pdt-e-psdb-apresentam-pre-candidatos\/#article","isPartOf":{"@id":"https:\/\/folhapopular.info\/index.php\/2024\/04\/21\/pdt-e-psdb-apresentam-pre-candidatos\/"},"author":{"name":"Reda\u00e7\u00e3o Folha Popular","@id":"https:\/\/folhapopular.info\/#\/schema\/person\/2814e8a0df7643585a9ca38bc6eb9d4b"},"headline":"PDT e PSDB apresentam pr\u00e9-candidatos","datePublished":"2024-04-21T19:00:00+00:00","mainEntityOfPage":{"@id":"https:\/\/folhapopular.info\/index.php\/2024\/04\/21\/pdt-e-psdb-apresentam-pre-candidatos\/"},"wordCount":299,"commentCount":0,"image":{"@id":"https:\/\/folhapopular.info\/index.php\/2024\/04\/21\/pdt-e-psdb-apresentam-pre-candidatos\/#primaryimage"},"thumbnailUrl":"https:\/\/folhapopular.info\/wp-content\/uploads\/2024\/04\/WhatsApp-Image-2024-04-13-at-18.18.43-5-scaled.jpeg","keywords":["PDT","Pr\u00e9-candidatos","PSDB"],"articleSection":["Destaques","Pol\u00edtica"],"inLanguage":"pt-BR","potentialAction":[{"@type":"CommentAction","name":"Comment","target":["https:\/\/folhapopular.info\/index.php\/2024\/04\/21\/pdt-e-psdb-apresentam-pre-candidatos\/#respond"]}]},{"@type":"WebPage","@id":"https:\/\/folhapopular.info\/index.php\/2024\/04\/21\/pdt-e-psdb-apresentam-pre-candidatos\/","url":"https:\/\/folhapopular.info\/index.php\/2024\/04\/21\/pdt-e-psdb-apresentam-pre-candidatos\/","name":"PDT e PSDB apresentam pr\u00e9-candidatos - Folha Popular","isPartOf":{"@id":"https:\/\/folhapopular.info\/#website"},"primaryImageOfPage":{"@id":"https:\/\/folhapopular.info\/index.php\/2024\/04\/21\/pdt-e-psdb-apresentam-pre-candidatos\/#primaryimage"},"image":{"@id":"https:\/\/folhapopular.info\/index.php\/2024\/04\/21\/pdt-e-psdb-apresentam-pre-candidatos\/#primaryimage"},"thumbnailUrl":"https:\/\/folhapopular.info\/wp-content\/uploads\/2024\/04\/WhatsApp-Image-2024-04-13-at-18.18.43-5-scaled.jpeg","datePublished":"2024-04-21T19:00:00+00:00","author":{"@id":"https:\/\/folhapopular.info\/#\/schema\/person\/2814e8a0df7643585a9ca38bc6eb9d4b"},"breadcrumb":{"@id":"https:\/\/folhapopular.info\/index.php\/2024\/04\/21\/pdt-e-psdb-apresentam-pre-candidatos\/#breadcrumb"},"inLanguage":"pt-BR","potentialAction":[{"@type":"ReadAction","target":["https:\/\/folhapopular.info\/index.php\/2024\/04\/21\/pdt-e-psdb-apresentam-pre-candidatos\/"]}]},{"@type":"ImageObject","inLanguage":"pt-BR","@id":"https:\/\/folhapopular.info\/index.php\/2024\/04\/21\/pdt-e-psdb-apresentam-pre-candidatos\/#primaryimage","url":"https:\/\/folhapopular.info\/wp-content\/uploads\/2024\/04\/WhatsApp-Image-2024-04-13-at-18.18.43-5-scaled.jpeg","contentUrl":"https:\/\/folhapopular.info\/wp-content\/uploads\/2024\/04\/WhatsApp-Image-2024-04-13-at-18.18.43-5-scaled.jpeg","width":2560,"height":1920,"caption":"Cr\u00e9dito: Ascom PDT e PSDB \/ Divulga\u00e7\u00e3o"},{"@type":"BreadcrumbList","@id":"https:\/\/folhapopular.info\/index.php\/2024\/04\/21\/pdt-e-psdb-apresentam-pre-candidatos\/#breadcrumb","itemListElement":[{"@type":"ListItem","position":1,"name":"In\u00edcio","item":"https:\/\/folhapopular.info\/"},{"@type":"ListItem","position":2,"name":"PDT e PSDB apresentam pr\u00e9-candidatos"}]},{"@type":"WebSite","@id":"https:\/\/folhapopular.info\/#website","url":"https:\/\/folhapopular.info\/","name":"Folha Popular","description":"Onde voc\u00ea tem vez e voz","potentialAction":[{"@type":"SearchAction","target":{"@type":"EntryPoint","urlTemplate":"https:\/\/folhapopular.info\/?s={search_term_string}"},"query-input":{"@type":"PropertyValueSpecification","valueRequired":true,"valueName":"search_term_string"}}],"inLanguage":"pt-BR"},{"@type":"Person","@id":"https:\/\/folhapopular.info\/#\/schema\/person\/2814e8a0df7643585a9ca38bc6eb9d4b","name":"Reda\u00e7\u00e3o Folha Popular","image":{"@type":"ImageObject","inLanguage":"pt-BR","@id":"https:\/\/folhapopular.info\/wp-content\/uploads\/2026\/04\/Folha-1.webp","url":"https:\/\/folhapopular.info\/wp-content\/uploads\/2026\/04\/Folha-1.webp","contentUrl":"https:\/\/folhapopular.info\/wp-content\/uploads\/2026\/04\/Folha-1.webp","caption":"Reda\u00e7\u00e3o Folha Popular"},"url":"https:\/\/folhapopular.info\/index.php\/author\/redacao\/"}]}},"jetpack_featured_media_url":"https:\/\/folhapopular.info\/wp-content\/uploads\/2024\/04\/WhatsApp-Image-2024-04-13-at-18.18.43-5-scaled.jpeg","jetpack_sharing_enabled":true,"amp_enabled":true,"_links":{"self":[{"href":"https:\/\/folhapopular.info\/index.php\/wp-json\/wp\/v2\/posts\/156002","targetHints":{"allow":["GET"]}}],"collection":[{"href":"https:\/\/folhapopular.info\/index.php\/wp-json\/wp\/v2\/posts"}],"about":[{"href":"https:\/\/folhapopular.info\/index.php\/wp-json\/wp\/v2\/types\/post"}],"author":[{"embeddable":true,"href":"https:\/\/folhapopular.info\/index.php\/wp-json\/wp\/v2\/users\/8"}],"replies":[{"embeddable":true,"href":"https:\/\/folhapopular.info\/index.php\/wp-json\/wp\/v2\/comments?post=156002"}],"version-history":[{"count":0,"href":"https:\/\/folhapopular.info\/index.php\/wp-json\/wp\/v2\/posts\/156002\/revisions"}],"wp:featuredmedia":[{"embeddable":true,"href":"https:\/\/folhapopular.info\/index.php\/wp-json\/wp\/v2\/media\/156003"}],"wp:attachment":[{"href":"https:\/\/folhapopular.info\/index.php\/wp-json\/wp\/v2\/media?parent=156002"}],"wp:term":[{"taxonomy":"category","embeddable":true,"href":"https:\/\/folhapopular.info\/index.php\/wp-json\/wp\/v2\/categories?post=156002"},{"taxonomy":"post_tag","embeddable":true,"href":"https:\/\/folhapopular.info\/index.php\/wp-json\/wp\/v2\/tags?post=156002"}],"curies":[{"name":"wp","href":"https:\/\/api.w.org\/{rel}","templated":true}]}}