{"id":156158,"date":"2024-04-22T23:12:39","date_gmt":"2024-04-23T02:12:39","guid":{"rendered":"https:\/\/folhapopular.info\/?p=156158"},"modified":"2024-04-23T10:22:10","modified_gmt":"2024-04-23T13:22:10","slug":"2o-inspira-moda-desafia-a-pensar-no-que-queremos-comunicar","status":"publish","type":"post","link":"https:\/\/folhapopular.info\/index.php\/2024\/04\/22\/2o-inspira-moda-desafia-a-pensar-no-que-queremos-comunicar\/","title":{"rendered":"2\u00ba Inspira Moda desafia a pensar no que queremos comunicar\u00a0"},"content":{"rendered":"\n<p>Falar de moda sem cair&nbsp; nos clich\u00eas habituais de regras e tend\u00eancias da esta\u00e7\u00e3o. Essa foi a proposta do Inspira Moda. Evento ocorreu na noite de segunda-feira (22\/4) no Garden Hauss em Lajeado com presen\u00e7as de mulheres que t\u00eam muito a dizer. A organiza\u00e7\u00e3o ficou por conta da Pipocando e de Rochelle Chiesa. O foco da noite foi a gest\u00e3o de imagem, moda, marca pessoal e posicionamento nas redes sociais destacando, sobretudo, o poder de uma boa apresenta\u00e7\u00e3o pessoal.<\/p>\n\n\n\n<p>Em um mundo de diversidade e que preza pelo bem-estar e pela entrega de bons resultados, como gerenciar boa imagem para o trabalho, vida pessoal e redes sociais? Afinal de contas, todos estamos inseridos e convivendo em todos estes espa\u00e7os.\u00a0<\/p>\n\n\n\n<p>A jornalista comunicadora Fran Rabuske, n\u00e3o veio trazer a receita de bolo para ser replicada em nossas casas. A palestra, em tom de bate-papo descontra\u00eddo, trouxe pontos s\u00e9rios e estrat\u00e9gias a serem trabalhadas. Por\u00e9m, tudo parte de um ponto principal, o autoconhecimento.\u00a0<\/p>\n\n\n\n<figure class=\"wp-block-image size-large\"><img loading=\"lazy\" decoding=\"async\" width=\"768\" height=\"1024\" src=\"https:\/\/folhapopular.info\/wp-content\/uploads\/2024\/04\/WhatsApp-Image-2024-04-22-at-23.05.50-768x1024.jpeg\" alt=\"\" class=\"wp-image-156160\" srcset=\"https:\/\/folhapopular.info\/wp-content\/uploads\/2024\/04\/WhatsApp-Image-2024-04-22-at-23.05.50-768x1024.jpeg 768w, https:\/\/folhapopular.info\/wp-content\/uploads\/2024\/04\/WhatsApp-Image-2024-04-22-at-23.05.50-225x300.jpeg 225w, https:\/\/folhapopular.info\/wp-content\/uploads\/2024\/04\/WhatsApp-Image-2024-04-22-at-23.05.50-315x420.jpeg 315w, https:\/\/folhapopular.info\/wp-content\/uploads\/2024\/04\/WhatsApp-Image-2024-04-22-at-23.05.50-696x928.jpeg 696w, https:\/\/folhapopular.info\/wp-content\/uploads\/2024\/04\/WhatsApp-Image-2024-04-22-at-23.05.50.jpeg 960w\" sizes=\"auto, (max-width: 768px) 100vw, 768px\" \/><figcaption class=\"wp-element-caption\">Comunicadora Fran Rabuske &#8211; Ariana de Oliveira <\/figcaption><\/figure>\n\n\n\n<p><strong>Autoconhecimento<\/strong><\/p>\n\n\n\n<p>A comunica\u00e7\u00e3o, para Fran, est\u00e1 em poder se relacionar com a verdade, a pr\u00f3pria e a do p\u00fablico. Para tanto, \u00e9 preciso saber quem somos realmente e comunicar a partir dos pr\u00f3prios princ\u00edpios. Um personagem n\u00e3o se sustenta por muito tempo, enfatiza.&nbsp;<\/p>\n\n\n\n<p><strong>Conhecer o p\u00fablico<\/strong><\/p>\n\n\n\n<p>As redes sociais nos permitem falar com pessoas que jamais conhecer\u00edamos no cotidiano, e por isso, surge a necessidade de entender como se comunicar com o p\u00fablico. Este \u00e9 o pilar n\u00famero dois que \u00e9  baseado no entendimento das especificidades do p\u00fablico-alvo. N\u00e3o \u00e9 poss\u00edvel se comunicar a todo tempo com todos os p\u00fablicos, logo, \u00e9 necess\u00e1rio entender o que as pessoas querem ouvir de acordo com\u00a0 o que \u00e9 poss\u00edvel oferecer. Al\u00e9m disso, se comunicar n\u00e3o \u00e9 falar tudo o que pensa, mas se conectar estrategicamente com aquele que recebe a mensagem.\u00a0<\/p>\n\n\n\n<p><strong>Pensar antes de comunicar<\/strong><\/p>\n\n\n\n<p>Terceiro ponto remete ao que \u00e9 ser um comunicador com assertividade, lembrando que a comunica\u00e7\u00e3o \u00e9 visual, \u00e9 falada e tamb\u00e9m comportamental. Assim, temos um cen\u00e1rio que se desenha para uma comunica\u00e7\u00e3o com inten\u00e7\u00e3o. Saber o que se quer comunicar a para quem se comunicar \u00e9 o passo certo para atingir de forma eficaz o prop\u00f3sito da conex\u00e3o. Para uma comunica\u00e7\u00e3o com&nbsp; assertividade, n\u00e3o podemos falar tudo o que passa pela cabe\u00e7a ou agir de qualquer forma. A proposta \u00e9, com clareza,&nbsp; falar o que faz sentido naquele momento e para aquele p\u00fablico e manter uma postura \u00edntegra ao momento.&nbsp;<\/p>\n\n\n\n<p><strong>Ter dom\u00ednio sobre o corpo<\/strong><\/p>\n\n\n\n<p>Este \u00e9 o ponto que re\u00fane todas as formas de comunica\u00e7\u00e3o poss\u00edveis, une a fala, o gesto e o visual. Para uma conex\u00e3o de sucesso e que produza intera\u00e7\u00e3o, todas essas essas esferas precisam ser estrategicamente trabalhadas. E neste ponto, n\u00e3o se fala apenas em roupas e acess\u00f3rios, se fala em conforto e postura que esteja coerente com cada ocasi\u00e3o.<\/p>\n\n\n\n<p><strong>Tenho coer\u00eancia?<\/strong><\/p>\n\n\n\n<p>O pen\u00faltimo ponto faz essa provoca\u00e7\u00e3o a todos n\u00f3s, que de uma forma intensa ou desproposital, usamos as redes sociais. Ser\u00e1 que estamos de acordo com o que falamos? Ser\u00e1 que queremos mesmo dar bom dia a todos e seguimos aquilo que fazemos \u201cpropaganda\u201d? A aten\u00e7\u00e3o volta-se ao primeiro ponto, sobre se conhecer e comunicar a partir da pr\u00f3pria verdade. Afinal de contas, o personagem pode perder a m\u00e1scara quando menos se espera.\u00a0<\/p>\n\n\n\n<p><strong>Saber ouvir<\/strong><\/p>\n\n\n\n<p>O \u00faltimo ponto talvez seja o principal.&nbsp; Em um tempo onde s\u00f3 queremos expor o que somos e o que vendemos, como ouvir o que as pessoas que est\u00e3o perto, ou o p\u00fablico a ser atingido? Este \u00e9 um dos principais desafios, sobretudo na comunica\u00e7\u00e3o a partir das redes sociais. A falta de troca, de contato, de um atendimento humanizado, talvez sejam os deslizes cometidos por empreendimentos que prezam apenas pela exposi\u00e7\u00e3o e velocidade de vendas, deixando de lado o que realmente fideliza, a conex\u00e3o.&nbsp;<\/p>\n\n\n\n<p>Fran Rabuske prop\u00f5e esses pilares que v\u00e3o ao encontro da fala da gestora de imagem Rochelle Chiesa. Profissional do ramo h\u00e1 anos, Rochelle detalha a import\u00e2ncia de uma boa apar\u00eancia. Neste sentido, n\u00e3o fala apenas de boas roupas e acess\u00f3rios, mas sim em estar adequadamente preparado para cada ocasi\u00e3o do dia. Seja para a reuni\u00e3o de pais, encontro com companheiro e trabalho, cada ocasi\u00e3o merece uma aten\u00e7\u00e3o. E o conforto e personalidade, devem acompanhar as escolhas tomadas, do contr\u00e1rio, \u00e9 imposs\u00edvel sustentar um estilo, enfatiza Rochelle.&nbsp;<\/p>\n\n\n\n<figure class=\"wp-block-image size-large\"><img loading=\"lazy\" decoding=\"async\" width=\"1024\" height=\"768\" src=\"https:\/\/folhapopular.info\/wp-content\/uploads\/2024\/04\/WhatsApp-Image-2024-04-22-at-23.07.23-1024x768.jpeg\" alt=\"\" class=\"wp-image-156161\" srcset=\"https:\/\/folhapopular.info\/wp-content\/uploads\/2024\/04\/WhatsApp-Image-2024-04-22-at-23.07.23-1024x768.jpeg 1024w, https:\/\/folhapopular.info\/wp-content\/uploads\/2024\/04\/WhatsApp-Image-2024-04-22-at-23.07.23-300x225.jpeg 300w, https:\/\/folhapopular.info\/wp-content\/uploads\/2024\/04\/WhatsApp-Image-2024-04-22-at-23.07.23-768x576.jpeg 768w, https:\/\/folhapopular.info\/wp-content\/uploads\/2024\/04\/WhatsApp-Image-2024-04-22-at-23.07.23-560x420.jpeg 560w, https:\/\/folhapopular.info\/wp-content\/uploads\/2024\/04\/WhatsApp-Image-2024-04-22-at-23.07.23-80x60.jpeg 80w, https:\/\/folhapopular.info\/wp-content\/uploads\/2024\/04\/WhatsApp-Image-2024-04-22-at-23.07.23-696x522.jpeg 696w, https:\/\/folhapopular.info\/wp-content\/uploads\/2024\/04\/WhatsApp-Image-2024-04-22-at-23.07.23-1068x801.jpeg 1068w, https:\/\/folhapopular.info\/wp-content\/uploads\/2024\/04\/WhatsApp-Image-2024-04-22-at-23.07.23.jpeg 1280w\" sizes=\"auto, (max-width: 1024px) 100vw, 1024px\" \/><figcaption class=\"wp-element-caption\">Rochelle Chiesa &#8211; Ariana de Oliveira <\/figcaption><\/figure>\n\n\n\n<p>Ela instiga a pensarmos no que \u00e9 uma boa imagem pessoal trazendo a ideia de que a roupa n\u00e3o \u00e9 tudo. \u201cN\u00e3o basta se vestir bem, \u00e9 preciso sentir e ser\u201d, desafia ela.\u00a0<\/p>\n\n\n\n<p>Em sua fala direta, Rochelle diz que, apesar de n\u00e3o querermos acreditar nisso, temos sim apenas segundos para impactar as pessoas e os primeiros momentos de um atendimento, s\u00e3o fundamentais ao retorno do cliente e na futura fideliza\u00e7\u00e3o do mesmo.&nbsp;&#8220;Imagem \u00e9 a ponte que te conecta com as pessoas&#8221;, finaliza. <\/p>\n\n\n\n<p>Ap\u00f3s as falas inspiradoras, o momento de desfile das marcar paricipantes trouxe novidades em acess\u00f3rios, cabelos e roupas, mas tamb\u00e9m trouxe a diversidade e o conforto. <\/p>\n\n\n\n<figure class=\"wp-block-gallery has-nested-images columns-default is-cropped wp-block-gallery-1 is-layout-flex wp-block-gallery-is-layout-flex\">\n<figure class=\"wp-block-image size-large\"><img loading=\"lazy\" decoding=\"async\" width=\"1024\" height=\"768\" data-id=\"156162\" src=\"https:\/\/folhapopular.info\/wp-content\/uploads\/2024\/04\/desfile-1-1024x768.jpg\" alt=\"\" class=\"wp-image-156162\" srcset=\"https:\/\/folhapopular.info\/wp-content\/uploads\/2024\/04\/desfile-1-1024x768.jpg 1024w, https:\/\/folhapopular.info\/wp-content\/uploads\/2024\/04\/desfile-1-300x225.jpg 300w, https:\/\/folhapopular.info\/wp-content\/uploads\/2024\/04\/desfile-1-768x576.jpg 768w, https:\/\/folhapopular.info\/wp-content\/uploads\/2024\/04\/desfile-1-560x420.jpg 560w, https:\/\/folhapopular.info\/wp-content\/uploads\/2024\/04\/desfile-1-80x60.jpg 80w, https:\/\/folhapopular.info\/wp-content\/uploads\/2024\/04\/desfile-1-696x522.jpg 696w, https:\/\/folhapopular.info\/wp-content\/uploads\/2024\/04\/desfile-1-1068x801.jpg 1068w, https:\/\/folhapopular.info\/wp-content\/uploads\/2024\/04\/desfile-1.jpg 1280w\" sizes=\"auto, (max-width: 1024px) 100vw, 1024px\" \/><\/figure>\n\n\n\n<figure class=\"wp-block-image size-large\"><img loading=\"lazy\" decoding=\"async\" width=\"768\" height=\"1024\" data-id=\"156163\" src=\"https:\/\/folhapopular.info\/wp-content\/uploads\/2024\/04\/desfile-2-768x1024.jpg\" alt=\"\" class=\"wp-image-156163\" srcset=\"https:\/\/folhapopular.info\/wp-content\/uploads\/2024\/04\/desfile-2-768x1024.jpg 768w, https:\/\/folhapopular.info\/wp-content\/uploads\/2024\/04\/desfile-2-225x300.jpg 225w, https:\/\/folhapopular.info\/wp-content\/uploads\/2024\/04\/desfile-2-315x420.jpg 315w, https:\/\/folhapopular.info\/wp-content\/uploads\/2024\/04\/desfile-2-696x928.jpg 696w, https:\/\/folhapopular.info\/wp-content\/uploads\/2024\/04\/desfile-2.jpg 960w\" sizes=\"auto, (max-width: 768px) 100vw, 768px\" \/><\/figure>\n\n\n\n<figure class=\"wp-block-image size-large\"><img loading=\"lazy\" decoding=\"async\" width=\"768\" height=\"1024\" data-id=\"156164\" src=\"https:\/\/folhapopular.info\/wp-content\/uploads\/2024\/04\/desfile-3-768x1024.jpg\" alt=\"\" class=\"wp-image-156164\" srcset=\"https:\/\/folhapopular.info\/wp-content\/uploads\/2024\/04\/desfile-3-768x1024.jpg 768w, https:\/\/folhapopular.info\/wp-content\/uploads\/2024\/04\/desfile-3-225x300.jpg 225w, https:\/\/folhapopular.info\/wp-content\/uploads\/2024\/04\/desfile-3-315x420.jpg 315w, https:\/\/folhapopular.info\/wp-content\/uploads\/2024\/04\/desfile-3-696x928.jpg 696w, https:\/\/folhapopular.info\/wp-content\/uploads\/2024\/04\/desfile-3.jpg 960w\" sizes=\"auto, (max-width: 768px) 100vw, 768px\" \/><\/figure>\n\n\n\n<figure class=\"wp-block-image size-large\"><img loading=\"lazy\" decoding=\"async\" width=\"1024\" height=\"768\" data-id=\"156165\" src=\"https:\/\/folhapopular.info\/wp-content\/uploads\/2024\/04\/desfile-4-1024x768.jpg\" alt=\"\" class=\"wp-image-156165\" srcset=\"https:\/\/folhapopular.info\/wp-content\/uploads\/2024\/04\/desfile-4-1024x768.jpg 1024w, https:\/\/folhapopular.info\/wp-content\/uploads\/2024\/04\/desfile-4-300x225.jpg 300w, https:\/\/folhapopular.info\/wp-content\/uploads\/2024\/04\/desfile-4-768x576.jpg 768w, https:\/\/folhapopular.info\/wp-content\/uploads\/2024\/04\/desfile-4-560x420.jpg 560w, https:\/\/folhapopular.info\/wp-content\/uploads\/2024\/04\/desfile-4-80x60.jpg 80w, https:\/\/folhapopular.info\/wp-content\/uploads\/2024\/04\/desfile-4-696x522.jpg 696w, https:\/\/folhapopular.info\/wp-content\/uploads\/2024\/04\/desfile-4-1068x801.jpg 1068w, https:\/\/folhapopular.info\/wp-content\/uploads\/2024\/04\/desfile-4.jpg 1280w\" sizes=\"auto, (max-width: 1024px) 100vw, 1024px\" \/><\/figure>\n<\/figure>\n\n\n\n<p><\/p>\n","protected":false},"excerpt":{"rendered":"<p>Falar de moda sem cair&nbsp; nos clich\u00eas habituais de regras e tend\u00eancias da esta\u00e7\u00e3o. Essa foi a proposta do Inspira Moda. Evento ocorreu na noite de segunda-feira (22\/4) no Garden Hauss em Lajeado com presen\u00e7as de mulheres que t\u00eam muito a dizer. A organiza\u00e7\u00e3o ficou por conta da Pipocando e de Rochelle Chiesa. O foco [&hellip;]<\/p>\n","protected":false},"author":707,"featured_media":156159,"comment_status":"open","ping_status":"open","sticky":false,"template":"","format":"standard","meta":{"pmpro_default_level":"","_jetpack_memberships_contains_paid_content":false,"footnotes":""},"categories":[10998,2,6],"tags":[14893,14891,2451],"class_list":{"0":"post-156158","1":"post","2":"type-post","3":"status-publish","4":"format-standard","5":"has-post-thumbnail","7":"category-comportamento","8":"category-featured","9":"category-inclusive","10":"tag-fran-rabuske","11":"tag-inspira-moda","12":"tag-mulheres-e-negocios","13":"pmpro-has-access"},"yoast_head":"<!-- This site is optimized with the Yoast SEO plugin v27.5 - https:\/\/yoast.com\/product\/yoast-seo-wordpress\/ -->\n<title>2\u00ba Inspira Moda desafia a pensar no que queremos comunicar\u00a0 - Folha Popular<\/title>\n<meta name=\"robots\" content=\"index, follow, max-snippet:-1, max-image-preview:large, max-video-preview:-1\" \/>\n<link rel=\"canonical\" href=\"https:\/\/folhapopular.info\/index.php\/2024\/04\/22\/2o-inspira-moda-desafia-a-pensar-no-que-queremos-comunicar\/\" \/>\n<meta property=\"og:locale\" content=\"pt_BR\" \/>\n<meta property=\"og:type\" content=\"article\" \/>\n<meta property=\"og:title\" content=\"2\u00ba Inspira Moda desafia a pensar no que queremos comunicar\u00a0 - Folha Popular\" \/>\n<meta property=\"og:description\" content=\"Falar de moda sem cair&nbsp; nos clich\u00eas habituais de regras e tend\u00eancias da esta\u00e7\u00e3o. Essa foi a proposta do Inspira Moda. Evento ocorreu na noite de segunda-feira (22\/4) no Garden Hauss em Lajeado com presen\u00e7as de mulheres que t\u00eam muito a dizer. A organiza\u00e7\u00e3o ficou por conta da Pipocando e de Rochelle Chiesa. O foco [&hellip;]\" \/>\n<meta property=\"og:url\" content=\"https:\/\/folhapopular.info\/index.php\/2024\/04\/22\/2o-inspira-moda-desafia-a-pensar-no-que-queremos-comunicar\/\" \/>\n<meta property=\"og:site_name\" content=\"Folha Popular\" \/>\n<meta property=\"article:published_time\" content=\"2024-04-23T02:12:39+00:00\" \/>\n<meta property=\"article:modified_time\" content=\"2024-04-23T13:22:10+00:00\" \/>\n<meta property=\"og:image\" content=\"http:\/\/folhapopular.info\/wp-content\/uploads\/2024\/04\/WhatsApp-Image-2024-04-22-at-23.03.35.jpeg\" \/>\n\t<meta property=\"og:image:width\" content=\"1280\" \/>\n\t<meta property=\"og:image:height\" content=\"960\" \/>\n\t<meta property=\"og:image:type\" content=\"image\/jpeg\" \/>\n<meta name=\"author\" content=\"Ariana de Oliveira\" \/>\n<meta name=\"twitter:card\" content=\"summary_large_image\" \/>\n<meta name=\"twitter:label1\" content=\"Escrito por\" \/>\n\t<meta name=\"twitter:data1\" content=\"Ariana de Oliveira\" \/>\n\t<meta name=\"twitter:label2\" content=\"Est. tempo de leitura\" \/>\n\t<meta name=\"twitter:data2\" content=\"7 minutos\" \/>\n<script type=\"application\/ld+json\" class=\"yoast-schema-graph\">{\"@context\":\"https:\\\/\\\/schema.org\",\"@graph\":[{\"@type\":\"Article\",\"@id\":\"https:\\\/\\\/folhapopular.info\\\/index.php\\\/2024\\\/04\\\/22\\\/2o-inspira-moda-desafia-a-pensar-no-que-queremos-comunicar\\\/#article\",\"isPartOf\":{\"@id\":\"https:\\\/\\\/folhapopular.info\\\/index.php\\\/2024\\\/04\\\/22\\\/2o-inspira-moda-desafia-a-pensar-no-que-queremos-comunicar\\\/\"},\"author\":{\"name\":\"Ariana de Oliveira\",\"@id\":\"https:\\\/\\\/folhapopular.info\\\/#\\\/schema\\\/person\\\/e80d332e33633a6164933af03d7ee1b2\"},\"headline\":\"2\u00ba Inspira Moda desafia a pensar no que queremos comunicar\u00a0\",\"datePublished\":\"2024-04-23T02:12:39+00:00\",\"dateModified\":\"2024-04-23T13:22:10+00:00\",\"mainEntityOfPage\":{\"@id\":\"https:\\\/\\\/folhapopular.info\\\/index.php\\\/2024\\\/04\\\/22\\\/2o-inspira-moda-desafia-a-pensar-no-que-queremos-comunicar\\\/\"},\"wordCount\":922,\"commentCount\":0,\"image\":{\"@id\":\"https:\\\/\\\/folhapopular.info\\\/index.php\\\/2024\\\/04\\\/22\\\/2o-inspira-moda-desafia-a-pensar-no-que-queremos-comunicar\\\/#primaryimage\"},\"thumbnailUrl\":\"https:\\\/\\\/folhapopular.info\\\/wp-content\\\/uploads\\\/2024\\\/04\\\/WhatsApp-Image-2024-04-22-at-23.03.35.jpeg\",\"keywords\":[\"Fran Rabuske\",\"Inspira Moda\",\"mulheres e neg\u00f3cios\"],\"articleSection\":[\"Comportamento\",\"Destaques\",\"Inclusive\"],\"inLanguage\":\"pt-BR\",\"potentialAction\":[{\"@type\":\"CommentAction\",\"name\":\"Comment\",\"target\":[\"https:\\\/\\\/folhapopular.info\\\/index.php\\\/2024\\\/04\\\/22\\\/2o-inspira-moda-desafia-a-pensar-no-que-queremos-comunicar\\\/#respond\"]}]},{\"@type\":\"WebPage\",\"@id\":\"https:\\\/\\\/folhapopular.info\\\/index.php\\\/2024\\\/04\\\/22\\\/2o-inspira-moda-desafia-a-pensar-no-que-queremos-comunicar\\\/\",\"url\":\"https:\\\/\\\/folhapopular.info\\\/index.php\\\/2024\\\/04\\\/22\\\/2o-inspira-moda-desafia-a-pensar-no-que-queremos-comunicar\\\/\",\"name\":\"2\u00ba Inspira Moda desafia a pensar no que queremos comunicar\u00a0 - Folha Popular\",\"isPartOf\":{\"@id\":\"https:\\\/\\\/folhapopular.info\\\/#website\"},\"primaryImageOfPage\":{\"@id\":\"https:\\\/\\\/folhapopular.info\\\/index.php\\\/2024\\\/04\\\/22\\\/2o-inspira-moda-desafia-a-pensar-no-que-queremos-comunicar\\\/#primaryimage\"},\"image\":{\"@id\":\"https:\\\/\\\/folhapopular.info\\\/index.php\\\/2024\\\/04\\\/22\\\/2o-inspira-moda-desafia-a-pensar-no-que-queremos-comunicar\\\/#primaryimage\"},\"thumbnailUrl\":\"https:\\\/\\\/folhapopular.info\\\/wp-content\\\/uploads\\\/2024\\\/04\\\/WhatsApp-Image-2024-04-22-at-23.03.35.jpeg\",\"datePublished\":\"2024-04-23T02:12:39+00:00\",\"dateModified\":\"2024-04-23T13:22:10+00:00\",\"author\":{\"@id\":\"https:\\\/\\\/folhapopular.info\\\/#\\\/schema\\\/person\\\/e80d332e33633a6164933af03d7ee1b2\"},\"breadcrumb\":{\"@id\":\"https:\\\/\\\/folhapopular.info\\\/index.php\\\/2024\\\/04\\\/22\\\/2o-inspira-moda-desafia-a-pensar-no-que-queremos-comunicar\\\/#breadcrumb\"},\"inLanguage\":\"pt-BR\",\"potentialAction\":[{\"@type\":\"ReadAction\",\"target\":[\"https:\\\/\\\/folhapopular.info\\\/index.php\\\/2024\\\/04\\\/22\\\/2o-inspira-moda-desafia-a-pensar-no-que-queremos-comunicar\\\/\"]}]},{\"@type\":\"ImageObject\",\"inLanguage\":\"pt-BR\",\"@id\":\"https:\\\/\\\/folhapopular.info\\\/index.php\\\/2024\\\/04\\\/22\\\/2o-inspira-moda-desafia-a-pensar-no-que-queremos-comunicar\\\/#primaryimage\",\"url\":\"https:\\\/\\\/folhapopular.info\\\/wp-content\\\/uploads\\\/2024\\\/04\\\/WhatsApp-Image-2024-04-22-at-23.03.35.jpeg\",\"contentUrl\":\"https:\\\/\\\/folhapopular.info\\\/wp-content\\\/uploads\\\/2024\\\/04\\\/WhatsApp-Image-2024-04-22-at-23.03.35.jpeg\",\"width\":1280,\"height\":960,\"caption\":\"Cr\u00e9dito: Ariana de Oliveira\"},{\"@type\":\"BreadcrumbList\",\"@id\":\"https:\\\/\\\/folhapopular.info\\\/index.php\\\/2024\\\/04\\\/22\\\/2o-inspira-moda-desafia-a-pensar-no-que-queremos-comunicar\\\/#breadcrumb\",\"itemListElement\":[{\"@type\":\"ListItem\",\"position\":1,\"name\":\"In\u00edcio\",\"item\":\"https:\\\/\\\/folhapopular.info\\\/\"},{\"@type\":\"ListItem\",\"position\":2,\"name\":\"2\u00ba Inspira Moda desafia a pensar no que queremos comunicar\u00a0\"}]},{\"@type\":\"WebSite\",\"@id\":\"https:\\\/\\\/folhapopular.info\\\/#website\",\"url\":\"https:\\\/\\\/folhapopular.info\\\/\",\"name\":\"Folha Popular\",\"description\":\"Onde voc\u00ea tem vez e voz\",\"potentialAction\":[{\"@type\":\"SearchAction\",\"target\":{\"@type\":\"EntryPoint\",\"urlTemplate\":\"https:\\\/\\\/folhapopular.info\\\/?s={search_term_string}\"},\"query-input\":{\"@type\":\"PropertyValueSpecification\",\"valueRequired\":true,\"valueName\":\"search_term_string\"}}],\"inLanguage\":\"pt-BR\"},{\"@type\":\"Person\",\"@id\":\"https:\\\/\\\/folhapopular.info\\\/#\\\/schema\\\/person\\\/e80d332e33633a6164933af03d7ee1b2\",\"name\":\"Ariana de Oliveira\",\"image\":{\"@type\":\"ImageObject\",\"inLanguage\":\"pt-BR\",\"@id\":\"https:\\\/\\\/secure.gravatar.com\\\/avatar\\\/f41f85ba276460e0a04f6d5aca07e53f273efeee7e662d9ef431432a18216f59?s=96&d=mm&r=g\",\"url\":\"https:\\\/\\\/secure.gravatar.com\\\/avatar\\\/f41f85ba276460e0a04f6d5aca07e53f273efeee7e662d9ef431432a18216f59?s=96&d=mm&r=g\",\"contentUrl\":\"https:\\\/\\\/secure.gravatar.com\\\/avatar\\\/f41f85ba276460e0a04f6d5aca07e53f273efeee7e662d9ef431432a18216f59?s=96&d=mm&r=g\",\"caption\":\"Ariana de Oliveira\"},\"url\":\"https:\\\/\\\/folhapopular.info\\\/index.php\\\/author\\\/ariana-deoliveiragmail-com\\\/\"}]}<\/script>\n<!-- \/ Yoast SEO plugin. -->","yoast_head_json":{"title":"2\u00ba Inspira Moda desafia a pensar no que queremos comunicar\u00a0 - Folha Popular","robots":{"index":"index","follow":"follow","max-snippet":"max-snippet:-1","max-image-preview":"max-image-preview:large","max-video-preview":"max-video-preview:-1"},"canonical":"https:\/\/folhapopular.info\/index.php\/2024\/04\/22\/2o-inspira-moda-desafia-a-pensar-no-que-queremos-comunicar\/","og_locale":"pt_BR","og_type":"article","og_title":"2\u00ba Inspira Moda desafia a pensar no que queremos comunicar\u00a0 - Folha Popular","og_description":"Falar de moda sem cair&nbsp; nos clich\u00eas habituais de regras e tend\u00eancias da esta\u00e7\u00e3o. Essa foi a proposta do Inspira Moda. Evento ocorreu na noite de segunda-feira (22\/4) no Garden Hauss em Lajeado com presen\u00e7as de mulheres que t\u00eam muito a dizer. A organiza\u00e7\u00e3o ficou por conta da Pipocando e de Rochelle Chiesa. O foco [&hellip;]","og_url":"https:\/\/folhapopular.info\/index.php\/2024\/04\/22\/2o-inspira-moda-desafia-a-pensar-no-que-queremos-comunicar\/","og_site_name":"Folha Popular","article_published_time":"2024-04-23T02:12:39+00:00","article_modified_time":"2024-04-23T13:22:10+00:00","og_image":[{"width":1280,"height":960,"url":"http:\/\/folhapopular.info\/wp-content\/uploads\/2024\/04\/WhatsApp-Image-2024-04-22-at-23.03.35.jpeg","type":"image\/jpeg"}],"author":"Ariana de Oliveira","twitter_card":"summary_large_image","twitter_misc":{"Escrito por":"Ariana de Oliveira","Est. tempo de leitura":"7 minutos"},"schema":{"@context":"https:\/\/schema.org","@graph":[{"@type":"Article","@id":"https:\/\/folhapopular.info\/index.php\/2024\/04\/22\/2o-inspira-moda-desafia-a-pensar-no-que-queremos-comunicar\/#article","isPartOf":{"@id":"https:\/\/folhapopular.info\/index.php\/2024\/04\/22\/2o-inspira-moda-desafia-a-pensar-no-que-queremos-comunicar\/"},"author":{"name":"Ariana de Oliveira","@id":"https:\/\/folhapopular.info\/#\/schema\/person\/e80d332e33633a6164933af03d7ee1b2"},"headline":"2\u00ba Inspira Moda desafia a pensar no que queremos comunicar\u00a0","datePublished":"2024-04-23T02:12:39+00:00","dateModified":"2024-04-23T13:22:10+00:00","mainEntityOfPage":{"@id":"https:\/\/folhapopular.info\/index.php\/2024\/04\/22\/2o-inspira-moda-desafia-a-pensar-no-que-queremos-comunicar\/"},"wordCount":922,"commentCount":0,"image":{"@id":"https:\/\/folhapopular.info\/index.php\/2024\/04\/22\/2o-inspira-moda-desafia-a-pensar-no-que-queremos-comunicar\/#primaryimage"},"thumbnailUrl":"https:\/\/folhapopular.info\/wp-content\/uploads\/2024\/04\/WhatsApp-Image-2024-04-22-at-23.03.35.jpeg","keywords":["Fran Rabuske","Inspira Moda","mulheres e neg\u00f3cios"],"articleSection":["Comportamento","Destaques","Inclusive"],"inLanguage":"pt-BR","potentialAction":[{"@type":"CommentAction","name":"Comment","target":["https:\/\/folhapopular.info\/index.php\/2024\/04\/22\/2o-inspira-moda-desafia-a-pensar-no-que-queremos-comunicar\/#respond"]}]},{"@type":"WebPage","@id":"https:\/\/folhapopular.info\/index.php\/2024\/04\/22\/2o-inspira-moda-desafia-a-pensar-no-que-queremos-comunicar\/","url":"https:\/\/folhapopular.info\/index.php\/2024\/04\/22\/2o-inspira-moda-desafia-a-pensar-no-que-queremos-comunicar\/","name":"2\u00ba Inspira Moda desafia a pensar no que queremos comunicar\u00a0 - Folha Popular","isPartOf":{"@id":"https:\/\/folhapopular.info\/#website"},"primaryImageOfPage":{"@id":"https:\/\/folhapopular.info\/index.php\/2024\/04\/22\/2o-inspira-moda-desafia-a-pensar-no-que-queremos-comunicar\/#primaryimage"},"image":{"@id":"https:\/\/folhapopular.info\/index.php\/2024\/04\/22\/2o-inspira-moda-desafia-a-pensar-no-que-queremos-comunicar\/#primaryimage"},"thumbnailUrl":"https:\/\/folhapopular.info\/wp-content\/uploads\/2024\/04\/WhatsApp-Image-2024-04-22-at-23.03.35.jpeg","datePublished":"2024-04-23T02:12:39+00:00","dateModified":"2024-04-23T13:22:10+00:00","author":{"@id":"https:\/\/folhapopular.info\/#\/schema\/person\/e80d332e33633a6164933af03d7ee1b2"},"breadcrumb":{"@id":"https:\/\/folhapopular.info\/index.php\/2024\/04\/22\/2o-inspira-moda-desafia-a-pensar-no-que-queremos-comunicar\/#breadcrumb"},"inLanguage":"pt-BR","potentialAction":[{"@type":"ReadAction","target":["https:\/\/folhapopular.info\/index.php\/2024\/04\/22\/2o-inspira-moda-desafia-a-pensar-no-que-queremos-comunicar\/"]}]},{"@type":"ImageObject","inLanguage":"pt-BR","@id":"https:\/\/folhapopular.info\/index.php\/2024\/04\/22\/2o-inspira-moda-desafia-a-pensar-no-que-queremos-comunicar\/#primaryimage","url":"https:\/\/folhapopular.info\/wp-content\/uploads\/2024\/04\/WhatsApp-Image-2024-04-22-at-23.03.35.jpeg","contentUrl":"https:\/\/folhapopular.info\/wp-content\/uploads\/2024\/04\/WhatsApp-Image-2024-04-22-at-23.03.35.jpeg","width":1280,"height":960,"caption":"Cr\u00e9dito: Ariana de Oliveira"},{"@type":"BreadcrumbList","@id":"https:\/\/folhapopular.info\/index.php\/2024\/04\/22\/2o-inspira-moda-desafia-a-pensar-no-que-queremos-comunicar\/#breadcrumb","itemListElement":[{"@type":"ListItem","position":1,"name":"In\u00edcio","item":"https:\/\/folhapopular.info\/"},{"@type":"ListItem","position":2,"name":"2\u00ba Inspira Moda desafia a pensar no que queremos comunicar\u00a0"}]},{"@type":"WebSite","@id":"https:\/\/folhapopular.info\/#website","url":"https:\/\/folhapopular.info\/","name":"Folha Popular","description":"Onde voc\u00ea tem vez e voz","potentialAction":[{"@type":"SearchAction","target":{"@type":"EntryPoint","urlTemplate":"https:\/\/folhapopular.info\/?s={search_term_string}"},"query-input":{"@type":"PropertyValueSpecification","valueRequired":true,"valueName":"search_term_string"}}],"inLanguage":"pt-BR"},{"@type":"Person","@id":"https:\/\/folhapopular.info\/#\/schema\/person\/e80d332e33633a6164933af03d7ee1b2","name":"Ariana de Oliveira","image":{"@type":"ImageObject","inLanguage":"pt-BR","@id":"https:\/\/secure.gravatar.com\/avatar\/f41f85ba276460e0a04f6d5aca07e53f273efeee7e662d9ef431432a18216f59?s=96&d=mm&r=g","url":"https:\/\/secure.gravatar.com\/avatar\/f41f85ba276460e0a04f6d5aca07e53f273efeee7e662d9ef431432a18216f59?s=96&d=mm&r=g","contentUrl":"https:\/\/secure.gravatar.com\/avatar\/f41f85ba276460e0a04f6d5aca07e53f273efeee7e662d9ef431432a18216f59?s=96&d=mm&r=g","caption":"Ariana de Oliveira"},"url":"https:\/\/folhapopular.info\/index.php\/author\/ariana-deoliveiragmail-com\/"}]}},"jetpack_featured_media_url":"https:\/\/folhapopular.info\/wp-content\/uploads\/2024\/04\/WhatsApp-Image-2024-04-22-at-23.03.35.jpeg","jetpack_sharing_enabled":true,"amp_enabled":true,"_links":{"self":[{"href":"https:\/\/folhapopular.info\/index.php\/wp-json\/wp\/v2\/posts\/156158","targetHints":{"allow":["GET"]}}],"collection":[{"href":"https:\/\/folhapopular.info\/index.php\/wp-json\/wp\/v2\/posts"}],"about":[{"href":"https:\/\/folhapopular.info\/index.php\/wp-json\/wp\/v2\/types\/post"}],"author":[{"embeddable":true,"href":"https:\/\/folhapopular.info\/index.php\/wp-json\/wp\/v2\/users\/707"}],"replies":[{"embeddable":true,"href":"https:\/\/folhapopular.info\/index.php\/wp-json\/wp\/v2\/comments?post=156158"}],"version-history":[{"count":0,"href":"https:\/\/folhapopular.info\/index.php\/wp-json\/wp\/v2\/posts\/156158\/revisions"}],"wp:featuredmedia":[{"embeddable":true,"href":"https:\/\/folhapopular.info\/index.php\/wp-json\/wp\/v2\/media\/156159"}],"wp:attachment":[{"href":"https:\/\/folhapopular.info\/index.php\/wp-json\/wp\/v2\/media?parent=156158"}],"wp:term":[{"taxonomy":"category","embeddable":true,"href":"https:\/\/folhapopular.info\/index.php\/wp-json\/wp\/v2\/categories?post=156158"},{"taxonomy":"post_tag","embeddable":true,"href":"https:\/\/folhapopular.info\/index.php\/wp-json\/wp\/v2\/tags?post=156158"}],"curies":[{"name":"wp","href":"https:\/\/api.w.org\/{rel}","templated":true}]}}