{"id":156380,"date":"2024-04-25T10:00:00","date_gmt":"2024-04-25T13:00:00","guid":{"rendered":"https:\/\/folhapopular.info\/?p=156380"},"modified":"2024-04-25T09:52:48","modified_gmt":"2024-04-25T12:52:48","slug":"4o-arte-na-universidade-encerra-com-programacao-cultural","status":"publish","type":"post","link":"https:\/\/folhapopular.info\/index.php\/2024\/04\/25\/4o-arte-na-universidade-encerra-com-programacao-cultural\/","title":{"rendered":"4\u00ba Arte na Universidade encerra com programa\u00e7\u00e3o cultural"},"content":{"rendered":"\n<p>O 4\u00ba Arte na Universidade e 10 anos do Centro Cultural Univates se encerrou na quarta-feira (24\/4) com uma vasta programa\u00e7\u00e3o, que incluiu diversas oficinas, saraus liter\u00e1rios e batalha de rimas. O prop\u00f3sito da atividade \u00e9 possibilitar experi\u00eancias est\u00e9ticas aos participantes por meio de um conjunto de propostas art\u00edsticas que, neste ano, se alia \u00e0 comemora\u00e7\u00e3o dos 10 anos do Centro Cultural Univates.<\/p>\n\n\n\n<p>A programa\u00e7\u00e3o iniciou na ter\u00e7a-feira com o ensaio aberto do Vocal Univates. O p\u00fablico p\u00f4de acompanhar o ensaio, conhecer as t\u00e9cnicas e exerc\u00edcios praticados pelo grupo, e at\u00e9 experimentar cantar. Outro destaque do primeiro dia de evento foi o recital de piano. No piano do foyer do teatro, estava Paola M\u00fcller. J\u00e1 no piano do hall do Pr\u00e9dio 1, Arthur Henrique Sulzbach. Conectados por uma transmiss\u00e3o ao vivo por meio do instagram, os m\u00fasicos alternaram suas apresenta\u00e7\u00f5es, interpretando cl\u00e1ssicos da m\u00fasica nacional e internacional.\u00a0<a href=\"https:\/\/www.instagram.com\/p\/C6HuphwrHSH\/\" target=\"_blank\" rel=\"noreferrer noopener\">Clique aqui para assistir<\/a>.<\/p>\n\n\n\n<p>A noite encerrou com o Festival de Bandas, em celebra\u00e7\u00e3o aos 10 anos do Centro Cultural Univates, no Teatro Univates. Participaram do festival as bandas Teaser Band, 4Vil\u00e3o, Guris do Rock, Imundo, Scerne e PingoGio.<\/p>\n\n\n\n<p>A tarde de quarta-feira contou com diversas atividades, como uma Oficina de Graffiti, \u00e0s 13h30, na escada do Pr\u00e9dio 3; \u201cTeatro: Meu Rio de Aventuras\u201d, \u00e0s 14h, no Teatro Univates; e interven\u00e7\u00f5es do Projeto Clown e Beatlelogia, no Pr\u00e9dio 7. \u00c0s 17h, ocorreu a atividade \u201cArte \u00e9 Terapia?\u201d, seguida de cria\u00e7\u00e3o art\u00edstica, que acontecer\u00e3o na sala 202 do Pr\u00e9dio 7.\u00a0A partir das 19h10, diversas atividades aconteceram concomitantemente em diferentes espa\u00e7os da Institui\u00e7\u00e3o. A programa\u00e7\u00e3o encerrou com as atividades \u201cDrag na Universidade\u201d, no Labrinque; Espa\u00e7o do Artista e roda de capoeira com o Mestre Karkar\u00e1.<\/p>\n\n\n\n<p><\/p>\n","protected":false},"excerpt":{"rendered":"<p>O 4\u00ba Arte na Universidade e 10 anos do Centro Cultural Univates se encerrou na quarta-feira (24\/4) com uma vasta programa\u00e7\u00e3o, que incluiu diversas oficinas, saraus liter\u00e1rios e batalha de rimas. O prop\u00f3sito da atividade \u00e9 possibilitar experi\u00eancias est\u00e9ticas aos participantes por meio de um conjunto de propostas art\u00edsticas que, neste ano, se alia \u00e0 [&hellip;]<\/p>\n","protected":false},"author":8,"featured_media":156381,"comment_status":"open","ping_status":"open","sticky":false,"template":"","format":"standard","meta":{"pmpro_default_level":"","_jetpack_memberships_contains_paid_content":false,"footnotes":""},"categories":[2,6],"tags":[2486,3849,83],"class_list":{"0":"post-156380","1":"post","2":"type-post","3":"status-publish","4":"format-standard","5":"has-post-thumbnail","7":"category-featured","8":"category-inclusive","9":"tag-arte-na-universidade","10":"tag-centro-cultural-univates","11":"tag-univates","12":"pmpro-has-access"},"yoast_head":"<!-- This site is optimized with the Yoast SEO plugin v27.5 - https:\/\/yoast.com\/product\/yoast-seo-wordpress\/ -->\n<title>4\u00ba Arte na Universidade encerra com programa\u00e7\u00e3o cultural - Folha Popular<\/title>\n<meta name=\"robots\" content=\"index, follow, max-snippet:-1, max-image-preview:large, max-video-preview:-1\" \/>\n<link rel=\"canonical\" href=\"https:\/\/folhapopular.info\/index.php\/2024\/04\/25\/4o-arte-na-universidade-encerra-com-programacao-cultural\/\" \/>\n<meta property=\"og:locale\" content=\"pt_BR\" \/>\n<meta property=\"og:type\" content=\"article\" \/>\n<meta property=\"og:title\" content=\"4\u00ba Arte na Universidade encerra com programa\u00e7\u00e3o cultural - Folha Popular\" \/>\n<meta property=\"og:description\" content=\"O 4\u00ba Arte na Universidade e 10 anos do Centro Cultural Univates se encerrou na quarta-feira (24\/4) com uma vasta programa\u00e7\u00e3o, que incluiu diversas oficinas, saraus liter\u00e1rios e batalha de rimas. O prop\u00f3sito da atividade \u00e9 possibilitar experi\u00eancias est\u00e9ticas aos participantes por meio de um conjunto de propostas art\u00edsticas que, neste ano, se alia \u00e0 [&hellip;]\" \/>\n<meta property=\"og:url\" content=\"https:\/\/folhapopular.info\/index.php\/2024\/04\/25\/4o-arte-na-universidade-encerra-com-programacao-cultural\/\" \/>\n<meta property=\"og:site_name\" content=\"Folha Popular\" \/>\n<meta property=\"article:published_time\" content=\"2024-04-25T13:00:00+00:00\" \/>\n<meta property=\"og:image\" content=\"https:\/\/folhapopular.info\/wp-content\/uploads\/2024\/04\/4-Apresentacao-da-Banda-4Vilao-Creditos-Karen-Capoani-1-scaled.jpg\" \/>\n\t<meta property=\"og:image:width\" content=\"2560\" \/>\n\t<meta property=\"og:image:height\" content=\"1706\" \/>\n\t<meta property=\"og:image:type\" content=\"image\/jpeg\" \/>\n<meta name=\"author\" content=\"Reda\u00e7\u00e3o Folha Popular\" \/>\n<meta name=\"twitter:card\" content=\"summary_large_image\" \/>\n<meta name=\"twitter:label1\" content=\"Escrito por\" \/>\n\t<meta name=\"twitter:data1\" content=\"Reda\u00e7\u00e3o Folha Popular\" \/>\n\t<meta name=\"twitter:label2\" content=\"Est. tempo de leitura\" \/>\n\t<meta name=\"twitter:data2\" content=\"2 minutos\" \/>\n<script type=\"application\/ld+json\" class=\"yoast-schema-graph\">{\"@context\":\"https:\\\/\\\/schema.org\",\"@graph\":[{\"@type\":\"Article\",\"@id\":\"https:\\\/\\\/folhapopular.info\\\/index.php\\\/2024\\\/04\\\/25\\\/4o-arte-na-universidade-encerra-com-programacao-cultural\\\/#article\",\"isPartOf\":{\"@id\":\"https:\\\/\\\/folhapopular.info\\\/index.php\\\/2024\\\/04\\\/25\\\/4o-arte-na-universidade-encerra-com-programacao-cultural\\\/\"},\"author\":{\"name\":\"Reda\u00e7\u00e3o Folha Popular\",\"@id\":\"https:\\\/\\\/folhapopular.info\\\/#\\\/schema\\\/person\\\/2814e8a0df7643585a9ca38bc6eb9d4b\"},\"headline\":\"4\u00ba Arte na Universidade encerra com programa\u00e7\u00e3o cultural\",\"datePublished\":\"2024-04-25T13:00:00+00:00\",\"mainEntityOfPage\":{\"@id\":\"https:\\\/\\\/folhapopular.info\\\/index.php\\\/2024\\\/04\\\/25\\\/4o-arte-na-universidade-encerra-com-programacao-cultural\\\/\"},\"wordCount\":309,\"commentCount\":0,\"image\":{\"@id\":\"https:\\\/\\\/folhapopular.info\\\/index.php\\\/2024\\\/04\\\/25\\\/4o-arte-na-universidade-encerra-com-programacao-cultural\\\/#primaryimage\"},\"thumbnailUrl\":\"https:\\\/\\\/folhapopular.info\\\/wp-content\\\/uploads\\\/2024\\\/04\\\/4-Apresentacao-da-Banda-4Vilao-Creditos-Karen-Capoani-1-scaled.jpg\",\"keywords\":[\"Arte na Universidade\",\"Centro Cultural Univates\",\"Univates\"],\"articleSection\":[\"Destaques\",\"Inclusive\"],\"inLanguage\":\"pt-BR\",\"potentialAction\":[{\"@type\":\"CommentAction\",\"name\":\"Comment\",\"target\":[\"https:\\\/\\\/folhapopular.info\\\/index.php\\\/2024\\\/04\\\/25\\\/4o-arte-na-universidade-encerra-com-programacao-cultural\\\/#respond\"]}]},{\"@type\":\"WebPage\",\"@id\":\"https:\\\/\\\/folhapopular.info\\\/index.php\\\/2024\\\/04\\\/25\\\/4o-arte-na-universidade-encerra-com-programacao-cultural\\\/\",\"url\":\"https:\\\/\\\/folhapopular.info\\\/index.php\\\/2024\\\/04\\\/25\\\/4o-arte-na-universidade-encerra-com-programacao-cultural\\\/\",\"name\":\"4\u00ba Arte na Universidade encerra com programa\u00e7\u00e3o cultural - Folha Popular\",\"isPartOf\":{\"@id\":\"https:\\\/\\\/folhapopular.info\\\/#website\"},\"primaryImageOfPage\":{\"@id\":\"https:\\\/\\\/folhapopular.info\\\/index.php\\\/2024\\\/04\\\/25\\\/4o-arte-na-universidade-encerra-com-programacao-cultural\\\/#primaryimage\"},\"image\":{\"@id\":\"https:\\\/\\\/folhapopular.info\\\/index.php\\\/2024\\\/04\\\/25\\\/4o-arte-na-universidade-encerra-com-programacao-cultural\\\/#primaryimage\"},\"thumbnailUrl\":\"https:\\\/\\\/folhapopular.info\\\/wp-content\\\/uploads\\\/2024\\\/04\\\/4-Apresentacao-da-Banda-4Vilao-Creditos-Karen-Capoani-1-scaled.jpg\",\"datePublished\":\"2024-04-25T13:00:00+00:00\",\"author\":{\"@id\":\"https:\\\/\\\/folhapopular.info\\\/#\\\/schema\\\/person\\\/2814e8a0df7643585a9ca38bc6eb9d4b\"},\"breadcrumb\":{\"@id\":\"https:\\\/\\\/folhapopular.info\\\/index.php\\\/2024\\\/04\\\/25\\\/4o-arte-na-universidade-encerra-com-programacao-cultural\\\/#breadcrumb\"},\"inLanguage\":\"pt-BR\",\"potentialAction\":[{\"@type\":\"ReadAction\",\"target\":[\"https:\\\/\\\/folhapopular.info\\\/index.php\\\/2024\\\/04\\\/25\\\/4o-arte-na-universidade-encerra-com-programacao-cultural\\\/\"]}]},{\"@type\":\"ImageObject\",\"inLanguage\":\"pt-BR\",\"@id\":\"https:\\\/\\\/folhapopular.info\\\/index.php\\\/2024\\\/04\\\/25\\\/4o-arte-na-universidade-encerra-com-programacao-cultural\\\/#primaryimage\",\"url\":\"https:\\\/\\\/folhapopular.info\\\/wp-content\\\/uploads\\\/2024\\\/04\\\/4-Apresentacao-da-Banda-4Vilao-Creditos-Karen-Capoani-1-scaled.jpg\",\"contentUrl\":\"https:\\\/\\\/folhapopular.info\\\/wp-content\\\/uploads\\\/2024\\\/04\\\/4-Apresentacao-da-Banda-4Vilao-Creditos-Karen-Capoani-1-scaled.jpg\",\"width\":2560,\"height\":1706,\"caption\":\"Cr\u00e9dito: Divulga\u00e7\u00e3o \\\/ Univates\"},{\"@type\":\"BreadcrumbList\",\"@id\":\"https:\\\/\\\/folhapopular.info\\\/index.php\\\/2024\\\/04\\\/25\\\/4o-arte-na-universidade-encerra-com-programacao-cultural\\\/#breadcrumb\",\"itemListElement\":[{\"@type\":\"ListItem\",\"position\":1,\"name\":\"In\u00edcio\",\"item\":\"https:\\\/\\\/folhapopular.info\\\/\"},{\"@type\":\"ListItem\",\"position\":2,\"name\":\"4\u00ba Arte na Universidade encerra com programa\u00e7\u00e3o cultural\"}]},{\"@type\":\"WebSite\",\"@id\":\"https:\\\/\\\/folhapopular.info\\\/#website\",\"url\":\"https:\\\/\\\/folhapopular.info\\\/\",\"name\":\"Folha Popular\",\"description\":\"Onde voc\u00ea tem vez e voz\",\"potentialAction\":[{\"@type\":\"SearchAction\",\"target\":{\"@type\":\"EntryPoint\",\"urlTemplate\":\"https:\\\/\\\/folhapopular.info\\\/?s={search_term_string}\"},\"query-input\":{\"@type\":\"PropertyValueSpecification\",\"valueRequired\":true,\"valueName\":\"search_term_string\"}}],\"inLanguage\":\"pt-BR\"},{\"@type\":\"Person\",\"@id\":\"https:\\\/\\\/folhapopular.info\\\/#\\\/schema\\\/person\\\/2814e8a0df7643585a9ca38bc6eb9d4b\",\"name\":\"Reda\u00e7\u00e3o Folha Popular\",\"image\":{\"@type\":\"ImageObject\",\"inLanguage\":\"pt-BR\",\"@id\":\"https:\\\/\\\/folhapopular.info\\\/wp-content\\\/uploads\\\/2026\\\/04\\\/Folha-1.webp\",\"url\":\"https:\\\/\\\/folhapopular.info\\\/wp-content\\\/uploads\\\/2026\\\/04\\\/Folha-1.webp\",\"contentUrl\":\"https:\\\/\\\/folhapopular.info\\\/wp-content\\\/uploads\\\/2026\\\/04\\\/Folha-1.webp\",\"caption\":\"Reda\u00e7\u00e3o Folha Popular\"},\"url\":\"https:\\\/\\\/folhapopular.info\\\/index.php\\\/author\\\/redacao\\\/\"}]}<\/script>\n<!-- \/ Yoast SEO plugin. -->","yoast_head_json":{"title":"4\u00ba Arte na Universidade encerra com programa\u00e7\u00e3o cultural - Folha Popular","robots":{"index":"index","follow":"follow","max-snippet":"max-snippet:-1","max-image-preview":"max-image-preview:large","max-video-preview":"max-video-preview:-1"},"canonical":"https:\/\/folhapopular.info\/index.php\/2024\/04\/25\/4o-arte-na-universidade-encerra-com-programacao-cultural\/","og_locale":"pt_BR","og_type":"article","og_title":"4\u00ba Arte na Universidade encerra com programa\u00e7\u00e3o cultural - Folha Popular","og_description":"O 4\u00ba Arte na Universidade e 10 anos do Centro Cultural Univates se encerrou na quarta-feira (24\/4) com uma vasta programa\u00e7\u00e3o, que incluiu diversas oficinas, saraus liter\u00e1rios e batalha de rimas. O prop\u00f3sito da atividade \u00e9 possibilitar experi\u00eancias est\u00e9ticas aos participantes por meio de um conjunto de propostas art\u00edsticas que, neste ano, se alia \u00e0 [&hellip;]","og_url":"https:\/\/folhapopular.info\/index.php\/2024\/04\/25\/4o-arte-na-universidade-encerra-com-programacao-cultural\/","og_site_name":"Folha Popular","article_published_time":"2024-04-25T13:00:00+00:00","og_image":[{"width":2560,"height":1706,"url":"https:\/\/folhapopular.info\/wp-content\/uploads\/2024\/04\/4-Apresentacao-da-Banda-4Vilao-Creditos-Karen-Capoani-1-scaled.jpg","type":"image\/jpeg"}],"author":"Reda\u00e7\u00e3o Folha Popular","twitter_card":"summary_large_image","twitter_misc":{"Escrito por":"Reda\u00e7\u00e3o Folha Popular","Est. tempo de leitura":"2 minutos"},"schema":{"@context":"https:\/\/schema.org","@graph":[{"@type":"Article","@id":"https:\/\/folhapopular.info\/index.php\/2024\/04\/25\/4o-arte-na-universidade-encerra-com-programacao-cultural\/#article","isPartOf":{"@id":"https:\/\/folhapopular.info\/index.php\/2024\/04\/25\/4o-arte-na-universidade-encerra-com-programacao-cultural\/"},"author":{"name":"Reda\u00e7\u00e3o Folha Popular","@id":"https:\/\/folhapopular.info\/#\/schema\/person\/2814e8a0df7643585a9ca38bc6eb9d4b"},"headline":"4\u00ba Arte na Universidade encerra com programa\u00e7\u00e3o cultural","datePublished":"2024-04-25T13:00:00+00:00","mainEntityOfPage":{"@id":"https:\/\/folhapopular.info\/index.php\/2024\/04\/25\/4o-arte-na-universidade-encerra-com-programacao-cultural\/"},"wordCount":309,"commentCount":0,"image":{"@id":"https:\/\/folhapopular.info\/index.php\/2024\/04\/25\/4o-arte-na-universidade-encerra-com-programacao-cultural\/#primaryimage"},"thumbnailUrl":"https:\/\/folhapopular.info\/wp-content\/uploads\/2024\/04\/4-Apresentacao-da-Banda-4Vilao-Creditos-Karen-Capoani-1-scaled.jpg","keywords":["Arte na Universidade","Centro Cultural Univates","Univates"],"articleSection":["Destaques","Inclusive"],"inLanguage":"pt-BR","potentialAction":[{"@type":"CommentAction","name":"Comment","target":["https:\/\/folhapopular.info\/index.php\/2024\/04\/25\/4o-arte-na-universidade-encerra-com-programacao-cultural\/#respond"]}]},{"@type":"WebPage","@id":"https:\/\/folhapopular.info\/index.php\/2024\/04\/25\/4o-arte-na-universidade-encerra-com-programacao-cultural\/","url":"https:\/\/folhapopular.info\/index.php\/2024\/04\/25\/4o-arte-na-universidade-encerra-com-programacao-cultural\/","name":"4\u00ba Arte na Universidade encerra com programa\u00e7\u00e3o cultural - Folha Popular","isPartOf":{"@id":"https:\/\/folhapopular.info\/#website"},"primaryImageOfPage":{"@id":"https:\/\/folhapopular.info\/index.php\/2024\/04\/25\/4o-arte-na-universidade-encerra-com-programacao-cultural\/#primaryimage"},"image":{"@id":"https:\/\/folhapopular.info\/index.php\/2024\/04\/25\/4o-arte-na-universidade-encerra-com-programacao-cultural\/#primaryimage"},"thumbnailUrl":"https:\/\/folhapopular.info\/wp-content\/uploads\/2024\/04\/4-Apresentacao-da-Banda-4Vilao-Creditos-Karen-Capoani-1-scaled.jpg","datePublished":"2024-04-25T13:00:00+00:00","author":{"@id":"https:\/\/folhapopular.info\/#\/schema\/person\/2814e8a0df7643585a9ca38bc6eb9d4b"},"breadcrumb":{"@id":"https:\/\/folhapopular.info\/index.php\/2024\/04\/25\/4o-arte-na-universidade-encerra-com-programacao-cultural\/#breadcrumb"},"inLanguage":"pt-BR","potentialAction":[{"@type":"ReadAction","target":["https:\/\/folhapopular.info\/index.php\/2024\/04\/25\/4o-arte-na-universidade-encerra-com-programacao-cultural\/"]}]},{"@type":"ImageObject","inLanguage":"pt-BR","@id":"https:\/\/folhapopular.info\/index.php\/2024\/04\/25\/4o-arte-na-universidade-encerra-com-programacao-cultural\/#primaryimage","url":"https:\/\/folhapopular.info\/wp-content\/uploads\/2024\/04\/4-Apresentacao-da-Banda-4Vilao-Creditos-Karen-Capoani-1-scaled.jpg","contentUrl":"https:\/\/folhapopular.info\/wp-content\/uploads\/2024\/04\/4-Apresentacao-da-Banda-4Vilao-Creditos-Karen-Capoani-1-scaled.jpg","width":2560,"height":1706,"caption":"Cr\u00e9dito: Divulga\u00e7\u00e3o \/ Univates"},{"@type":"BreadcrumbList","@id":"https:\/\/folhapopular.info\/index.php\/2024\/04\/25\/4o-arte-na-universidade-encerra-com-programacao-cultural\/#breadcrumb","itemListElement":[{"@type":"ListItem","position":1,"name":"In\u00edcio","item":"https:\/\/folhapopular.info\/"},{"@type":"ListItem","position":2,"name":"4\u00ba Arte na Universidade encerra com programa\u00e7\u00e3o cultural"}]},{"@type":"WebSite","@id":"https:\/\/folhapopular.info\/#website","url":"https:\/\/folhapopular.info\/","name":"Folha Popular","description":"Onde voc\u00ea tem vez e voz","potentialAction":[{"@type":"SearchAction","target":{"@type":"EntryPoint","urlTemplate":"https:\/\/folhapopular.info\/?s={search_term_string}"},"query-input":{"@type":"PropertyValueSpecification","valueRequired":true,"valueName":"search_term_string"}}],"inLanguage":"pt-BR"},{"@type":"Person","@id":"https:\/\/folhapopular.info\/#\/schema\/person\/2814e8a0df7643585a9ca38bc6eb9d4b","name":"Reda\u00e7\u00e3o Folha Popular","image":{"@type":"ImageObject","inLanguage":"pt-BR","@id":"https:\/\/folhapopular.info\/wp-content\/uploads\/2026\/04\/Folha-1.webp","url":"https:\/\/folhapopular.info\/wp-content\/uploads\/2026\/04\/Folha-1.webp","contentUrl":"https:\/\/folhapopular.info\/wp-content\/uploads\/2026\/04\/Folha-1.webp","caption":"Reda\u00e7\u00e3o Folha Popular"},"url":"https:\/\/folhapopular.info\/index.php\/author\/redacao\/"}]}},"jetpack_featured_media_url":"https:\/\/folhapopular.info\/wp-content\/uploads\/2024\/04\/4-Apresentacao-da-Banda-4Vilao-Creditos-Karen-Capoani-1-scaled.jpg","jetpack_sharing_enabled":true,"amp_enabled":true,"_links":{"self":[{"href":"https:\/\/folhapopular.info\/index.php\/wp-json\/wp\/v2\/posts\/156380","targetHints":{"allow":["GET"]}}],"collection":[{"href":"https:\/\/folhapopular.info\/index.php\/wp-json\/wp\/v2\/posts"}],"about":[{"href":"https:\/\/folhapopular.info\/index.php\/wp-json\/wp\/v2\/types\/post"}],"author":[{"embeddable":true,"href":"https:\/\/folhapopular.info\/index.php\/wp-json\/wp\/v2\/users\/8"}],"replies":[{"embeddable":true,"href":"https:\/\/folhapopular.info\/index.php\/wp-json\/wp\/v2\/comments?post=156380"}],"version-history":[{"count":0,"href":"https:\/\/folhapopular.info\/index.php\/wp-json\/wp\/v2\/posts\/156380\/revisions"}],"wp:featuredmedia":[{"embeddable":true,"href":"https:\/\/folhapopular.info\/index.php\/wp-json\/wp\/v2\/media\/156381"}],"wp:attachment":[{"href":"https:\/\/folhapopular.info\/index.php\/wp-json\/wp\/v2\/media?parent=156380"}],"wp:term":[{"taxonomy":"category","embeddable":true,"href":"https:\/\/folhapopular.info\/index.php\/wp-json\/wp\/v2\/categories?post=156380"},{"taxonomy":"post_tag","embeddable":true,"href":"https:\/\/folhapopular.info\/index.php\/wp-json\/wp\/v2\/tags?post=156380"}],"curies":[{"name":"wp","href":"https:\/\/api.w.org\/{rel}","templated":true}]}}