{"id":156702,"date":"2024-04-29T11:00:00","date_gmt":"2024-04-29T14:00:00","guid":{"rendered":"https:\/\/folhapopular.info\/?p=156702"},"modified":"2024-04-29T11:04:23","modified_gmt":"2024-04-29T14:04:23","slug":"brasil-registra-seis-milhoes-de-acidentes-de-trabalho-de-2012-a-2022","status":"publish","type":"post","link":"https:\/\/folhapopular.info\/index.php\/2024\/04\/29\/brasil-registra-seis-milhoes-de-acidentes-de-trabalho-de-2012-a-2022\/","title":{"rendered":"Brasil registra seis milh\u00f5es de acidentes de trabalho de 2012 a 2022"},"content":{"rendered":"\n<p>O Dia Nacional em Mem\u00f3ria \u00e0s V\u00edtimas de Acidentes e Doen\u00e7as do Trabalho foi lembrado neste domingo (28\/4). Por este motivo, o m\u00eas de abril \u00e9 lembrado como Abril Verde. Segundo o INSS, de 2012 a 2022 foram comunicados mais de 6 milh\u00f5es de acidentes de trabalho, resultando em mais de 2 milh\u00f5es de afastamentos e 25 mil mortes. No mesmo per\u00edodo, os gastos com aux\u00edlios-doen\u00e7a, aposentadorias por invalidez, pens\u00f5es por morte e aux\u00edlios acidente de trabalho chegaram a R$136 bilh\u00f5es.<\/p>\n\n\n\n<p>A partir disso, o Minist\u00e9rio P\u00fablico do Trabalho (MPT), lan\u00e7ou uma campanha com o lema &#8220;Adoecimento tamb\u00e9m \u00e9 acidente do trabalho \u2013 conhecer para prevenir&#8221;. O MPT explica que a iniciativa pretende explicar \u00e0 sociedade a import\u00e2ncia de comunicar o acidente do trabalho \u00e0 Previd\u00eancia Social.Em termos previdenci\u00e1rios, trabalhistas e fiscais, tanto as doen\u00e7as relacionadas ao trabalho quanto os acidentes t\u00edpicos, traum\u00e1ticos,s\u00e3o considerados acidentes do trabalho. <\/p>\n\n\n\n<p>\u00c9 destacado ainda as doen\u00e7as de trabalho mais comuns s\u00e3o as les\u00f5es \u00f3sseas musculares e les\u00e3o por esfor\u00e7o repetitivo, como tendinites e bursites. Al\u00e9m disso, transtornos mentais relacionados ao trabalho como depress\u00e3o e ansiedade, estresse p\u00f3s-traum\u00e1tico e jornadas di\u00e1rias exaustivas, podem levar o colaborador a uma situa\u00e7\u00e3o de doen\u00e7a.<\/p>\n","protected":false},"excerpt":{"rendered":"<p>O Dia Nacional em Mem\u00f3ria \u00e0s V\u00edtimas de Acidentes e Doen\u00e7as do Trabalho foi lembrado neste domingo (28\/4). Por este motivo, o m\u00eas de abril \u00e9 lembrado como Abril Verde. Segundo o INSS, de 2012 a 2022 foram comunicados mais de 6 milh\u00f5es de acidentes de trabalho, resultando em mais de 2 milh\u00f5es de afastamentos [&hellip;]<\/p>\n","protected":false},"author":8,"featured_media":156704,"comment_status":"open","ping_status":"open","sticky":false,"template":"","format":"standard","meta":{"pmpro_default_level":"","_jetpack_memberships_contains_paid_content":false,"footnotes":""},"categories":[2,7],"tags":[14958,3395,180],"class_list":{"0":"post-156702","1":"post","2":"type-post","3":"status-publish","4":"format-standard","5":"has-post-thumbnail","7":"category-featured","8":"category-seguranca","9":"tag-abril-verde","10":"tag-mpt","11":"tag-seguranca","12":"pmpro-has-access"},"yoast_head":"<!-- This site is optimized with the Yoast SEO plugin v27.5 - https:\/\/yoast.com\/product\/yoast-seo-wordpress\/ -->\n<title>Brasil registra seis milh\u00f5es de acidentes de trabalho de 2012 a 2022 - Folha Popular<\/title>\n<meta name=\"robots\" content=\"index, follow, max-snippet:-1, max-image-preview:large, max-video-preview:-1\" \/>\n<link rel=\"canonical\" href=\"https:\/\/folhapopular.info\/index.php\/2024\/04\/29\/brasil-registra-seis-milhoes-de-acidentes-de-trabalho-de-2012-a-2022\/\" \/>\n<meta property=\"og:locale\" content=\"pt_BR\" \/>\n<meta property=\"og:type\" content=\"article\" \/>\n<meta property=\"og:title\" content=\"Brasil registra seis milh\u00f5es de acidentes de trabalho de 2012 a 2022 - Folha Popular\" \/>\n<meta property=\"og:description\" content=\"O Dia Nacional em Mem\u00f3ria \u00e0s V\u00edtimas de Acidentes e Doen\u00e7as do Trabalho foi lembrado neste domingo (28\/4). Por este motivo, o m\u00eas de abril \u00e9 lembrado como Abril Verde. Segundo o INSS, de 2012 a 2022 foram comunicados mais de 6 milh\u00f5es de acidentes de trabalho, resultando em mais de 2 milh\u00f5es de afastamentos [&hellip;]\" \/>\n<meta property=\"og:url\" content=\"https:\/\/folhapopular.info\/index.php\/2024\/04\/29\/brasil-registra-seis-milhoes-de-acidentes-de-trabalho-de-2012-a-2022\/\" \/>\n<meta property=\"og:site_name\" content=\"Folha Popular\" \/>\n<meta property=\"article:published_time\" content=\"2024-04-29T14:00:00+00:00\" \/>\n<meta property=\"article:modified_time\" content=\"2024-04-29T14:04:23+00:00\" \/>\n<meta property=\"og:image\" content=\"http:\/\/folhapopular.info\/wp-content\/uploads\/2024\/04\/seguranca-e1714396517945.jpg\" \/>\n\t<meta property=\"og:image:width\" content=\"1024\" \/>\n\t<meta property=\"og:image:height\" content=\"530\" \/>\n\t<meta property=\"og:image:type\" content=\"image\/jpeg\" \/>\n<meta name=\"author\" content=\"Reda\u00e7\u00e3o Folha Popular\" \/>\n<meta name=\"twitter:card\" content=\"summary_large_image\" \/>\n<meta name=\"twitter:label1\" content=\"Escrito por\" \/>\n\t<meta name=\"twitter:data1\" content=\"Reda\u00e7\u00e3o Folha Popular\" \/>\n\t<meta name=\"twitter:label2\" content=\"Est. tempo de leitura\" \/>\n\t<meta name=\"twitter:data2\" content=\"2 minutos\" \/>\n<script type=\"application\/ld+json\" class=\"yoast-schema-graph\">{\"@context\":\"https:\\\/\\\/schema.org\",\"@graph\":[{\"@type\":\"Article\",\"@id\":\"https:\\\/\\\/folhapopular.info\\\/index.php\\\/2024\\\/04\\\/29\\\/brasil-registra-seis-milhoes-de-acidentes-de-trabalho-de-2012-a-2022\\\/#article\",\"isPartOf\":{\"@id\":\"https:\\\/\\\/folhapopular.info\\\/index.php\\\/2024\\\/04\\\/29\\\/brasil-registra-seis-milhoes-de-acidentes-de-trabalho-de-2012-a-2022\\\/\"},\"author\":{\"name\":\"Reda\u00e7\u00e3o Folha Popular\",\"@id\":\"https:\\\/\\\/folhapopular.info\\\/#\\\/schema\\\/person\\\/2814e8a0df7643585a9ca38bc6eb9d4b\"},\"headline\":\"Brasil registra seis milh\u00f5es de acidentes de trabalho de 2012 a 2022\",\"datePublished\":\"2024-04-29T14:00:00+00:00\",\"dateModified\":\"2024-04-29T14:04:23+00:00\",\"mainEntityOfPage\":{\"@id\":\"https:\\\/\\\/folhapopular.info\\\/index.php\\\/2024\\\/04\\\/29\\\/brasil-registra-seis-milhoes-de-acidentes-de-trabalho-de-2012-a-2022\\\/\"},\"wordCount\":232,\"commentCount\":0,\"image\":{\"@id\":\"https:\\\/\\\/folhapopular.info\\\/index.php\\\/2024\\\/04\\\/29\\\/brasil-registra-seis-milhoes-de-acidentes-de-trabalho-de-2012-a-2022\\\/#primaryimage\"},\"thumbnailUrl\":\"https:\\\/\\\/folhapopular.info\\\/wp-content\\\/uploads\\\/2024\\\/04\\\/seguranca-e1714396517945.jpg\",\"keywords\":[\"Abril verde\",\"MPT\",\"Seguran\u00e7a\"],\"articleSection\":[\"Destaques\",\"Seguran\u00e7a\"],\"inLanguage\":\"pt-BR\",\"potentialAction\":[{\"@type\":\"CommentAction\",\"name\":\"Comment\",\"target\":[\"https:\\\/\\\/folhapopular.info\\\/index.php\\\/2024\\\/04\\\/29\\\/brasil-registra-seis-milhoes-de-acidentes-de-trabalho-de-2012-a-2022\\\/#respond\"]}]},{\"@type\":\"WebPage\",\"@id\":\"https:\\\/\\\/folhapopular.info\\\/index.php\\\/2024\\\/04\\\/29\\\/brasil-registra-seis-milhoes-de-acidentes-de-trabalho-de-2012-a-2022\\\/\",\"url\":\"https:\\\/\\\/folhapopular.info\\\/index.php\\\/2024\\\/04\\\/29\\\/brasil-registra-seis-milhoes-de-acidentes-de-trabalho-de-2012-a-2022\\\/\",\"name\":\"Brasil registra seis milh\u00f5es de acidentes de trabalho de 2012 a 2022 - Folha Popular\",\"isPartOf\":{\"@id\":\"https:\\\/\\\/folhapopular.info\\\/#website\"},\"primaryImageOfPage\":{\"@id\":\"https:\\\/\\\/folhapopular.info\\\/index.php\\\/2024\\\/04\\\/29\\\/brasil-registra-seis-milhoes-de-acidentes-de-trabalho-de-2012-a-2022\\\/#primaryimage\"},\"image\":{\"@id\":\"https:\\\/\\\/folhapopular.info\\\/index.php\\\/2024\\\/04\\\/29\\\/brasil-registra-seis-milhoes-de-acidentes-de-trabalho-de-2012-a-2022\\\/#primaryimage\"},\"thumbnailUrl\":\"https:\\\/\\\/folhapopular.info\\\/wp-content\\\/uploads\\\/2024\\\/04\\\/seguranca-e1714396517945.jpg\",\"datePublished\":\"2024-04-29T14:00:00+00:00\",\"dateModified\":\"2024-04-29T14:04:23+00:00\",\"author\":{\"@id\":\"https:\\\/\\\/folhapopular.info\\\/#\\\/schema\\\/person\\\/2814e8a0df7643585a9ca38bc6eb9d4b\"},\"breadcrumb\":{\"@id\":\"https:\\\/\\\/folhapopular.info\\\/index.php\\\/2024\\\/04\\\/29\\\/brasil-registra-seis-milhoes-de-acidentes-de-trabalho-de-2012-a-2022\\\/#breadcrumb\"},\"inLanguage\":\"pt-BR\",\"potentialAction\":[{\"@type\":\"ReadAction\",\"target\":[\"https:\\\/\\\/folhapopular.info\\\/index.php\\\/2024\\\/04\\\/29\\\/brasil-registra-seis-milhoes-de-acidentes-de-trabalho-de-2012-a-2022\\\/\"]}]},{\"@type\":\"ImageObject\",\"inLanguage\":\"pt-BR\",\"@id\":\"https:\\\/\\\/folhapopular.info\\\/index.php\\\/2024\\\/04\\\/29\\\/brasil-registra-seis-milhoes-de-acidentes-de-trabalho-de-2012-a-2022\\\/#primaryimage\",\"url\":\"https:\\\/\\\/folhapopular.info\\\/wp-content\\\/uploads\\\/2024\\\/04\\\/seguranca-e1714396517945.jpg\",\"contentUrl\":\"https:\\\/\\\/folhapopular.info\\\/wp-content\\\/uploads\\\/2024\\\/04\\\/seguranca-e1714396517945.jpg\",\"width\":1024,\"height\":530,\"caption\":\"Cr\u00e9dito: Pexels\"},{\"@type\":\"BreadcrumbList\",\"@id\":\"https:\\\/\\\/folhapopular.info\\\/index.php\\\/2024\\\/04\\\/29\\\/brasil-registra-seis-milhoes-de-acidentes-de-trabalho-de-2012-a-2022\\\/#breadcrumb\",\"itemListElement\":[{\"@type\":\"ListItem\",\"position\":1,\"name\":\"In\u00edcio\",\"item\":\"https:\\\/\\\/folhapopular.info\\\/\"},{\"@type\":\"ListItem\",\"position\":2,\"name\":\"Brasil registra seis milh\u00f5es de acidentes de trabalho de 2012 a 2022\"}]},{\"@type\":\"WebSite\",\"@id\":\"https:\\\/\\\/folhapopular.info\\\/#website\",\"url\":\"https:\\\/\\\/folhapopular.info\\\/\",\"name\":\"Folha Popular\",\"description\":\"Onde voc\u00ea tem vez e voz\",\"potentialAction\":[{\"@type\":\"SearchAction\",\"target\":{\"@type\":\"EntryPoint\",\"urlTemplate\":\"https:\\\/\\\/folhapopular.info\\\/?s={search_term_string}\"},\"query-input\":{\"@type\":\"PropertyValueSpecification\",\"valueRequired\":true,\"valueName\":\"search_term_string\"}}],\"inLanguage\":\"pt-BR\"},{\"@type\":\"Person\",\"@id\":\"https:\\\/\\\/folhapopular.info\\\/#\\\/schema\\\/person\\\/2814e8a0df7643585a9ca38bc6eb9d4b\",\"name\":\"Reda\u00e7\u00e3o Folha Popular\",\"image\":{\"@type\":\"ImageObject\",\"inLanguage\":\"pt-BR\",\"@id\":\"https:\\\/\\\/folhapopular.info\\\/wp-content\\\/uploads\\\/2026\\\/04\\\/Folha-1.webp\",\"url\":\"https:\\\/\\\/folhapopular.info\\\/wp-content\\\/uploads\\\/2026\\\/04\\\/Folha-1.webp\",\"contentUrl\":\"https:\\\/\\\/folhapopular.info\\\/wp-content\\\/uploads\\\/2026\\\/04\\\/Folha-1.webp\",\"caption\":\"Reda\u00e7\u00e3o Folha Popular\"},\"url\":\"https:\\\/\\\/folhapopular.info\\\/index.php\\\/author\\\/redacao\\\/\"}]}<\/script>\n<!-- \/ Yoast SEO plugin. -->","yoast_head_json":{"title":"Brasil registra seis milh\u00f5es de acidentes de trabalho de 2012 a 2022 - Folha Popular","robots":{"index":"index","follow":"follow","max-snippet":"max-snippet:-1","max-image-preview":"max-image-preview:large","max-video-preview":"max-video-preview:-1"},"canonical":"https:\/\/folhapopular.info\/index.php\/2024\/04\/29\/brasil-registra-seis-milhoes-de-acidentes-de-trabalho-de-2012-a-2022\/","og_locale":"pt_BR","og_type":"article","og_title":"Brasil registra seis milh\u00f5es de acidentes de trabalho de 2012 a 2022 - Folha Popular","og_description":"O Dia Nacional em Mem\u00f3ria \u00e0s V\u00edtimas de Acidentes e Doen\u00e7as do Trabalho foi lembrado neste domingo (28\/4). Por este motivo, o m\u00eas de abril \u00e9 lembrado como Abril Verde. Segundo o INSS, de 2012 a 2022 foram comunicados mais de 6 milh\u00f5es de acidentes de trabalho, resultando em mais de 2 milh\u00f5es de afastamentos [&hellip;]","og_url":"https:\/\/folhapopular.info\/index.php\/2024\/04\/29\/brasil-registra-seis-milhoes-de-acidentes-de-trabalho-de-2012-a-2022\/","og_site_name":"Folha Popular","article_published_time":"2024-04-29T14:00:00+00:00","article_modified_time":"2024-04-29T14:04:23+00:00","og_image":[{"width":1024,"height":530,"url":"http:\/\/folhapopular.info\/wp-content\/uploads\/2024\/04\/seguranca-e1714396517945.jpg","type":"image\/jpeg"}],"author":"Reda\u00e7\u00e3o Folha Popular","twitter_card":"summary_large_image","twitter_misc":{"Escrito por":"Reda\u00e7\u00e3o Folha Popular","Est. tempo de leitura":"2 minutos"},"schema":{"@context":"https:\/\/schema.org","@graph":[{"@type":"Article","@id":"https:\/\/folhapopular.info\/index.php\/2024\/04\/29\/brasil-registra-seis-milhoes-de-acidentes-de-trabalho-de-2012-a-2022\/#article","isPartOf":{"@id":"https:\/\/folhapopular.info\/index.php\/2024\/04\/29\/brasil-registra-seis-milhoes-de-acidentes-de-trabalho-de-2012-a-2022\/"},"author":{"name":"Reda\u00e7\u00e3o Folha Popular","@id":"https:\/\/folhapopular.info\/#\/schema\/person\/2814e8a0df7643585a9ca38bc6eb9d4b"},"headline":"Brasil registra seis milh\u00f5es de acidentes de trabalho de 2012 a 2022","datePublished":"2024-04-29T14:00:00+00:00","dateModified":"2024-04-29T14:04:23+00:00","mainEntityOfPage":{"@id":"https:\/\/folhapopular.info\/index.php\/2024\/04\/29\/brasil-registra-seis-milhoes-de-acidentes-de-trabalho-de-2012-a-2022\/"},"wordCount":232,"commentCount":0,"image":{"@id":"https:\/\/folhapopular.info\/index.php\/2024\/04\/29\/brasil-registra-seis-milhoes-de-acidentes-de-trabalho-de-2012-a-2022\/#primaryimage"},"thumbnailUrl":"https:\/\/folhapopular.info\/wp-content\/uploads\/2024\/04\/seguranca-e1714396517945.jpg","keywords":["Abril verde","MPT","Seguran\u00e7a"],"articleSection":["Destaques","Seguran\u00e7a"],"inLanguage":"pt-BR","potentialAction":[{"@type":"CommentAction","name":"Comment","target":["https:\/\/folhapopular.info\/index.php\/2024\/04\/29\/brasil-registra-seis-milhoes-de-acidentes-de-trabalho-de-2012-a-2022\/#respond"]}]},{"@type":"WebPage","@id":"https:\/\/folhapopular.info\/index.php\/2024\/04\/29\/brasil-registra-seis-milhoes-de-acidentes-de-trabalho-de-2012-a-2022\/","url":"https:\/\/folhapopular.info\/index.php\/2024\/04\/29\/brasil-registra-seis-milhoes-de-acidentes-de-trabalho-de-2012-a-2022\/","name":"Brasil registra seis milh\u00f5es de acidentes de trabalho de 2012 a 2022 - Folha Popular","isPartOf":{"@id":"https:\/\/folhapopular.info\/#website"},"primaryImageOfPage":{"@id":"https:\/\/folhapopular.info\/index.php\/2024\/04\/29\/brasil-registra-seis-milhoes-de-acidentes-de-trabalho-de-2012-a-2022\/#primaryimage"},"image":{"@id":"https:\/\/folhapopular.info\/index.php\/2024\/04\/29\/brasil-registra-seis-milhoes-de-acidentes-de-trabalho-de-2012-a-2022\/#primaryimage"},"thumbnailUrl":"https:\/\/folhapopular.info\/wp-content\/uploads\/2024\/04\/seguranca-e1714396517945.jpg","datePublished":"2024-04-29T14:00:00+00:00","dateModified":"2024-04-29T14:04:23+00:00","author":{"@id":"https:\/\/folhapopular.info\/#\/schema\/person\/2814e8a0df7643585a9ca38bc6eb9d4b"},"breadcrumb":{"@id":"https:\/\/folhapopular.info\/index.php\/2024\/04\/29\/brasil-registra-seis-milhoes-de-acidentes-de-trabalho-de-2012-a-2022\/#breadcrumb"},"inLanguage":"pt-BR","potentialAction":[{"@type":"ReadAction","target":["https:\/\/folhapopular.info\/index.php\/2024\/04\/29\/brasil-registra-seis-milhoes-de-acidentes-de-trabalho-de-2012-a-2022\/"]}]},{"@type":"ImageObject","inLanguage":"pt-BR","@id":"https:\/\/folhapopular.info\/index.php\/2024\/04\/29\/brasil-registra-seis-milhoes-de-acidentes-de-trabalho-de-2012-a-2022\/#primaryimage","url":"https:\/\/folhapopular.info\/wp-content\/uploads\/2024\/04\/seguranca-e1714396517945.jpg","contentUrl":"https:\/\/folhapopular.info\/wp-content\/uploads\/2024\/04\/seguranca-e1714396517945.jpg","width":1024,"height":530,"caption":"Cr\u00e9dito: Pexels"},{"@type":"BreadcrumbList","@id":"https:\/\/folhapopular.info\/index.php\/2024\/04\/29\/brasil-registra-seis-milhoes-de-acidentes-de-trabalho-de-2012-a-2022\/#breadcrumb","itemListElement":[{"@type":"ListItem","position":1,"name":"In\u00edcio","item":"https:\/\/folhapopular.info\/"},{"@type":"ListItem","position":2,"name":"Brasil registra seis milh\u00f5es de acidentes de trabalho de 2012 a 2022"}]},{"@type":"WebSite","@id":"https:\/\/folhapopular.info\/#website","url":"https:\/\/folhapopular.info\/","name":"Folha Popular","description":"Onde voc\u00ea tem vez e voz","potentialAction":[{"@type":"SearchAction","target":{"@type":"EntryPoint","urlTemplate":"https:\/\/folhapopular.info\/?s={search_term_string}"},"query-input":{"@type":"PropertyValueSpecification","valueRequired":true,"valueName":"search_term_string"}}],"inLanguage":"pt-BR"},{"@type":"Person","@id":"https:\/\/folhapopular.info\/#\/schema\/person\/2814e8a0df7643585a9ca38bc6eb9d4b","name":"Reda\u00e7\u00e3o Folha Popular","image":{"@type":"ImageObject","inLanguage":"pt-BR","@id":"https:\/\/folhapopular.info\/wp-content\/uploads\/2026\/04\/Folha-1.webp","url":"https:\/\/folhapopular.info\/wp-content\/uploads\/2026\/04\/Folha-1.webp","contentUrl":"https:\/\/folhapopular.info\/wp-content\/uploads\/2026\/04\/Folha-1.webp","caption":"Reda\u00e7\u00e3o Folha Popular"},"url":"https:\/\/folhapopular.info\/index.php\/author\/redacao\/"}]}},"jetpack_featured_media_url":"https:\/\/folhapopular.info\/wp-content\/uploads\/2024\/04\/seguranca-e1714396517945.jpg","jetpack_sharing_enabled":true,"amp_enabled":true,"_links":{"self":[{"href":"https:\/\/folhapopular.info\/index.php\/wp-json\/wp\/v2\/posts\/156702","targetHints":{"allow":["GET"]}}],"collection":[{"href":"https:\/\/folhapopular.info\/index.php\/wp-json\/wp\/v2\/posts"}],"about":[{"href":"https:\/\/folhapopular.info\/index.php\/wp-json\/wp\/v2\/types\/post"}],"author":[{"embeddable":true,"href":"https:\/\/folhapopular.info\/index.php\/wp-json\/wp\/v2\/users\/8"}],"replies":[{"embeddable":true,"href":"https:\/\/folhapopular.info\/index.php\/wp-json\/wp\/v2\/comments?post=156702"}],"version-history":[{"count":0,"href":"https:\/\/folhapopular.info\/index.php\/wp-json\/wp\/v2\/posts\/156702\/revisions"}],"wp:featuredmedia":[{"embeddable":true,"href":"https:\/\/folhapopular.info\/index.php\/wp-json\/wp\/v2\/media\/156704"}],"wp:attachment":[{"href":"https:\/\/folhapopular.info\/index.php\/wp-json\/wp\/v2\/media?parent=156702"}],"wp:term":[{"taxonomy":"category","embeddable":true,"href":"https:\/\/folhapopular.info\/index.php\/wp-json\/wp\/v2\/categories?post=156702"},{"taxonomy":"post_tag","embeddable":true,"href":"https:\/\/folhapopular.info\/index.php\/wp-json\/wp\/v2\/tags?post=156702"}],"curies":[{"name":"wp","href":"https:\/\/api.w.org\/{rel}","templated":true}]}}