{"id":156952,"date":"2024-04-30T17:37:30","date_gmt":"2024-04-30T20:37:30","guid":{"rendered":"https:\/\/folhapopular.info\/?p=156952"},"modified":"2024-04-30T17:37:35","modified_gmt":"2024-04-30T20:37:35","slug":"por-mensagem-defesa-civil-de-lajeado-pede-a-moradores-ate-a-cota-28-que-se-preparem-para-sair-de-casa","status":"publish","type":"post","link":"https:\/\/folhapopular.info\/index.php\/2024\/04\/30\/por-mensagem-defesa-civil-de-lajeado-pede-a-moradores-ate-a-cota-28-que-se-preparem-para-sair-de-casa\/","title":{"rendered":"Por mensagem, Defesa Civil de Lajeado pede a moradores at\u00e9 a cota 28 que se preparem para sair de casa"},"content":{"rendered":"\n<p>Por meio de mensagem via SMS, a Defesa Civil de Lajeado alertou, no fim da tarde desta ter\u00e7a-feira (30\/4), que os moradores at\u00e9 a altura da cota 28 se preparem para sair de casa. O aviso refor\u00e7a que a medida deve ser feita por seguran\u00e7a.<\/p>\n\n\n\n<p>O Rio Taquari atingiu a marca de 24,80 metros \u00e0s 17h desta ter\u00e7a-feira, um aumento de 50 cent\u00edmetros na \u00faltima hora, conforme medi\u00e7\u00e3o realizada nas r\u00e9guas instaladas na Avenida Oswaldo Aranha. O cen\u00e1rio \u00e9 o mesmo de duas e tr\u00eas horas atr\u00e1s, com subida de 50 cent\u00edmetros por hora. <br><br>As fam\u00edlias est\u00e3o sendo abrigadas no Centro Esportivo Municipal (CEM S\u00e3o Crist\u00f3v\u00e3o), que abriga 70 fam\u00edlias, e no Parque do Imigrante, com 211. <\/p>\n\n\n\n<p>A orienta\u00e7\u00e3o \u00e9 uma medida de seguran\u00e7a. Aqueles que buscam abrigo podem entrar em contato pelo 3982-1150 ou pelo (51) 99828-4971.<\/p>\n\n\n\n<p>Em Estrela, a Defesa Civil solicita aos moradores at\u00e9 a cota 26 que se preparem para a remo\u00e7\u00e3o aos abrigos Ito Snel e da Boa Uni\u00e3o. No momento, s\u00e3o 300 adultos e 70 crian\u00e7as nos abrigos. <\/p>\n","protected":false},"excerpt":{"rendered":"<p>Por meio de mensagem via SMS, a Defesa Civil de Lajeado alertou, no fim da tarde desta ter\u00e7a-feira (30\/4), que os moradores at\u00e9 a altura da cota 28 se preparem para sair de casa. O aviso refor\u00e7a que a medida deve ser feita por seguran\u00e7a. O Rio Taquari atingiu a marca de 24,80 metros \u00e0s [&hellip;]<\/p>\n","protected":false},"author":639,"featured_media":156953,"comment_status":"open","ping_status":"open","sticky":false,"template":"","format":"standard","meta":{"pmpro_default_level":"","_jetpack_memberships_contains_paid_content":false,"footnotes":""},"categories":[2,3],"tags":[],"class_list":{"0":"post-156952","1":"post","2":"type-post","3":"status-publish","4":"format-standard","5":"has-post-thumbnail","7":"category-featured","8":"category-geral","9":"pmpro-has-access"},"yoast_head":"<!-- This site is optimized with the Yoast SEO plugin v27.5 - https:\/\/yoast.com\/product\/yoast-seo-wordpress\/ -->\n<title>Por mensagem, Defesa Civil de Lajeado pede a moradores at\u00e9 a cota 28 que se preparem para sair de casa - Folha Popular<\/title>\n<meta name=\"robots\" content=\"index, follow, max-snippet:-1, max-image-preview:large, max-video-preview:-1\" \/>\n<link rel=\"canonical\" href=\"https:\/\/folhapopular.info\/index.php\/2024\/04\/30\/por-mensagem-defesa-civil-de-lajeado-pede-a-moradores-ate-a-cota-28-que-se-preparem-para-sair-de-casa\/\" \/>\n<meta property=\"og:locale\" content=\"pt_BR\" \/>\n<meta property=\"og:type\" content=\"article\" \/>\n<meta property=\"og:title\" content=\"Por mensagem, Defesa Civil de Lajeado pede a moradores at\u00e9 a cota 28 que se preparem para sair de casa - Folha Popular\" \/>\n<meta property=\"og:description\" content=\"Por meio de mensagem via SMS, a Defesa Civil de Lajeado alertou, no fim da tarde desta ter\u00e7a-feira (30\/4), que os moradores at\u00e9 a altura da cota 28 se preparem para sair de casa. O aviso refor\u00e7a que a medida deve ser feita por seguran\u00e7a. O Rio Taquari atingiu a marca de 24,80 metros \u00e0s [&hellip;]\" \/>\n<meta property=\"og:url\" content=\"https:\/\/folhapopular.info\/index.php\/2024\/04\/30\/por-mensagem-defesa-civil-de-lajeado-pede-a-moradores-ate-a-cota-28-que-se-preparem-para-sair-de-casa\/\" \/>\n<meta property=\"og:site_name\" content=\"Folha Popular\" \/>\n<meta property=\"article:published_time\" content=\"2024-04-30T20:37:30+00:00\" \/>\n<meta property=\"article:modified_time\" content=\"2024-04-30T20:37:35+00:00\" \/>\n<meta property=\"og:image\" content=\"http:\/\/folhapopular.info\/wp-content\/uploads\/2024\/04\/WhatsApp-Image-2024-04-30-at-17.34.32.jpeg\" \/>\n\t<meta property=\"og:image:width\" content=\"1170\" \/>\n\t<meta property=\"og:image:height\" content=\"504\" \/>\n\t<meta property=\"og:image:type\" content=\"image\/jpeg\" \/>\n<meta name=\"author\" content=\"Camille Lenz da Silva\" \/>\n<meta name=\"twitter:card\" content=\"summary_large_image\" \/>\n<meta name=\"twitter:label1\" content=\"Escrito por\" \/>\n\t<meta name=\"twitter:data1\" content=\"Camille Lenz da Silva\" \/>\n\t<meta name=\"twitter:label2\" content=\"Est. tempo de leitura\" \/>\n\t<meta name=\"twitter:data2\" content=\"2 minutos\" \/>\n<script type=\"application\/ld+json\" class=\"yoast-schema-graph\">{\"@context\":\"https:\\\/\\\/schema.org\",\"@graph\":[{\"@type\":\"Article\",\"@id\":\"https:\\\/\\\/folhapopular.info\\\/index.php\\\/2024\\\/04\\\/30\\\/por-mensagem-defesa-civil-de-lajeado-pede-a-moradores-ate-a-cota-28-que-se-preparem-para-sair-de-casa\\\/#article\",\"isPartOf\":{\"@id\":\"https:\\\/\\\/folhapopular.info\\\/index.php\\\/2024\\\/04\\\/30\\\/por-mensagem-defesa-civil-de-lajeado-pede-a-moradores-ate-a-cota-28-que-se-preparem-para-sair-de-casa\\\/\"},\"author\":{\"name\":\"Camille Lenz da Silva\",\"@id\":\"https:\\\/\\\/folhapopular.info\\\/#\\\/schema\\\/person\\\/f0b811f932ef2505faf473ffaef49df5\"},\"headline\":\"Por mensagem, Defesa Civil de Lajeado pede a moradores at\u00e9 a cota 28 que se preparem para sair de casa\",\"datePublished\":\"2024-04-30T20:37:30+00:00\",\"dateModified\":\"2024-04-30T20:37:35+00:00\",\"mainEntityOfPage\":{\"@id\":\"https:\\\/\\\/folhapopular.info\\\/index.php\\\/2024\\\/04\\\/30\\\/por-mensagem-defesa-civil-de-lajeado-pede-a-moradores-ate-a-cota-28-que-se-preparem-para-sair-de-casa\\\/\"},\"wordCount\":203,\"commentCount\":0,\"image\":{\"@id\":\"https:\\\/\\\/folhapopular.info\\\/index.php\\\/2024\\\/04\\\/30\\\/por-mensagem-defesa-civil-de-lajeado-pede-a-moradores-ate-a-cota-28-que-se-preparem-para-sair-de-casa\\\/#primaryimage\"},\"thumbnailUrl\":\"https:\\\/\\\/folhapopular.info\\\/wp-content\\\/uploads\\\/2024\\\/04\\\/WhatsApp-Image-2024-04-30-at-17.34.32.jpeg\",\"articleSection\":[\"Destaques\",\"Geral\"],\"inLanguage\":\"pt-BR\",\"potentialAction\":[{\"@type\":\"CommentAction\",\"name\":\"Comment\",\"target\":[\"https:\\\/\\\/folhapopular.info\\\/index.php\\\/2024\\\/04\\\/30\\\/por-mensagem-defesa-civil-de-lajeado-pede-a-moradores-ate-a-cota-28-que-se-preparem-para-sair-de-casa\\\/#respond\"]}]},{\"@type\":\"WebPage\",\"@id\":\"https:\\\/\\\/folhapopular.info\\\/index.php\\\/2024\\\/04\\\/30\\\/por-mensagem-defesa-civil-de-lajeado-pede-a-moradores-ate-a-cota-28-que-se-preparem-para-sair-de-casa\\\/\",\"url\":\"https:\\\/\\\/folhapopular.info\\\/index.php\\\/2024\\\/04\\\/30\\\/por-mensagem-defesa-civil-de-lajeado-pede-a-moradores-ate-a-cota-28-que-se-preparem-para-sair-de-casa\\\/\",\"name\":\"Por mensagem, Defesa Civil de Lajeado pede a moradores at\u00e9 a cota 28 que se preparem para sair de casa - Folha Popular\",\"isPartOf\":{\"@id\":\"https:\\\/\\\/folhapopular.info\\\/#website\"},\"primaryImageOfPage\":{\"@id\":\"https:\\\/\\\/folhapopular.info\\\/index.php\\\/2024\\\/04\\\/30\\\/por-mensagem-defesa-civil-de-lajeado-pede-a-moradores-ate-a-cota-28-que-se-preparem-para-sair-de-casa\\\/#primaryimage\"},\"image\":{\"@id\":\"https:\\\/\\\/folhapopular.info\\\/index.php\\\/2024\\\/04\\\/30\\\/por-mensagem-defesa-civil-de-lajeado-pede-a-moradores-ate-a-cota-28-que-se-preparem-para-sair-de-casa\\\/#primaryimage\"},\"thumbnailUrl\":\"https:\\\/\\\/folhapopular.info\\\/wp-content\\\/uploads\\\/2024\\\/04\\\/WhatsApp-Image-2024-04-30-at-17.34.32.jpeg\",\"datePublished\":\"2024-04-30T20:37:30+00:00\",\"dateModified\":\"2024-04-30T20:37:35+00:00\",\"author\":{\"@id\":\"https:\\\/\\\/folhapopular.info\\\/#\\\/schema\\\/person\\\/f0b811f932ef2505faf473ffaef49df5\"},\"breadcrumb\":{\"@id\":\"https:\\\/\\\/folhapopular.info\\\/index.php\\\/2024\\\/04\\\/30\\\/por-mensagem-defesa-civil-de-lajeado-pede-a-moradores-ate-a-cota-28-que-se-preparem-para-sair-de-casa\\\/#breadcrumb\"},\"inLanguage\":\"pt-BR\",\"potentialAction\":[{\"@type\":\"ReadAction\",\"target\":[\"https:\\\/\\\/folhapopular.info\\\/index.php\\\/2024\\\/04\\\/30\\\/por-mensagem-defesa-civil-de-lajeado-pede-a-moradores-ate-a-cota-28-que-se-preparem-para-sair-de-casa\\\/\"]}]},{\"@type\":\"ImageObject\",\"inLanguage\":\"pt-BR\",\"@id\":\"https:\\\/\\\/folhapopular.info\\\/index.php\\\/2024\\\/04\\\/30\\\/por-mensagem-defesa-civil-de-lajeado-pede-a-moradores-ate-a-cota-28-que-se-preparem-para-sair-de-casa\\\/#primaryimage\",\"url\":\"https:\\\/\\\/folhapopular.info\\\/wp-content\\\/uploads\\\/2024\\\/04\\\/WhatsApp-Image-2024-04-30-at-17.34.32.jpeg\",\"contentUrl\":\"https:\\\/\\\/folhapopular.info\\\/wp-content\\\/uploads\\\/2024\\\/04\\\/WhatsApp-Image-2024-04-30-at-17.34.32.jpeg\",\"width\":1170,\"height\":504},{\"@type\":\"BreadcrumbList\",\"@id\":\"https:\\\/\\\/folhapopular.info\\\/index.php\\\/2024\\\/04\\\/30\\\/por-mensagem-defesa-civil-de-lajeado-pede-a-moradores-ate-a-cota-28-que-se-preparem-para-sair-de-casa\\\/#breadcrumb\",\"itemListElement\":[{\"@type\":\"ListItem\",\"position\":1,\"name\":\"In\u00edcio\",\"item\":\"https:\\\/\\\/folhapopular.info\\\/\"},{\"@type\":\"ListItem\",\"position\":2,\"name\":\"Por mensagem, Defesa Civil de Lajeado pede a moradores at\u00e9 a cota 28 que se preparem para sair de casa\"}]},{\"@type\":\"WebSite\",\"@id\":\"https:\\\/\\\/folhapopular.info\\\/#website\",\"url\":\"https:\\\/\\\/folhapopular.info\\\/\",\"name\":\"Folha Popular\",\"description\":\"Onde voc\u00ea tem vez e voz\",\"potentialAction\":[{\"@type\":\"SearchAction\",\"target\":{\"@type\":\"EntryPoint\",\"urlTemplate\":\"https:\\\/\\\/folhapopular.info\\\/?s={search_term_string}\"},\"query-input\":{\"@type\":\"PropertyValueSpecification\",\"valueRequired\":true,\"valueName\":\"search_term_string\"}}],\"inLanguage\":\"pt-BR\"},{\"@type\":\"Person\",\"@id\":\"https:\\\/\\\/folhapopular.info\\\/#\\\/schema\\\/person\\\/f0b811f932ef2505faf473ffaef49df5\",\"name\":\"Camille Lenz da Silva\",\"image\":{\"@type\":\"ImageObject\",\"inLanguage\":\"pt-BR\",\"@id\":\"https:\\\/\\\/secure.gravatar.com\\\/avatar\\\/50be826d73ca259ec0e0a88a407f5de800c576c46cfdc57e50ef28551e216fff?s=96&d=mm&r=g\",\"url\":\"https:\\\/\\\/secure.gravatar.com\\\/avatar\\\/50be826d73ca259ec0e0a88a407f5de800c576c46cfdc57e50ef28551e216fff?s=96&d=mm&r=g\",\"contentUrl\":\"https:\\\/\\\/secure.gravatar.com\\\/avatar\\\/50be826d73ca259ec0e0a88a407f5de800c576c46cfdc57e50ef28551e216fff?s=96&d=mm&r=g\",\"caption\":\"Camille Lenz da Silva\"},\"url\":\"https:\\\/\\\/folhapopular.info\\\/index.php\\\/author\\\/camillelenzgmail-com\\\/\"}]}<\/script>\n<!-- \/ Yoast SEO plugin. -->","yoast_head_json":{"title":"Por mensagem, Defesa Civil de Lajeado pede a moradores at\u00e9 a cota 28 que se preparem para sair de casa - Folha Popular","robots":{"index":"index","follow":"follow","max-snippet":"max-snippet:-1","max-image-preview":"max-image-preview:large","max-video-preview":"max-video-preview:-1"},"canonical":"https:\/\/folhapopular.info\/index.php\/2024\/04\/30\/por-mensagem-defesa-civil-de-lajeado-pede-a-moradores-ate-a-cota-28-que-se-preparem-para-sair-de-casa\/","og_locale":"pt_BR","og_type":"article","og_title":"Por mensagem, Defesa Civil de Lajeado pede a moradores at\u00e9 a cota 28 que se preparem para sair de casa - Folha Popular","og_description":"Por meio de mensagem via SMS, a Defesa Civil de Lajeado alertou, no fim da tarde desta ter\u00e7a-feira (30\/4), que os moradores at\u00e9 a altura da cota 28 se preparem para sair de casa. O aviso refor\u00e7a que a medida deve ser feita por seguran\u00e7a. O Rio Taquari atingiu a marca de 24,80 metros \u00e0s [&hellip;]","og_url":"https:\/\/folhapopular.info\/index.php\/2024\/04\/30\/por-mensagem-defesa-civil-de-lajeado-pede-a-moradores-ate-a-cota-28-que-se-preparem-para-sair-de-casa\/","og_site_name":"Folha Popular","article_published_time":"2024-04-30T20:37:30+00:00","article_modified_time":"2024-04-30T20:37:35+00:00","og_image":[{"width":1170,"height":504,"url":"http:\/\/folhapopular.info\/wp-content\/uploads\/2024\/04\/WhatsApp-Image-2024-04-30-at-17.34.32.jpeg","type":"image\/jpeg"}],"author":"Camille Lenz da Silva","twitter_card":"summary_large_image","twitter_misc":{"Escrito por":"Camille Lenz da Silva","Est. tempo de leitura":"2 minutos"},"schema":{"@context":"https:\/\/schema.org","@graph":[{"@type":"Article","@id":"https:\/\/folhapopular.info\/index.php\/2024\/04\/30\/por-mensagem-defesa-civil-de-lajeado-pede-a-moradores-ate-a-cota-28-que-se-preparem-para-sair-de-casa\/#article","isPartOf":{"@id":"https:\/\/folhapopular.info\/index.php\/2024\/04\/30\/por-mensagem-defesa-civil-de-lajeado-pede-a-moradores-ate-a-cota-28-que-se-preparem-para-sair-de-casa\/"},"author":{"name":"Camille Lenz da Silva","@id":"https:\/\/folhapopular.info\/#\/schema\/person\/f0b811f932ef2505faf473ffaef49df5"},"headline":"Por mensagem, Defesa Civil de Lajeado pede a moradores at\u00e9 a cota 28 que se preparem para sair de casa","datePublished":"2024-04-30T20:37:30+00:00","dateModified":"2024-04-30T20:37:35+00:00","mainEntityOfPage":{"@id":"https:\/\/folhapopular.info\/index.php\/2024\/04\/30\/por-mensagem-defesa-civil-de-lajeado-pede-a-moradores-ate-a-cota-28-que-se-preparem-para-sair-de-casa\/"},"wordCount":203,"commentCount":0,"image":{"@id":"https:\/\/folhapopular.info\/index.php\/2024\/04\/30\/por-mensagem-defesa-civil-de-lajeado-pede-a-moradores-ate-a-cota-28-que-se-preparem-para-sair-de-casa\/#primaryimage"},"thumbnailUrl":"https:\/\/folhapopular.info\/wp-content\/uploads\/2024\/04\/WhatsApp-Image-2024-04-30-at-17.34.32.jpeg","articleSection":["Destaques","Geral"],"inLanguage":"pt-BR","potentialAction":[{"@type":"CommentAction","name":"Comment","target":["https:\/\/folhapopular.info\/index.php\/2024\/04\/30\/por-mensagem-defesa-civil-de-lajeado-pede-a-moradores-ate-a-cota-28-que-se-preparem-para-sair-de-casa\/#respond"]}]},{"@type":"WebPage","@id":"https:\/\/folhapopular.info\/index.php\/2024\/04\/30\/por-mensagem-defesa-civil-de-lajeado-pede-a-moradores-ate-a-cota-28-que-se-preparem-para-sair-de-casa\/","url":"https:\/\/folhapopular.info\/index.php\/2024\/04\/30\/por-mensagem-defesa-civil-de-lajeado-pede-a-moradores-ate-a-cota-28-que-se-preparem-para-sair-de-casa\/","name":"Por mensagem, Defesa Civil de Lajeado pede a moradores at\u00e9 a cota 28 que se preparem para sair de casa - Folha Popular","isPartOf":{"@id":"https:\/\/folhapopular.info\/#website"},"primaryImageOfPage":{"@id":"https:\/\/folhapopular.info\/index.php\/2024\/04\/30\/por-mensagem-defesa-civil-de-lajeado-pede-a-moradores-ate-a-cota-28-que-se-preparem-para-sair-de-casa\/#primaryimage"},"image":{"@id":"https:\/\/folhapopular.info\/index.php\/2024\/04\/30\/por-mensagem-defesa-civil-de-lajeado-pede-a-moradores-ate-a-cota-28-que-se-preparem-para-sair-de-casa\/#primaryimage"},"thumbnailUrl":"https:\/\/folhapopular.info\/wp-content\/uploads\/2024\/04\/WhatsApp-Image-2024-04-30-at-17.34.32.jpeg","datePublished":"2024-04-30T20:37:30+00:00","dateModified":"2024-04-30T20:37:35+00:00","author":{"@id":"https:\/\/folhapopular.info\/#\/schema\/person\/f0b811f932ef2505faf473ffaef49df5"},"breadcrumb":{"@id":"https:\/\/folhapopular.info\/index.php\/2024\/04\/30\/por-mensagem-defesa-civil-de-lajeado-pede-a-moradores-ate-a-cota-28-que-se-preparem-para-sair-de-casa\/#breadcrumb"},"inLanguage":"pt-BR","potentialAction":[{"@type":"ReadAction","target":["https:\/\/folhapopular.info\/index.php\/2024\/04\/30\/por-mensagem-defesa-civil-de-lajeado-pede-a-moradores-ate-a-cota-28-que-se-preparem-para-sair-de-casa\/"]}]},{"@type":"ImageObject","inLanguage":"pt-BR","@id":"https:\/\/folhapopular.info\/index.php\/2024\/04\/30\/por-mensagem-defesa-civil-de-lajeado-pede-a-moradores-ate-a-cota-28-que-se-preparem-para-sair-de-casa\/#primaryimage","url":"https:\/\/folhapopular.info\/wp-content\/uploads\/2024\/04\/WhatsApp-Image-2024-04-30-at-17.34.32.jpeg","contentUrl":"https:\/\/folhapopular.info\/wp-content\/uploads\/2024\/04\/WhatsApp-Image-2024-04-30-at-17.34.32.jpeg","width":1170,"height":504},{"@type":"BreadcrumbList","@id":"https:\/\/folhapopular.info\/index.php\/2024\/04\/30\/por-mensagem-defesa-civil-de-lajeado-pede-a-moradores-ate-a-cota-28-que-se-preparem-para-sair-de-casa\/#breadcrumb","itemListElement":[{"@type":"ListItem","position":1,"name":"In\u00edcio","item":"https:\/\/folhapopular.info\/"},{"@type":"ListItem","position":2,"name":"Por mensagem, Defesa Civil de Lajeado pede a moradores at\u00e9 a cota 28 que se preparem para sair de casa"}]},{"@type":"WebSite","@id":"https:\/\/folhapopular.info\/#website","url":"https:\/\/folhapopular.info\/","name":"Folha Popular","description":"Onde voc\u00ea tem vez e voz","potentialAction":[{"@type":"SearchAction","target":{"@type":"EntryPoint","urlTemplate":"https:\/\/folhapopular.info\/?s={search_term_string}"},"query-input":{"@type":"PropertyValueSpecification","valueRequired":true,"valueName":"search_term_string"}}],"inLanguage":"pt-BR"},{"@type":"Person","@id":"https:\/\/folhapopular.info\/#\/schema\/person\/f0b811f932ef2505faf473ffaef49df5","name":"Camille Lenz da Silva","image":{"@type":"ImageObject","inLanguage":"pt-BR","@id":"https:\/\/secure.gravatar.com\/avatar\/50be826d73ca259ec0e0a88a407f5de800c576c46cfdc57e50ef28551e216fff?s=96&d=mm&r=g","url":"https:\/\/secure.gravatar.com\/avatar\/50be826d73ca259ec0e0a88a407f5de800c576c46cfdc57e50ef28551e216fff?s=96&d=mm&r=g","contentUrl":"https:\/\/secure.gravatar.com\/avatar\/50be826d73ca259ec0e0a88a407f5de800c576c46cfdc57e50ef28551e216fff?s=96&d=mm&r=g","caption":"Camille Lenz da Silva"},"url":"https:\/\/folhapopular.info\/index.php\/author\/camillelenzgmail-com\/"}]}},"jetpack_featured_media_url":"https:\/\/folhapopular.info\/wp-content\/uploads\/2024\/04\/WhatsApp-Image-2024-04-30-at-17.34.32.jpeg","jetpack_sharing_enabled":true,"amp_enabled":true,"_links":{"self":[{"href":"https:\/\/folhapopular.info\/index.php\/wp-json\/wp\/v2\/posts\/156952","targetHints":{"allow":["GET"]}}],"collection":[{"href":"https:\/\/folhapopular.info\/index.php\/wp-json\/wp\/v2\/posts"}],"about":[{"href":"https:\/\/folhapopular.info\/index.php\/wp-json\/wp\/v2\/types\/post"}],"author":[{"embeddable":true,"href":"https:\/\/folhapopular.info\/index.php\/wp-json\/wp\/v2\/users\/639"}],"replies":[{"embeddable":true,"href":"https:\/\/folhapopular.info\/index.php\/wp-json\/wp\/v2\/comments?post=156952"}],"version-history":[{"count":0,"href":"https:\/\/folhapopular.info\/index.php\/wp-json\/wp\/v2\/posts\/156952\/revisions"}],"wp:featuredmedia":[{"embeddable":true,"href":"https:\/\/folhapopular.info\/index.php\/wp-json\/wp\/v2\/media\/156953"}],"wp:attachment":[{"href":"https:\/\/folhapopular.info\/index.php\/wp-json\/wp\/v2\/media?parent=156952"}],"wp:term":[{"taxonomy":"category","embeddable":true,"href":"https:\/\/folhapopular.info\/index.php\/wp-json\/wp\/v2\/categories?post=156952"},{"taxonomy":"post_tag","embeddable":true,"href":"https:\/\/folhapopular.info\/index.php\/wp-json\/wp\/v2\/tags?post=156952"}],"curies":[{"name":"wp","href":"https:\/\/api.w.org\/{rel}","templated":true}]}}