{"id":157116,"date":"2024-05-04T10:54:18","date_gmt":"2024-05-04T13:54:18","guid":{"rendered":"https:\/\/folhapopular.info\/?p=157116"},"modified":"2024-05-04T10:54:22","modified_gmt":"2024-05-04T13:54:22","slug":"teutonienses-danilo-e-ondina-sirlei-ferreira-e-pocoantense-vanderlei-da-rosa-seguem-desaparecidos","status":"publish","type":"post","link":"https:\/\/folhapopular.info\/index.php\/2024\/05\/04\/teutonienses-danilo-e-ondina-sirlei-ferreira-e-pocoantense-vanderlei-da-rosa-seguem-desaparecidos\/","title":{"rendered":"Teutonienses Danilo e Ondina Sirlei Ferreira e po\u00e7oantense Vanderlei da Rosa seguem desaparecidos"},"content":{"rendered":"\n<p>Danilo Ferreira, Ondina Sirlei Ferreira e Vanderlei da Rosa, todos funcion\u00e1rios do Frigovale, em Linha Clara, est\u00e3o desparecidos desde a ter\u00e7a-feira (30\/4). <\/p>\n\n\n\n<p>Eles foram vistos pela \u00faltima vez nas proximidades do posto de combust\u00edvel de Linha Clara, quando tentaram fazer travessia ap\u00f3s ficarem ilhados. Eles estavam a bordo de uma Zafira e uma Montana. A Zafira foi encontrada nos fundos do posto de combust\u00edvel do Volnei, pr\u00f3ximo \u00e0 Frigovale.<\/p>\n\n\n\n<p>O \u00faltimo contato feito com os desaparecidos foi por volta das 8h, dizem amigos. N\u00e3o h\u00e1 detalhes sobre a dire\u00e7\u00e3o para onde foram os autom\u00f3veis nem qual hor\u00e1rio teriam deixado o frigor\u00edfico. <\/p>\n\n\n\n<p>Os Bombeiros Volunt\u00e1rios e Defesa Civil de Teut\u00f4nia realizam buscas aos tr\u00eas desaparecidos desde ontem (3\/5).<\/p>\n\n\n\n<p>Quaisquer informa\u00e7\u00f5es que possam auxiliar nas buscas por Danilo Ferreira, Ondina Sirlei Ferreira e Vanderlei da Rosa devem ser repassadas \u00e0 Brigada Militar (3762-2207), Policia Civil (3762-2955) ou Bombeiros de Teut\u00f4nia (193 \/ WhatsApp 3762-1269).<\/p>\n\n\n\n<figure class=\"wp-block-image size-large\"><img loading=\"lazy\" decoding=\"async\" width=\"1024\" height=\"768\" src=\"https:\/\/folhapopular.info\/wp-content\/uploads\/2024\/05\/440898804_372405982484366_5868924505555276246_n-1024x768.jpg\" alt=\"\" class=\"wp-image-157118\" srcset=\"https:\/\/folhapopular.info\/wp-content\/uploads\/2024\/05\/440898804_372405982484366_5868924505555276246_n-1024x768.jpg 1024w, https:\/\/folhapopular.info\/wp-content\/uploads\/2024\/05\/440898804_372405982484366_5868924505555276246_n-300x225.jpg 300w, https:\/\/folhapopular.info\/wp-content\/uploads\/2024\/05\/440898804_372405982484366_5868924505555276246_n-768x576.jpg 768w, https:\/\/folhapopular.info\/wp-content\/uploads\/2024\/05\/440898804_372405982484366_5868924505555276246_n-1536x1152.jpg 1536w, https:\/\/folhapopular.info\/wp-content\/uploads\/2024\/05\/440898804_372405982484366_5868924505555276246_n-560x420.jpg 560w, https:\/\/folhapopular.info\/wp-content\/uploads\/2024\/05\/440898804_372405982484366_5868924505555276246_n-80x60.jpg 80w, https:\/\/folhapopular.info\/wp-content\/uploads\/2024\/05\/440898804_372405982484366_5868924505555276246_n-696x522.jpg 696w, https:\/\/folhapopular.info\/wp-content\/uploads\/2024\/05\/440898804_372405982484366_5868924505555276246_n-1068x801.jpg 1068w, https:\/\/folhapopular.info\/wp-content\/uploads\/2024\/05\/440898804_372405982484366_5868924505555276246_n-1920x1440.jpg 1920w, https:\/\/folhapopular.info\/wp-content\/uploads\/2024\/05\/440898804_372405982484366_5868924505555276246_n.jpg 2048w\" sizes=\"auto, (max-width: 1024px) 100vw, 1024px\" \/><figcaption class=\"wp-element-caption\">BVT de Teut\u00f4nia realaiza buscas desde ontem (3\/5). Cr\u00e9dito: CVT Not\u00edcias \/ Divulga\u00e7\u00e3o<\/figcaption><\/figure>\n","protected":false},"excerpt":{"rendered":"<p>Danilo Ferreira, Ondina Sirlei Ferreira e Vanderlei da Rosa, todos funcion\u00e1rios do Frigovale, em Linha Clara, est\u00e3o desparecidos desde a ter\u00e7a-feira (30\/4). Eles foram vistos pela \u00faltima vez nas proximidades do posto de combust\u00edvel de Linha Clara, quando tentaram fazer travessia ap\u00f3s ficarem ilhados. Eles estavam a bordo de uma Zafira e uma Montana. A [&hellip;]<\/p>\n","protected":false},"author":8,"featured_media":157119,"comment_status":"open","ping_status":"open","sticky":false,"template":"","format":"standard","meta":{"pmpro_default_level":"","_jetpack_memberships_contains_paid_content":false,"footnotes":""},"categories":[2,14970,3],"tags":[14979,8295,14980,40,26,14981],"class_list":{"0":"post-157116","1":"post","2":"type-post","3":"status-publish","4":"format-standard","5":"has-post-thumbnail","7":"category-featured","8":"category-enchentes","9":"category-geral","10":"tag-danilo-ferreira","11":"tag-desaparecidos","12":"tag-ondina-sirlei-ferreira","13":"tag-poco-das-antas","14":"tag-teutonia","15":"tag-vanderlei-da-rosa","16":"pmpro-has-access"},"yoast_head":"<!-- This site is optimized with the Yoast SEO plugin v27.5 - https:\/\/yoast.com\/product\/yoast-seo-wordpress\/ -->\n<title>Teutonienses Danilo e Ondina Sirlei Ferreira e po\u00e7oantense Vanderlei da Rosa seguem desaparecidos - Folha Popular<\/title>\n<meta name=\"robots\" content=\"index, follow, max-snippet:-1, max-image-preview:large, max-video-preview:-1\" \/>\n<link rel=\"canonical\" href=\"https:\/\/folhapopular.info\/index.php\/2024\/05\/04\/teutonienses-danilo-e-ondina-sirlei-ferreira-e-pocoantense-vanderlei-da-rosa-seguem-desaparecidos\/\" \/>\n<meta property=\"og:locale\" content=\"pt_BR\" \/>\n<meta property=\"og:type\" content=\"article\" \/>\n<meta property=\"og:title\" content=\"Teutonienses Danilo e Ondina Sirlei Ferreira e po\u00e7oantense Vanderlei da Rosa seguem desaparecidos - Folha Popular\" \/>\n<meta property=\"og:description\" content=\"Danilo Ferreira, Ondina Sirlei Ferreira e Vanderlei da Rosa, todos funcion\u00e1rios do Frigovale, em Linha Clara, est\u00e3o desparecidos desde a ter\u00e7a-feira (30\/4). Eles foram vistos pela \u00faltima vez nas proximidades do posto de combust\u00edvel de Linha Clara, quando tentaram fazer travessia ap\u00f3s ficarem ilhados. Eles estavam a bordo de uma Zafira e uma Montana. A [&hellip;]\" \/>\n<meta property=\"og:url\" content=\"https:\/\/folhapopular.info\/index.php\/2024\/05\/04\/teutonienses-danilo-e-ondina-sirlei-ferreira-e-pocoantense-vanderlei-da-rosa-seguem-desaparecidos\/\" \/>\n<meta property=\"og:site_name\" content=\"Folha Popular\" \/>\n<meta property=\"article:published_time\" content=\"2024-05-04T13:54:18+00:00\" \/>\n<meta property=\"article:modified_time\" content=\"2024-05-04T13:54:22+00:00\" \/>\n<meta property=\"og:image\" content=\"http:\/\/folhapopular.info\/wp-content\/uploads\/2024\/05\/Untitled-1.jpg\" \/>\n\t<meta property=\"og:image:width\" content=\"1371\" \/>\n\t<meta property=\"og:image:height\" content=\"813\" \/>\n\t<meta property=\"og:image:type\" content=\"image\/jpeg\" \/>\n<meta name=\"author\" content=\"Reda\u00e7\u00e3o Folha Popular\" \/>\n<meta name=\"twitter:card\" content=\"summary_large_image\" \/>\n<meta name=\"twitter:label1\" content=\"Escrito por\" \/>\n\t<meta name=\"twitter:data1\" content=\"Reda\u00e7\u00e3o Folha Popular\" \/>\n\t<meta name=\"twitter:label2\" content=\"Est. tempo de leitura\" \/>\n\t<meta name=\"twitter:data2\" content=\"2 minutos\" \/>\n<script type=\"application\/ld+json\" class=\"yoast-schema-graph\">{\"@context\":\"https:\\\/\\\/schema.org\",\"@graph\":[{\"@type\":\"Article\",\"@id\":\"https:\\\/\\\/folhapopular.info\\\/index.php\\\/2024\\\/05\\\/04\\\/teutonienses-danilo-e-ondina-sirlei-ferreira-e-pocoantense-vanderlei-da-rosa-seguem-desaparecidos\\\/#article\",\"isPartOf\":{\"@id\":\"https:\\\/\\\/folhapopular.info\\\/index.php\\\/2024\\\/05\\\/04\\\/teutonienses-danilo-e-ondina-sirlei-ferreira-e-pocoantense-vanderlei-da-rosa-seguem-desaparecidos\\\/\"},\"author\":{\"name\":\"Reda\u00e7\u00e3o Folha Popular\",\"@id\":\"https:\\\/\\\/folhapopular.info\\\/#\\\/schema\\\/person\\\/2814e8a0df7643585a9ca38bc6eb9d4b\"},\"headline\":\"Teutonienses Danilo e Ondina Sirlei Ferreira e po\u00e7oantense Vanderlei da Rosa seguem desaparecidos\",\"datePublished\":\"2024-05-04T13:54:18+00:00\",\"dateModified\":\"2024-05-04T13:54:22+00:00\",\"mainEntityOfPage\":{\"@id\":\"https:\\\/\\\/folhapopular.info\\\/index.php\\\/2024\\\/05\\\/04\\\/teutonienses-danilo-e-ondina-sirlei-ferreira-e-pocoantense-vanderlei-da-rosa-seguem-desaparecidos\\\/\"},\"wordCount\":192,\"commentCount\":0,\"image\":{\"@id\":\"https:\\\/\\\/folhapopular.info\\\/index.php\\\/2024\\\/05\\\/04\\\/teutonienses-danilo-e-ondina-sirlei-ferreira-e-pocoantense-vanderlei-da-rosa-seguem-desaparecidos\\\/#primaryimage\"},\"thumbnailUrl\":\"https:\\\/\\\/folhapopular.info\\\/wp-content\\\/uploads\\\/2024\\\/05\\\/Untitled-1.jpg\",\"keywords\":[\"Danilo Ferreira\",\"Desaparecidos\",\"Ondina Sirlei Ferreira\",\"Po\u00e7o das Antas\",\"Teut\u00f4nia\",\"Vanderlei da Rosa\"],\"articleSection\":[\"Destaques\",\"Enchentes\",\"Geral\"],\"inLanguage\":\"pt-BR\",\"potentialAction\":[{\"@type\":\"CommentAction\",\"name\":\"Comment\",\"target\":[\"https:\\\/\\\/folhapopular.info\\\/index.php\\\/2024\\\/05\\\/04\\\/teutonienses-danilo-e-ondina-sirlei-ferreira-e-pocoantense-vanderlei-da-rosa-seguem-desaparecidos\\\/#respond\"]}]},{\"@type\":\"WebPage\",\"@id\":\"https:\\\/\\\/folhapopular.info\\\/index.php\\\/2024\\\/05\\\/04\\\/teutonienses-danilo-e-ondina-sirlei-ferreira-e-pocoantense-vanderlei-da-rosa-seguem-desaparecidos\\\/\",\"url\":\"https:\\\/\\\/folhapopular.info\\\/index.php\\\/2024\\\/05\\\/04\\\/teutonienses-danilo-e-ondina-sirlei-ferreira-e-pocoantense-vanderlei-da-rosa-seguem-desaparecidos\\\/\",\"name\":\"Teutonienses Danilo e Ondina Sirlei Ferreira e po\u00e7oantense Vanderlei da Rosa seguem desaparecidos - Folha Popular\",\"isPartOf\":{\"@id\":\"https:\\\/\\\/folhapopular.info\\\/#website\"},\"primaryImageOfPage\":{\"@id\":\"https:\\\/\\\/folhapopular.info\\\/index.php\\\/2024\\\/05\\\/04\\\/teutonienses-danilo-e-ondina-sirlei-ferreira-e-pocoantense-vanderlei-da-rosa-seguem-desaparecidos\\\/#primaryimage\"},\"image\":{\"@id\":\"https:\\\/\\\/folhapopular.info\\\/index.php\\\/2024\\\/05\\\/04\\\/teutonienses-danilo-e-ondina-sirlei-ferreira-e-pocoantense-vanderlei-da-rosa-seguem-desaparecidos\\\/#primaryimage\"},\"thumbnailUrl\":\"https:\\\/\\\/folhapopular.info\\\/wp-content\\\/uploads\\\/2024\\\/05\\\/Untitled-1.jpg\",\"datePublished\":\"2024-05-04T13:54:18+00:00\",\"dateModified\":\"2024-05-04T13:54:22+00:00\",\"author\":{\"@id\":\"https:\\\/\\\/folhapopular.info\\\/#\\\/schema\\\/person\\\/2814e8a0df7643585a9ca38bc6eb9d4b\"},\"breadcrumb\":{\"@id\":\"https:\\\/\\\/folhapopular.info\\\/index.php\\\/2024\\\/05\\\/04\\\/teutonienses-danilo-e-ondina-sirlei-ferreira-e-pocoantense-vanderlei-da-rosa-seguem-desaparecidos\\\/#breadcrumb\"},\"inLanguage\":\"pt-BR\",\"potentialAction\":[{\"@type\":\"ReadAction\",\"target\":[\"https:\\\/\\\/folhapopular.info\\\/index.php\\\/2024\\\/05\\\/04\\\/teutonienses-danilo-e-ondina-sirlei-ferreira-e-pocoantense-vanderlei-da-rosa-seguem-desaparecidos\\\/\"]}]},{\"@type\":\"ImageObject\",\"inLanguage\":\"pt-BR\",\"@id\":\"https:\\\/\\\/folhapopular.info\\\/index.php\\\/2024\\\/05\\\/04\\\/teutonienses-danilo-e-ondina-sirlei-ferreira-e-pocoantense-vanderlei-da-rosa-seguem-desaparecidos\\\/#primaryimage\",\"url\":\"https:\\\/\\\/folhapopular.info\\\/wp-content\\\/uploads\\\/2024\\\/05\\\/Untitled-1.jpg\",\"contentUrl\":\"https:\\\/\\\/folhapopular.info\\\/wp-content\\\/uploads\\\/2024\\\/05\\\/Untitled-1.jpg\",\"width\":1371,\"height\":813,\"caption\":\"Ondina, Danilo e Vanderlei seguem desaparecidos. Cr\u00e9dito: Arquivo pessoal \\\/ Divulga\u00e7\u00e3o\"},{\"@type\":\"BreadcrumbList\",\"@id\":\"https:\\\/\\\/folhapopular.info\\\/index.php\\\/2024\\\/05\\\/04\\\/teutonienses-danilo-e-ondina-sirlei-ferreira-e-pocoantense-vanderlei-da-rosa-seguem-desaparecidos\\\/#breadcrumb\",\"itemListElement\":[{\"@type\":\"ListItem\",\"position\":1,\"name\":\"In\u00edcio\",\"item\":\"https:\\\/\\\/folhapopular.info\\\/\"},{\"@type\":\"ListItem\",\"position\":2,\"name\":\"Teutonienses Danilo e Ondina Sirlei Ferreira e po\u00e7oantense Vanderlei da Rosa seguem desaparecidos\"}]},{\"@type\":\"WebSite\",\"@id\":\"https:\\\/\\\/folhapopular.info\\\/#website\",\"url\":\"https:\\\/\\\/folhapopular.info\\\/\",\"name\":\"Folha Popular\",\"description\":\"Onde voc\u00ea tem vez e voz\",\"potentialAction\":[{\"@type\":\"SearchAction\",\"target\":{\"@type\":\"EntryPoint\",\"urlTemplate\":\"https:\\\/\\\/folhapopular.info\\\/?s={search_term_string}\"},\"query-input\":{\"@type\":\"PropertyValueSpecification\",\"valueRequired\":true,\"valueName\":\"search_term_string\"}}],\"inLanguage\":\"pt-BR\"},{\"@type\":\"Person\",\"@id\":\"https:\\\/\\\/folhapopular.info\\\/#\\\/schema\\\/person\\\/2814e8a0df7643585a9ca38bc6eb9d4b\",\"name\":\"Reda\u00e7\u00e3o Folha Popular\",\"image\":{\"@type\":\"ImageObject\",\"inLanguage\":\"pt-BR\",\"@id\":\"https:\\\/\\\/folhapopular.info\\\/wp-content\\\/uploads\\\/2026\\\/04\\\/Folha-1.webp\",\"url\":\"https:\\\/\\\/folhapopular.info\\\/wp-content\\\/uploads\\\/2026\\\/04\\\/Folha-1.webp\",\"contentUrl\":\"https:\\\/\\\/folhapopular.info\\\/wp-content\\\/uploads\\\/2026\\\/04\\\/Folha-1.webp\",\"caption\":\"Reda\u00e7\u00e3o Folha Popular\"},\"url\":\"https:\\\/\\\/folhapopular.info\\\/index.php\\\/author\\\/redacao\\\/\"}]}<\/script>\n<!-- \/ Yoast SEO plugin. -->","yoast_head_json":{"title":"Teutonienses Danilo e Ondina Sirlei Ferreira e po\u00e7oantense Vanderlei da Rosa seguem desaparecidos - Folha Popular","robots":{"index":"index","follow":"follow","max-snippet":"max-snippet:-1","max-image-preview":"max-image-preview:large","max-video-preview":"max-video-preview:-1"},"canonical":"https:\/\/folhapopular.info\/index.php\/2024\/05\/04\/teutonienses-danilo-e-ondina-sirlei-ferreira-e-pocoantense-vanderlei-da-rosa-seguem-desaparecidos\/","og_locale":"pt_BR","og_type":"article","og_title":"Teutonienses Danilo e Ondina Sirlei Ferreira e po\u00e7oantense Vanderlei da Rosa seguem desaparecidos - Folha Popular","og_description":"Danilo Ferreira, Ondina Sirlei Ferreira e Vanderlei da Rosa, todos funcion\u00e1rios do Frigovale, em Linha Clara, est\u00e3o desparecidos desde a ter\u00e7a-feira (30\/4). Eles foram vistos pela \u00faltima vez nas proximidades do posto de combust\u00edvel de Linha Clara, quando tentaram fazer travessia ap\u00f3s ficarem ilhados. Eles estavam a bordo de uma Zafira e uma Montana. A [&hellip;]","og_url":"https:\/\/folhapopular.info\/index.php\/2024\/05\/04\/teutonienses-danilo-e-ondina-sirlei-ferreira-e-pocoantense-vanderlei-da-rosa-seguem-desaparecidos\/","og_site_name":"Folha Popular","article_published_time":"2024-05-04T13:54:18+00:00","article_modified_time":"2024-05-04T13:54:22+00:00","og_image":[{"width":1371,"height":813,"url":"http:\/\/folhapopular.info\/wp-content\/uploads\/2024\/05\/Untitled-1.jpg","type":"image\/jpeg"}],"author":"Reda\u00e7\u00e3o Folha Popular","twitter_card":"summary_large_image","twitter_misc":{"Escrito por":"Reda\u00e7\u00e3o Folha Popular","Est. tempo de leitura":"2 minutos"},"schema":{"@context":"https:\/\/schema.org","@graph":[{"@type":"Article","@id":"https:\/\/folhapopular.info\/index.php\/2024\/05\/04\/teutonienses-danilo-e-ondina-sirlei-ferreira-e-pocoantense-vanderlei-da-rosa-seguem-desaparecidos\/#article","isPartOf":{"@id":"https:\/\/folhapopular.info\/index.php\/2024\/05\/04\/teutonienses-danilo-e-ondina-sirlei-ferreira-e-pocoantense-vanderlei-da-rosa-seguem-desaparecidos\/"},"author":{"name":"Reda\u00e7\u00e3o Folha Popular","@id":"https:\/\/folhapopular.info\/#\/schema\/person\/2814e8a0df7643585a9ca38bc6eb9d4b"},"headline":"Teutonienses Danilo e Ondina Sirlei Ferreira e po\u00e7oantense Vanderlei da Rosa seguem desaparecidos","datePublished":"2024-05-04T13:54:18+00:00","dateModified":"2024-05-04T13:54:22+00:00","mainEntityOfPage":{"@id":"https:\/\/folhapopular.info\/index.php\/2024\/05\/04\/teutonienses-danilo-e-ondina-sirlei-ferreira-e-pocoantense-vanderlei-da-rosa-seguem-desaparecidos\/"},"wordCount":192,"commentCount":0,"image":{"@id":"https:\/\/folhapopular.info\/index.php\/2024\/05\/04\/teutonienses-danilo-e-ondina-sirlei-ferreira-e-pocoantense-vanderlei-da-rosa-seguem-desaparecidos\/#primaryimage"},"thumbnailUrl":"https:\/\/folhapopular.info\/wp-content\/uploads\/2024\/05\/Untitled-1.jpg","keywords":["Danilo Ferreira","Desaparecidos","Ondina Sirlei Ferreira","Po\u00e7o das Antas","Teut\u00f4nia","Vanderlei da Rosa"],"articleSection":["Destaques","Enchentes","Geral"],"inLanguage":"pt-BR","potentialAction":[{"@type":"CommentAction","name":"Comment","target":["https:\/\/folhapopular.info\/index.php\/2024\/05\/04\/teutonienses-danilo-e-ondina-sirlei-ferreira-e-pocoantense-vanderlei-da-rosa-seguem-desaparecidos\/#respond"]}]},{"@type":"WebPage","@id":"https:\/\/folhapopular.info\/index.php\/2024\/05\/04\/teutonienses-danilo-e-ondina-sirlei-ferreira-e-pocoantense-vanderlei-da-rosa-seguem-desaparecidos\/","url":"https:\/\/folhapopular.info\/index.php\/2024\/05\/04\/teutonienses-danilo-e-ondina-sirlei-ferreira-e-pocoantense-vanderlei-da-rosa-seguem-desaparecidos\/","name":"Teutonienses Danilo e Ondina Sirlei Ferreira e po\u00e7oantense Vanderlei da Rosa seguem desaparecidos - Folha Popular","isPartOf":{"@id":"https:\/\/folhapopular.info\/#website"},"primaryImageOfPage":{"@id":"https:\/\/folhapopular.info\/index.php\/2024\/05\/04\/teutonienses-danilo-e-ondina-sirlei-ferreira-e-pocoantense-vanderlei-da-rosa-seguem-desaparecidos\/#primaryimage"},"image":{"@id":"https:\/\/folhapopular.info\/index.php\/2024\/05\/04\/teutonienses-danilo-e-ondina-sirlei-ferreira-e-pocoantense-vanderlei-da-rosa-seguem-desaparecidos\/#primaryimage"},"thumbnailUrl":"https:\/\/folhapopular.info\/wp-content\/uploads\/2024\/05\/Untitled-1.jpg","datePublished":"2024-05-04T13:54:18+00:00","dateModified":"2024-05-04T13:54:22+00:00","author":{"@id":"https:\/\/folhapopular.info\/#\/schema\/person\/2814e8a0df7643585a9ca38bc6eb9d4b"},"breadcrumb":{"@id":"https:\/\/folhapopular.info\/index.php\/2024\/05\/04\/teutonienses-danilo-e-ondina-sirlei-ferreira-e-pocoantense-vanderlei-da-rosa-seguem-desaparecidos\/#breadcrumb"},"inLanguage":"pt-BR","potentialAction":[{"@type":"ReadAction","target":["https:\/\/folhapopular.info\/index.php\/2024\/05\/04\/teutonienses-danilo-e-ondina-sirlei-ferreira-e-pocoantense-vanderlei-da-rosa-seguem-desaparecidos\/"]}]},{"@type":"ImageObject","inLanguage":"pt-BR","@id":"https:\/\/folhapopular.info\/index.php\/2024\/05\/04\/teutonienses-danilo-e-ondina-sirlei-ferreira-e-pocoantense-vanderlei-da-rosa-seguem-desaparecidos\/#primaryimage","url":"https:\/\/folhapopular.info\/wp-content\/uploads\/2024\/05\/Untitled-1.jpg","contentUrl":"https:\/\/folhapopular.info\/wp-content\/uploads\/2024\/05\/Untitled-1.jpg","width":1371,"height":813,"caption":"Ondina, Danilo e Vanderlei seguem desaparecidos. Cr\u00e9dito: Arquivo pessoal \/ Divulga\u00e7\u00e3o"},{"@type":"BreadcrumbList","@id":"https:\/\/folhapopular.info\/index.php\/2024\/05\/04\/teutonienses-danilo-e-ondina-sirlei-ferreira-e-pocoantense-vanderlei-da-rosa-seguem-desaparecidos\/#breadcrumb","itemListElement":[{"@type":"ListItem","position":1,"name":"In\u00edcio","item":"https:\/\/folhapopular.info\/"},{"@type":"ListItem","position":2,"name":"Teutonienses Danilo e Ondina Sirlei Ferreira e po\u00e7oantense Vanderlei da Rosa seguem desaparecidos"}]},{"@type":"WebSite","@id":"https:\/\/folhapopular.info\/#website","url":"https:\/\/folhapopular.info\/","name":"Folha Popular","description":"Onde voc\u00ea tem vez e voz","potentialAction":[{"@type":"SearchAction","target":{"@type":"EntryPoint","urlTemplate":"https:\/\/folhapopular.info\/?s={search_term_string}"},"query-input":{"@type":"PropertyValueSpecification","valueRequired":true,"valueName":"search_term_string"}}],"inLanguage":"pt-BR"},{"@type":"Person","@id":"https:\/\/folhapopular.info\/#\/schema\/person\/2814e8a0df7643585a9ca38bc6eb9d4b","name":"Reda\u00e7\u00e3o Folha Popular","image":{"@type":"ImageObject","inLanguage":"pt-BR","@id":"https:\/\/folhapopular.info\/wp-content\/uploads\/2026\/04\/Folha-1.webp","url":"https:\/\/folhapopular.info\/wp-content\/uploads\/2026\/04\/Folha-1.webp","contentUrl":"https:\/\/folhapopular.info\/wp-content\/uploads\/2026\/04\/Folha-1.webp","caption":"Reda\u00e7\u00e3o Folha Popular"},"url":"https:\/\/folhapopular.info\/index.php\/author\/redacao\/"}]}},"jetpack_featured_media_url":"https:\/\/folhapopular.info\/wp-content\/uploads\/2024\/05\/Untitled-1.jpg","jetpack_sharing_enabled":true,"amp_enabled":true,"_links":{"self":[{"href":"https:\/\/folhapopular.info\/index.php\/wp-json\/wp\/v2\/posts\/157116","targetHints":{"allow":["GET"]}}],"collection":[{"href":"https:\/\/folhapopular.info\/index.php\/wp-json\/wp\/v2\/posts"}],"about":[{"href":"https:\/\/folhapopular.info\/index.php\/wp-json\/wp\/v2\/types\/post"}],"author":[{"embeddable":true,"href":"https:\/\/folhapopular.info\/index.php\/wp-json\/wp\/v2\/users\/8"}],"replies":[{"embeddable":true,"href":"https:\/\/folhapopular.info\/index.php\/wp-json\/wp\/v2\/comments?post=157116"}],"version-history":[{"count":0,"href":"https:\/\/folhapopular.info\/index.php\/wp-json\/wp\/v2\/posts\/157116\/revisions"}],"wp:featuredmedia":[{"embeddable":true,"href":"https:\/\/folhapopular.info\/index.php\/wp-json\/wp\/v2\/media\/157119"}],"wp:attachment":[{"href":"https:\/\/folhapopular.info\/index.php\/wp-json\/wp\/v2\/media?parent=157116"}],"wp:term":[{"taxonomy":"category","embeddable":true,"href":"https:\/\/folhapopular.info\/index.php\/wp-json\/wp\/v2\/categories?post=157116"},{"taxonomy":"post_tag","embeddable":true,"href":"https:\/\/folhapopular.info\/index.php\/wp-json\/wp\/v2\/tags?post=157116"}],"curies":[{"name":"wp","href":"https:\/\/api.w.org\/{rel}","templated":true}]}}