{"id":157127,"date":"2024-05-04T12:13:25","date_gmt":"2024-05-04T15:13:25","guid":{"rendered":"https:\/\/folhapopular.info\/?p=157127"},"modified":"2024-05-04T12:13:32","modified_gmt":"2024-05-04T15:13:32","slug":"defesa-civil-estadual-atualiza-balanco-das-enchentes-no-rs-as-12h-deste-sabado","status":"publish","type":"post","link":"https:\/\/folhapopular.info\/index.php\/2024\/05\/04\/defesa-civil-estadual-atualiza-balanco-das-enchentes-no-rs-as-12h-deste-sabado\/","title":{"rendered":"Defesa Civil estadual atualiza balan\u00e7o das enchentes no RS \u00e0s 12h deste s\u00e1bado"},"content":{"rendered":"\n<p>A Defesa Civil estadual divulgou relat\u00f3rio das 12h sobre as a\u00e7\u00f5es de resgate nas localidades atingidas. Eles s\u00e3o divulgados diariamente \u00e0s 9h, 12h, 18h. S\u00e3o 57 \u00f3bitos, dos quais 10 est\u00e3o em investiga\u00e7\u00e3o (n\u00e3o se sabe se foram causadas pelas chuvas). O n\u00famero subiu consideravelmente em rela\u00e7\u00e3o ao balan\u00e7o das 18h desta sexta-feira (3\/5), quando era de 39 \u00f3bitos. <\/p>\n\n\n\n<p><strong>Boletim das 12h de s\u00e1bado (4\/5)<\/strong><\/p>\n\n\n\n<ul class=\"wp-block-list\">\n<li>Munic\u00edpios afetados: 300<\/li>\n\n\n\n<li>Pessoas em abrigos:&nbsp;9.581<\/li>\n\n\n\n<li>Desalojados: 32.640<\/li>\n\n\n\n<li>Afetados:&nbsp;422.307<\/li>\n\n\n\n<li>Feridos: 74<\/li>\n\n\n\n<li>Desaparecidos: 67<\/li>\n\n\n\n<li>\u00d3bitos: 57 (destes, 10 est\u00e3o em investiga\u00e7\u00e3o)<\/li>\n<\/ul>\n\n\n\n<h2 class=\"wp-block-heading\"><strong>Alertas<\/strong><\/h2>\n\n\n\n<p>Para aumentar o n\u00edvel de preven\u00e7\u00e3o, as pessoas podem se cadastrar para receberem os alertas meteorol\u00f3gicos da Defesa Civil estadual. Para isso, \u00e9 necess\u00e1rio enviar o CEP da localidade por SMS para o n\u00famero 40199. Em seguida, uma confirma\u00e7\u00e3o \u00e9 enviada, tornando o n\u00famero dispon\u00edvel para receber as informa\u00e7\u00f5es sempre que elas forem divulgadas.<\/p>\n\n\n\n<p>Tamb\u00e9m \u00e9 poss\u00edvel se cadastrar via aplicativo Whatsapp. Para ter acesso ao servi\u00e7o, \u00e9 necess\u00e1rio se registrar pelo telefone (61) 2034-4611 ou clicando <a href=\"https:\/\/wa.me\/556120344611\" target=\"_blank\" rel=\"noreferrer noopener\">aqui<\/a>. Em seguida, \u00e9 preciso interagir com o rob\u00f4 de atendimento enviando um simples &#8220;Oi&#8221;. Ap\u00f3s a primeira intera\u00e7\u00e3o, o usu\u00e1rio pode compartilhar sua localiza\u00e7\u00e3o atual ou qualquer outra do seu interesse para, dessa forma, receber as mensagens que ser\u00e3o encaminhadas pela Defesa Civil estadual.<\/p>\n\n\n\n<p><a href=\"https:\/\/estado.rs.gov.br\/agenda-do-governador20180222\"><\/a><\/p>\n","protected":false},"excerpt":{"rendered":"<p>A Defesa Civil estadual divulgou relat\u00f3rio das 12h sobre as a\u00e7\u00f5es de resgate nas localidades atingidas. Eles s\u00e3o divulgados diariamente \u00e0s 9h, 12h, 18h. S\u00e3o 57 \u00f3bitos, dos quais 10 est\u00e3o em investiga\u00e7\u00e3o (n\u00e3o se sabe se foram causadas pelas chuvas). O n\u00famero subiu consideravelmente em rela\u00e7\u00e3o ao balan\u00e7o das 18h desta sexta-feira (3\/5), quando [&hellip;]<\/p>\n","protected":false},"author":8,"featured_media":157087,"comment_status":"open","ping_status":"open","sticky":false,"template":"","format":"standard","meta":{"pmpro_default_level":"","_jetpack_memberships_contains_paid_content":false,"footnotes":""},"categories":[2,14970,3],"tags":[12676,206],"class_list":{"0":"post-157127","1":"post","2":"type-post","3":"status-publish","4":"format-standard","5":"has-post-thumbnail","7":"category-featured","8":"category-enchentes","9":"category-geral","10":"tag-defesa-civil-estadual","11":"tag-enchentes","12":"pmpro-has-access"},"yoast_head":"<!-- This site is optimized with the Yoast SEO plugin v27.5 - https:\/\/yoast.com\/product\/yoast-seo-wordpress\/ -->\n<title>Defesa Civil estadual atualiza balan\u00e7o das enchentes no RS \u00e0s 12h deste s\u00e1bado - Folha Popular<\/title>\n<meta name=\"robots\" content=\"index, follow, max-snippet:-1, max-image-preview:large, max-video-preview:-1\" \/>\n<link rel=\"canonical\" href=\"https:\/\/folhapopular.info\/index.php\/2024\/05\/04\/defesa-civil-estadual-atualiza-balanco-das-enchentes-no-rs-as-12h-deste-sabado\/\" \/>\n<meta property=\"og:locale\" content=\"pt_BR\" \/>\n<meta property=\"og:type\" content=\"article\" \/>\n<meta property=\"og:title\" content=\"Defesa Civil estadual atualiza balan\u00e7o das enchentes no RS \u00e0s 12h deste s\u00e1bado - Folha Popular\" \/>\n<meta property=\"og:description\" content=\"A Defesa Civil estadual divulgou relat\u00f3rio das 12h sobre as a\u00e7\u00f5es de resgate nas localidades atingidas. Eles s\u00e3o divulgados diariamente \u00e0s 9h, 12h, 18h. S\u00e3o 57 \u00f3bitos, dos quais 10 est\u00e3o em investiga\u00e7\u00e3o (n\u00e3o se sabe se foram causadas pelas chuvas). O n\u00famero subiu consideravelmente em rela\u00e7\u00e3o ao balan\u00e7o das 18h desta sexta-feira (3\/5), quando [&hellip;]\" \/>\n<meta property=\"og:url\" content=\"https:\/\/folhapopular.info\/index.php\/2024\/05\/04\/defesa-civil-estadual-atualiza-balanco-das-enchentes-no-rs-as-12h-deste-sabado\/\" \/>\n<meta property=\"og:site_name\" content=\"Folha Popular\" \/>\n<meta property=\"article:published_time\" content=\"2024-05-04T15:13:25+00:00\" \/>\n<meta property=\"article:modified_time\" content=\"2024-05-04T15:13:32+00:00\" \/>\n<meta property=\"og:image\" content=\"http:\/\/folhapopular.info\/wp-content\/uploads\/2024\/05\/07084628_2083833_GDO.jpg\" \/>\n\t<meta property=\"og:image:width\" content=\"800\" \/>\n\t<meta property=\"og:image:height\" content=\"453\" \/>\n\t<meta property=\"og:image:type\" content=\"image\/jpeg\" \/>\n<meta name=\"author\" content=\"Reda\u00e7\u00e3o Folha Popular\" \/>\n<meta name=\"twitter:card\" content=\"summary_large_image\" \/>\n<meta name=\"twitter:label1\" content=\"Escrito por\" \/>\n\t<meta name=\"twitter:data1\" content=\"Reda\u00e7\u00e3o Folha Popular\" \/>\n\t<meta name=\"twitter:label2\" content=\"Est. tempo de leitura\" \/>\n\t<meta name=\"twitter:data2\" content=\"2 minutos\" \/>\n<script type=\"application\/ld+json\" class=\"yoast-schema-graph\">{\"@context\":\"https:\\\/\\\/schema.org\",\"@graph\":[{\"@type\":\"Article\",\"@id\":\"https:\\\/\\\/folhapopular.info\\\/index.php\\\/2024\\\/05\\\/04\\\/defesa-civil-estadual-atualiza-balanco-das-enchentes-no-rs-as-12h-deste-sabado\\\/#article\",\"isPartOf\":{\"@id\":\"https:\\\/\\\/folhapopular.info\\\/index.php\\\/2024\\\/05\\\/04\\\/defesa-civil-estadual-atualiza-balanco-das-enchentes-no-rs-as-12h-deste-sabado\\\/\"},\"author\":{\"name\":\"Reda\u00e7\u00e3o Folha Popular\",\"@id\":\"https:\\\/\\\/folhapopular.info\\\/#\\\/schema\\\/person\\\/2814e8a0df7643585a9ca38bc6eb9d4b\"},\"headline\":\"Defesa Civil estadual atualiza balan\u00e7o das enchentes no RS \u00e0s 12h deste s\u00e1bado\",\"datePublished\":\"2024-05-04T15:13:25+00:00\",\"dateModified\":\"2024-05-04T15:13:32+00:00\",\"mainEntityOfPage\":{\"@id\":\"https:\\\/\\\/folhapopular.info\\\/index.php\\\/2024\\\/05\\\/04\\\/defesa-civil-estadual-atualiza-balanco-das-enchentes-no-rs-as-12h-deste-sabado\\\/\"},\"wordCount\":239,\"commentCount\":0,\"image\":{\"@id\":\"https:\\\/\\\/folhapopular.info\\\/index.php\\\/2024\\\/05\\\/04\\\/defesa-civil-estadual-atualiza-balanco-das-enchentes-no-rs-as-12h-deste-sabado\\\/#primaryimage\"},\"thumbnailUrl\":\"https:\\\/\\\/folhapopular.info\\\/wp-content\\\/uploads\\\/2024\\\/05\\\/07084628_2083833_GDO.jpg\",\"keywords\":[\"defesa civil estadual\",\"Enchentes\"],\"articleSection\":[\"Destaques\",\"Enchentes\",\"Geral\"],\"inLanguage\":\"pt-BR\",\"potentialAction\":[{\"@type\":\"CommentAction\",\"name\":\"Comment\",\"target\":[\"https:\\\/\\\/folhapopular.info\\\/index.php\\\/2024\\\/05\\\/04\\\/defesa-civil-estadual-atualiza-balanco-das-enchentes-no-rs-as-12h-deste-sabado\\\/#respond\"]}]},{\"@type\":\"WebPage\",\"@id\":\"https:\\\/\\\/folhapopular.info\\\/index.php\\\/2024\\\/05\\\/04\\\/defesa-civil-estadual-atualiza-balanco-das-enchentes-no-rs-as-12h-deste-sabado\\\/\",\"url\":\"https:\\\/\\\/folhapopular.info\\\/index.php\\\/2024\\\/05\\\/04\\\/defesa-civil-estadual-atualiza-balanco-das-enchentes-no-rs-as-12h-deste-sabado\\\/\",\"name\":\"Defesa Civil estadual atualiza balan\u00e7o das enchentes no RS \u00e0s 12h deste s\u00e1bado - Folha Popular\",\"isPartOf\":{\"@id\":\"https:\\\/\\\/folhapopular.info\\\/#website\"},\"primaryImageOfPage\":{\"@id\":\"https:\\\/\\\/folhapopular.info\\\/index.php\\\/2024\\\/05\\\/04\\\/defesa-civil-estadual-atualiza-balanco-das-enchentes-no-rs-as-12h-deste-sabado\\\/#primaryimage\"},\"image\":{\"@id\":\"https:\\\/\\\/folhapopular.info\\\/index.php\\\/2024\\\/05\\\/04\\\/defesa-civil-estadual-atualiza-balanco-das-enchentes-no-rs-as-12h-deste-sabado\\\/#primaryimage\"},\"thumbnailUrl\":\"https:\\\/\\\/folhapopular.info\\\/wp-content\\\/uploads\\\/2024\\\/05\\\/07084628_2083833_GDO.jpg\",\"datePublished\":\"2024-05-04T15:13:25+00:00\",\"dateModified\":\"2024-05-04T15:13:32+00:00\",\"author\":{\"@id\":\"https:\\\/\\\/folhapopular.info\\\/#\\\/schema\\\/person\\\/2814e8a0df7643585a9ca38bc6eb9d4b\"},\"breadcrumb\":{\"@id\":\"https:\\\/\\\/folhapopular.info\\\/index.php\\\/2024\\\/05\\\/04\\\/defesa-civil-estadual-atualiza-balanco-das-enchentes-no-rs-as-12h-deste-sabado\\\/#breadcrumb\"},\"inLanguage\":\"pt-BR\",\"potentialAction\":[{\"@type\":\"ReadAction\",\"target\":[\"https:\\\/\\\/folhapopular.info\\\/index.php\\\/2024\\\/05\\\/04\\\/defesa-civil-estadual-atualiza-balanco-das-enchentes-no-rs-as-12h-deste-sabado\\\/\"]}]},{\"@type\":\"ImageObject\",\"inLanguage\":\"pt-BR\",\"@id\":\"https:\\\/\\\/folhapopular.info\\\/index.php\\\/2024\\\/05\\\/04\\\/defesa-civil-estadual-atualiza-balanco-das-enchentes-no-rs-as-12h-deste-sabado\\\/#primaryimage\",\"url\":\"https:\\\/\\\/folhapopular.info\\\/wp-content\\\/uploads\\\/2024\\\/05\\\/07084628_2083833_GDO.jpg\",\"contentUrl\":\"https:\\\/\\\/folhapopular.info\\\/wp-content\\\/uploads\\\/2024\\\/05\\\/07084628_2083833_GDO.jpg\",\"width\":800,\"height\":453,\"caption\":\"Cr\u00e9dito: Defesa Civil RS \\\/ Divulga\u00e7\u00e3o\"},{\"@type\":\"BreadcrumbList\",\"@id\":\"https:\\\/\\\/folhapopular.info\\\/index.php\\\/2024\\\/05\\\/04\\\/defesa-civil-estadual-atualiza-balanco-das-enchentes-no-rs-as-12h-deste-sabado\\\/#breadcrumb\",\"itemListElement\":[{\"@type\":\"ListItem\",\"position\":1,\"name\":\"In\u00edcio\",\"item\":\"https:\\\/\\\/folhapopular.info\\\/\"},{\"@type\":\"ListItem\",\"position\":2,\"name\":\"Defesa Civil estadual atualiza balan\u00e7o das enchentes no RS \u00e0s 12h deste s\u00e1bado\"}]},{\"@type\":\"WebSite\",\"@id\":\"https:\\\/\\\/folhapopular.info\\\/#website\",\"url\":\"https:\\\/\\\/folhapopular.info\\\/\",\"name\":\"Folha Popular\",\"description\":\"Onde voc\u00ea tem vez e voz\",\"potentialAction\":[{\"@type\":\"SearchAction\",\"target\":{\"@type\":\"EntryPoint\",\"urlTemplate\":\"https:\\\/\\\/folhapopular.info\\\/?s={search_term_string}\"},\"query-input\":{\"@type\":\"PropertyValueSpecification\",\"valueRequired\":true,\"valueName\":\"search_term_string\"}}],\"inLanguage\":\"pt-BR\"},{\"@type\":\"Person\",\"@id\":\"https:\\\/\\\/folhapopular.info\\\/#\\\/schema\\\/person\\\/2814e8a0df7643585a9ca38bc6eb9d4b\",\"name\":\"Reda\u00e7\u00e3o Folha Popular\",\"image\":{\"@type\":\"ImageObject\",\"inLanguage\":\"pt-BR\",\"@id\":\"https:\\\/\\\/folhapopular.info\\\/wp-content\\\/uploads\\\/2026\\\/04\\\/Folha-1.webp\",\"url\":\"https:\\\/\\\/folhapopular.info\\\/wp-content\\\/uploads\\\/2026\\\/04\\\/Folha-1.webp\",\"contentUrl\":\"https:\\\/\\\/folhapopular.info\\\/wp-content\\\/uploads\\\/2026\\\/04\\\/Folha-1.webp\",\"caption\":\"Reda\u00e7\u00e3o Folha Popular\"},\"url\":\"https:\\\/\\\/folhapopular.info\\\/index.php\\\/author\\\/redacao\\\/\"}]}<\/script>\n<!-- \/ Yoast SEO plugin. -->","yoast_head_json":{"title":"Defesa Civil estadual atualiza balan\u00e7o das enchentes no RS \u00e0s 12h deste s\u00e1bado - Folha Popular","robots":{"index":"index","follow":"follow","max-snippet":"max-snippet:-1","max-image-preview":"max-image-preview:large","max-video-preview":"max-video-preview:-1"},"canonical":"https:\/\/folhapopular.info\/index.php\/2024\/05\/04\/defesa-civil-estadual-atualiza-balanco-das-enchentes-no-rs-as-12h-deste-sabado\/","og_locale":"pt_BR","og_type":"article","og_title":"Defesa Civil estadual atualiza balan\u00e7o das enchentes no RS \u00e0s 12h deste s\u00e1bado - Folha Popular","og_description":"A Defesa Civil estadual divulgou relat\u00f3rio das 12h sobre as a\u00e7\u00f5es de resgate nas localidades atingidas. Eles s\u00e3o divulgados diariamente \u00e0s 9h, 12h, 18h. S\u00e3o 57 \u00f3bitos, dos quais 10 est\u00e3o em investiga\u00e7\u00e3o (n\u00e3o se sabe se foram causadas pelas chuvas). O n\u00famero subiu consideravelmente em rela\u00e7\u00e3o ao balan\u00e7o das 18h desta sexta-feira (3\/5), quando [&hellip;]","og_url":"https:\/\/folhapopular.info\/index.php\/2024\/05\/04\/defesa-civil-estadual-atualiza-balanco-das-enchentes-no-rs-as-12h-deste-sabado\/","og_site_name":"Folha Popular","article_published_time":"2024-05-04T15:13:25+00:00","article_modified_time":"2024-05-04T15:13:32+00:00","og_image":[{"width":800,"height":453,"url":"http:\/\/folhapopular.info\/wp-content\/uploads\/2024\/05\/07084628_2083833_GDO.jpg","type":"image\/jpeg"}],"author":"Reda\u00e7\u00e3o Folha Popular","twitter_card":"summary_large_image","twitter_misc":{"Escrito por":"Reda\u00e7\u00e3o Folha Popular","Est. tempo de leitura":"2 minutos"},"schema":{"@context":"https:\/\/schema.org","@graph":[{"@type":"Article","@id":"https:\/\/folhapopular.info\/index.php\/2024\/05\/04\/defesa-civil-estadual-atualiza-balanco-das-enchentes-no-rs-as-12h-deste-sabado\/#article","isPartOf":{"@id":"https:\/\/folhapopular.info\/index.php\/2024\/05\/04\/defesa-civil-estadual-atualiza-balanco-das-enchentes-no-rs-as-12h-deste-sabado\/"},"author":{"name":"Reda\u00e7\u00e3o Folha Popular","@id":"https:\/\/folhapopular.info\/#\/schema\/person\/2814e8a0df7643585a9ca38bc6eb9d4b"},"headline":"Defesa Civil estadual atualiza balan\u00e7o das enchentes no RS \u00e0s 12h deste s\u00e1bado","datePublished":"2024-05-04T15:13:25+00:00","dateModified":"2024-05-04T15:13:32+00:00","mainEntityOfPage":{"@id":"https:\/\/folhapopular.info\/index.php\/2024\/05\/04\/defesa-civil-estadual-atualiza-balanco-das-enchentes-no-rs-as-12h-deste-sabado\/"},"wordCount":239,"commentCount":0,"image":{"@id":"https:\/\/folhapopular.info\/index.php\/2024\/05\/04\/defesa-civil-estadual-atualiza-balanco-das-enchentes-no-rs-as-12h-deste-sabado\/#primaryimage"},"thumbnailUrl":"https:\/\/folhapopular.info\/wp-content\/uploads\/2024\/05\/07084628_2083833_GDO.jpg","keywords":["defesa civil estadual","Enchentes"],"articleSection":["Destaques","Enchentes","Geral"],"inLanguage":"pt-BR","potentialAction":[{"@type":"CommentAction","name":"Comment","target":["https:\/\/folhapopular.info\/index.php\/2024\/05\/04\/defesa-civil-estadual-atualiza-balanco-das-enchentes-no-rs-as-12h-deste-sabado\/#respond"]}]},{"@type":"WebPage","@id":"https:\/\/folhapopular.info\/index.php\/2024\/05\/04\/defesa-civil-estadual-atualiza-balanco-das-enchentes-no-rs-as-12h-deste-sabado\/","url":"https:\/\/folhapopular.info\/index.php\/2024\/05\/04\/defesa-civil-estadual-atualiza-balanco-das-enchentes-no-rs-as-12h-deste-sabado\/","name":"Defesa Civil estadual atualiza balan\u00e7o das enchentes no RS \u00e0s 12h deste s\u00e1bado - Folha Popular","isPartOf":{"@id":"https:\/\/folhapopular.info\/#website"},"primaryImageOfPage":{"@id":"https:\/\/folhapopular.info\/index.php\/2024\/05\/04\/defesa-civil-estadual-atualiza-balanco-das-enchentes-no-rs-as-12h-deste-sabado\/#primaryimage"},"image":{"@id":"https:\/\/folhapopular.info\/index.php\/2024\/05\/04\/defesa-civil-estadual-atualiza-balanco-das-enchentes-no-rs-as-12h-deste-sabado\/#primaryimage"},"thumbnailUrl":"https:\/\/folhapopular.info\/wp-content\/uploads\/2024\/05\/07084628_2083833_GDO.jpg","datePublished":"2024-05-04T15:13:25+00:00","dateModified":"2024-05-04T15:13:32+00:00","author":{"@id":"https:\/\/folhapopular.info\/#\/schema\/person\/2814e8a0df7643585a9ca38bc6eb9d4b"},"breadcrumb":{"@id":"https:\/\/folhapopular.info\/index.php\/2024\/05\/04\/defesa-civil-estadual-atualiza-balanco-das-enchentes-no-rs-as-12h-deste-sabado\/#breadcrumb"},"inLanguage":"pt-BR","potentialAction":[{"@type":"ReadAction","target":["https:\/\/folhapopular.info\/index.php\/2024\/05\/04\/defesa-civil-estadual-atualiza-balanco-das-enchentes-no-rs-as-12h-deste-sabado\/"]}]},{"@type":"ImageObject","inLanguage":"pt-BR","@id":"https:\/\/folhapopular.info\/index.php\/2024\/05\/04\/defesa-civil-estadual-atualiza-balanco-das-enchentes-no-rs-as-12h-deste-sabado\/#primaryimage","url":"https:\/\/folhapopular.info\/wp-content\/uploads\/2024\/05\/07084628_2083833_GDO.jpg","contentUrl":"https:\/\/folhapopular.info\/wp-content\/uploads\/2024\/05\/07084628_2083833_GDO.jpg","width":800,"height":453,"caption":"Cr\u00e9dito: Defesa Civil RS \/ Divulga\u00e7\u00e3o"},{"@type":"BreadcrumbList","@id":"https:\/\/folhapopular.info\/index.php\/2024\/05\/04\/defesa-civil-estadual-atualiza-balanco-das-enchentes-no-rs-as-12h-deste-sabado\/#breadcrumb","itemListElement":[{"@type":"ListItem","position":1,"name":"In\u00edcio","item":"https:\/\/folhapopular.info\/"},{"@type":"ListItem","position":2,"name":"Defesa Civil estadual atualiza balan\u00e7o das enchentes no RS \u00e0s 12h deste s\u00e1bado"}]},{"@type":"WebSite","@id":"https:\/\/folhapopular.info\/#website","url":"https:\/\/folhapopular.info\/","name":"Folha Popular","description":"Onde voc\u00ea tem vez e voz","potentialAction":[{"@type":"SearchAction","target":{"@type":"EntryPoint","urlTemplate":"https:\/\/folhapopular.info\/?s={search_term_string}"},"query-input":{"@type":"PropertyValueSpecification","valueRequired":true,"valueName":"search_term_string"}}],"inLanguage":"pt-BR"},{"@type":"Person","@id":"https:\/\/folhapopular.info\/#\/schema\/person\/2814e8a0df7643585a9ca38bc6eb9d4b","name":"Reda\u00e7\u00e3o Folha Popular","image":{"@type":"ImageObject","inLanguage":"pt-BR","@id":"https:\/\/folhapopular.info\/wp-content\/uploads\/2026\/04\/Folha-1.webp","url":"https:\/\/folhapopular.info\/wp-content\/uploads\/2026\/04\/Folha-1.webp","contentUrl":"https:\/\/folhapopular.info\/wp-content\/uploads\/2026\/04\/Folha-1.webp","caption":"Reda\u00e7\u00e3o Folha Popular"},"url":"https:\/\/folhapopular.info\/index.php\/author\/redacao\/"}]}},"jetpack_featured_media_url":"https:\/\/folhapopular.info\/wp-content\/uploads\/2024\/05\/07084628_2083833_GDO.jpg","jetpack_sharing_enabled":true,"amp_enabled":true,"_links":{"self":[{"href":"https:\/\/folhapopular.info\/index.php\/wp-json\/wp\/v2\/posts\/157127","targetHints":{"allow":["GET"]}}],"collection":[{"href":"https:\/\/folhapopular.info\/index.php\/wp-json\/wp\/v2\/posts"}],"about":[{"href":"https:\/\/folhapopular.info\/index.php\/wp-json\/wp\/v2\/types\/post"}],"author":[{"embeddable":true,"href":"https:\/\/folhapopular.info\/index.php\/wp-json\/wp\/v2\/users\/8"}],"replies":[{"embeddable":true,"href":"https:\/\/folhapopular.info\/index.php\/wp-json\/wp\/v2\/comments?post=157127"}],"version-history":[{"count":0,"href":"https:\/\/folhapopular.info\/index.php\/wp-json\/wp\/v2\/posts\/157127\/revisions"}],"wp:featuredmedia":[{"embeddable":true,"href":"https:\/\/folhapopular.info\/index.php\/wp-json\/wp\/v2\/media\/157087"}],"wp:attachment":[{"href":"https:\/\/folhapopular.info\/index.php\/wp-json\/wp\/v2\/media?parent=157127"}],"wp:term":[{"taxonomy":"category","embeddable":true,"href":"https:\/\/folhapopular.info\/index.php\/wp-json\/wp\/v2\/categories?post=157127"},{"taxonomy":"post_tag","embeddable":true,"href":"https:\/\/folhapopular.info\/index.php\/wp-json\/wp\/v2\/tags?post=157127"}],"curies":[{"name":"wp","href":"https:\/\/api.w.org\/{rel}","templated":true}]}}