{"id":157135,"date":"2024-05-04T18:34:29","date_gmt":"2024-05-04T21:34:29","guid":{"rendered":"https:\/\/folhapopular.info\/?p=157135"},"modified":"2024-05-04T18:34:32","modified_gmt":"2024-05-04T21:34:32","slug":"crianca-de-5-anos-e-mais-uma-vitima-sao-identificadas-em-roca-sales","status":"publish","type":"post","link":"https:\/\/folhapopular.info\/index.php\/2024\/05\/04\/crianca-de-5-anos-e-mais-uma-vitima-sao-identificadas-em-roca-sales\/","title":{"rendered":"Crian\u00e7a de 5 anos e mais uma v\u00edtima s\u00e3o identificadas em Roca Sales"},"content":{"rendered":"\n<p>Devido \u00e0 pouca comunica\u00e7\u00e3o em Roca Sales, o prefeito de Mu\u00e7um, Mateus Trojan, comunicou a identifica\u00e7\u00e3o de duas v\u00edtimas de soterramentos na cidade vizinha.<\/p>\n\n\n\n<p>Ariel Soares de Oliveira, de apenas 5 anos, e Silvane Soares, de 49 anos eram moradores da comunidade Pinheirinho, em Roca Sales. Ariel era aluno da rede municipal de Mu\u00e7um. &#8220;Temos registro de mais desaparecidos nas comunidades do interior de Roca, mas em Mu\u00e7um n\u00e3o h\u00e1 registros de \u00f3bitos ou desaparecimentos&#8221;, disse Trojan.<\/p>\n\n\n\n<p>Por uma quest\u00e3o de log\u00edstica, Mu\u00e7um auxiliou no processo de remo\u00e7\u00e3o das duas v\u00edtimas localizadas.<\/p>\n\n\n\n<p>At\u00e9 as 18h, o Governo do RS anunciava 62 mortes, sendo sete em investiga\u00e7\u00e3o. As duas v\u00edtimas n\u00e3o foram contabilizadas neste boletim.<\/p>\n","protected":false},"excerpt":{"rendered":"<p>Devido \u00e0 pouca comunica\u00e7\u00e3o em Roca Sales, o prefeito de Mu\u00e7um, Mateus Trojan, comunicou a identifica\u00e7\u00e3o de duas v\u00edtimas de soterramentos na cidade vizinha. Ariel Soares de Oliveira, de apenas 5 anos, e Silvane Soares, de 49 anos eram moradores da comunidade Pinheirinho, em Roca Sales. Ariel era aluno da rede municipal de Mu\u00e7um. &#8220;Temos [&hellip;]<\/p>\n","protected":false},"author":639,"featured_media":157136,"comment_status":"open","ping_status":"open","sticky":false,"template":"","format":"standard","meta":{"pmpro_default_level":"","_jetpack_memberships_contains_paid_content":false,"footnotes":""},"categories":[2,14970,3],"tags":[2257,707,7966],"class_list":{"0":"post-157135","1":"post","2":"type-post","3":"status-publish","4":"format-standard","5":"has-post-thumbnail","7":"category-featured","8":"category-enchentes","9":"category-geral","10":"tag-mucum","11":"tag-roca-sales","12":"tag-vitimas","13":"pmpro-has-access"},"yoast_head":"<!-- This site is optimized with the Yoast SEO plugin v27.5 - https:\/\/yoast.com\/product\/yoast-seo-wordpress\/ -->\n<title>Crian\u00e7a de 5 anos e mais uma v\u00edtima s\u00e3o identificadas em Roca Sales - Folha Popular<\/title>\n<meta name=\"robots\" content=\"index, follow, max-snippet:-1, max-image-preview:large, max-video-preview:-1\" \/>\n<link rel=\"canonical\" href=\"https:\/\/folhapopular.info\/index.php\/2024\/05\/04\/crianca-de-5-anos-e-mais-uma-vitima-sao-identificadas-em-roca-sales\/\" \/>\n<meta property=\"og:locale\" content=\"pt_BR\" \/>\n<meta property=\"og:type\" content=\"article\" \/>\n<meta property=\"og:title\" content=\"Crian\u00e7a de 5 anos e mais uma v\u00edtima s\u00e3o identificadas em Roca Sales - Folha Popular\" \/>\n<meta property=\"og:description\" content=\"Devido \u00e0 pouca comunica\u00e7\u00e3o em Roca Sales, o prefeito de Mu\u00e7um, Mateus Trojan, comunicou a identifica\u00e7\u00e3o de duas v\u00edtimas de soterramentos na cidade vizinha. Ariel Soares de Oliveira, de apenas 5 anos, e Silvane Soares, de 49 anos eram moradores da comunidade Pinheirinho, em Roca Sales. Ariel era aluno da rede municipal de Mu\u00e7um. &#8220;Temos [&hellip;]\" \/>\n<meta property=\"og:url\" content=\"https:\/\/folhapopular.info\/index.php\/2024\/05\/04\/crianca-de-5-anos-e-mais-uma-vitima-sao-identificadas-em-roca-sales\/\" \/>\n<meta property=\"og:site_name\" content=\"Folha Popular\" \/>\n<meta property=\"article:published_time\" content=\"2024-05-04T21:34:29+00:00\" \/>\n<meta property=\"article:modified_time\" content=\"2024-05-04T21:34:32+00:00\" \/>\n<meta property=\"og:image\" content=\"http:\/\/folhapopular.info\/wp-content\/uploads\/2024\/05\/WhatsApp-Image-2024-05-04-at-15.56.50.jpeg\" \/>\n\t<meta property=\"og:image:width\" content=\"1600\" \/>\n\t<meta property=\"og:image:height\" content=\"1200\" \/>\n\t<meta property=\"og:image:type\" content=\"image\/jpeg\" \/>\n<meta name=\"author\" content=\"Camille Lenz da Silva\" \/>\n<meta name=\"twitter:card\" content=\"summary_large_image\" \/>\n<meta name=\"twitter:label1\" content=\"Escrito por\" \/>\n\t<meta name=\"twitter:data1\" content=\"Camille Lenz da Silva\" \/>\n\t<meta name=\"twitter:label2\" content=\"Est. tempo de leitura\" \/>\n\t<meta name=\"twitter:data2\" content=\"1 minuto\" \/>\n<script type=\"application\/ld+json\" class=\"yoast-schema-graph\">{\"@context\":\"https:\\\/\\\/schema.org\",\"@graph\":[{\"@type\":\"Article\",\"@id\":\"https:\\\/\\\/folhapopular.info\\\/index.php\\\/2024\\\/05\\\/04\\\/crianca-de-5-anos-e-mais-uma-vitima-sao-identificadas-em-roca-sales\\\/#article\",\"isPartOf\":{\"@id\":\"https:\\\/\\\/folhapopular.info\\\/index.php\\\/2024\\\/05\\\/04\\\/crianca-de-5-anos-e-mais-uma-vitima-sao-identificadas-em-roca-sales\\\/\"},\"author\":{\"name\":\"Camille Lenz da Silva\",\"@id\":\"https:\\\/\\\/folhapopular.info\\\/#\\\/schema\\\/person\\\/f0b811f932ef2505faf473ffaef49df5\"},\"headline\":\"Crian\u00e7a de 5 anos e mais uma v\u00edtima s\u00e3o identificadas em Roca Sales\",\"datePublished\":\"2024-05-04T21:34:29+00:00\",\"dateModified\":\"2024-05-04T21:34:32+00:00\",\"mainEntityOfPage\":{\"@id\":\"https:\\\/\\\/folhapopular.info\\\/index.php\\\/2024\\\/05\\\/04\\\/crianca-de-5-anos-e-mais-uma-vitima-sao-identificadas-em-roca-sales\\\/\"},\"wordCount\":140,\"commentCount\":0,\"image\":{\"@id\":\"https:\\\/\\\/folhapopular.info\\\/index.php\\\/2024\\\/05\\\/04\\\/crianca-de-5-anos-e-mais-uma-vitima-sao-identificadas-em-roca-sales\\\/#primaryimage\"},\"thumbnailUrl\":\"https:\\\/\\\/folhapopular.info\\\/wp-content\\\/uploads\\\/2024\\\/05\\\/WhatsApp-Image-2024-05-04-at-15.56.50.jpeg\",\"keywords\":[\"Mu\u00e7um\",\"Roca Sales\",\"V\u00edtimas\"],\"articleSection\":[\"Destaques\",\"Enchentes\",\"Geral\"],\"inLanguage\":\"pt-BR\",\"potentialAction\":[{\"@type\":\"CommentAction\",\"name\":\"Comment\",\"target\":[\"https:\\\/\\\/folhapopular.info\\\/index.php\\\/2024\\\/05\\\/04\\\/crianca-de-5-anos-e-mais-uma-vitima-sao-identificadas-em-roca-sales\\\/#respond\"]}]},{\"@type\":\"WebPage\",\"@id\":\"https:\\\/\\\/folhapopular.info\\\/index.php\\\/2024\\\/05\\\/04\\\/crianca-de-5-anos-e-mais-uma-vitima-sao-identificadas-em-roca-sales\\\/\",\"url\":\"https:\\\/\\\/folhapopular.info\\\/index.php\\\/2024\\\/05\\\/04\\\/crianca-de-5-anos-e-mais-uma-vitima-sao-identificadas-em-roca-sales\\\/\",\"name\":\"Crian\u00e7a de 5 anos e mais uma v\u00edtima s\u00e3o identificadas em Roca Sales - Folha Popular\",\"isPartOf\":{\"@id\":\"https:\\\/\\\/folhapopular.info\\\/#website\"},\"primaryImageOfPage\":{\"@id\":\"https:\\\/\\\/folhapopular.info\\\/index.php\\\/2024\\\/05\\\/04\\\/crianca-de-5-anos-e-mais-uma-vitima-sao-identificadas-em-roca-sales\\\/#primaryimage\"},\"image\":{\"@id\":\"https:\\\/\\\/folhapopular.info\\\/index.php\\\/2024\\\/05\\\/04\\\/crianca-de-5-anos-e-mais-uma-vitima-sao-identificadas-em-roca-sales\\\/#primaryimage\"},\"thumbnailUrl\":\"https:\\\/\\\/folhapopular.info\\\/wp-content\\\/uploads\\\/2024\\\/05\\\/WhatsApp-Image-2024-05-04-at-15.56.50.jpeg\",\"datePublished\":\"2024-05-04T21:34:29+00:00\",\"dateModified\":\"2024-05-04T21:34:32+00:00\",\"author\":{\"@id\":\"https:\\\/\\\/folhapopular.info\\\/#\\\/schema\\\/person\\\/f0b811f932ef2505faf473ffaef49df5\"},\"breadcrumb\":{\"@id\":\"https:\\\/\\\/folhapopular.info\\\/index.php\\\/2024\\\/05\\\/04\\\/crianca-de-5-anos-e-mais-uma-vitima-sao-identificadas-em-roca-sales\\\/#breadcrumb\"},\"inLanguage\":\"pt-BR\",\"potentialAction\":[{\"@type\":\"ReadAction\",\"target\":[\"https:\\\/\\\/folhapopular.info\\\/index.php\\\/2024\\\/05\\\/04\\\/crianca-de-5-anos-e-mais-uma-vitima-sao-identificadas-em-roca-sales\\\/\"]}]},{\"@type\":\"ImageObject\",\"inLanguage\":\"pt-BR\",\"@id\":\"https:\\\/\\\/folhapopular.info\\\/index.php\\\/2024\\\/05\\\/04\\\/crianca-de-5-anos-e-mais-uma-vitima-sao-identificadas-em-roca-sales\\\/#primaryimage\",\"url\":\"https:\\\/\\\/folhapopular.info\\\/wp-content\\\/uploads\\\/2024\\\/05\\\/WhatsApp-Image-2024-05-04-at-15.56.50.jpeg\",\"contentUrl\":\"https:\\\/\\\/folhapopular.info\\\/wp-content\\\/uploads\\\/2024\\\/05\\\/WhatsApp-Image-2024-05-04-at-15.56.50.jpeg\",\"width\":1600,\"height\":1200,\"caption\":\"Cr\u00e9dito: Ketlin Abreu\"},{\"@type\":\"BreadcrumbList\",\"@id\":\"https:\\\/\\\/folhapopular.info\\\/index.php\\\/2024\\\/05\\\/04\\\/crianca-de-5-anos-e-mais-uma-vitima-sao-identificadas-em-roca-sales\\\/#breadcrumb\",\"itemListElement\":[{\"@type\":\"ListItem\",\"position\":1,\"name\":\"In\u00edcio\",\"item\":\"https:\\\/\\\/folhapopular.info\\\/\"},{\"@type\":\"ListItem\",\"position\":2,\"name\":\"Crian\u00e7a de 5 anos e mais uma v\u00edtima s\u00e3o identificadas em Roca Sales\"}]},{\"@type\":\"WebSite\",\"@id\":\"https:\\\/\\\/folhapopular.info\\\/#website\",\"url\":\"https:\\\/\\\/folhapopular.info\\\/\",\"name\":\"Folha Popular\",\"description\":\"Onde voc\u00ea tem vez e voz\",\"potentialAction\":[{\"@type\":\"SearchAction\",\"target\":{\"@type\":\"EntryPoint\",\"urlTemplate\":\"https:\\\/\\\/folhapopular.info\\\/?s={search_term_string}\"},\"query-input\":{\"@type\":\"PropertyValueSpecification\",\"valueRequired\":true,\"valueName\":\"search_term_string\"}}],\"inLanguage\":\"pt-BR\"},{\"@type\":\"Person\",\"@id\":\"https:\\\/\\\/folhapopular.info\\\/#\\\/schema\\\/person\\\/f0b811f932ef2505faf473ffaef49df5\",\"name\":\"Camille Lenz da Silva\",\"image\":{\"@type\":\"ImageObject\",\"inLanguage\":\"pt-BR\",\"@id\":\"https:\\\/\\\/secure.gravatar.com\\\/avatar\\\/50be826d73ca259ec0e0a88a407f5de800c576c46cfdc57e50ef28551e216fff?s=96&d=mm&r=g\",\"url\":\"https:\\\/\\\/secure.gravatar.com\\\/avatar\\\/50be826d73ca259ec0e0a88a407f5de800c576c46cfdc57e50ef28551e216fff?s=96&d=mm&r=g\",\"contentUrl\":\"https:\\\/\\\/secure.gravatar.com\\\/avatar\\\/50be826d73ca259ec0e0a88a407f5de800c576c46cfdc57e50ef28551e216fff?s=96&d=mm&r=g\",\"caption\":\"Camille Lenz da Silva\"},\"url\":\"https:\\\/\\\/folhapopular.info\\\/index.php\\\/author\\\/camillelenzgmail-com\\\/\"}]}<\/script>\n<!-- \/ Yoast SEO plugin. -->","yoast_head_json":{"title":"Crian\u00e7a de 5 anos e mais uma v\u00edtima s\u00e3o identificadas em Roca Sales - Folha Popular","robots":{"index":"index","follow":"follow","max-snippet":"max-snippet:-1","max-image-preview":"max-image-preview:large","max-video-preview":"max-video-preview:-1"},"canonical":"https:\/\/folhapopular.info\/index.php\/2024\/05\/04\/crianca-de-5-anos-e-mais-uma-vitima-sao-identificadas-em-roca-sales\/","og_locale":"pt_BR","og_type":"article","og_title":"Crian\u00e7a de 5 anos e mais uma v\u00edtima s\u00e3o identificadas em Roca Sales - Folha Popular","og_description":"Devido \u00e0 pouca comunica\u00e7\u00e3o em Roca Sales, o prefeito de Mu\u00e7um, Mateus Trojan, comunicou a identifica\u00e7\u00e3o de duas v\u00edtimas de soterramentos na cidade vizinha. Ariel Soares de Oliveira, de apenas 5 anos, e Silvane Soares, de 49 anos eram moradores da comunidade Pinheirinho, em Roca Sales. Ariel era aluno da rede municipal de Mu\u00e7um. &#8220;Temos [&hellip;]","og_url":"https:\/\/folhapopular.info\/index.php\/2024\/05\/04\/crianca-de-5-anos-e-mais-uma-vitima-sao-identificadas-em-roca-sales\/","og_site_name":"Folha Popular","article_published_time":"2024-05-04T21:34:29+00:00","article_modified_time":"2024-05-04T21:34:32+00:00","og_image":[{"width":1600,"height":1200,"url":"http:\/\/folhapopular.info\/wp-content\/uploads\/2024\/05\/WhatsApp-Image-2024-05-04-at-15.56.50.jpeg","type":"image\/jpeg"}],"author":"Camille Lenz da Silva","twitter_card":"summary_large_image","twitter_misc":{"Escrito por":"Camille Lenz da Silva","Est. tempo de leitura":"1 minuto"},"schema":{"@context":"https:\/\/schema.org","@graph":[{"@type":"Article","@id":"https:\/\/folhapopular.info\/index.php\/2024\/05\/04\/crianca-de-5-anos-e-mais-uma-vitima-sao-identificadas-em-roca-sales\/#article","isPartOf":{"@id":"https:\/\/folhapopular.info\/index.php\/2024\/05\/04\/crianca-de-5-anos-e-mais-uma-vitima-sao-identificadas-em-roca-sales\/"},"author":{"name":"Camille Lenz da Silva","@id":"https:\/\/folhapopular.info\/#\/schema\/person\/f0b811f932ef2505faf473ffaef49df5"},"headline":"Crian\u00e7a de 5 anos e mais uma v\u00edtima s\u00e3o identificadas em Roca Sales","datePublished":"2024-05-04T21:34:29+00:00","dateModified":"2024-05-04T21:34:32+00:00","mainEntityOfPage":{"@id":"https:\/\/folhapopular.info\/index.php\/2024\/05\/04\/crianca-de-5-anos-e-mais-uma-vitima-sao-identificadas-em-roca-sales\/"},"wordCount":140,"commentCount":0,"image":{"@id":"https:\/\/folhapopular.info\/index.php\/2024\/05\/04\/crianca-de-5-anos-e-mais-uma-vitima-sao-identificadas-em-roca-sales\/#primaryimage"},"thumbnailUrl":"https:\/\/folhapopular.info\/wp-content\/uploads\/2024\/05\/WhatsApp-Image-2024-05-04-at-15.56.50.jpeg","keywords":["Mu\u00e7um","Roca Sales","V\u00edtimas"],"articleSection":["Destaques","Enchentes","Geral"],"inLanguage":"pt-BR","potentialAction":[{"@type":"CommentAction","name":"Comment","target":["https:\/\/folhapopular.info\/index.php\/2024\/05\/04\/crianca-de-5-anos-e-mais-uma-vitima-sao-identificadas-em-roca-sales\/#respond"]}]},{"@type":"WebPage","@id":"https:\/\/folhapopular.info\/index.php\/2024\/05\/04\/crianca-de-5-anos-e-mais-uma-vitima-sao-identificadas-em-roca-sales\/","url":"https:\/\/folhapopular.info\/index.php\/2024\/05\/04\/crianca-de-5-anos-e-mais-uma-vitima-sao-identificadas-em-roca-sales\/","name":"Crian\u00e7a de 5 anos e mais uma v\u00edtima s\u00e3o identificadas em Roca Sales - Folha Popular","isPartOf":{"@id":"https:\/\/folhapopular.info\/#website"},"primaryImageOfPage":{"@id":"https:\/\/folhapopular.info\/index.php\/2024\/05\/04\/crianca-de-5-anos-e-mais-uma-vitima-sao-identificadas-em-roca-sales\/#primaryimage"},"image":{"@id":"https:\/\/folhapopular.info\/index.php\/2024\/05\/04\/crianca-de-5-anos-e-mais-uma-vitima-sao-identificadas-em-roca-sales\/#primaryimage"},"thumbnailUrl":"https:\/\/folhapopular.info\/wp-content\/uploads\/2024\/05\/WhatsApp-Image-2024-05-04-at-15.56.50.jpeg","datePublished":"2024-05-04T21:34:29+00:00","dateModified":"2024-05-04T21:34:32+00:00","author":{"@id":"https:\/\/folhapopular.info\/#\/schema\/person\/f0b811f932ef2505faf473ffaef49df5"},"breadcrumb":{"@id":"https:\/\/folhapopular.info\/index.php\/2024\/05\/04\/crianca-de-5-anos-e-mais-uma-vitima-sao-identificadas-em-roca-sales\/#breadcrumb"},"inLanguage":"pt-BR","potentialAction":[{"@type":"ReadAction","target":["https:\/\/folhapopular.info\/index.php\/2024\/05\/04\/crianca-de-5-anos-e-mais-uma-vitima-sao-identificadas-em-roca-sales\/"]}]},{"@type":"ImageObject","inLanguage":"pt-BR","@id":"https:\/\/folhapopular.info\/index.php\/2024\/05\/04\/crianca-de-5-anos-e-mais-uma-vitima-sao-identificadas-em-roca-sales\/#primaryimage","url":"https:\/\/folhapopular.info\/wp-content\/uploads\/2024\/05\/WhatsApp-Image-2024-05-04-at-15.56.50.jpeg","contentUrl":"https:\/\/folhapopular.info\/wp-content\/uploads\/2024\/05\/WhatsApp-Image-2024-05-04-at-15.56.50.jpeg","width":1600,"height":1200,"caption":"Cr\u00e9dito: Ketlin Abreu"},{"@type":"BreadcrumbList","@id":"https:\/\/folhapopular.info\/index.php\/2024\/05\/04\/crianca-de-5-anos-e-mais-uma-vitima-sao-identificadas-em-roca-sales\/#breadcrumb","itemListElement":[{"@type":"ListItem","position":1,"name":"In\u00edcio","item":"https:\/\/folhapopular.info\/"},{"@type":"ListItem","position":2,"name":"Crian\u00e7a de 5 anos e mais uma v\u00edtima s\u00e3o identificadas em Roca Sales"}]},{"@type":"WebSite","@id":"https:\/\/folhapopular.info\/#website","url":"https:\/\/folhapopular.info\/","name":"Folha Popular","description":"Onde voc\u00ea tem vez e voz","potentialAction":[{"@type":"SearchAction","target":{"@type":"EntryPoint","urlTemplate":"https:\/\/folhapopular.info\/?s={search_term_string}"},"query-input":{"@type":"PropertyValueSpecification","valueRequired":true,"valueName":"search_term_string"}}],"inLanguage":"pt-BR"},{"@type":"Person","@id":"https:\/\/folhapopular.info\/#\/schema\/person\/f0b811f932ef2505faf473ffaef49df5","name":"Camille Lenz da Silva","image":{"@type":"ImageObject","inLanguage":"pt-BR","@id":"https:\/\/secure.gravatar.com\/avatar\/50be826d73ca259ec0e0a88a407f5de800c576c46cfdc57e50ef28551e216fff?s=96&d=mm&r=g","url":"https:\/\/secure.gravatar.com\/avatar\/50be826d73ca259ec0e0a88a407f5de800c576c46cfdc57e50ef28551e216fff?s=96&d=mm&r=g","contentUrl":"https:\/\/secure.gravatar.com\/avatar\/50be826d73ca259ec0e0a88a407f5de800c576c46cfdc57e50ef28551e216fff?s=96&d=mm&r=g","caption":"Camille Lenz da Silva"},"url":"https:\/\/folhapopular.info\/index.php\/author\/camillelenzgmail-com\/"}]}},"jetpack_featured_media_url":"https:\/\/folhapopular.info\/wp-content\/uploads\/2024\/05\/WhatsApp-Image-2024-05-04-at-15.56.50.jpeg","jetpack_sharing_enabled":true,"amp_enabled":true,"_links":{"self":[{"href":"https:\/\/folhapopular.info\/index.php\/wp-json\/wp\/v2\/posts\/157135","targetHints":{"allow":["GET"]}}],"collection":[{"href":"https:\/\/folhapopular.info\/index.php\/wp-json\/wp\/v2\/posts"}],"about":[{"href":"https:\/\/folhapopular.info\/index.php\/wp-json\/wp\/v2\/types\/post"}],"author":[{"embeddable":true,"href":"https:\/\/folhapopular.info\/index.php\/wp-json\/wp\/v2\/users\/639"}],"replies":[{"embeddable":true,"href":"https:\/\/folhapopular.info\/index.php\/wp-json\/wp\/v2\/comments?post=157135"}],"version-history":[{"count":0,"href":"https:\/\/folhapopular.info\/index.php\/wp-json\/wp\/v2\/posts\/157135\/revisions"}],"wp:featuredmedia":[{"embeddable":true,"href":"https:\/\/folhapopular.info\/index.php\/wp-json\/wp\/v2\/media\/157136"}],"wp:attachment":[{"href":"https:\/\/folhapopular.info\/index.php\/wp-json\/wp\/v2\/media?parent=157135"}],"wp:term":[{"taxonomy":"category","embeddable":true,"href":"https:\/\/folhapopular.info\/index.php\/wp-json\/wp\/v2\/categories?post=157135"},{"taxonomy":"post_tag","embeddable":true,"href":"https:\/\/folhapopular.info\/index.php\/wp-json\/wp\/v2\/tags?post=157135"}],"curies":[{"name":"wp","href":"https:\/\/api.w.org\/{rel}","templated":true}]}}