{"id":157189,"date":"2024-05-06T20:47:30","date_gmt":"2024-05-06T23:47:30","guid":{"rendered":"https:\/\/folhapopular.info\/?p=157189"},"modified":"2024-05-06T20:57:06","modified_gmt":"2024-05-06T23:57:06","slug":"situacao-critica-nos-vales-e-poa-se-mantera-por-longo-periodo-avisa-metsul","status":"publish","type":"post","link":"https:\/\/folhapopular.info\/index.php\/2024\/05\/06\/situacao-critica-nos-vales-e-poa-se-mantera-por-longo-periodo-avisa-metsul\/","title":{"rendered":"Situa\u00e7\u00e3o cr\u00edtica nos Vales e POA se manter\u00e1 por longo per\u00edodo, avisa MetSul"},"content":{"rendered":"\n<p>A <a href=\"https:\/\/metsul.com\/situacao-continuara-critica-em-areas-sob-enchente-por-muito-longo-periodo\/\" target=\"_blank\" rel=\"noreferrer noopener\">MetSul Meteorologia<\/a> alerta que o cen\u00e1rio cr\u00edtico que se registra nos Vales, em Porto Alegre, na regi\u00e3o metropolitana e em outras cidades assoladas por enchentes seguir\u00e1 com extrema gravidade por um longo per\u00edodo de tempo.<\/p>\n\n\n\n<p>A situa\u00e7\u00e3o deve causar colapso de servi\u00e7os p\u00fablicos e a manuten\u00e7\u00e3o de alagamentos e inunda\u00e7\u00f5es. A MetSul adverte que alguns pontos de Porto Alegre e regi\u00e3o, assim como dos Vales &#8211; os mais castigados pela enchente &#8211; ser\u00e3o inabit\u00e1veis por semanas a meses pela destrui\u00e7\u00e3o das moradias, da infraestrutura e dos servi\u00e7os p\u00fablicos essenciais, que ter\u00e3o que ser reconstru\u00eddos.<\/p>\n\n\n\n<p>O n\u00edvel do Gua\u00edba est\u00e1 ainda muito perto do pico superior a 5,30 metros alcan\u00e7ado no fim de semana. Embora a diminui\u00e7\u00e3o da vaz\u00e3o, o n\u00edvel alto da Lagoa dos Patos e o grande volume de \u00e1gua descendo complicam o escoamento, mesmo com condi\u00e7\u00f5es favor\u00e1veis de vento. &#8220;Isso j\u00e1 havia sido observado na grande enchente de 3,18 metros de setembro do ano passado. O cen\u00e1rio se complica porque as condi\u00e7\u00f5es meteorol\u00f3gicas, hoje excelentes, n\u00e3o v\u00e3o seguir assim&#8221;. <\/p>\n\n\n\n<p>Na quarta-feira (8\/5), as \u00e1reas atingidas pelas enchentes na grande Porto Alegre e nos Vales podem voltar a ter chuva, mas n\u00e3o ser\u00e1 uma precipita\u00e7\u00e3o com volumes altos que venha a interferir no n\u00edvel dos rios. J\u00e1 na quinta-feira, o ingresso de ar frio sem forte intensidade, al\u00e9m de trazer um refresco, vai ser respons\u00e1vel por causar vento no Norte da Lagoa dos Patos. <\/p>\n\n\n\n<p>O efeito ser\u00e1 o represamento do Gua\u00edba, que pode apresentar alta ou mesmo ter sua queda estancada ou reduzida por cerca de um dia. A maior preocupa\u00e7\u00e3o est\u00e1 nos indicativos dos modelos num\u00e9ricos de que, entre os dias 10 e 15 de maio, haveria um novo epis\u00f3dio de instabilidade com risco de chuva excessiva no Rio Grande do Sul. Sem os volumes do fim de abril e do come\u00e7o de maio, mas que podem atingir acumulados elevados. A chuva afetaria Porto Alegre e as cabeceiras dos rios que desembocam no Gua\u00edba.<\/p>\n\n\n\n<p>Al\u00e9m de interferir nos n\u00edveis dos rios, a chuva poder\u00e1 trazer outro desdobramento. Como a rede pluvial est\u00e1 inundada em Porto Alegre pelas \u00e1guas do Gua\u00edba e por outros rios nas cidades do entorno, a \u00e1gua da chuva n\u00e3o vai conseguir escoar. N\u00e3o ser\u00e1 absorvida pela macrodrenagem, j\u00e1 saturada e colocando \u00e1gua para fora hoje por bueiros e bocas de lobo sob tempo ensolarado. <\/p>\n\n\n\n<p>Assim, os cen\u00e1rios hidrol\u00f3gico e meteorol\u00f3gico em curto e m\u00e9dio prazos n\u00e3o s\u00e3o nada favor\u00e1veis. Apesar de melhora em parte do estado, algumas \u00e1reas seguir\u00e3o ainda por um per\u00edodo muito longo sob condi\u00e7\u00f5es extremamente graves. Enchente de propor\u00e7\u00e3o sem precedentes como a que se experimenta tem consequ\u00eancias de longo prazo.<\/p>\n\n\n\n<p>*Com informa\u00e7\u00f5es da MetSul Meteorologia<\/p>\n","protected":false},"excerpt":{"rendered":"<p>A MetSul Meteorologia alerta que o cen\u00e1rio cr\u00edtico que se registra nos Vales, em Porto Alegre, na regi\u00e3o metropolitana e em outras cidades assoladas por enchentes seguir\u00e1 com extrema gravidade por um longo per\u00edodo de tempo. A situa\u00e7\u00e3o deve causar colapso de servi\u00e7os p\u00fablicos e a manuten\u00e7\u00e3o de alagamentos e inunda\u00e7\u00f5es. A MetSul adverte que [&hellip;]<\/p>\n","protected":false},"author":8,"featured_media":157190,"comment_status":"open","ping_status":"open","sticky":false,"template":"","format":"standard","meta":{"pmpro_default_level":"","_jetpack_memberships_contains_paid_content":false,"footnotes":""},"categories":[12655,2,14970,3],"tags":[12604,2441,156,5529],"class_list":{"0":"post-157189","1":"post","2":"type-post","3":"status-publish","4":"format-standard","5":"has-post-thumbnail","7":"category-clima","8":"category-featured","9":"category-enchentes","10":"category-geral","11":"tag-metsul","12":"tag-porto-alegre","13":"tag-vale-do-taquari","14":"tag-vales","15":"pmpro-has-access"},"yoast_head":"<!-- This site is optimized with the Yoast SEO plugin v27.4 - https:\/\/yoast.com\/product\/yoast-seo-wordpress\/ -->\n<title>Situa\u00e7\u00e3o cr\u00edtica nos Vales e POA se manter\u00e1 por longo per\u00edodo, avisa MetSul - Folha Popular<\/title>\n<meta name=\"robots\" content=\"index, follow, max-snippet:-1, max-image-preview:large, max-video-preview:-1\" \/>\n<link rel=\"canonical\" href=\"https:\/\/folhapopular.info\/index.php\/2024\/05\/06\/situacao-critica-nos-vales-e-poa-se-mantera-por-longo-periodo-avisa-metsul\/\" \/>\n<meta property=\"og:locale\" content=\"pt_BR\" \/>\n<meta property=\"og:type\" content=\"article\" \/>\n<meta property=\"og:title\" content=\"Situa\u00e7\u00e3o cr\u00edtica nos Vales e POA se manter\u00e1 por longo per\u00edodo, avisa MetSul - Folha Popular\" \/>\n<meta property=\"og:description\" content=\"A MetSul Meteorologia alerta que o cen\u00e1rio cr\u00edtico que se registra nos Vales, em Porto Alegre, na regi\u00e3o metropolitana e em outras cidades assoladas por enchentes seguir\u00e1 com extrema gravidade por um longo per\u00edodo de tempo. A situa\u00e7\u00e3o deve causar colapso de servi\u00e7os p\u00fablicos e a manuten\u00e7\u00e3o de alagamentos e inunda\u00e7\u00f5es. A MetSul adverte que [&hellip;]\" \/>\n<meta property=\"og:url\" content=\"https:\/\/folhapopular.info\/index.php\/2024\/05\/06\/situacao-critica-nos-vales-e-poa-se-mantera-por-longo-periodo-avisa-metsul\/\" \/>\n<meta property=\"og:site_name\" content=\"Folha Popular\" \/>\n<meta property=\"article:published_time\" content=\"2024-05-06T23:47:30+00:00\" \/>\n<meta property=\"article:modified_time\" content=\"2024-05-06T23:57:06+00:00\" \/>\n<meta property=\"og:image\" content=\"http:\/\/folhapopular.info\/wp-content\/uploads\/2024\/05\/WhatsApp-Image-2024-05-06-at-20.10.22.jpeg\" \/>\n\t<meta property=\"og:image:width\" content=\"1600\" \/>\n\t<meta property=\"og:image:height\" content=\"1066\" \/>\n\t<meta property=\"og:image:type\" content=\"image\/jpeg\" \/>\n<meta name=\"author\" content=\"Reda\u00e7\u00e3o Folha Popular\" \/>\n<meta name=\"twitter:card\" content=\"summary_large_image\" \/>\n<meta name=\"twitter:label1\" content=\"Escrito por\" \/>\n\t<meta name=\"twitter:data1\" content=\"Reda\u00e7\u00e3o Folha Popular\" \/>\n\t<meta name=\"twitter:label2\" content=\"Est. tempo de leitura\" \/>\n\t<meta name=\"twitter:data2\" content=\"3 minutos\" \/>\n<script type=\"application\/ld+json\" class=\"yoast-schema-graph\">{\"@context\":\"https:\\\/\\\/schema.org\",\"@graph\":[{\"@type\":\"Article\",\"@id\":\"https:\\\/\\\/folhapopular.info\\\/index.php\\\/2024\\\/05\\\/06\\\/situacao-critica-nos-vales-e-poa-se-mantera-por-longo-periodo-avisa-metsul\\\/#article\",\"isPartOf\":{\"@id\":\"https:\\\/\\\/folhapopular.info\\\/index.php\\\/2024\\\/05\\\/06\\\/situacao-critica-nos-vales-e-poa-se-mantera-por-longo-periodo-avisa-metsul\\\/\"},\"author\":{\"name\":\"Reda\u00e7\u00e3o Folha Popular\",\"@id\":\"https:\\\/\\\/folhapopular.info\\\/#\\\/schema\\\/person\\\/2814e8a0df7643585a9ca38bc6eb9d4b\"},\"headline\":\"Situa\u00e7\u00e3o cr\u00edtica nos Vales e POA se manter\u00e1 por longo per\u00edodo, avisa MetSul\",\"datePublished\":\"2024-05-06T23:47:30+00:00\",\"dateModified\":\"2024-05-06T23:57:06+00:00\",\"mainEntityOfPage\":{\"@id\":\"https:\\\/\\\/folhapopular.info\\\/index.php\\\/2024\\\/05\\\/06\\\/situacao-critica-nos-vales-e-poa-se-mantera-por-longo-periodo-avisa-metsul\\\/\"},\"wordCount\":516,\"commentCount\":0,\"image\":{\"@id\":\"https:\\\/\\\/folhapopular.info\\\/index.php\\\/2024\\\/05\\\/06\\\/situacao-critica-nos-vales-e-poa-se-mantera-por-longo-periodo-avisa-metsul\\\/#primaryimage\"},\"thumbnailUrl\":\"https:\\\/\\\/folhapopular.info\\\/wp-content\\\/uploads\\\/2024\\\/05\\\/WhatsApp-Image-2024-05-06-at-20.10.22.jpeg\",\"keywords\":[\"metsul\",\"Porto Alegre\",\"Vale do Taquari\",\"Vales\"],\"articleSection\":[\"Clima\",\"Destaques\",\"Enchentes\",\"Geral\"],\"inLanguage\":\"pt-BR\",\"potentialAction\":[{\"@type\":\"CommentAction\",\"name\":\"Comment\",\"target\":[\"https:\\\/\\\/folhapopular.info\\\/index.php\\\/2024\\\/05\\\/06\\\/situacao-critica-nos-vales-e-poa-se-mantera-por-longo-periodo-avisa-metsul\\\/#respond\"]}]},{\"@type\":\"WebPage\",\"@id\":\"https:\\\/\\\/folhapopular.info\\\/index.php\\\/2024\\\/05\\\/06\\\/situacao-critica-nos-vales-e-poa-se-mantera-por-longo-periodo-avisa-metsul\\\/\",\"url\":\"https:\\\/\\\/folhapopular.info\\\/index.php\\\/2024\\\/05\\\/06\\\/situacao-critica-nos-vales-e-poa-se-mantera-por-longo-periodo-avisa-metsul\\\/\",\"name\":\"Situa\u00e7\u00e3o cr\u00edtica nos Vales e POA se manter\u00e1 por longo per\u00edodo, avisa MetSul - Folha Popular\",\"isPartOf\":{\"@id\":\"https:\\\/\\\/folhapopular.info\\\/#website\"},\"primaryImageOfPage\":{\"@id\":\"https:\\\/\\\/folhapopular.info\\\/index.php\\\/2024\\\/05\\\/06\\\/situacao-critica-nos-vales-e-poa-se-mantera-por-longo-periodo-avisa-metsul\\\/#primaryimage\"},\"image\":{\"@id\":\"https:\\\/\\\/folhapopular.info\\\/index.php\\\/2024\\\/05\\\/06\\\/situacao-critica-nos-vales-e-poa-se-mantera-por-longo-periodo-avisa-metsul\\\/#primaryimage\"},\"thumbnailUrl\":\"https:\\\/\\\/folhapopular.info\\\/wp-content\\\/uploads\\\/2024\\\/05\\\/WhatsApp-Image-2024-05-06-at-20.10.22.jpeg\",\"datePublished\":\"2024-05-06T23:47:30+00:00\",\"dateModified\":\"2024-05-06T23:57:06+00:00\",\"author\":{\"@id\":\"https:\\\/\\\/folhapopular.info\\\/#\\\/schema\\\/person\\\/2814e8a0df7643585a9ca38bc6eb9d4b\"},\"breadcrumb\":{\"@id\":\"https:\\\/\\\/folhapopular.info\\\/index.php\\\/2024\\\/05\\\/06\\\/situacao-critica-nos-vales-e-poa-se-mantera-por-longo-periodo-avisa-metsul\\\/#breadcrumb\"},\"inLanguage\":\"pt-BR\",\"potentialAction\":[{\"@type\":\"ReadAction\",\"target\":[\"https:\\\/\\\/folhapopular.info\\\/index.php\\\/2024\\\/05\\\/06\\\/situacao-critica-nos-vales-e-poa-se-mantera-por-longo-periodo-avisa-metsul\\\/\"]}]},{\"@type\":\"ImageObject\",\"inLanguage\":\"pt-BR\",\"@id\":\"https:\\\/\\\/folhapopular.info\\\/index.php\\\/2024\\\/05\\\/06\\\/situacao-critica-nos-vales-e-poa-se-mantera-por-longo-periodo-avisa-metsul\\\/#primaryimage\",\"url\":\"https:\\\/\\\/folhapopular.info\\\/wp-content\\\/uploads\\\/2024\\\/05\\\/WhatsApp-Image-2024-05-06-at-20.10.22.jpeg\",\"contentUrl\":\"https:\\\/\\\/folhapopular.info\\\/wp-content\\\/uploads\\\/2024\\\/05\\\/WhatsApp-Image-2024-05-06-at-20.10.22.jpeg\",\"width\":1600,\"height\":1066,\"caption\":\"Cr\u00e9dito: Carla Beckmann\"},{\"@type\":\"BreadcrumbList\",\"@id\":\"https:\\\/\\\/folhapopular.info\\\/index.php\\\/2024\\\/05\\\/06\\\/situacao-critica-nos-vales-e-poa-se-mantera-por-longo-periodo-avisa-metsul\\\/#breadcrumb\",\"itemListElement\":[{\"@type\":\"ListItem\",\"position\":1,\"name\":\"In\u00edcio\",\"item\":\"https:\\\/\\\/folhapopular.info\\\/\"},{\"@type\":\"ListItem\",\"position\":2,\"name\":\"Situa\u00e7\u00e3o cr\u00edtica nos Vales e POA se manter\u00e1 por longo per\u00edodo, avisa MetSul\"}]},{\"@type\":\"WebSite\",\"@id\":\"https:\\\/\\\/folhapopular.info\\\/#website\",\"url\":\"https:\\\/\\\/folhapopular.info\\\/\",\"name\":\"Folha Popular\",\"description\":\"Onde voc\u00ea tem vez e voz\",\"potentialAction\":[{\"@type\":\"SearchAction\",\"target\":{\"@type\":\"EntryPoint\",\"urlTemplate\":\"https:\\\/\\\/folhapopular.info\\\/?s={search_term_string}\"},\"query-input\":{\"@type\":\"PropertyValueSpecification\",\"valueRequired\":true,\"valueName\":\"search_term_string\"}}],\"inLanguage\":\"pt-BR\"},{\"@type\":\"Person\",\"@id\":\"https:\\\/\\\/folhapopular.info\\\/#\\\/schema\\\/person\\\/2814e8a0df7643585a9ca38bc6eb9d4b\",\"name\":\"Reda\u00e7\u00e3o Folha Popular\",\"image\":{\"@type\":\"ImageObject\",\"inLanguage\":\"pt-BR\",\"@id\":\"https:\\\/\\\/folhapopular.info\\\/wp-content\\\/uploads\\\/2026\\\/04\\\/Folha-1.webp\",\"url\":\"https:\\\/\\\/folhapopular.info\\\/wp-content\\\/uploads\\\/2026\\\/04\\\/Folha-1.webp\",\"contentUrl\":\"https:\\\/\\\/folhapopular.info\\\/wp-content\\\/uploads\\\/2026\\\/04\\\/Folha-1.webp\",\"caption\":\"Reda\u00e7\u00e3o Folha Popular\"},\"url\":\"https:\\\/\\\/folhapopular.info\\\/index.php\\\/author\\\/redacao\\\/\"}]}<\/script>\n<!-- \/ Yoast SEO plugin. -->","yoast_head_json":{"title":"Situa\u00e7\u00e3o cr\u00edtica nos Vales e POA se manter\u00e1 por longo per\u00edodo, avisa MetSul - Folha Popular","robots":{"index":"index","follow":"follow","max-snippet":"max-snippet:-1","max-image-preview":"max-image-preview:large","max-video-preview":"max-video-preview:-1"},"canonical":"https:\/\/folhapopular.info\/index.php\/2024\/05\/06\/situacao-critica-nos-vales-e-poa-se-mantera-por-longo-periodo-avisa-metsul\/","og_locale":"pt_BR","og_type":"article","og_title":"Situa\u00e7\u00e3o cr\u00edtica nos Vales e POA se manter\u00e1 por longo per\u00edodo, avisa MetSul - Folha Popular","og_description":"A MetSul Meteorologia alerta que o cen\u00e1rio cr\u00edtico que se registra nos Vales, em Porto Alegre, na regi\u00e3o metropolitana e em outras cidades assoladas por enchentes seguir\u00e1 com extrema gravidade por um longo per\u00edodo de tempo. A situa\u00e7\u00e3o deve causar colapso de servi\u00e7os p\u00fablicos e a manuten\u00e7\u00e3o de alagamentos e inunda\u00e7\u00f5es. A MetSul adverte que [&hellip;]","og_url":"https:\/\/folhapopular.info\/index.php\/2024\/05\/06\/situacao-critica-nos-vales-e-poa-se-mantera-por-longo-periodo-avisa-metsul\/","og_site_name":"Folha Popular","article_published_time":"2024-05-06T23:47:30+00:00","article_modified_time":"2024-05-06T23:57:06+00:00","og_image":[{"width":1600,"height":1066,"url":"http:\/\/folhapopular.info\/wp-content\/uploads\/2024\/05\/WhatsApp-Image-2024-05-06-at-20.10.22.jpeg","type":"image\/jpeg"}],"author":"Reda\u00e7\u00e3o Folha Popular","twitter_card":"summary_large_image","twitter_misc":{"Escrito por":"Reda\u00e7\u00e3o Folha Popular","Est. tempo de leitura":"3 minutos"},"schema":{"@context":"https:\/\/schema.org","@graph":[{"@type":"Article","@id":"https:\/\/folhapopular.info\/index.php\/2024\/05\/06\/situacao-critica-nos-vales-e-poa-se-mantera-por-longo-periodo-avisa-metsul\/#article","isPartOf":{"@id":"https:\/\/folhapopular.info\/index.php\/2024\/05\/06\/situacao-critica-nos-vales-e-poa-se-mantera-por-longo-periodo-avisa-metsul\/"},"author":{"name":"Reda\u00e7\u00e3o Folha Popular","@id":"https:\/\/folhapopular.info\/#\/schema\/person\/2814e8a0df7643585a9ca38bc6eb9d4b"},"headline":"Situa\u00e7\u00e3o cr\u00edtica nos Vales e POA se manter\u00e1 por longo per\u00edodo, avisa MetSul","datePublished":"2024-05-06T23:47:30+00:00","dateModified":"2024-05-06T23:57:06+00:00","mainEntityOfPage":{"@id":"https:\/\/folhapopular.info\/index.php\/2024\/05\/06\/situacao-critica-nos-vales-e-poa-se-mantera-por-longo-periodo-avisa-metsul\/"},"wordCount":516,"commentCount":0,"image":{"@id":"https:\/\/folhapopular.info\/index.php\/2024\/05\/06\/situacao-critica-nos-vales-e-poa-se-mantera-por-longo-periodo-avisa-metsul\/#primaryimage"},"thumbnailUrl":"https:\/\/folhapopular.info\/wp-content\/uploads\/2024\/05\/WhatsApp-Image-2024-05-06-at-20.10.22.jpeg","keywords":["metsul","Porto Alegre","Vale do Taquari","Vales"],"articleSection":["Clima","Destaques","Enchentes","Geral"],"inLanguage":"pt-BR","potentialAction":[{"@type":"CommentAction","name":"Comment","target":["https:\/\/folhapopular.info\/index.php\/2024\/05\/06\/situacao-critica-nos-vales-e-poa-se-mantera-por-longo-periodo-avisa-metsul\/#respond"]}]},{"@type":"WebPage","@id":"https:\/\/folhapopular.info\/index.php\/2024\/05\/06\/situacao-critica-nos-vales-e-poa-se-mantera-por-longo-periodo-avisa-metsul\/","url":"https:\/\/folhapopular.info\/index.php\/2024\/05\/06\/situacao-critica-nos-vales-e-poa-se-mantera-por-longo-periodo-avisa-metsul\/","name":"Situa\u00e7\u00e3o cr\u00edtica nos Vales e POA se manter\u00e1 por longo per\u00edodo, avisa MetSul - Folha Popular","isPartOf":{"@id":"https:\/\/folhapopular.info\/#website"},"primaryImageOfPage":{"@id":"https:\/\/folhapopular.info\/index.php\/2024\/05\/06\/situacao-critica-nos-vales-e-poa-se-mantera-por-longo-periodo-avisa-metsul\/#primaryimage"},"image":{"@id":"https:\/\/folhapopular.info\/index.php\/2024\/05\/06\/situacao-critica-nos-vales-e-poa-se-mantera-por-longo-periodo-avisa-metsul\/#primaryimage"},"thumbnailUrl":"https:\/\/folhapopular.info\/wp-content\/uploads\/2024\/05\/WhatsApp-Image-2024-05-06-at-20.10.22.jpeg","datePublished":"2024-05-06T23:47:30+00:00","dateModified":"2024-05-06T23:57:06+00:00","author":{"@id":"https:\/\/folhapopular.info\/#\/schema\/person\/2814e8a0df7643585a9ca38bc6eb9d4b"},"breadcrumb":{"@id":"https:\/\/folhapopular.info\/index.php\/2024\/05\/06\/situacao-critica-nos-vales-e-poa-se-mantera-por-longo-periodo-avisa-metsul\/#breadcrumb"},"inLanguage":"pt-BR","potentialAction":[{"@type":"ReadAction","target":["https:\/\/folhapopular.info\/index.php\/2024\/05\/06\/situacao-critica-nos-vales-e-poa-se-mantera-por-longo-periodo-avisa-metsul\/"]}]},{"@type":"ImageObject","inLanguage":"pt-BR","@id":"https:\/\/folhapopular.info\/index.php\/2024\/05\/06\/situacao-critica-nos-vales-e-poa-se-mantera-por-longo-periodo-avisa-metsul\/#primaryimage","url":"https:\/\/folhapopular.info\/wp-content\/uploads\/2024\/05\/WhatsApp-Image-2024-05-06-at-20.10.22.jpeg","contentUrl":"https:\/\/folhapopular.info\/wp-content\/uploads\/2024\/05\/WhatsApp-Image-2024-05-06-at-20.10.22.jpeg","width":1600,"height":1066,"caption":"Cr\u00e9dito: Carla Beckmann"},{"@type":"BreadcrumbList","@id":"https:\/\/folhapopular.info\/index.php\/2024\/05\/06\/situacao-critica-nos-vales-e-poa-se-mantera-por-longo-periodo-avisa-metsul\/#breadcrumb","itemListElement":[{"@type":"ListItem","position":1,"name":"In\u00edcio","item":"https:\/\/folhapopular.info\/"},{"@type":"ListItem","position":2,"name":"Situa\u00e7\u00e3o cr\u00edtica nos Vales e POA se manter\u00e1 por longo per\u00edodo, avisa MetSul"}]},{"@type":"WebSite","@id":"https:\/\/folhapopular.info\/#website","url":"https:\/\/folhapopular.info\/","name":"Folha Popular","description":"Onde voc\u00ea tem vez e voz","potentialAction":[{"@type":"SearchAction","target":{"@type":"EntryPoint","urlTemplate":"https:\/\/folhapopular.info\/?s={search_term_string}"},"query-input":{"@type":"PropertyValueSpecification","valueRequired":true,"valueName":"search_term_string"}}],"inLanguage":"pt-BR"},{"@type":"Person","@id":"https:\/\/folhapopular.info\/#\/schema\/person\/2814e8a0df7643585a9ca38bc6eb9d4b","name":"Reda\u00e7\u00e3o Folha Popular","image":{"@type":"ImageObject","inLanguage":"pt-BR","@id":"https:\/\/folhapopular.info\/wp-content\/uploads\/2026\/04\/Folha-1.webp","url":"https:\/\/folhapopular.info\/wp-content\/uploads\/2026\/04\/Folha-1.webp","contentUrl":"https:\/\/folhapopular.info\/wp-content\/uploads\/2026\/04\/Folha-1.webp","caption":"Reda\u00e7\u00e3o Folha Popular"},"url":"https:\/\/folhapopular.info\/index.php\/author\/redacao\/"}]}},"jetpack_featured_media_url":"https:\/\/folhapopular.info\/wp-content\/uploads\/2024\/05\/WhatsApp-Image-2024-05-06-at-20.10.22.jpeg","jetpack_sharing_enabled":true,"amp_enabled":true,"_links":{"self":[{"href":"https:\/\/folhapopular.info\/index.php\/wp-json\/wp\/v2\/posts\/157189","targetHints":{"allow":["GET"]}}],"collection":[{"href":"https:\/\/folhapopular.info\/index.php\/wp-json\/wp\/v2\/posts"}],"about":[{"href":"https:\/\/folhapopular.info\/index.php\/wp-json\/wp\/v2\/types\/post"}],"author":[{"embeddable":true,"href":"https:\/\/folhapopular.info\/index.php\/wp-json\/wp\/v2\/users\/8"}],"replies":[{"embeddable":true,"href":"https:\/\/folhapopular.info\/index.php\/wp-json\/wp\/v2\/comments?post=157189"}],"version-history":[{"count":0,"href":"https:\/\/folhapopular.info\/index.php\/wp-json\/wp\/v2\/posts\/157189\/revisions"}],"wp:featuredmedia":[{"embeddable":true,"href":"https:\/\/folhapopular.info\/index.php\/wp-json\/wp\/v2\/media\/157190"}],"wp:attachment":[{"href":"https:\/\/folhapopular.info\/index.php\/wp-json\/wp\/v2\/media?parent=157189"}],"wp:term":[{"taxonomy":"category","embeddable":true,"href":"https:\/\/folhapopular.info\/index.php\/wp-json\/wp\/v2\/categories?post=157189"},{"taxonomy":"post_tag","embeddable":true,"href":"https:\/\/folhapopular.info\/index.php\/wp-json\/wp\/v2\/tags?post=157189"}],"curies":[{"name":"wp","href":"https:\/\/api.w.org\/{rel}","templated":true}]}}