{"id":157373,"date":"2024-05-09T11:00:00","date_gmt":"2024-05-09T14:00:00","guid":{"rendered":"https:\/\/folhapopular.info\/?p=157373"},"modified":"2024-05-09T09:59:10","modified_gmt":"2024-05-09T12:59:10","slug":"defesa-civil-de-sao-paulo-realiza-vistorias-em-westfalia","status":"publish","type":"post","link":"https:\/\/folhapopular.info\/index.php\/2024\/05\/09\/defesa-civil-de-sao-paulo-realiza-vistorias-em-westfalia\/","title":{"rendered":"Defesa Civil de S\u00e3o Paulo realiza vistorias em Westf\u00e1lia"},"content":{"rendered":"\n<p>Alguns pontos do munic\u00edpio apresentaram rachaduras no solo e deslizamentos e foram monitoradas em conjunto por profissionais e moradores, desde o princ\u00edpio, tendo em vista garantir a seguran\u00e7a de toda a comunidade. Neste sentido, Westf\u00e1lia recebeu a equipe da Defesa Civil de S\u00e3o Paulo no domingo (5\/5) e na segunda-feira (6\/5) \u00e0 tarde. O ge\u00f3logo Marcelo Gramani, acompanhado da Brigada Militar, do prefeito de Westf\u00e1lia, Joacir Ant\u00f4nio Docena, e do secret\u00e1rio de Obras, Via\u00e7\u00e3o e Interior, \u00c9lcio Jos\u00e9 Lupatini, visitou, vistoriou e avaliou \u00e1reas de maior risco no Munic\u00edpio.<\/p>\n\n\n\n<p>No momento, a orienta\u00e7\u00e3o \u00e9 para que os moradores de \u00e1reas de risco deixem as resid\u00eancias especialmente em dias de chuva forte, uma vez que as encostas seguem encharcadas e h\u00e1 nova previs\u00e3o de altos \u00edndices de chuva para os pr\u00f3ximos dias. Gramani, que tem mais de 20 anos de experi\u00eancia, tamb\u00e9m orientou os moradores sobre como contribuir com o Munic\u00edpio com informa\u00e7\u00f5es de movimenta\u00e7\u00e3o de massa nos pontos, uma vez que este monitoramento \u00e9 importante e deve ocorrer constantemente.<\/p>\n\n\n\n<p>\u00c9 fundamental que a popula\u00e7\u00e3o se mantenha alerta nos pr\u00f3ximos dias e informe a Prefeitura sobre qualquer altera\u00e7\u00e3o que venha a ocorrer. \u201cPrecisamos primar pela seguran\u00e7a de todos. Por isto, pedimos a compreens\u00e3o e colabora\u00e7\u00e3o da comunidade em momentos de interdi\u00e7\u00e3o de vias ou qualquer outra medida que possa se fazer necess\u00e1ria. O Munic\u00edpio segue \u00e0 disposi\u00e7\u00e3o para auxiliar no que estiver ao seu alcance\u201d, considerou o prefeito, Joacir Docena.<\/p>\n\n\n\n<div class=\"wp-block-jetpack-slideshow aligncenter\"><div data-effect=\"slide\"><div class=\"wp-block-jetpack-slideshow_container swiper-container\"><ul class=\"wp-block-jetpack-slideshow_swiper-wrapper swiper-wrapper\"><li class=\"wp-block-jetpack-slideshow_slide swiper-slide\"><figure><img loading=\"lazy\" decoding=\"async\" width=\"1024\" height=\"768\" alt=\"\" class=\"wp-block-jetpack-slideshow_image wp-image-157377\" data-id=\"157377\" src=\"https:\/\/folhapopular.info\/wp-content\/uploads\/2024\/05\/Visitas-do-geologo-foram-realizadas-no-domingo-e-na-segunda-feira_AI-Westfalia-2-1024x768.jpeg\" srcset=\"https:\/\/folhapopular.info\/wp-content\/uploads\/2024\/05\/Visitas-do-geologo-foram-realizadas-no-domingo-e-na-segunda-feira_AI-Westfalia-2-1024x768.jpeg 1024w, https:\/\/folhapopular.info\/wp-content\/uploads\/2024\/05\/Visitas-do-geologo-foram-realizadas-no-domingo-e-na-segunda-feira_AI-Westfalia-2-300x225.jpeg 300w, https:\/\/folhapopular.info\/wp-content\/uploads\/2024\/05\/Visitas-do-geologo-foram-realizadas-no-domingo-e-na-segunda-feira_AI-Westfalia-2-768x576.jpeg 768w, https:\/\/folhapopular.info\/wp-content\/uploads\/2024\/05\/Visitas-do-geologo-foram-realizadas-no-domingo-e-na-segunda-feira_AI-Westfalia-2-1536x1152.jpeg 1536w, https:\/\/folhapopular.info\/wp-content\/uploads\/2024\/05\/Visitas-do-geologo-foram-realizadas-no-domingo-e-na-segunda-feira_AI-Westfalia-2-560x420.jpeg 560w, https:\/\/folhapopular.info\/wp-content\/uploads\/2024\/05\/Visitas-do-geologo-foram-realizadas-no-domingo-e-na-segunda-feira_AI-Westfalia-2-80x60.jpeg 80w, https:\/\/folhapopular.info\/wp-content\/uploads\/2024\/05\/Visitas-do-geologo-foram-realizadas-no-domingo-e-na-segunda-feira_AI-Westfalia-2-696x522.jpeg 696w, https:\/\/folhapopular.info\/wp-content\/uploads\/2024\/05\/Visitas-do-geologo-foram-realizadas-no-domingo-e-na-segunda-feira_AI-Westfalia-2-1068x801.jpeg 1068w, https:\/\/folhapopular.info\/wp-content\/uploads\/2024\/05\/Visitas-do-geologo-foram-realizadas-no-domingo-e-na-segunda-feira_AI-Westfalia-2.jpeg 1600w\" sizes=\"(max-width: 1024px) 100vw, 1024px\" \/><figcaption class=\"wp-block-jetpack-slideshow_caption gallery-caption\">Cr\u00e9dito: AI Westf\u00e1lia<\/figcaption><\/figure><\/li><li class=\"wp-block-jetpack-slideshow_slide swiper-slide\"><figure><img loading=\"lazy\" decoding=\"async\" width=\"1024\" height=\"768\" alt=\"\" class=\"wp-block-jetpack-slideshow_image wp-image-157378\" data-id=\"157378\" src=\"https:\/\/folhapopular.info\/wp-content\/uploads\/2024\/05\/Em-Linha-Paissandu-rachaduras-na-via-levaram-a-interrupcao-do-transito_AI-Westfalia-1024x768.jpeg\" srcset=\"https:\/\/folhapopular.info\/wp-content\/uploads\/2024\/05\/Em-Linha-Paissandu-rachaduras-na-via-levaram-a-interrupcao-do-transito_AI-Westfalia-1024x768.jpeg 1024w, https:\/\/folhapopular.info\/wp-content\/uploads\/2024\/05\/Em-Linha-Paissandu-rachaduras-na-via-levaram-a-interrupcao-do-transito_AI-Westfalia-300x225.jpeg 300w, https:\/\/folhapopular.info\/wp-content\/uploads\/2024\/05\/Em-Linha-Paissandu-rachaduras-na-via-levaram-a-interrupcao-do-transito_AI-Westfalia-768x576.jpeg 768w, https:\/\/folhapopular.info\/wp-content\/uploads\/2024\/05\/Em-Linha-Paissandu-rachaduras-na-via-levaram-a-interrupcao-do-transito_AI-Westfalia-1536x1152.jpeg 1536w, https:\/\/folhapopular.info\/wp-content\/uploads\/2024\/05\/Em-Linha-Paissandu-rachaduras-na-via-levaram-a-interrupcao-do-transito_AI-Westfalia-560x420.jpeg 560w, https:\/\/folhapopular.info\/wp-content\/uploads\/2024\/05\/Em-Linha-Paissandu-rachaduras-na-via-levaram-a-interrupcao-do-transito_AI-Westfalia-80x60.jpeg 80w, https:\/\/folhapopular.info\/wp-content\/uploads\/2024\/05\/Em-Linha-Paissandu-rachaduras-na-via-levaram-a-interrupcao-do-transito_AI-Westfalia-696x522.jpeg 696w, https:\/\/folhapopular.info\/wp-content\/uploads\/2024\/05\/Em-Linha-Paissandu-rachaduras-na-via-levaram-a-interrupcao-do-transito_AI-Westfalia-1068x801.jpeg 1068w, https:\/\/folhapopular.info\/wp-content\/uploads\/2024\/05\/Em-Linha-Paissandu-rachaduras-na-via-levaram-a-interrupcao-do-transito_AI-Westfalia.jpeg 1600w\" sizes=\"(max-width: 1024px) 100vw, 1024px\" \/><figcaption class=\"wp-block-jetpack-slideshow_caption gallery-caption\">Em Linha Paissandu, rachaduras na via levaram \u00e0 interrup\u00e7\u00e3o do tr\u00e2nsito \/ Cr\u00e9dito: AI Westf\u00e1lia<\/figcaption><\/figure><\/li><\/ul><a class=\"wp-block-jetpack-slideshow_button-prev swiper-button-prev swiper-button-white\" role=\"button\"><\/a><a class=\"wp-block-jetpack-slideshow_button-next swiper-button-next swiper-button-white\" role=\"button\"><\/a><a aria-label=\"Pause Slideshow\" class=\"wp-block-jetpack-slideshow_button-pause\" role=\"button\"><\/a><div class=\"wp-block-jetpack-slideshow_pagination swiper-pagination swiper-pagination-white\"><\/div><\/div><\/div><\/div>\n","protected":false},"excerpt":{"rendered":"<p>Alguns pontos do munic\u00edpio apresentaram rachaduras no solo e deslizamentos e foram monitoradas em conjunto por profissionais e moradores, desde o princ\u00edpio, tendo em vista garantir a seguran\u00e7a de toda a comunidade. Neste sentido, Westf\u00e1lia recebeu a equipe da Defesa Civil de S\u00e3o Paulo no domingo (5\/5) e na segunda-feira (6\/5) \u00e0 tarde. O ge\u00f3logo [&hellip;]<\/p>\n","protected":false},"author":8,"featured_media":157376,"comment_status":"open","ping_status":"open","sticky":false,"template":"","format":"standard","meta":{"pmpro_default_level":"","_jetpack_memberships_contains_paid_content":false,"footnotes":""},"categories":[2,3],"tags":[6044,15000,15013,25],"class_list":{"0":"post-157373","1":"post","2":"type-post","3":"status-publish","4":"format-standard","5":"has-post-thumbnail","7":"category-featured","8":"category-geral","9":"tag-chuvas","10":"tag-deslizamentos","11":"tag-rachaduras","12":"tag-westfalia","13":"pmpro-has-access"},"yoast_head":"<!-- This site is optimized with the Yoast SEO plugin v27.5 - https:\/\/yoast.com\/product\/yoast-seo-wordpress\/ -->\n<title>Defesa Civil de S\u00e3o Paulo realiza vistorias em Westf\u00e1lia - Folha Popular<\/title>\n<meta name=\"robots\" content=\"index, follow, max-snippet:-1, max-image-preview:large, max-video-preview:-1\" \/>\n<link rel=\"canonical\" href=\"https:\/\/folhapopular.info\/index.php\/2024\/05\/09\/defesa-civil-de-sao-paulo-realiza-vistorias-em-westfalia\/\" \/>\n<meta property=\"og:locale\" content=\"pt_BR\" \/>\n<meta property=\"og:type\" content=\"article\" \/>\n<meta property=\"og:title\" content=\"Defesa Civil de S\u00e3o Paulo realiza vistorias em Westf\u00e1lia - Folha Popular\" \/>\n<meta property=\"og:description\" content=\"Alguns pontos do munic\u00edpio apresentaram rachaduras no solo e deslizamentos e foram monitoradas em conjunto por profissionais e moradores, desde o princ\u00edpio, tendo em vista garantir a seguran\u00e7a de toda a comunidade. Neste sentido, Westf\u00e1lia recebeu a equipe da Defesa Civil de S\u00e3o Paulo no domingo (5\/5) e na segunda-feira (6\/5) \u00e0 tarde. O ge\u00f3logo [&hellip;]\" \/>\n<meta property=\"og:url\" content=\"https:\/\/folhapopular.info\/index.php\/2024\/05\/09\/defesa-civil-de-sao-paulo-realiza-vistorias-em-westfalia\/\" \/>\n<meta property=\"og:site_name\" content=\"Folha Popular\" \/>\n<meta property=\"article:published_time\" content=\"2024-05-09T14:00:00+00:00\" \/>\n<meta property=\"og:image\" content=\"https:\/\/folhapopular.info\/wp-content\/uploads\/2024\/05\/Visitas-do-geologo-foram-realizadas-no-domingo-e-na-segunda-feira_AI-Westfalia-1.jpeg\" \/>\n\t<meta property=\"og:image:width\" content=\"1600\" \/>\n\t<meta property=\"og:image:height\" content=\"1200\" \/>\n\t<meta property=\"og:image:type\" content=\"image\/jpeg\" \/>\n<meta name=\"author\" content=\"Reda\u00e7\u00e3o Folha Popular\" \/>\n<meta name=\"twitter:card\" content=\"summary_large_image\" \/>\n<meta name=\"twitter:label1\" content=\"Escrito por\" \/>\n\t<meta name=\"twitter:data1\" content=\"Reda\u00e7\u00e3o Folha Popular\" \/>\n\t<meta name=\"twitter:label2\" content=\"Est. tempo de leitura\" \/>\n\t<meta name=\"twitter:data2\" content=\"3 minutos\" \/>\n<script type=\"application\/ld+json\" class=\"yoast-schema-graph\">{\"@context\":\"https:\\\/\\\/schema.org\",\"@graph\":[{\"@type\":\"Article\",\"@id\":\"https:\\\/\\\/folhapopular.info\\\/index.php\\\/2024\\\/05\\\/09\\\/defesa-civil-de-sao-paulo-realiza-vistorias-em-westfalia\\\/#article\",\"isPartOf\":{\"@id\":\"https:\\\/\\\/folhapopular.info\\\/index.php\\\/2024\\\/05\\\/09\\\/defesa-civil-de-sao-paulo-realiza-vistorias-em-westfalia\\\/\"},\"author\":{\"name\":\"Reda\u00e7\u00e3o Folha Popular\",\"@id\":\"https:\\\/\\\/folhapopular.info\\\/#\\\/schema\\\/person\\\/2814e8a0df7643585a9ca38bc6eb9d4b\"},\"headline\":\"Defesa Civil de S\u00e3o Paulo realiza vistorias em Westf\u00e1lia\",\"datePublished\":\"2024-05-09T14:00:00+00:00\",\"mainEntityOfPage\":{\"@id\":\"https:\\\/\\\/folhapopular.info\\\/index.php\\\/2024\\\/05\\\/09\\\/defesa-civil-de-sao-paulo-realiza-vistorias-em-westfalia\\\/\"},\"wordCount\":294,\"commentCount\":0,\"image\":{\"@id\":\"https:\\\/\\\/folhapopular.info\\\/index.php\\\/2024\\\/05\\\/09\\\/defesa-civil-de-sao-paulo-realiza-vistorias-em-westfalia\\\/#primaryimage\"},\"thumbnailUrl\":\"https:\\\/\\\/folhapopular.info\\\/wp-content\\\/uploads\\\/2024\\\/05\\\/Visitas-do-geologo-foram-realizadas-no-domingo-e-na-segunda-feira_AI-Westfalia-1.jpeg\",\"keywords\":[\"chuvas\",\"Deslizamentos\",\"Rachaduras\",\"Westf\u00e1lia\"],\"articleSection\":[\"Destaques\",\"Geral\"],\"inLanguage\":\"pt-BR\",\"potentialAction\":[{\"@type\":\"CommentAction\",\"name\":\"Comment\",\"target\":[\"https:\\\/\\\/folhapopular.info\\\/index.php\\\/2024\\\/05\\\/09\\\/defesa-civil-de-sao-paulo-realiza-vistorias-em-westfalia\\\/#respond\"]}]},{\"@type\":\"WebPage\",\"@id\":\"https:\\\/\\\/folhapopular.info\\\/index.php\\\/2024\\\/05\\\/09\\\/defesa-civil-de-sao-paulo-realiza-vistorias-em-westfalia\\\/\",\"url\":\"https:\\\/\\\/folhapopular.info\\\/index.php\\\/2024\\\/05\\\/09\\\/defesa-civil-de-sao-paulo-realiza-vistorias-em-westfalia\\\/\",\"name\":\"Defesa Civil de S\u00e3o Paulo realiza vistorias em Westf\u00e1lia - Folha Popular\",\"isPartOf\":{\"@id\":\"https:\\\/\\\/folhapopular.info\\\/#website\"},\"primaryImageOfPage\":{\"@id\":\"https:\\\/\\\/folhapopular.info\\\/index.php\\\/2024\\\/05\\\/09\\\/defesa-civil-de-sao-paulo-realiza-vistorias-em-westfalia\\\/#primaryimage\"},\"image\":{\"@id\":\"https:\\\/\\\/folhapopular.info\\\/index.php\\\/2024\\\/05\\\/09\\\/defesa-civil-de-sao-paulo-realiza-vistorias-em-westfalia\\\/#primaryimage\"},\"thumbnailUrl\":\"https:\\\/\\\/folhapopular.info\\\/wp-content\\\/uploads\\\/2024\\\/05\\\/Visitas-do-geologo-foram-realizadas-no-domingo-e-na-segunda-feira_AI-Westfalia-1.jpeg\",\"datePublished\":\"2024-05-09T14:00:00+00:00\",\"author\":{\"@id\":\"https:\\\/\\\/folhapopular.info\\\/#\\\/schema\\\/person\\\/2814e8a0df7643585a9ca38bc6eb9d4b\"},\"breadcrumb\":{\"@id\":\"https:\\\/\\\/folhapopular.info\\\/index.php\\\/2024\\\/05\\\/09\\\/defesa-civil-de-sao-paulo-realiza-vistorias-em-westfalia\\\/#breadcrumb\"},\"inLanguage\":\"pt-BR\",\"potentialAction\":[{\"@type\":\"ReadAction\",\"target\":[\"https:\\\/\\\/folhapopular.info\\\/index.php\\\/2024\\\/05\\\/09\\\/defesa-civil-de-sao-paulo-realiza-vistorias-em-westfalia\\\/\"]}]},{\"@type\":\"ImageObject\",\"inLanguage\":\"pt-BR\",\"@id\":\"https:\\\/\\\/folhapopular.info\\\/index.php\\\/2024\\\/05\\\/09\\\/defesa-civil-de-sao-paulo-realiza-vistorias-em-westfalia\\\/#primaryimage\",\"url\":\"https:\\\/\\\/folhapopular.info\\\/wp-content\\\/uploads\\\/2024\\\/05\\\/Visitas-do-geologo-foram-realizadas-no-domingo-e-na-segunda-feira_AI-Westfalia-1.jpeg\",\"contentUrl\":\"https:\\\/\\\/folhapopular.info\\\/wp-content\\\/uploads\\\/2024\\\/05\\\/Visitas-do-geologo-foram-realizadas-no-domingo-e-na-segunda-feira_AI-Westfalia-1.jpeg\",\"width\":1600,\"height\":1200,\"caption\":\"Visitas do ge\u00f3logo foram realizadas no domingo e na segunda-feira \\\/ Cr\u00e9dito: AI Westf\u00e1lia\"},{\"@type\":\"BreadcrumbList\",\"@id\":\"https:\\\/\\\/folhapopular.info\\\/index.php\\\/2024\\\/05\\\/09\\\/defesa-civil-de-sao-paulo-realiza-vistorias-em-westfalia\\\/#breadcrumb\",\"itemListElement\":[{\"@type\":\"ListItem\",\"position\":1,\"name\":\"In\u00edcio\",\"item\":\"https:\\\/\\\/folhapopular.info\\\/\"},{\"@type\":\"ListItem\",\"position\":2,\"name\":\"Defesa Civil de S\u00e3o Paulo realiza vistorias em Westf\u00e1lia\"}]},{\"@type\":\"WebSite\",\"@id\":\"https:\\\/\\\/folhapopular.info\\\/#website\",\"url\":\"https:\\\/\\\/folhapopular.info\\\/\",\"name\":\"Folha Popular\",\"description\":\"Onde voc\u00ea tem vez e voz\",\"potentialAction\":[{\"@type\":\"SearchAction\",\"target\":{\"@type\":\"EntryPoint\",\"urlTemplate\":\"https:\\\/\\\/folhapopular.info\\\/?s={search_term_string}\"},\"query-input\":{\"@type\":\"PropertyValueSpecification\",\"valueRequired\":true,\"valueName\":\"search_term_string\"}}],\"inLanguage\":\"pt-BR\"},{\"@type\":\"Person\",\"@id\":\"https:\\\/\\\/folhapopular.info\\\/#\\\/schema\\\/person\\\/2814e8a0df7643585a9ca38bc6eb9d4b\",\"name\":\"Reda\u00e7\u00e3o Folha Popular\",\"image\":{\"@type\":\"ImageObject\",\"inLanguage\":\"pt-BR\",\"@id\":\"https:\\\/\\\/folhapopular.info\\\/wp-content\\\/uploads\\\/2026\\\/04\\\/Folha-1.webp\",\"url\":\"https:\\\/\\\/folhapopular.info\\\/wp-content\\\/uploads\\\/2026\\\/04\\\/Folha-1.webp\",\"contentUrl\":\"https:\\\/\\\/folhapopular.info\\\/wp-content\\\/uploads\\\/2026\\\/04\\\/Folha-1.webp\",\"caption\":\"Reda\u00e7\u00e3o Folha Popular\"},\"url\":\"https:\\\/\\\/folhapopular.info\\\/index.php\\\/author\\\/redacao\\\/\"}]}<\/script>\n<!-- \/ Yoast SEO plugin. -->","yoast_head_json":{"title":"Defesa Civil de S\u00e3o Paulo realiza vistorias em Westf\u00e1lia - Folha Popular","robots":{"index":"index","follow":"follow","max-snippet":"max-snippet:-1","max-image-preview":"max-image-preview:large","max-video-preview":"max-video-preview:-1"},"canonical":"https:\/\/folhapopular.info\/index.php\/2024\/05\/09\/defesa-civil-de-sao-paulo-realiza-vistorias-em-westfalia\/","og_locale":"pt_BR","og_type":"article","og_title":"Defesa Civil de S\u00e3o Paulo realiza vistorias em Westf\u00e1lia - Folha Popular","og_description":"Alguns pontos do munic\u00edpio apresentaram rachaduras no solo e deslizamentos e foram monitoradas em conjunto por profissionais e moradores, desde o princ\u00edpio, tendo em vista garantir a seguran\u00e7a de toda a comunidade. Neste sentido, Westf\u00e1lia recebeu a equipe da Defesa Civil de S\u00e3o Paulo no domingo (5\/5) e na segunda-feira (6\/5) \u00e0 tarde. O ge\u00f3logo [&hellip;]","og_url":"https:\/\/folhapopular.info\/index.php\/2024\/05\/09\/defesa-civil-de-sao-paulo-realiza-vistorias-em-westfalia\/","og_site_name":"Folha Popular","article_published_time":"2024-05-09T14:00:00+00:00","og_image":[{"width":1600,"height":1200,"url":"https:\/\/folhapopular.info\/wp-content\/uploads\/2024\/05\/Visitas-do-geologo-foram-realizadas-no-domingo-e-na-segunda-feira_AI-Westfalia-1.jpeg","type":"image\/jpeg"}],"author":"Reda\u00e7\u00e3o Folha Popular","twitter_card":"summary_large_image","twitter_misc":{"Escrito por":"Reda\u00e7\u00e3o Folha Popular","Est. tempo de leitura":"3 minutos"},"schema":{"@context":"https:\/\/schema.org","@graph":[{"@type":"Article","@id":"https:\/\/folhapopular.info\/index.php\/2024\/05\/09\/defesa-civil-de-sao-paulo-realiza-vistorias-em-westfalia\/#article","isPartOf":{"@id":"https:\/\/folhapopular.info\/index.php\/2024\/05\/09\/defesa-civil-de-sao-paulo-realiza-vistorias-em-westfalia\/"},"author":{"name":"Reda\u00e7\u00e3o Folha Popular","@id":"https:\/\/folhapopular.info\/#\/schema\/person\/2814e8a0df7643585a9ca38bc6eb9d4b"},"headline":"Defesa Civil de S\u00e3o Paulo realiza vistorias em Westf\u00e1lia","datePublished":"2024-05-09T14:00:00+00:00","mainEntityOfPage":{"@id":"https:\/\/folhapopular.info\/index.php\/2024\/05\/09\/defesa-civil-de-sao-paulo-realiza-vistorias-em-westfalia\/"},"wordCount":294,"commentCount":0,"image":{"@id":"https:\/\/folhapopular.info\/index.php\/2024\/05\/09\/defesa-civil-de-sao-paulo-realiza-vistorias-em-westfalia\/#primaryimage"},"thumbnailUrl":"https:\/\/folhapopular.info\/wp-content\/uploads\/2024\/05\/Visitas-do-geologo-foram-realizadas-no-domingo-e-na-segunda-feira_AI-Westfalia-1.jpeg","keywords":["chuvas","Deslizamentos","Rachaduras","Westf\u00e1lia"],"articleSection":["Destaques","Geral"],"inLanguage":"pt-BR","potentialAction":[{"@type":"CommentAction","name":"Comment","target":["https:\/\/folhapopular.info\/index.php\/2024\/05\/09\/defesa-civil-de-sao-paulo-realiza-vistorias-em-westfalia\/#respond"]}]},{"@type":"WebPage","@id":"https:\/\/folhapopular.info\/index.php\/2024\/05\/09\/defesa-civil-de-sao-paulo-realiza-vistorias-em-westfalia\/","url":"https:\/\/folhapopular.info\/index.php\/2024\/05\/09\/defesa-civil-de-sao-paulo-realiza-vistorias-em-westfalia\/","name":"Defesa Civil de S\u00e3o Paulo realiza vistorias em Westf\u00e1lia - Folha Popular","isPartOf":{"@id":"https:\/\/folhapopular.info\/#website"},"primaryImageOfPage":{"@id":"https:\/\/folhapopular.info\/index.php\/2024\/05\/09\/defesa-civil-de-sao-paulo-realiza-vistorias-em-westfalia\/#primaryimage"},"image":{"@id":"https:\/\/folhapopular.info\/index.php\/2024\/05\/09\/defesa-civil-de-sao-paulo-realiza-vistorias-em-westfalia\/#primaryimage"},"thumbnailUrl":"https:\/\/folhapopular.info\/wp-content\/uploads\/2024\/05\/Visitas-do-geologo-foram-realizadas-no-domingo-e-na-segunda-feira_AI-Westfalia-1.jpeg","datePublished":"2024-05-09T14:00:00+00:00","author":{"@id":"https:\/\/folhapopular.info\/#\/schema\/person\/2814e8a0df7643585a9ca38bc6eb9d4b"},"breadcrumb":{"@id":"https:\/\/folhapopular.info\/index.php\/2024\/05\/09\/defesa-civil-de-sao-paulo-realiza-vistorias-em-westfalia\/#breadcrumb"},"inLanguage":"pt-BR","potentialAction":[{"@type":"ReadAction","target":["https:\/\/folhapopular.info\/index.php\/2024\/05\/09\/defesa-civil-de-sao-paulo-realiza-vistorias-em-westfalia\/"]}]},{"@type":"ImageObject","inLanguage":"pt-BR","@id":"https:\/\/folhapopular.info\/index.php\/2024\/05\/09\/defesa-civil-de-sao-paulo-realiza-vistorias-em-westfalia\/#primaryimage","url":"https:\/\/folhapopular.info\/wp-content\/uploads\/2024\/05\/Visitas-do-geologo-foram-realizadas-no-domingo-e-na-segunda-feira_AI-Westfalia-1.jpeg","contentUrl":"https:\/\/folhapopular.info\/wp-content\/uploads\/2024\/05\/Visitas-do-geologo-foram-realizadas-no-domingo-e-na-segunda-feira_AI-Westfalia-1.jpeg","width":1600,"height":1200,"caption":"Visitas do ge\u00f3logo foram realizadas no domingo e na segunda-feira \/ Cr\u00e9dito: AI Westf\u00e1lia"},{"@type":"BreadcrumbList","@id":"https:\/\/folhapopular.info\/index.php\/2024\/05\/09\/defesa-civil-de-sao-paulo-realiza-vistorias-em-westfalia\/#breadcrumb","itemListElement":[{"@type":"ListItem","position":1,"name":"In\u00edcio","item":"https:\/\/folhapopular.info\/"},{"@type":"ListItem","position":2,"name":"Defesa Civil de S\u00e3o Paulo realiza vistorias em Westf\u00e1lia"}]},{"@type":"WebSite","@id":"https:\/\/folhapopular.info\/#website","url":"https:\/\/folhapopular.info\/","name":"Folha Popular","description":"Onde voc\u00ea tem vez e voz","potentialAction":[{"@type":"SearchAction","target":{"@type":"EntryPoint","urlTemplate":"https:\/\/folhapopular.info\/?s={search_term_string}"},"query-input":{"@type":"PropertyValueSpecification","valueRequired":true,"valueName":"search_term_string"}}],"inLanguage":"pt-BR"},{"@type":"Person","@id":"https:\/\/folhapopular.info\/#\/schema\/person\/2814e8a0df7643585a9ca38bc6eb9d4b","name":"Reda\u00e7\u00e3o Folha Popular","image":{"@type":"ImageObject","inLanguage":"pt-BR","@id":"https:\/\/folhapopular.info\/wp-content\/uploads\/2026\/04\/Folha-1.webp","url":"https:\/\/folhapopular.info\/wp-content\/uploads\/2026\/04\/Folha-1.webp","contentUrl":"https:\/\/folhapopular.info\/wp-content\/uploads\/2026\/04\/Folha-1.webp","caption":"Reda\u00e7\u00e3o Folha Popular"},"url":"https:\/\/folhapopular.info\/index.php\/author\/redacao\/"}]}},"jetpack_featured_media_url":"https:\/\/folhapopular.info\/wp-content\/uploads\/2024\/05\/Visitas-do-geologo-foram-realizadas-no-domingo-e-na-segunda-feira_AI-Westfalia-1.jpeg","jetpack_sharing_enabled":true,"amp_enabled":true,"_links":{"self":[{"href":"https:\/\/folhapopular.info\/index.php\/wp-json\/wp\/v2\/posts\/157373","targetHints":{"allow":["GET"]}}],"collection":[{"href":"https:\/\/folhapopular.info\/index.php\/wp-json\/wp\/v2\/posts"}],"about":[{"href":"https:\/\/folhapopular.info\/index.php\/wp-json\/wp\/v2\/types\/post"}],"author":[{"embeddable":true,"href":"https:\/\/folhapopular.info\/index.php\/wp-json\/wp\/v2\/users\/8"}],"replies":[{"embeddable":true,"href":"https:\/\/folhapopular.info\/index.php\/wp-json\/wp\/v2\/comments?post=157373"}],"version-history":[{"count":0,"href":"https:\/\/folhapopular.info\/index.php\/wp-json\/wp\/v2\/posts\/157373\/revisions"}],"wp:featuredmedia":[{"embeddable":true,"href":"https:\/\/folhapopular.info\/index.php\/wp-json\/wp\/v2\/media\/157376"}],"wp:attachment":[{"href":"https:\/\/folhapopular.info\/index.php\/wp-json\/wp\/v2\/media?parent=157373"}],"wp:term":[{"taxonomy":"category","embeddable":true,"href":"https:\/\/folhapopular.info\/index.php\/wp-json\/wp\/v2\/categories?post=157373"},{"taxonomy":"post_tag","embeddable":true,"href":"https:\/\/folhapopular.info\/index.php\/wp-json\/wp\/v2\/tags?post=157373"}],"curies":[{"name":"wp","href":"https:\/\/api.w.org\/{rel}","templated":true}]}}