{"id":157400,"date":"2024-05-09T19:52:34","date_gmt":"2024-05-09T22:52:34","guid":{"rendered":"https:\/\/folhapopular.info\/?p=157400"},"modified":"2024-05-09T19:52:38","modified_gmt":"2024-05-09T22:52:38","slug":"seguem-as-buscas-pelos-tres-desaparecidos-em-linha-clara","status":"publish","type":"post","link":"https:\/\/folhapopular.info\/index.php\/2024\/05\/09\/seguem-as-buscas-pelos-tres-desaparecidos-em-linha-clara\/","title":{"rendered":"Seguem as buscas pelos tr\u00eas desaparecidos em Linha Clara"},"content":{"rendered":"\n<p>Seguem as buscas aos tr\u00eas desaparecidos em Linha Clara. Procuras iniciaram na sexta-feira, dia 3\/5. Equipes da Defesa Civil e dos Bombeiros Volunt\u00e1rios de Teut\u00f4nia realizam buscas terrestres na regi\u00e3o pr\u00f3xima ao leito do Arroio Boa Vista. A\u00e7\u00e3o tamb\u00e9m conta com apoio de drones.<\/p>\n\n\n\n<p>Ontem, quarta-feira, Bombeiros Volunt\u00e1rios utilizaram botes, percorrendo o leito no trecho entre Linha Clara e Linha Capivara. Hoje, quinta-feira, Bombeiros Militares de Estrela uniram-se \u00e0s buscas.<\/p>\n","protected":false},"excerpt":{"rendered":"<p>Seguem as buscas aos tr\u00eas desaparecidos em Linha Clara. Procuras iniciaram na sexta-feira, dia 3\/5. Equipes da Defesa Civil e dos Bombeiros Volunt\u00e1rios de Teut\u00f4nia realizam buscas terrestres na regi\u00e3o pr\u00f3xima ao leito do Arroio Boa Vista. A\u00e7\u00e3o tamb\u00e9m conta com apoio de drones. Ontem, quarta-feira, Bombeiros Volunt\u00e1rios utilizaram botes, percorrendo o leito no trecho [&hellip;]<\/p>\n","protected":false},"author":8,"featured_media":157401,"comment_status":"open","ping_status":"open","sticky":false,"template":"","format":"standard","meta":{"pmpro_default_level":"","_jetpack_memberships_contains_paid_content":false,"footnotes":""},"categories":[10984,10982,7],"tags":[8295,26],"class_list":{"0":"post-157400","1":"post","2":"type-post","3":"status-publish","4":"format-standard","5":"has-post-thumbnail","7":"category-bombeiros","8":"category-policia","9":"category-seguranca","10":"tag-desaparecidos","11":"tag-teutonia","12":"pmpro-has-access"},"yoast_head":"<!-- This site is optimized with the Yoast SEO plugin v27.5 - https:\/\/yoast.com\/product\/yoast-seo-wordpress\/ -->\n<title>Seguem as buscas pelos tr\u00eas desaparecidos em Linha Clara - Folha Popular<\/title>\n<meta name=\"robots\" content=\"index, follow, max-snippet:-1, max-image-preview:large, max-video-preview:-1\" \/>\n<link rel=\"canonical\" href=\"https:\/\/folhapopular.info\/index.php\/2024\/05\/09\/seguem-as-buscas-pelos-tres-desaparecidos-em-linha-clara\/\" \/>\n<meta property=\"og:locale\" content=\"pt_BR\" \/>\n<meta property=\"og:type\" content=\"article\" \/>\n<meta property=\"og:title\" content=\"Seguem as buscas pelos tr\u00eas desaparecidos em Linha Clara - Folha Popular\" \/>\n<meta property=\"og:description\" content=\"Seguem as buscas aos tr\u00eas desaparecidos em Linha Clara. Procuras iniciaram na sexta-feira, dia 3\/5. Equipes da Defesa Civil e dos Bombeiros Volunt\u00e1rios de Teut\u00f4nia realizam buscas terrestres na regi\u00e3o pr\u00f3xima ao leito do Arroio Boa Vista. A\u00e7\u00e3o tamb\u00e9m conta com apoio de drones. Ontem, quarta-feira, Bombeiros Volunt\u00e1rios utilizaram botes, percorrendo o leito no trecho [&hellip;]\" \/>\n<meta property=\"og:url\" content=\"https:\/\/folhapopular.info\/index.php\/2024\/05\/09\/seguem-as-buscas-pelos-tres-desaparecidos-em-linha-clara\/\" \/>\n<meta property=\"og:site_name\" content=\"Folha Popular\" \/>\n<meta property=\"article:published_time\" content=\"2024-05-09T22:52:34+00:00\" \/>\n<meta property=\"article:modified_time\" content=\"2024-05-09T22:52:38+00:00\" \/>\n<meta property=\"og:image\" content=\"http:\/\/folhapopular.info\/wp-content\/uploads\/2024\/05\/WhatsApp-Image-2024-05-09-at-18.52.11.jpeg\" \/>\n\t<meta property=\"og:image:width\" content=\"1600\" \/>\n\t<meta property=\"og:image:height\" content=\"900\" \/>\n\t<meta property=\"og:image:type\" content=\"image\/jpeg\" \/>\n<meta name=\"author\" content=\"Reda\u00e7\u00e3o Folha Popular\" \/>\n<meta name=\"twitter:card\" content=\"summary_large_image\" \/>\n<meta name=\"twitter:label1\" content=\"Escrito por\" \/>\n\t<meta name=\"twitter:data1\" content=\"Reda\u00e7\u00e3o Folha Popular\" \/>\n\t<meta name=\"twitter:label2\" content=\"Est. tempo de leitura\" \/>\n\t<meta name=\"twitter:data2\" content=\"1 minuto\" \/>\n<script type=\"application\/ld+json\" class=\"yoast-schema-graph\">{\"@context\":\"https:\\\/\\\/schema.org\",\"@graph\":[{\"@type\":\"Article\",\"@id\":\"https:\\\/\\\/folhapopular.info\\\/index.php\\\/2024\\\/05\\\/09\\\/seguem-as-buscas-pelos-tres-desaparecidos-em-linha-clara\\\/#article\",\"isPartOf\":{\"@id\":\"https:\\\/\\\/folhapopular.info\\\/index.php\\\/2024\\\/05\\\/09\\\/seguem-as-buscas-pelos-tres-desaparecidos-em-linha-clara\\\/\"},\"author\":{\"name\":\"Reda\u00e7\u00e3o Folha Popular\",\"@id\":\"https:\\\/\\\/folhapopular.info\\\/#\\\/schema\\\/person\\\/2814e8a0df7643585a9ca38bc6eb9d4b\"},\"headline\":\"Seguem as buscas pelos tr\u00eas desaparecidos em Linha Clara\",\"datePublished\":\"2024-05-09T22:52:34+00:00\",\"dateModified\":\"2024-05-09T22:52:38+00:00\",\"mainEntityOfPage\":{\"@id\":\"https:\\\/\\\/folhapopular.info\\\/index.php\\\/2024\\\/05\\\/09\\\/seguem-as-buscas-pelos-tres-desaparecidos-em-linha-clara\\\/\"},\"wordCount\":87,\"commentCount\":0,\"image\":{\"@id\":\"https:\\\/\\\/folhapopular.info\\\/index.php\\\/2024\\\/05\\\/09\\\/seguem-as-buscas-pelos-tres-desaparecidos-em-linha-clara\\\/#primaryimage\"},\"thumbnailUrl\":\"https:\\\/\\\/folhapopular.info\\\/wp-content\\\/uploads\\\/2024\\\/05\\\/WhatsApp-Image-2024-05-09-at-18.52.11.jpeg\",\"keywords\":[\"Desaparecidos\",\"Teut\u00f4nia\"],\"articleSection\":[\"Bombeiros\",\"Pol\u00edcia\",\"Seguran\u00e7a\"],\"inLanguage\":\"pt-BR\",\"potentialAction\":[{\"@type\":\"CommentAction\",\"name\":\"Comment\",\"target\":[\"https:\\\/\\\/folhapopular.info\\\/index.php\\\/2024\\\/05\\\/09\\\/seguem-as-buscas-pelos-tres-desaparecidos-em-linha-clara\\\/#respond\"]}]},{\"@type\":\"WebPage\",\"@id\":\"https:\\\/\\\/folhapopular.info\\\/index.php\\\/2024\\\/05\\\/09\\\/seguem-as-buscas-pelos-tres-desaparecidos-em-linha-clara\\\/\",\"url\":\"https:\\\/\\\/folhapopular.info\\\/index.php\\\/2024\\\/05\\\/09\\\/seguem-as-buscas-pelos-tres-desaparecidos-em-linha-clara\\\/\",\"name\":\"Seguem as buscas pelos tr\u00eas desaparecidos em Linha Clara - Folha Popular\",\"isPartOf\":{\"@id\":\"https:\\\/\\\/folhapopular.info\\\/#website\"},\"primaryImageOfPage\":{\"@id\":\"https:\\\/\\\/folhapopular.info\\\/index.php\\\/2024\\\/05\\\/09\\\/seguem-as-buscas-pelos-tres-desaparecidos-em-linha-clara\\\/#primaryimage\"},\"image\":{\"@id\":\"https:\\\/\\\/folhapopular.info\\\/index.php\\\/2024\\\/05\\\/09\\\/seguem-as-buscas-pelos-tres-desaparecidos-em-linha-clara\\\/#primaryimage\"},\"thumbnailUrl\":\"https:\\\/\\\/folhapopular.info\\\/wp-content\\\/uploads\\\/2024\\\/05\\\/WhatsApp-Image-2024-05-09-at-18.52.11.jpeg\",\"datePublished\":\"2024-05-09T22:52:34+00:00\",\"dateModified\":\"2024-05-09T22:52:38+00:00\",\"author\":{\"@id\":\"https:\\\/\\\/folhapopular.info\\\/#\\\/schema\\\/person\\\/2814e8a0df7643585a9ca38bc6eb9d4b\"},\"breadcrumb\":{\"@id\":\"https:\\\/\\\/folhapopular.info\\\/index.php\\\/2024\\\/05\\\/09\\\/seguem-as-buscas-pelos-tres-desaparecidos-em-linha-clara\\\/#breadcrumb\"},\"inLanguage\":\"pt-BR\",\"potentialAction\":[{\"@type\":\"ReadAction\",\"target\":[\"https:\\\/\\\/folhapopular.info\\\/index.php\\\/2024\\\/05\\\/09\\\/seguem-as-buscas-pelos-tres-desaparecidos-em-linha-clara\\\/\"]}]},{\"@type\":\"ImageObject\",\"inLanguage\":\"pt-BR\",\"@id\":\"https:\\\/\\\/folhapopular.info\\\/index.php\\\/2024\\\/05\\\/09\\\/seguem-as-buscas-pelos-tres-desaparecidos-em-linha-clara\\\/#primaryimage\",\"url\":\"https:\\\/\\\/folhapopular.info\\\/wp-content\\\/uploads\\\/2024\\\/05\\\/WhatsApp-Image-2024-05-09-at-18.52.11.jpeg\",\"contentUrl\":\"https:\\\/\\\/folhapopular.info\\\/wp-content\\\/uploads\\\/2024\\\/05\\\/WhatsApp-Image-2024-05-09-at-18.52.11.jpeg\",\"width\":1600,\"height\":900,\"caption\":\"Cr\u00e9dito: Divulga\u00e7\u00e3o\\\/Ascom Teut\u00f4nia\"},{\"@type\":\"BreadcrumbList\",\"@id\":\"https:\\\/\\\/folhapopular.info\\\/index.php\\\/2024\\\/05\\\/09\\\/seguem-as-buscas-pelos-tres-desaparecidos-em-linha-clara\\\/#breadcrumb\",\"itemListElement\":[{\"@type\":\"ListItem\",\"position\":1,\"name\":\"In\u00edcio\",\"item\":\"https:\\\/\\\/folhapopular.info\\\/\"},{\"@type\":\"ListItem\",\"position\":2,\"name\":\"Seguem as buscas pelos tr\u00eas desaparecidos em Linha Clara\"}]},{\"@type\":\"WebSite\",\"@id\":\"https:\\\/\\\/folhapopular.info\\\/#website\",\"url\":\"https:\\\/\\\/folhapopular.info\\\/\",\"name\":\"Folha Popular\",\"description\":\"Onde voc\u00ea tem vez e voz\",\"potentialAction\":[{\"@type\":\"SearchAction\",\"target\":{\"@type\":\"EntryPoint\",\"urlTemplate\":\"https:\\\/\\\/folhapopular.info\\\/?s={search_term_string}\"},\"query-input\":{\"@type\":\"PropertyValueSpecification\",\"valueRequired\":true,\"valueName\":\"search_term_string\"}}],\"inLanguage\":\"pt-BR\"},{\"@type\":\"Person\",\"@id\":\"https:\\\/\\\/folhapopular.info\\\/#\\\/schema\\\/person\\\/2814e8a0df7643585a9ca38bc6eb9d4b\",\"name\":\"Reda\u00e7\u00e3o Folha Popular\",\"image\":{\"@type\":\"ImageObject\",\"inLanguage\":\"pt-BR\",\"@id\":\"https:\\\/\\\/folhapopular.info\\\/wp-content\\\/uploads\\\/2026\\\/04\\\/Folha-1.webp\",\"url\":\"https:\\\/\\\/folhapopular.info\\\/wp-content\\\/uploads\\\/2026\\\/04\\\/Folha-1.webp\",\"contentUrl\":\"https:\\\/\\\/folhapopular.info\\\/wp-content\\\/uploads\\\/2026\\\/04\\\/Folha-1.webp\",\"caption\":\"Reda\u00e7\u00e3o Folha Popular\"},\"url\":\"https:\\\/\\\/folhapopular.info\\\/index.php\\\/author\\\/redacao\\\/\"}]}<\/script>\n<!-- \/ Yoast SEO plugin. -->","yoast_head_json":{"title":"Seguem as buscas pelos tr\u00eas desaparecidos em Linha Clara - Folha Popular","robots":{"index":"index","follow":"follow","max-snippet":"max-snippet:-1","max-image-preview":"max-image-preview:large","max-video-preview":"max-video-preview:-1"},"canonical":"https:\/\/folhapopular.info\/index.php\/2024\/05\/09\/seguem-as-buscas-pelos-tres-desaparecidos-em-linha-clara\/","og_locale":"pt_BR","og_type":"article","og_title":"Seguem as buscas pelos tr\u00eas desaparecidos em Linha Clara - Folha Popular","og_description":"Seguem as buscas aos tr\u00eas desaparecidos em Linha Clara. Procuras iniciaram na sexta-feira, dia 3\/5. Equipes da Defesa Civil e dos Bombeiros Volunt\u00e1rios de Teut\u00f4nia realizam buscas terrestres na regi\u00e3o pr\u00f3xima ao leito do Arroio Boa Vista. A\u00e7\u00e3o tamb\u00e9m conta com apoio de drones. Ontem, quarta-feira, Bombeiros Volunt\u00e1rios utilizaram botes, percorrendo o leito no trecho [&hellip;]","og_url":"https:\/\/folhapopular.info\/index.php\/2024\/05\/09\/seguem-as-buscas-pelos-tres-desaparecidos-em-linha-clara\/","og_site_name":"Folha Popular","article_published_time":"2024-05-09T22:52:34+00:00","article_modified_time":"2024-05-09T22:52:38+00:00","og_image":[{"width":1600,"height":900,"url":"http:\/\/folhapopular.info\/wp-content\/uploads\/2024\/05\/WhatsApp-Image-2024-05-09-at-18.52.11.jpeg","type":"image\/jpeg"}],"author":"Reda\u00e7\u00e3o Folha Popular","twitter_card":"summary_large_image","twitter_misc":{"Escrito por":"Reda\u00e7\u00e3o Folha Popular","Est. tempo de leitura":"1 minuto"},"schema":{"@context":"https:\/\/schema.org","@graph":[{"@type":"Article","@id":"https:\/\/folhapopular.info\/index.php\/2024\/05\/09\/seguem-as-buscas-pelos-tres-desaparecidos-em-linha-clara\/#article","isPartOf":{"@id":"https:\/\/folhapopular.info\/index.php\/2024\/05\/09\/seguem-as-buscas-pelos-tres-desaparecidos-em-linha-clara\/"},"author":{"name":"Reda\u00e7\u00e3o Folha Popular","@id":"https:\/\/folhapopular.info\/#\/schema\/person\/2814e8a0df7643585a9ca38bc6eb9d4b"},"headline":"Seguem as buscas pelos tr\u00eas desaparecidos em Linha Clara","datePublished":"2024-05-09T22:52:34+00:00","dateModified":"2024-05-09T22:52:38+00:00","mainEntityOfPage":{"@id":"https:\/\/folhapopular.info\/index.php\/2024\/05\/09\/seguem-as-buscas-pelos-tres-desaparecidos-em-linha-clara\/"},"wordCount":87,"commentCount":0,"image":{"@id":"https:\/\/folhapopular.info\/index.php\/2024\/05\/09\/seguem-as-buscas-pelos-tres-desaparecidos-em-linha-clara\/#primaryimage"},"thumbnailUrl":"https:\/\/folhapopular.info\/wp-content\/uploads\/2024\/05\/WhatsApp-Image-2024-05-09-at-18.52.11.jpeg","keywords":["Desaparecidos","Teut\u00f4nia"],"articleSection":["Bombeiros","Pol\u00edcia","Seguran\u00e7a"],"inLanguage":"pt-BR","potentialAction":[{"@type":"CommentAction","name":"Comment","target":["https:\/\/folhapopular.info\/index.php\/2024\/05\/09\/seguem-as-buscas-pelos-tres-desaparecidos-em-linha-clara\/#respond"]}]},{"@type":"WebPage","@id":"https:\/\/folhapopular.info\/index.php\/2024\/05\/09\/seguem-as-buscas-pelos-tres-desaparecidos-em-linha-clara\/","url":"https:\/\/folhapopular.info\/index.php\/2024\/05\/09\/seguem-as-buscas-pelos-tres-desaparecidos-em-linha-clara\/","name":"Seguem as buscas pelos tr\u00eas desaparecidos em Linha Clara - Folha Popular","isPartOf":{"@id":"https:\/\/folhapopular.info\/#website"},"primaryImageOfPage":{"@id":"https:\/\/folhapopular.info\/index.php\/2024\/05\/09\/seguem-as-buscas-pelos-tres-desaparecidos-em-linha-clara\/#primaryimage"},"image":{"@id":"https:\/\/folhapopular.info\/index.php\/2024\/05\/09\/seguem-as-buscas-pelos-tres-desaparecidos-em-linha-clara\/#primaryimage"},"thumbnailUrl":"https:\/\/folhapopular.info\/wp-content\/uploads\/2024\/05\/WhatsApp-Image-2024-05-09-at-18.52.11.jpeg","datePublished":"2024-05-09T22:52:34+00:00","dateModified":"2024-05-09T22:52:38+00:00","author":{"@id":"https:\/\/folhapopular.info\/#\/schema\/person\/2814e8a0df7643585a9ca38bc6eb9d4b"},"breadcrumb":{"@id":"https:\/\/folhapopular.info\/index.php\/2024\/05\/09\/seguem-as-buscas-pelos-tres-desaparecidos-em-linha-clara\/#breadcrumb"},"inLanguage":"pt-BR","potentialAction":[{"@type":"ReadAction","target":["https:\/\/folhapopular.info\/index.php\/2024\/05\/09\/seguem-as-buscas-pelos-tres-desaparecidos-em-linha-clara\/"]}]},{"@type":"ImageObject","inLanguage":"pt-BR","@id":"https:\/\/folhapopular.info\/index.php\/2024\/05\/09\/seguem-as-buscas-pelos-tres-desaparecidos-em-linha-clara\/#primaryimage","url":"https:\/\/folhapopular.info\/wp-content\/uploads\/2024\/05\/WhatsApp-Image-2024-05-09-at-18.52.11.jpeg","contentUrl":"https:\/\/folhapopular.info\/wp-content\/uploads\/2024\/05\/WhatsApp-Image-2024-05-09-at-18.52.11.jpeg","width":1600,"height":900,"caption":"Cr\u00e9dito: Divulga\u00e7\u00e3o\/Ascom Teut\u00f4nia"},{"@type":"BreadcrumbList","@id":"https:\/\/folhapopular.info\/index.php\/2024\/05\/09\/seguem-as-buscas-pelos-tres-desaparecidos-em-linha-clara\/#breadcrumb","itemListElement":[{"@type":"ListItem","position":1,"name":"In\u00edcio","item":"https:\/\/folhapopular.info\/"},{"@type":"ListItem","position":2,"name":"Seguem as buscas pelos tr\u00eas desaparecidos em Linha Clara"}]},{"@type":"WebSite","@id":"https:\/\/folhapopular.info\/#website","url":"https:\/\/folhapopular.info\/","name":"Folha Popular","description":"Onde voc\u00ea tem vez e voz","potentialAction":[{"@type":"SearchAction","target":{"@type":"EntryPoint","urlTemplate":"https:\/\/folhapopular.info\/?s={search_term_string}"},"query-input":{"@type":"PropertyValueSpecification","valueRequired":true,"valueName":"search_term_string"}}],"inLanguage":"pt-BR"},{"@type":"Person","@id":"https:\/\/folhapopular.info\/#\/schema\/person\/2814e8a0df7643585a9ca38bc6eb9d4b","name":"Reda\u00e7\u00e3o Folha Popular","image":{"@type":"ImageObject","inLanguage":"pt-BR","@id":"https:\/\/folhapopular.info\/wp-content\/uploads\/2026\/04\/Folha-1.webp","url":"https:\/\/folhapopular.info\/wp-content\/uploads\/2026\/04\/Folha-1.webp","contentUrl":"https:\/\/folhapopular.info\/wp-content\/uploads\/2026\/04\/Folha-1.webp","caption":"Reda\u00e7\u00e3o Folha Popular"},"url":"https:\/\/folhapopular.info\/index.php\/author\/redacao\/"}]}},"jetpack_featured_media_url":"https:\/\/folhapopular.info\/wp-content\/uploads\/2024\/05\/WhatsApp-Image-2024-05-09-at-18.52.11.jpeg","jetpack_sharing_enabled":true,"amp_enabled":true,"_links":{"self":[{"href":"https:\/\/folhapopular.info\/index.php\/wp-json\/wp\/v2\/posts\/157400","targetHints":{"allow":["GET"]}}],"collection":[{"href":"https:\/\/folhapopular.info\/index.php\/wp-json\/wp\/v2\/posts"}],"about":[{"href":"https:\/\/folhapopular.info\/index.php\/wp-json\/wp\/v2\/types\/post"}],"author":[{"embeddable":true,"href":"https:\/\/folhapopular.info\/index.php\/wp-json\/wp\/v2\/users\/8"}],"replies":[{"embeddable":true,"href":"https:\/\/folhapopular.info\/index.php\/wp-json\/wp\/v2\/comments?post=157400"}],"version-history":[{"count":0,"href":"https:\/\/folhapopular.info\/index.php\/wp-json\/wp\/v2\/posts\/157400\/revisions"}],"wp:featuredmedia":[{"embeddable":true,"href":"https:\/\/folhapopular.info\/index.php\/wp-json\/wp\/v2\/media\/157401"}],"wp:attachment":[{"href":"https:\/\/folhapopular.info\/index.php\/wp-json\/wp\/v2\/media?parent=157400"}],"wp:term":[{"taxonomy":"category","embeddable":true,"href":"https:\/\/folhapopular.info\/index.php\/wp-json\/wp\/v2\/categories?post=157400"},{"taxonomy":"post_tag","embeddable":true,"href":"https:\/\/folhapopular.info\/index.php\/wp-json\/wp\/v2\/tags?post=157400"}],"curies":[{"name":"wp","href":"https:\/\/api.w.org\/{rel}","templated":true}]}}