{"id":157600,"date":"2024-05-11T13:22:39","date_gmt":"2024-05-11T16:22:39","guid":{"rendered":"https:\/\/folhapopular.info\/?p=157600"},"modified":"2024-05-11T13:22:42","modified_gmt":"2024-05-11T16:22:42","slug":"alerta-para-possiveis-inundacoes-nas-proximidades-do-arroio-da-seca","status":"publish","type":"post","link":"https:\/\/folhapopular.info\/index.php\/2024\/05\/11\/alerta-para-possiveis-inundacoes-nas-proximidades-do-arroio-da-seca\/","title":{"rendered":"Alerta para poss\u00edveis inunda\u00e7\u00f5es nas proximidades do Arroio da Seca"},"content":{"rendered":"\n<p>Os Bombeiros Volunt\u00e1rios Imicol alertam para os volumes de chuva expressivos desde a sexta-feira (10\/5). A tend\u00eancia, segundo a previs\u00e3o, \u00e9 de que o cen\u00e1rio siga assim at\u00e9 a segunda-feira (13\/5). Desta maneira, o Arroio da Seca est\u00e1 respondendo rapidamente aos grandes volumes de \u00e1gua que caem na regi\u00e3o.<\/p>\n\n\n\n<p>O alerta principal \u00e9 direcionado aos moradores de \u00e1reas j\u00e1 atingidas pelas enxurradas e inunda\u00e7\u00e3o do arroio. A sugest\u00e3o \u00e9 buscar por abrigos seguros, pois h\u00e1 risco de inunda\u00e7\u00f5es. <\/p>\n","protected":false},"excerpt":{"rendered":"<p>Os Bombeiros Volunt\u00e1rios Imicol alertam para os volumes de chuva expressivos desde a sexta-feira (10\/5). A tend\u00eancia, segundo a previs\u00e3o, \u00e9 de que o cen\u00e1rio siga assim at\u00e9 a segunda-feira (13\/5). Desta maneira, o Arroio da Seca est\u00e1 respondendo rapidamente aos grandes volumes de \u00e1gua que caem na regi\u00e3o. O alerta principal \u00e9 direcionado aos [&hellip;]<\/p>\n","protected":false},"author":8,"featured_media":157275,"comment_status":"open","ping_status":"open","sticky":false,"template":"","format":"standard","meta":{"pmpro_default_level":"","_jetpack_memberships_contains_paid_content":false,"footnotes":""},"categories":[12655,2,14970,3],"tags":[643,34,156],"class_list":{"0":"post-157600","1":"post","2":"type-post","3":"status-publish","4":"format-standard","5":"has-post-thumbnail","7":"category-clima","8":"category-featured","9":"category-enchentes","10":"category-geral","11":"tag-arroio-da-seca","12":"tag-imigrante","13":"tag-vale-do-taquari","14":"pmpro-has-access"},"yoast_head":"<!-- This site is optimized with the Yoast SEO plugin v27.5 - https:\/\/yoast.com\/product\/yoast-seo-wordpress\/ -->\n<title>Alerta para poss\u00edveis inunda\u00e7\u00f5es nas proximidades do Arroio da Seca - Folha Popular<\/title>\n<meta name=\"robots\" content=\"index, follow, max-snippet:-1, max-image-preview:large, max-video-preview:-1\" \/>\n<link rel=\"canonical\" href=\"https:\/\/folhapopular.info\/index.php\/2024\/05\/11\/alerta-para-possiveis-inundacoes-nas-proximidades-do-arroio-da-seca\/\" \/>\n<meta property=\"og:locale\" content=\"pt_BR\" \/>\n<meta property=\"og:type\" content=\"article\" \/>\n<meta property=\"og:title\" content=\"Alerta para poss\u00edveis inunda\u00e7\u00f5es nas proximidades do Arroio da Seca - Folha Popular\" \/>\n<meta property=\"og:description\" content=\"Os Bombeiros Volunt\u00e1rios Imicol alertam para os volumes de chuva expressivos desde a sexta-feira (10\/5). A tend\u00eancia, segundo a previs\u00e3o, \u00e9 de que o cen\u00e1rio siga assim at\u00e9 a segunda-feira (13\/5). Desta maneira, o Arroio da Seca est\u00e1 respondendo rapidamente aos grandes volumes de \u00e1gua que caem na regi\u00e3o. O alerta principal \u00e9 direcionado aos [&hellip;]\" \/>\n<meta property=\"og:url\" content=\"https:\/\/folhapopular.info\/index.php\/2024\/05\/11\/alerta-para-possiveis-inundacoes-nas-proximidades-do-arroio-da-seca\/\" \/>\n<meta property=\"og:site_name\" content=\"Folha Popular\" \/>\n<meta property=\"article:published_time\" content=\"2024-05-11T16:22:39+00:00\" \/>\n<meta property=\"article:modified_time\" content=\"2024-05-11T16:22:42+00:00\" \/>\n<meta property=\"og:image\" content=\"http:\/\/folhapopular.info\/wp-content\/uploads\/2024\/05\/Imigrante_Arroio-da-Seca-causou-muitos-estragos_Cris-Thome.jpeg\" \/>\n\t<meta property=\"og:image:width\" content=\"1600\" \/>\n\t<meta property=\"og:image:height\" content=\"900\" \/>\n\t<meta property=\"og:image:type\" content=\"image\/jpeg\" \/>\n<meta name=\"author\" content=\"Reda\u00e7\u00e3o Folha Popular\" \/>\n<meta name=\"twitter:card\" content=\"summary_large_image\" \/>\n<meta name=\"twitter:label1\" content=\"Escrito por\" \/>\n\t<meta name=\"twitter:data1\" content=\"Reda\u00e7\u00e3o Folha Popular\" \/>\n\t<meta name=\"twitter:label2\" content=\"Est. tempo de leitura\" \/>\n\t<meta name=\"twitter:data2\" content=\"1 minuto\" \/>\n<script type=\"application\/ld+json\" class=\"yoast-schema-graph\">{\"@context\":\"https:\\\/\\\/schema.org\",\"@graph\":[{\"@type\":\"Article\",\"@id\":\"https:\\\/\\\/folhapopular.info\\\/index.php\\\/2024\\\/05\\\/11\\\/alerta-para-possiveis-inundacoes-nas-proximidades-do-arroio-da-seca\\\/#article\",\"isPartOf\":{\"@id\":\"https:\\\/\\\/folhapopular.info\\\/index.php\\\/2024\\\/05\\\/11\\\/alerta-para-possiveis-inundacoes-nas-proximidades-do-arroio-da-seca\\\/\"},\"author\":{\"name\":\"Reda\u00e7\u00e3o Folha Popular\",\"@id\":\"https:\\\/\\\/folhapopular.info\\\/#\\\/schema\\\/person\\\/2814e8a0df7643585a9ca38bc6eb9d4b\"},\"headline\":\"Alerta para poss\u00edveis inunda\u00e7\u00f5es nas proximidades do Arroio da Seca\",\"datePublished\":\"2024-05-11T16:22:39+00:00\",\"dateModified\":\"2024-05-11T16:22:42+00:00\",\"mainEntityOfPage\":{\"@id\":\"https:\\\/\\\/folhapopular.info\\\/index.php\\\/2024\\\/05\\\/11\\\/alerta-para-possiveis-inundacoes-nas-proximidades-do-arroio-da-seca\\\/\"},\"wordCount\":93,\"commentCount\":0,\"image\":{\"@id\":\"https:\\\/\\\/folhapopular.info\\\/index.php\\\/2024\\\/05\\\/11\\\/alerta-para-possiveis-inundacoes-nas-proximidades-do-arroio-da-seca\\\/#primaryimage\"},\"thumbnailUrl\":\"https:\\\/\\\/folhapopular.info\\\/wp-content\\\/uploads\\\/2024\\\/05\\\/Imigrante_Arroio-da-Seca-causou-muitos-estragos_Cris-Thome.jpeg\",\"keywords\":[\"Arroio da Seca\",\"Imigrante\",\"Vale do Taquari\"],\"articleSection\":[\"Clima\",\"Destaques\",\"Enchentes\",\"Geral\"],\"inLanguage\":\"pt-BR\",\"potentialAction\":[{\"@type\":\"CommentAction\",\"name\":\"Comment\",\"target\":[\"https:\\\/\\\/folhapopular.info\\\/index.php\\\/2024\\\/05\\\/11\\\/alerta-para-possiveis-inundacoes-nas-proximidades-do-arroio-da-seca\\\/#respond\"]}]},{\"@type\":\"WebPage\",\"@id\":\"https:\\\/\\\/folhapopular.info\\\/index.php\\\/2024\\\/05\\\/11\\\/alerta-para-possiveis-inundacoes-nas-proximidades-do-arroio-da-seca\\\/\",\"url\":\"https:\\\/\\\/folhapopular.info\\\/index.php\\\/2024\\\/05\\\/11\\\/alerta-para-possiveis-inundacoes-nas-proximidades-do-arroio-da-seca\\\/\",\"name\":\"Alerta para poss\u00edveis inunda\u00e7\u00f5es nas proximidades do Arroio da Seca - Folha Popular\",\"isPartOf\":{\"@id\":\"https:\\\/\\\/folhapopular.info\\\/#website\"},\"primaryImageOfPage\":{\"@id\":\"https:\\\/\\\/folhapopular.info\\\/index.php\\\/2024\\\/05\\\/11\\\/alerta-para-possiveis-inundacoes-nas-proximidades-do-arroio-da-seca\\\/#primaryimage\"},\"image\":{\"@id\":\"https:\\\/\\\/folhapopular.info\\\/index.php\\\/2024\\\/05\\\/11\\\/alerta-para-possiveis-inundacoes-nas-proximidades-do-arroio-da-seca\\\/#primaryimage\"},\"thumbnailUrl\":\"https:\\\/\\\/folhapopular.info\\\/wp-content\\\/uploads\\\/2024\\\/05\\\/Imigrante_Arroio-da-Seca-causou-muitos-estragos_Cris-Thome.jpeg\",\"datePublished\":\"2024-05-11T16:22:39+00:00\",\"dateModified\":\"2024-05-11T16:22:42+00:00\",\"author\":{\"@id\":\"https:\\\/\\\/folhapopular.info\\\/#\\\/schema\\\/person\\\/2814e8a0df7643585a9ca38bc6eb9d4b\"},\"breadcrumb\":{\"@id\":\"https:\\\/\\\/folhapopular.info\\\/index.php\\\/2024\\\/05\\\/11\\\/alerta-para-possiveis-inundacoes-nas-proximidades-do-arroio-da-seca\\\/#breadcrumb\"},\"inLanguage\":\"pt-BR\",\"potentialAction\":[{\"@type\":\"ReadAction\",\"target\":[\"https:\\\/\\\/folhapopular.info\\\/index.php\\\/2024\\\/05\\\/11\\\/alerta-para-possiveis-inundacoes-nas-proximidades-do-arroio-da-seca\\\/\"]}]},{\"@type\":\"ImageObject\",\"inLanguage\":\"pt-BR\",\"@id\":\"https:\\\/\\\/folhapopular.info\\\/index.php\\\/2024\\\/05\\\/11\\\/alerta-para-possiveis-inundacoes-nas-proximidades-do-arroio-da-seca\\\/#primaryimage\",\"url\":\"https:\\\/\\\/folhapopular.info\\\/wp-content\\\/uploads\\\/2024\\\/05\\\/Imigrante_Arroio-da-Seca-causou-muitos-estragos_Cris-Thome.jpeg\",\"contentUrl\":\"https:\\\/\\\/folhapopular.info\\\/wp-content\\\/uploads\\\/2024\\\/05\\\/Imigrante_Arroio-da-Seca-causou-muitos-estragos_Cris-Thome.jpeg\",\"width\":1600,\"height\":900,\"caption\":\"Arroio da Seca causou muitos estragos \\\/ Cr\u00e9dito: Cris Thom\u00e9\"},{\"@type\":\"BreadcrumbList\",\"@id\":\"https:\\\/\\\/folhapopular.info\\\/index.php\\\/2024\\\/05\\\/11\\\/alerta-para-possiveis-inundacoes-nas-proximidades-do-arroio-da-seca\\\/#breadcrumb\",\"itemListElement\":[{\"@type\":\"ListItem\",\"position\":1,\"name\":\"In\u00edcio\",\"item\":\"https:\\\/\\\/folhapopular.info\\\/\"},{\"@type\":\"ListItem\",\"position\":2,\"name\":\"Alerta para poss\u00edveis inunda\u00e7\u00f5es nas proximidades do Arroio da Seca\"}]},{\"@type\":\"WebSite\",\"@id\":\"https:\\\/\\\/folhapopular.info\\\/#website\",\"url\":\"https:\\\/\\\/folhapopular.info\\\/\",\"name\":\"Folha Popular\",\"description\":\"Onde voc\u00ea tem vez e voz\",\"potentialAction\":[{\"@type\":\"SearchAction\",\"target\":{\"@type\":\"EntryPoint\",\"urlTemplate\":\"https:\\\/\\\/folhapopular.info\\\/?s={search_term_string}\"},\"query-input\":{\"@type\":\"PropertyValueSpecification\",\"valueRequired\":true,\"valueName\":\"search_term_string\"}}],\"inLanguage\":\"pt-BR\"},{\"@type\":\"Person\",\"@id\":\"https:\\\/\\\/folhapopular.info\\\/#\\\/schema\\\/person\\\/2814e8a0df7643585a9ca38bc6eb9d4b\",\"name\":\"Reda\u00e7\u00e3o Folha Popular\",\"image\":{\"@type\":\"ImageObject\",\"inLanguage\":\"pt-BR\",\"@id\":\"https:\\\/\\\/folhapopular.info\\\/wp-content\\\/uploads\\\/2026\\\/04\\\/Folha-1.webp\",\"url\":\"https:\\\/\\\/folhapopular.info\\\/wp-content\\\/uploads\\\/2026\\\/04\\\/Folha-1.webp\",\"contentUrl\":\"https:\\\/\\\/folhapopular.info\\\/wp-content\\\/uploads\\\/2026\\\/04\\\/Folha-1.webp\",\"caption\":\"Reda\u00e7\u00e3o Folha Popular\"},\"url\":\"https:\\\/\\\/folhapopular.info\\\/index.php\\\/author\\\/redacao\\\/\"}]}<\/script>\n<!-- \/ Yoast SEO plugin. -->","yoast_head_json":{"title":"Alerta para poss\u00edveis inunda\u00e7\u00f5es nas proximidades do Arroio da Seca - Folha Popular","robots":{"index":"index","follow":"follow","max-snippet":"max-snippet:-1","max-image-preview":"max-image-preview:large","max-video-preview":"max-video-preview:-1"},"canonical":"https:\/\/folhapopular.info\/index.php\/2024\/05\/11\/alerta-para-possiveis-inundacoes-nas-proximidades-do-arroio-da-seca\/","og_locale":"pt_BR","og_type":"article","og_title":"Alerta para poss\u00edveis inunda\u00e7\u00f5es nas proximidades do Arroio da Seca - Folha Popular","og_description":"Os Bombeiros Volunt\u00e1rios Imicol alertam para os volumes de chuva expressivos desde a sexta-feira (10\/5). A tend\u00eancia, segundo a previs\u00e3o, \u00e9 de que o cen\u00e1rio siga assim at\u00e9 a segunda-feira (13\/5). Desta maneira, o Arroio da Seca est\u00e1 respondendo rapidamente aos grandes volumes de \u00e1gua que caem na regi\u00e3o. O alerta principal \u00e9 direcionado aos [&hellip;]","og_url":"https:\/\/folhapopular.info\/index.php\/2024\/05\/11\/alerta-para-possiveis-inundacoes-nas-proximidades-do-arroio-da-seca\/","og_site_name":"Folha Popular","article_published_time":"2024-05-11T16:22:39+00:00","article_modified_time":"2024-05-11T16:22:42+00:00","og_image":[{"width":1600,"height":900,"url":"http:\/\/folhapopular.info\/wp-content\/uploads\/2024\/05\/Imigrante_Arroio-da-Seca-causou-muitos-estragos_Cris-Thome.jpeg","type":"image\/jpeg"}],"author":"Reda\u00e7\u00e3o Folha Popular","twitter_card":"summary_large_image","twitter_misc":{"Escrito por":"Reda\u00e7\u00e3o Folha Popular","Est. tempo de leitura":"1 minuto"},"schema":{"@context":"https:\/\/schema.org","@graph":[{"@type":"Article","@id":"https:\/\/folhapopular.info\/index.php\/2024\/05\/11\/alerta-para-possiveis-inundacoes-nas-proximidades-do-arroio-da-seca\/#article","isPartOf":{"@id":"https:\/\/folhapopular.info\/index.php\/2024\/05\/11\/alerta-para-possiveis-inundacoes-nas-proximidades-do-arroio-da-seca\/"},"author":{"name":"Reda\u00e7\u00e3o Folha Popular","@id":"https:\/\/folhapopular.info\/#\/schema\/person\/2814e8a0df7643585a9ca38bc6eb9d4b"},"headline":"Alerta para poss\u00edveis inunda\u00e7\u00f5es nas proximidades do Arroio da Seca","datePublished":"2024-05-11T16:22:39+00:00","dateModified":"2024-05-11T16:22:42+00:00","mainEntityOfPage":{"@id":"https:\/\/folhapopular.info\/index.php\/2024\/05\/11\/alerta-para-possiveis-inundacoes-nas-proximidades-do-arroio-da-seca\/"},"wordCount":93,"commentCount":0,"image":{"@id":"https:\/\/folhapopular.info\/index.php\/2024\/05\/11\/alerta-para-possiveis-inundacoes-nas-proximidades-do-arroio-da-seca\/#primaryimage"},"thumbnailUrl":"https:\/\/folhapopular.info\/wp-content\/uploads\/2024\/05\/Imigrante_Arroio-da-Seca-causou-muitos-estragos_Cris-Thome.jpeg","keywords":["Arroio da Seca","Imigrante","Vale do Taquari"],"articleSection":["Clima","Destaques","Enchentes","Geral"],"inLanguage":"pt-BR","potentialAction":[{"@type":"CommentAction","name":"Comment","target":["https:\/\/folhapopular.info\/index.php\/2024\/05\/11\/alerta-para-possiveis-inundacoes-nas-proximidades-do-arroio-da-seca\/#respond"]}]},{"@type":"WebPage","@id":"https:\/\/folhapopular.info\/index.php\/2024\/05\/11\/alerta-para-possiveis-inundacoes-nas-proximidades-do-arroio-da-seca\/","url":"https:\/\/folhapopular.info\/index.php\/2024\/05\/11\/alerta-para-possiveis-inundacoes-nas-proximidades-do-arroio-da-seca\/","name":"Alerta para poss\u00edveis inunda\u00e7\u00f5es nas proximidades do Arroio da Seca - Folha Popular","isPartOf":{"@id":"https:\/\/folhapopular.info\/#website"},"primaryImageOfPage":{"@id":"https:\/\/folhapopular.info\/index.php\/2024\/05\/11\/alerta-para-possiveis-inundacoes-nas-proximidades-do-arroio-da-seca\/#primaryimage"},"image":{"@id":"https:\/\/folhapopular.info\/index.php\/2024\/05\/11\/alerta-para-possiveis-inundacoes-nas-proximidades-do-arroio-da-seca\/#primaryimage"},"thumbnailUrl":"https:\/\/folhapopular.info\/wp-content\/uploads\/2024\/05\/Imigrante_Arroio-da-Seca-causou-muitos-estragos_Cris-Thome.jpeg","datePublished":"2024-05-11T16:22:39+00:00","dateModified":"2024-05-11T16:22:42+00:00","author":{"@id":"https:\/\/folhapopular.info\/#\/schema\/person\/2814e8a0df7643585a9ca38bc6eb9d4b"},"breadcrumb":{"@id":"https:\/\/folhapopular.info\/index.php\/2024\/05\/11\/alerta-para-possiveis-inundacoes-nas-proximidades-do-arroio-da-seca\/#breadcrumb"},"inLanguage":"pt-BR","potentialAction":[{"@type":"ReadAction","target":["https:\/\/folhapopular.info\/index.php\/2024\/05\/11\/alerta-para-possiveis-inundacoes-nas-proximidades-do-arroio-da-seca\/"]}]},{"@type":"ImageObject","inLanguage":"pt-BR","@id":"https:\/\/folhapopular.info\/index.php\/2024\/05\/11\/alerta-para-possiveis-inundacoes-nas-proximidades-do-arroio-da-seca\/#primaryimage","url":"https:\/\/folhapopular.info\/wp-content\/uploads\/2024\/05\/Imigrante_Arroio-da-Seca-causou-muitos-estragos_Cris-Thome.jpeg","contentUrl":"https:\/\/folhapopular.info\/wp-content\/uploads\/2024\/05\/Imigrante_Arroio-da-Seca-causou-muitos-estragos_Cris-Thome.jpeg","width":1600,"height":900,"caption":"Arroio da Seca causou muitos estragos \/ Cr\u00e9dito: Cris Thom\u00e9"},{"@type":"BreadcrumbList","@id":"https:\/\/folhapopular.info\/index.php\/2024\/05\/11\/alerta-para-possiveis-inundacoes-nas-proximidades-do-arroio-da-seca\/#breadcrumb","itemListElement":[{"@type":"ListItem","position":1,"name":"In\u00edcio","item":"https:\/\/folhapopular.info\/"},{"@type":"ListItem","position":2,"name":"Alerta para poss\u00edveis inunda\u00e7\u00f5es nas proximidades do Arroio da Seca"}]},{"@type":"WebSite","@id":"https:\/\/folhapopular.info\/#website","url":"https:\/\/folhapopular.info\/","name":"Folha Popular","description":"Onde voc\u00ea tem vez e voz","potentialAction":[{"@type":"SearchAction","target":{"@type":"EntryPoint","urlTemplate":"https:\/\/folhapopular.info\/?s={search_term_string}"},"query-input":{"@type":"PropertyValueSpecification","valueRequired":true,"valueName":"search_term_string"}}],"inLanguage":"pt-BR"},{"@type":"Person","@id":"https:\/\/folhapopular.info\/#\/schema\/person\/2814e8a0df7643585a9ca38bc6eb9d4b","name":"Reda\u00e7\u00e3o Folha Popular","image":{"@type":"ImageObject","inLanguage":"pt-BR","@id":"https:\/\/folhapopular.info\/wp-content\/uploads\/2026\/04\/Folha-1.webp","url":"https:\/\/folhapopular.info\/wp-content\/uploads\/2026\/04\/Folha-1.webp","contentUrl":"https:\/\/folhapopular.info\/wp-content\/uploads\/2026\/04\/Folha-1.webp","caption":"Reda\u00e7\u00e3o Folha Popular"},"url":"https:\/\/folhapopular.info\/index.php\/author\/redacao\/"}]}},"jetpack_featured_media_url":"https:\/\/folhapopular.info\/wp-content\/uploads\/2024\/05\/Imigrante_Arroio-da-Seca-causou-muitos-estragos_Cris-Thome.jpeg","jetpack_sharing_enabled":true,"amp_enabled":true,"_links":{"self":[{"href":"https:\/\/folhapopular.info\/index.php\/wp-json\/wp\/v2\/posts\/157600","targetHints":{"allow":["GET"]}}],"collection":[{"href":"https:\/\/folhapopular.info\/index.php\/wp-json\/wp\/v2\/posts"}],"about":[{"href":"https:\/\/folhapopular.info\/index.php\/wp-json\/wp\/v2\/types\/post"}],"author":[{"embeddable":true,"href":"https:\/\/folhapopular.info\/index.php\/wp-json\/wp\/v2\/users\/8"}],"replies":[{"embeddable":true,"href":"https:\/\/folhapopular.info\/index.php\/wp-json\/wp\/v2\/comments?post=157600"}],"version-history":[{"count":0,"href":"https:\/\/folhapopular.info\/index.php\/wp-json\/wp\/v2\/posts\/157600\/revisions"}],"wp:featuredmedia":[{"embeddable":true,"href":"https:\/\/folhapopular.info\/index.php\/wp-json\/wp\/v2\/media\/157275"}],"wp:attachment":[{"href":"https:\/\/folhapopular.info\/index.php\/wp-json\/wp\/v2\/media?parent=157600"}],"wp:term":[{"taxonomy":"category","embeddable":true,"href":"https:\/\/folhapopular.info\/index.php\/wp-json\/wp\/v2\/categories?post=157600"},{"taxonomy":"post_tag","embeddable":true,"href":"https:\/\/folhapopular.info\/index.php\/wp-json\/wp\/v2\/tags?post=157600"}],"curies":[{"name":"wp","href":"https:\/\/api.w.org\/{rel}","templated":true}]}}