{"id":157738,"date":"2024-05-13T09:22:33","date_gmt":"2024-05-13T12:22:33","guid":{"rendered":"https:\/\/folhapopular.info\/?p=157738"},"modified":"2024-05-13T09:24:22","modified_gmt":"2024-05-13T12:24:22","slug":"numero-de-desaparecidos-no-rs-cai-mas-obitos-aumentam","status":"publish","type":"post","link":"https:\/\/folhapopular.info\/index.php\/2024\/05\/13\/numero-de-desaparecidos-no-rs-cai-mas-obitos-aumentam\/","title":{"rendered":"N\u00famero de desaparecidos no RS cai, mas \u00f3bitos aumentam"},"content":{"rendered":"\n<p>A Defesa Civil estadual publicou, na manh\u00e3 desta segunda-feira (13\/5), o novo boletim sobre a situa\u00e7\u00e3o das cheias no RS.<\/p>\n\n\n\n<p>O n\u00famero de desaparecidos, das 18h de ontem, domingo, at\u00e9 as 9h de hoje caiu de 132 para 127. Por\u00e9m, o n\u00famero de mortos aumentou em dois casos, passando de 145 para 147 v\u00edtimas.<\/p>\n\n\n\n<p>S\u00e3o 80.826 pessoas em abrigos, 538.241 desalojados, 2.115.703 afetados, 806 feridos e 76.470 pessoas resgatadas.<\/p>\n\n\n\n<p>Confira a lista atualizada com os nomes dos falecidos e desaparecidos por munic\u00edpio:<\/p>\n\n\n\n<div data-wp-interactive=\"core\/file\" class=\"wp-block-file\"><object data-wp-bind--hidden=\"!state.hasPdfPreview\" hidden class=\"wp-block-file__embed\" data=\"https:\/\/folhapopular.info\/wp-content\/uploads\/2024\/05\/obitos-e-desaparecidos-13-5-9h.pdf\" type=\"application\/pdf\" style=\"width:100%;height:600px\" aria-label=\"Incorporado de obitos-e-desaparecidos-13-5-9h.\"><\/object><a id=\"wp-block-file--media-71e50a40-a8f4-4238-9d9b-9d4f316ae99c\" href=\"https:\/\/folhapopular.info\/wp-content\/uploads\/2024\/05\/obitos-e-desaparecidos-13-5-9h.pdf\">obitos-e-desaparecidos-13-5-9h<\/a><a href=\"https:\/\/folhapopular.info\/wp-content\/uploads\/2024\/05\/obitos-e-desaparecidos-13-5-9h.pdf\" class=\"wp-block-file__button wp-element-button\" download aria-describedby=\"wp-block-file--media-71e50a40-a8f4-4238-9d9b-9d4f316ae99c\">Baixar<\/a><\/div>\n","protected":false},"excerpt":{"rendered":"<p>A Defesa Civil estadual publicou, na manh\u00e3 desta segunda-feira (13\/5), o novo boletim sobre a situa\u00e7\u00e3o das cheias no RS. O n\u00famero de desaparecidos, das 18h de ontem, domingo, at\u00e9 as 9h de hoje caiu de 132 para 127. Por\u00e9m, o n\u00famero de mortos aumentou em dois casos, passando de 145 para 147 v\u00edtimas. S\u00e3o [&hellip;]<\/p>\n","protected":false},"author":8,"featured_media":157087,"comment_status":"open","ping_status":"open","sticky":false,"template":"","format":"standard","meta":{"pmpro_default_level":"","_jetpack_memberships_contains_paid_content":false,"footnotes":""},"categories":[2,14970,3],"tags":[13718,12676,14608],"class_list":{"0":"post-157738","1":"post","2":"type-post","3":"status-publish","4":"format-standard","5":"has-post-thumbnail","7":"category-featured","8":"category-enchentes","9":"category-geral","10":"tag-boletim","11":"tag-defesa-civil-estadual","12":"tag-obitos-3","13":"pmpro-has-access"},"yoast_head":"<!-- This site is optimized with the Yoast SEO plugin v27.5 - https:\/\/yoast.com\/product\/yoast-seo-wordpress\/ -->\n<title>N\u00famero de desaparecidos no RS cai, mas \u00f3bitos aumentam - Folha Popular<\/title>\n<meta name=\"robots\" content=\"index, follow, max-snippet:-1, max-image-preview:large, max-video-preview:-1\" \/>\n<link rel=\"canonical\" href=\"https:\/\/folhapopular.info\/index.php\/2024\/05\/13\/numero-de-desaparecidos-no-rs-cai-mas-obitos-aumentam\/\" \/>\n<meta property=\"og:locale\" content=\"pt_BR\" \/>\n<meta property=\"og:type\" content=\"article\" \/>\n<meta property=\"og:title\" content=\"N\u00famero de desaparecidos no RS cai, mas \u00f3bitos aumentam - Folha Popular\" \/>\n<meta property=\"og:description\" content=\"A Defesa Civil estadual publicou, na manh\u00e3 desta segunda-feira (13\/5), o novo boletim sobre a situa\u00e7\u00e3o das cheias no RS. O n\u00famero de desaparecidos, das 18h de ontem, domingo, at\u00e9 as 9h de hoje caiu de 132 para 127. Por\u00e9m, o n\u00famero de mortos aumentou em dois casos, passando de 145 para 147 v\u00edtimas. S\u00e3o [&hellip;]\" \/>\n<meta property=\"og:url\" content=\"https:\/\/folhapopular.info\/index.php\/2024\/05\/13\/numero-de-desaparecidos-no-rs-cai-mas-obitos-aumentam\/\" \/>\n<meta property=\"og:site_name\" content=\"Folha Popular\" \/>\n<meta property=\"article:published_time\" content=\"2024-05-13T12:22:33+00:00\" \/>\n<meta property=\"article:modified_time\" content=\"2024-05-13T12:24:22+00:00\" \/>\n<meta property=\"og:image\" content=\"http:\/\/folhapopular.info\/wp-content\/uploads\/2024\/05\/07084628_2083833_GDO.jpg\" \/>\n\t<meta property=\"og:image:width\" content=\"800\" \/>\n\t<meta property=\"og:image:height\" content=\"453\" \/>\n\t<meta property=\"og:image:type\" content=\"image\/jpeg\" \/>\n<meta name=\"author\" content=\"Reda\u00e7\u00e3o Folha Popular\" \/>\n<meta name=\"twitter:card\" content=\"summary_large_image\" \/>\n<meta name=\"twitter:label1\" content=\"Escrito por\" \/>\n\t<meta name=\"twitter:data1\" content=\"Reda\u00e7\u00e3o Folha Popular\" \/>\n\t<meta name=\"twitter:label2\" content=\"Est. tempo de leitura\" \/>\n\t<meta name=\"twitter:data2\" content=\"1 minuto\" \/>\n<script type=\"application\/ld+json\" class=\"yoast-schema-graph\">{\"@context\":\"https:\\\/\\\/schema.org\",\"@graph\":[{\"@type\":\"Article\",\"@id\":\"https:\\\/\\\/folhapopular.info\\\/index.php\\\/2024\\\/05\\\/13\\\/numero-de-desaparecidos-no-rs-cai-mas-obitos-aumentam\\\/#article\",\"isPartOf\":{\"@id\":\"https:\\\/\\\/folhapopular.info\\\/index.php\\\/2024\\\/05\\\/13\\\/numero-de-desaparecidos-no-rs-cai-mas-obitos-aumentam\\\/\"},\"author\":{\"name\":\"Reda\u00e7\u00e3o Folha Popular\",\"@id\":\"https:\\\/\\\/folhapopular.info\\\/#\\\/schema\\\/person\\\/2814e8a0df7643585a9ca38bc6eb9d4b\"},\"headline\":\"N\u00famero de desaparecidos no RS cai, mas \u00f3bitos aumentam\",\"datePublished\":\"2024-05-13T12:22:33+00:00\",\"dateModified\":\"2024-05-13T12:24:22+00:00\",\"mainEntityOfPage\":{\"@id\":\"https:\\\/\\\/folhapopular.info\\\/index.php\\\/2024\\\/05\\\/13\\\/numero-de-desaparecidos-no-rs-cai-mas-obitos-aumentam\\\/\"},\"wordCount\":94,\"commentCount\":0,\"image\":{\"@id\":\"https:\\\/\\\/folhapopular.info\\\/index.php\\\/2024\\\/05\\\/13\\\/numero-de-desaparecidos-no-rs-cai-mas-obitos-aumentam\\\/#primaryimage\"},\"thumbnailUrl\":\"https:\\\/\\\/folhapopular.info\\\/wp-content\\\/uploads\\\/2024\\\/05\\\/07084628_2083833_GDO.jpg\",\"keywords\":[\"Boletim\",\"defesa civil estadual\",\"\u00f3bitos\"],\"articleSection\":[\"Destaques\",\"Enchentes\",\"Geral\"],\"inLanguage\":\"pt-BR\",\"potentialAction\":[{\"@type\":\"CommentAction\",\"name\":\"Comment\",\"target\":[\"https:\\\/\\\/folhapopular.info\\\/index.php\\\/2024\\\/05\\\/13\\\/numero-de-desaparecidos-no-rs-cai-mas-obitos-aumentam\\\/#respond\"]}]},{\"@type\":\"WebPage\",\"@id\":\"https:\\\/\\\/folhapopular.info\\\/index.php\\\/2024\\\/05\\\/13\\\/numero-de-desaparecidos-no-rs-cai-mas-obitos-aumentam\\\/\",\"url\":\"https:\\\/\\\/folhapopular.info\\\/index.php\\\/2024\\\/05\\\/13\\\/numero-de-desaparecidos-no-rs-cai-mas-obitos-aumentam\\\/\",\"name\":\"N\u00famero de desaparecidos no RS cai, mas \u00f3bitos aumentam - Folha Popular\",\"isPartOf\":{\"@id\":\"https:\\\/\\\/folhapopular.info\\\/#website\"},\"primaryImageOfPage\":{\"@id\":\"https:\\\/\\\/folhapopular.info\\\/index.php\\\/2024\\\/05\\\/13\\\/numero-de-desaparecidos-no-rs-cai-mas-obitos-aumentam\\\/#primaryimage\"},\"image\":{\"@id\":\"https:\\\/\\\/folhapopular.info\\\/index.php\\\/2024\\\/05\\\/13\\\/numero-de-desaparecidos-no-rs-cai-mas-obitos-aumentam\\\/#primaryimage\"},\"thumbnailUrl\":\"https:\\\/\\\/folhapopular.info\\\/wp-content\\\/uploads\\\/2024\\\/05\\\/07084628_2083833_GDO.jpg\",\"datePublished\":\"2024-05-13T12:22:33+00:00\",\"dateModified\":\"2024-05-13T12:24:22+00:00\",\"author\":{\"@id\":\"https:\\\/\\\/folhapopular.info\\\/#\\\/schema\\\/person\\\/2814e8a0df7643585a9ca38bc6eb9d4b\"},\"breadcrumb\":{\"@id\":\"https:\\\/\\\/folhapopular.info\\\/index.php\\\/2024\\\/05\\\/13\\\/numero-de-desaparecidos-no-rs-cai-mas-obitos-aumentam\\\/#breadcrumb\"},\"inLanguage\":\"pt-BR\",\"potentialAction\":[{\"@type\":\"ReadAction\",\"target\":[\"https:\\\/\\\/folhapopular.info\\\/index.php\\\/2024\\\/05\\\/13\\\/numero-de-desaparecidos-no-rs-cai-mas-obitos-aumentam\\\/\"]}]},{\"@type\":\"ImageObject\",\"inLanguage\":\"pt-BR\",\"@id\":\"https:\\\/\\\/folhapopular.info\\\/index.php\\\/2024\\\/05\\\/13\\\/numero-de-desaparecidos-no-rs-cai-mas-obitos-aumentam\\\/#primaryimage\",\"url\":\"https:\\\/\\\/folhapopular.info\\\/wp-content\\\/uploads\\\/2024\\\/05\\\/07084628_2083833_GDO.jpg\",\"contentUrl\":\"https:\\\/\\\/folhapopular.info\\\/wp-content\\\/uploads\\\/2024\\\/05\\\/07084628_2083833_GDO.jpg\",\"width\":800,\"height\":453,\"caption\":\"Cr\u00e9dito: Defesa Civil RS \\\/ Divulga\u00e7\u00e3o\"},{\"@type\":\"BreadcrumbList\",\"@id\":\"https:\\\/\\\/folhapopular.info\\\/index.php\\\/2024\\\/05\\\/13\\\/numero-de-desaparecidos-no-rs-cai-mas-obitos-aumentam\\\/#breadcrumb\",\"itemListElement\":[{\"@type\":\"ListItem\",\"position\":1,\"name\":\"In\u00edcio\",\"item\":\"https:\\\/\\\/folhapopular.info\\\/\"},{\"@type\":\"ListItem\",\"position\":2,\"name\":\"N\u00famero de desaparecidos no RS cai, mas \u00f3bitos aumentam\"}]},{\"@type\":\"WebSite\",\"@id\":\"https:\\\/\\\/folhapopular.info\\\/#website\",\"url\":\"https:\\\/\\\/folhapopular.info\\\/\",\"name\":\"Folha Popular\",\"description\":\"Onde voc\u00ea tem vez e voz\",\"potentialAction\":[{\"@type\":\"SearchAction\",\"target\":{\"@type\":\"EntryPoint\",\"urlTemplate\":\"https:\\\/\\\/folhapopular.info\\\/?s={search_term_string}\"},\"query-input\":{\"@type\":\"PropertyValueSpecification\",\"valueRequired\":true,\"valueName\":\"search_term_string\"}}],\"inLanguage\":\"pt-BR\"},{\"@type\":\"Person\",\"@id\":\"https:\\\/\\\/folhapopular.info\\\/#\\\/schema\\\/person\\\/2814e8a0df7643585a9ca38bc6eb9d4b\",\"name\":\"Reda\u00e7\u00e3o Folha Popular\",\"image\":{\"@type\":\"ImageObject\",\"inLanguage\":\"pt-BR\",\"@id\":\"https:\\\/\\\/folhapopular.info\\\/wp-content\\\/uploads\\\/2026\\\/04\\\/Folha-1.webp\",\"url\":\"https:\\\/\\\/folhapopular.info\\\/wp-content\\\/uploads\\\/2026\\\/04\\\/Folha-1.webp\",\"contentUrl\":\"https:\\\/\\\/folhapopular.info\\\/wp-content\\\/uploads\\\/2026\\\/04\\\/Folha-1.webp\",\"caption\":\"Reda\u00e7\u00e3o Folha Popular\"},\"url\":\"https:\\\/\\\/folhapopular.info\\\/index.php\\\/author\\\/redacao\\\/\"}]}<\/script>\n<!-- \/ Yoast SEO plugin. -->","yoast_head_json":{"title":"N\u00famero de desaparecidos no RS cai, mas \u00f3bitos aumentam - Folha Popular","robots":{"index":"index","follow":"follow","max-snippet":"max-snippet:-1","max-image-preview":"max-image-preview:large","max-video-preview":"max-video-preview:-1"},"canonical":"https:\/\/folhapopular.info\/index.php\/2024\/05\/13\/numero-de-desaparecidos-no-rs-cai-mas-obitos-aumentam\/","og_locale":"pt_BR","og_type":"article","og_title":"N\u00famero de desaparecidos no RS cai, mas \u00f3bitos aumentam - Folha Popular","og_description":"A Defesa Civil estadual publicou, na manh\u00e3 desta segunda-feira (13\/5), o novo boletim sobre a situa\u00e7\u00e3o das cheias no RS. O n\u00famero de desaparecidos, das 18h de ontem, domingo, at\u00e9 as 9h de hoje caiu de 132 para 127. Por\u00e9m, o n\u00famero de mortos aumentou em dois casos, passando de 145 para 147 v\u00edtimas. S\u00e3o [&hellip;]","og_url":"https:\/\/folhapopular.info\/index.php\/2024\/05\/13\/numero-de-desaparecidos-no-rs-cai-mas-obitos-aumentam\/","og_site_name":"Folha Popular","article_published_time":"2024-05-13T12:22:33+00:00","article_modified_time":"2024-05-13T12:24:22+00:00","og_image":[{"width":800,"height":453,"url":"http:\/\/folhapopular.info\/wp-content\/uploads\/2024\/05\/07084628_2083833_GDO.jpg","type":"image\/jpeg"}],"author":"Reda\u00e7\u00e3o Folha Popular","twitter_card":"summary_large_image","twitter_misc":{"Escrito por":"Reda\u00e7\u00e3o Folha Popular","Est. tempo de leitura":"1 minuto"},"schema":{"@context":"https:\/\/schema.org","@graph":[{"@type":"Article","@id":"https:\/\/folhapopular.info\/index.php\/2024\/05\/13\/numero-de-desaparecidos-no-rs-cai-mas-obitos-aumentam\/#article","isPartOf":{"@id":"https:\/\/folhapopular.info\/index.php\/2024\/05\/13\/numero-de-desaparecidos-no-rs-cai-mas-obitos-aumentam\/"},"author":{"name":"Reda\u00e7\u00e3o Folha Popular","@id":"https:\/\/folhapopular.info\/#\/schema\/person\/2814e8a0df7643585a9ca38bc6eb9d4b"},"headline":"N\u00famero de desaparecidos no RS cai, mas \u00f3bitos aumentam","datePublished":"2024-05-13T12:22:33+00:00","dateModified":"2024-05-13T12:24:22+00:00","mainEntityOfPage":{"@id":"https:\/\/folhapopular.info\/index.php\/2024\/05\/13\/numero-de-desaparecidos-no-rs-cai-mas-obitos-aumentam\/"},"wordCount":94,"commentCount":0,"image":{"@id":"https:\/\/folhapopular.info\/index.php\/2024\/05\/13\/numero-de-desaparecidos-no-rs-cai-mas-obitos-aumentam\/#primaryimage"},"thumbnailUrl":"https:\/\/folhapopular.info\/wp-content\/uploads\/2024\/05\/07084628_2083833_GDO.jpg","keywords":["Boletim","defesa civil estadual","\u00f3bitos"],"articleSection":["Destaques","Enchentes","Geral"],"inLanguage":"pt-BR","potentialAction":[{"@type":"CommentAction","name":"Comment","target":["https:\/\/folhapopular.info\/index.php\/2024\/05\/13\/numero-de-desaparecidos-no-rs-cai-mas-obitos-aumentam\/#respond"]}]},{"@type":"WebPage","@id":"https:\/\/folhapopular.info\/index.php\/2024\/05\/13\/numero-de-desaparecidos-no-rs-cai-mas-obitos-aumentam\/","url":"https:\/\/folhapopular.info\/index.php\/2024\/05\/13\/numero-de-desaparecidos-no-rs-cai-mas-obitos-aumentam\/","name":"N\u00famero de desaparecidos no RS cai, mas \u00f3bitos aumentam - Folha Popular","isPartOf":{"@id":"https:\/\/folhapopular.info\/#website"},"primaryImageOfPage":{"@id":"https:\/\/folhapopular.info\/index.php\/2024\/05\/13\/numero-de-desaparecidos-no-rs-cai-mas-obitos-aumentam\/#primaryimage"},"image":{"@id":"https:\/\/folhapopular.info\/index.php\/2024\/05\/13\/numero-de-desaparecidos-no-rs-cai-mas-obitos-aumentam\/#primaryimage"},"thumbnailUrl":"https:\/\/folhapopular.info\/wp-content\/uploads\/2024\/05\/07084628_2083833_GDO.jpg","datePublished":"2024-05-13T12:22:33+00:00","dateModified":"2024-05-13T12:24:22+00:00","author":{"@id":"https:\/\/folhapopular.info\/#\/schema\/person\/2814e8a0df7643585a9ca38bc6eb9d4b"},"breadcrumb":{"@id":"https:\/\/folhapopular.info\/index.php\/2024\/05\/13\/numero-de-desaparecidos-no-rs-cai-mas-obitos-aumentam\/#breadcrumb"},"inLanguage":"pt-BR","potentialAction":[{"@type":"ReadAction","target":["https:\/\/folhapopular.info\/index.php\/2024\/05\/13\/numero-de-desaparecidos-no-rs-cai-mas-obitos-aumentam\/"]}]},{"@type":"ImageObject","inLanguage":"pt-BR","@id":"https:\/\/folhapopular.info\/index.php\/2024\/05\/13\/numero-de-desaparecidos-no-rs-cai-mas-obitos-aumentam\/#primaryimage","url":"https:\/\/folhapopular.info\/wp-content\/uploads\/2024\/05\/07084628_2083833_GDO.jpg","contentUrl":"https:\/\/folhapopular.info\/wp-content\/uploads\/2024\/05\/07084628_2083833_GDO.jpg","width":800,"height":453,"caption":"Cr\u00e9dito: Defesa Civil RS \/ Divulga\u00e7\u00e3o"},{"@type":"BreadcrumbList","@id":"https:\/\/folhapopular.info\/index.php\/2024\/05\/13\/numero-de-desaparecidos-no-rs-cai-mas-obitos-aumentam\/#breadcrumb","itemListElement":[{"@type":"ListItem","position":1,"name":"In\u00edcio","item":"https:\/\/folhapopular.info\/"},{"@type":"ListItem","position":2,"name":"N\u00famero de desaparecidos no RS cai, mas \u00f3bitos aumentam"}]},{"@type":"WebSite","@id":"https:\/\/folhapopular.info\/#website","url":"https:\/\/folhapopular.info\/","name":"Folha Popular","description":"Onde voc\u00ea tem vez e voz","potentialAction":[{"@type":"SearchAction","target":{"@type":"EntryPoint","urlTemplate":"https:\/\/folhapopular.info\/?s={search_term_string}"},"query-input":{"@type":"PropertyValueSpecification","valueRequired":true,"valueName":"search_term_string"}}],"inLanguage":"pt-BR"},{"@type":"Person","@id":"https:\/\/folhapopular.info\/#\/schema\/person\/2814e8a0df7643585a9ca38bc6eb9d4b","name":"Reda\u00e7\u00e3o Folha Popular","image":{"@type":"ImageObject","inLanguage":"pt-BR","@id":"https:\/\/folhapopular.info\/wp-content\/uploads\/2026\/04\/Folha-1.webp","url":"https:\/\/folhapopular.info\/wp-content\/uploads\/2026\/04\/Folha-1.webp","contentUrl":"https:\/\/folhapopular.info\/wp-content\/uploads\/2026\/04\/Folha-1.webp","caption":"Reda\u00e7\u00e3o Folha Popular"},"url":"https:\/\/folhapopular.info\/index.php\/author\/redacao\/"}]}},"jetpack_featured_media_url":"https:\/\/folhapopular.info\/wp-content\/uploads\/2024\/05\/07084628_2083833_GDO.jpg","jetpack_sharing_enabled":true,"amp_enabled":true,"_links":{"self":[{"href":"https:\/\/folhapopular.info\/index.php\/wp-json\/wp\/v2\/posts\/157738","targetHints":{"allow":["GET"]}}],"collection":[{"href":"https:\/\/folhapopular.info\/index.php\/wp-json\/wp\/v2\/posts"}],"about":[{"href":"https:\/\/folhapopular.info\/index.php\/wp-json\/wp\/v2\/types\/post"}],"author":[{"embeddable":true,"href":"https:\/\/folhapopular.info\/index.php\/wp-json\/wp\/v2\/users\/8"}],"replies":[{"embeddable":true,"href":"https:\/\/folhapopular.info\/index.php\/wp-json\/wp\/v2\/comments?post=157738"}],"version-history":[{"count":0,"href":"https:\/\/folhapopular.info\/index.php\/wp-json\/wp\/v2\/posts\/157738\/revisions"}],"wp:featuredmedia":[{"embeddable":true,"href":"https:\/\/folhapopular.info\/index.php\/wp-json\/wp\/v2\/media\/157087"}],"wp:attachment":[{"href":"https:\/\/folhapopular.info\/index.php\/wp-json\/wp\/v2\/media?parent=157738"}],"wp:term":[{"taxonomy":"category","embeddable":true,"href":"https:\/\/folhapopular.info\/index.php\/wp-json\/wp\/v2\/categories?post=157738"},{"taxonomy":"post_tag","embeddable":true,"href":"https:\/\/folhapopular.info\/index.php\/wp-json\/wp\/v2\/tags?post=157738"}],"curies":[{"name":"wp","href":"https:\/\/api.w.org\/{rel}","templated":true}]}}