{"id":157789,"date":"2024-05-13T17:07:36","date_gmt":"2024-05-13T20:07:36","guid":{"rendered":"https:\/\/folhapopular.info\/?p=157789"},"modified":"2024-05-13T17:07:40","modified_gmt":"2024-05-13T20:07:40","slug":"sicredi-ouro-branco-prorroga-ate-31-de-maio-as-inscricoes-para-o-fundo-social-projetos","status":"publish","type":"post","link":"https:\/\/folhapopular.info\/index.php\/2024\/05\/13\/sicredi-ouro-branco-prorroga-ate-31-de-maio-as-inscricoes-para-o-fundo-social-projetos\/","title":{"rendered":"Sicredi Ouro Branco prorroga at\u00e9 31 de maio as inscri\u00e7\u00f5es para o Fundo Social Projetos"},"content":{"rendered":"\n<p>Entre as a\u00e7\u00f5es desenvolvidas pela Sicredi Ouro Branco RS\/MG, com sensibilidade ao momento enfrentado no Rio Grande do Sul, est\u00e1 a amplia\u00e7\u00e3o do prazo para inscri\u00e7\u00e3o de projetos no Fundo Social 2024 at\u00e9 o dia 31 de maio. A decis\u00e3o leva em conta o impacto da cat\u00e1strofe clim\u00e1tica no Estado e em munic\u00edpios da \u00e1rea de atua\u00e7\u00e3o da Cooperativa, possibilitando que entidades j\u00e1 inscritas editem seus projetos ou que novas entidades possam se inscrever. <\/p>\n\n\n\n<p>A Sicredi Ouro Branco entende que os \u00faltimos eventos clim\u00e1ticos podem exigir novas necessidades por parte das comunidades, e que a medida \u00e9 condizente com o movimento de solidariedade que se faz t\u00e3o importante nesse momento.Neste ano o programa disponibiliza R$ 1,42 milh\u00e3o para beneficiar projetos de entidades associadas, legalmente constitu\u00eddas, sem fins lucrativos, com CNPJ, Estatuto Social e\/ou registro. Podem ser inscritas propostas nas \u00e1reas de educa\u00e7\u00e3o, cultura, esporte, sustentabilidade, seguran\u00e7a e sa\u00fade. As inscri\u00e7\u00f5es e mais informa\u00e7\u00f5es est\u00e3o dispon\u00edveis no site sicrediourobranco.com.br, e presencialmente nas ag\u00eancias Sicredi.<\/p>\n\n\n\n<p><br>\u201cNesse momento de olharmos para a reconstru\u00e7\u00e3o das comunidades atingidas, fortalecemos a import\u00e2ncia do programa, e a amplia\u00e7\u00e3o do prazo de inscri\u00e7\u00f5es concede a oportunidade de atender necessidades que contribuam para o atual cen\u00e1rio. O Fundo Social \u00e9 uma oportunidade para demonstrarmos a for\u00e7a que o cooperativismo tem, pois a cada projeto apoiado, damos um passo em dire\u00e7\u00e3o ao nosso prop\u00f3sito de construirmos juntos uma sociedade mais pr\u00f3spera\u201d, destaca o presidente da Cooperativa, Neori Ernani Abel.<\/p>\n","protected":false},"excerpt":{"rendered":"<p>Entre as a\u00e7\u00f5es desenvolvidas pela Sicredi Ouro Branco RS\/MG, com sensibilidade ao momento enfrentado no Rio Grande do Sul, est\u00e1 a amplia\u00e7\u00e3o do prazo para inscri\u00e7\u00e3o de projetos no Fundo Social 2024 at\u00e9 o dia 31 de maio. A decis\u00e3o leva em conta o impacto da cat\u00e1strofe clim\u00e1tica no Estado e em munic\u00edpios da \u00e1rea [&hellip;]<\/p>\n","protected":false},"author":8,"featured_media":157790,"comment_status":"open","ping_status":"open","sticky":false,"template":"","format":"standard","meta":{"pmpro_default_level":"","_jetpack_memberships_contains_paid_content":false,"footnotes":""},"categories":[10992,2,10991],"tags":[9165,292],"class_list":{"0":"post-157789","1":"post","2":"type-post","3":"status-publish","4":"format-standard","5":"has-post-thumbnail","7":"category-coopop","8":"category-featured","9":"category-economia","10":"tag-coopop","11":"tag-sicredi","12":"pmpro-has-access"},"yoast_head":"<!-- This site is optimized with the Yoast SEO plugin v27.5 - https:\/\/yoast.com\/product\/yoast-seo-wordpress\/ -->\n<title>Sicredi Ouro Branco prorroga at\u00e9 31 de maio as inscri\u00e7\u00f5es para o Fundo Social Projetos - Folha Popular<\/title>\n<meta name=\"robots\" content=\"index, follow, max-snippet:-1, max-image-preview:large, max-video-preview:-1\" \/>\n<link rel=\"canonical\" href=\"https:\/\/folhapopular.info\/index.php\/2024\/05\/13\/sicredi-ouro-branco-prorroga-ate-31-de-maio-as-inscricoes-para-o-fundo-social-projetos\/\" \/>\n<meta property=\"og:locale\" content=\"pt_BR\" \/>\n<meta property=\"og:type\" content=\"article\" \/>\n<meta property=\"og:title\" content=\"Sicredi Ouro Branco prorroga at\u00e9 31 de maio as inscri\u00e7\u00f5es para o Fundo Social Projetos - Folha Popular\" \/>\n<meta property=\"og:description\" content=\"Entre as a\u00e7\u00f5es desenvolvidas pela Sicredi Ouro Branco RS\/MG, com sensibilidade ao momento enfrentado no Rio Grande do Sul, est\u00e1 a amplia\u00e7\u00e3o do prazo para inscri\u00e7\u00e3o de projetos no Fundo Social 2024 at\u00e9 o dia 31 de maio. A decis\u00e3o leva em conta o impacto da cat\u00e1strofe clim\u00e1tica no Estado e em munic\u00edpios da \u00e1rea [&hellip;]\" \/>\n<meta property=\"og:url\" content=\"https:\/\/folhapopular.info\/index.php\/2024\/05\/13\/sicredi-ouro-branco-prorroga-ate-31-de-maio-as-inscricoes-para-o-fundo-social-projetos\/\" \/>\n<meta property=\"og:site_name\" content=\"Folha Popular\" \/>\n<meta property=\"article:published_time\" content=\"2024-05-13T20:07:36+00:00\" \/>\n<meta property=\"article:modified_time\" content=\"2024-05-13T20:07:40+00:00\" \/>\n<meta property=\"og:image\" content=\"http:\/\/folhapopular.info\/wp-content\/uploads\/2024\/05\/Sicredi-Ouro-Branco-prorroga-ate-31-de-maio-as-inscricoes-para-o-Fundo-Social.jpg\" \/>\n\t<meta property=\"og:image:width\" content=\"2000\" \/>\n\t<meta property=\"og:image:height\" content=\"1333\" \/>\n\t<meta property=\"og:image:type\" content=\"image\/jpeg\" \/>\n<meta name=\"author\" content=\"Reda\u00e7\u00e3o Folha Popular\" \/>\n<meta name=\"twitter:card\" content=\"summary_large_image\" \/>\n<meta name=\"twitter:label1\" content=\"Escrito por\" \/>\n\t<meta name=\"twitter:data1\" content=\"Reda\u00e7\u00e3o Folha Popular\" \/>\n\t<meta name=\"twitter:label2\" content=\"Est. tempo de leitura\" \/>\n\t<meta name=\"twitter:data2\" content=\"2 minutos\" \/>\n<script type=\"application\/ld+json\" class=\"yoast-schema-graph\">{\"@context\":\"https:\\\/\\\/schema.org\",\"@graph\":[{\"@type\":\"Article\",\"@id\":\"https:\\\/\\\/folhapopular.info\\\/index.php\\\/2024\\\/05\\\/13\\\/sicredi-ouro-branco-prorroga-ate-31-de-maio-as-inscricoes-para-o-fundo-social-projetos\\\/#article\",\"isPartOf\":{\"@id\":\"https:\\\/\\\/folhapopular.info\\\/index.php\\\/2024\\\/05\\\/13\\\/sicredi-ouro-branco-prorroga-ate-31-de-maio-as-inscricoes-para-o-fundo-social-projetos\\\/\"},\"author\":{\"name\":\"Reda\u00e7\u00e3o Folha Popular\",\"@id\":\"https:\\\/\\\/folhapopular.info\\\/#\\\/schema\\\/person\\\/2814e8a0df7643585a9ca38bc6eb9d4b\"},\"headline\":\"Sicredi Ouro Branco prorroga at\u00e9 31 de maio as inscri\u00e7\u00f5es para o Fundo Social Projetos\",\"datePublished\":\"2024-05-13T20:07:36+00:00\",\"dateModified\":\"2024-05-13T20:07:40+00:00\",\"mainEntityOfPage\":{\"@id\":\"https:\\\/\\\/folhapopular.info\\\/index.php\\\/2024\\\/05\\\/13\\\/sicredi-ouro-branco-prorroga-ate-31-de-maio-as-inscricoes-para-o-fundo-social-projetos\\\/\"},\"wordCount\":283,\"commentCount\":0,\"image\":{\"@id\":\"https:\\\/\\\/folhapopular.info\\\/index.php\\\/2024\\\/05\\\/13\\\/sicredi-ouro-branco-prorroga-ate-31-de-maio-as-inscricoes-para-o-fundo-social-projetos\\\/#primaryimage\"},\"thumbnailUrl\":\"https:\\\/\\\/folhapopular.info\\\/wp-content\\\/uploads\\\/2024\\\/05\\\/Sicredi-Ouro-Branco-prorroga-ate-31-de-maio-as-inscricoes-para-o-Fundo-Social.jpg\",\"keywords\":[\"Coopop\",\"Sicredi\"],\"articleSection\":[\"Coopop\",\"Destaques\",\"Economia\"],\"inLanguage\":\"pt-BR\",\"potentialAction\":[{\"@type\":\"CommentAction\",\"name\":\"Comment\",\"target\":[\"https:\\\/\\\/folhapopular.info\\\/index.php\\\/2024\\\/05\\\/13\\\/sicredi-ouro-branco-prorroga-ate-31-de-maio-as-inscricoes-para-o-fundo-social-projetos\\\/#respond\"]}]},{\"@type\":\"WebPage\",\"@id\":\"https:\\\/\\\/folhapopular.info\\\/index.php\\\/2024\\\/05\\\/13\\\/sicredi-ouro-branco-prorroga-ate-31-de-maio-as-inscricoes-para-o-fundo-social-projetos\\\/\",\"url\":\"https:\\\/\\\/folhapopular.info\\\/index.php\\\/2024\\\/05\\\/13\\\/sicredi-ouro-branco-prorroga-ate-31-de-maio-as-inscricoes-para-o-fundo-social-projetos\\\/\",\"name\":\"Sicredi Ouro Branco prorroga at\u00e9 31 de maio as inscri\u00e7\u00f5es para o Fundo Social Projetos - Folha Popular\",\"isPartOf\":{\"@id\":\"https:\\\/\\\/folhapopular.info\\\/#website\"},\"primaryImageOfPage\":{\"@id\":\"https:\\\/\\\/folhapopular.info\\\/index.php\\\/2024\\\/05\\\/13\\\/sicredi-ouro-branco-prorroga-ate-31-de-maio-as-inscricoes-para-o-fundo-social-projetos\\\/#primaryimage\"},\"image\":{\"@id\":\"https:\\\/\\\/folhapopular.info\\\/index.php\\\/2024\\\/05\\\/13\\\/sicredi-ouro-branco-prorroga-ate-31-de-maio-as-inscricoes-para-o-fundo-social-projetos\\\/#primaryimage\"},\"thumbnailUrl\":\"https:\\\/\\\/folhapopular.info\\\/wp-content\\\/uploads\\\/2024\\\/05\\\/Sicredi-Ouro-Branco-prorroga-ate-31-de-maio-as-inscricoes-para-o-Fundo-Social.jpg\",\"datePublished\":\"2024-05-13T20:07:36+00:00\",\"dateModified\":\"2024-05-13T20:07:40+00:00\",\"author\":{\"@id\":\"https:\\\/\\\/folhapopular.info\\\/#\\\/schema\\\/person\\\/2814e8a0df7643585a9ca38bc6eb9d4b\"},\"breadcrumb\":{\"@id\":\"https:\\\/\\\/folhapopular.info\\\/index.php\\\/2024\\\/05\\\/13\\\/sicredi-ouro-branco-prorroga-ate-31-de-maio-as-inscricoes-para-o-fundo-social-projetos\\\/#breadcrumb\"},\"inLanguage\":\"pt-BR\",\"potentialAction\":[{\"@type\":\"ReadAction\",\"target\":[\"https:\\\/\\\/folhapopular.info\\\/index.php\\\/2024\\\/05\\\/13\\\/sicredi-ouro-branco-prorroga-ate-31-de-maio-as-inscricoes-para-o-fundo-social-projetos\\\/\"]}]},{\"@type\":\"ImageObject\",\"inLanguage\":\"pt-BR\",\"@id\":\"https:\\\/\\\/folhapopular.info\\\/index.php\\\/2024\\\/05\\\/13\\\/sicredi-ouro-branco-prorroga-ate-31-de-maio-as-inscricoes-para-o-fundo-social-projetos\\\/#primaryimage\",\"url\":\"https:\\\/\\\/folhapopular.info\\\/wp-content\\\/uploads\\\/2024\\\/05\\\/Sicredi-Ouro-Branco-prorroga-ate-31-de-maio-as-inscricoes-para-o-Fundo-Social.jpg\",\"contentUrl\":\"https:\\\/\\\/folhapopular.info\\\/wp-content\\\/uploads\\\/2024\\\/05\\\/Sicredi-Ouro-Branco-prorroga-ate-31-de-maio-as-inscricoes-para-o-Fundo-Social.jpg\",\"width\":2000,\"height\":1333,\"caption\":\"Cr\u00e9dito: Divulga\u00e7\u00e3o\\\/Sicredi\"},{\"@type\":\"BreadcrumbList\",\"@id\":\"https:\\\/\\\/folhapopular.info\\\/index.php\\\/2024\\\/05\\\/13\\\/sicredi-ouro-branco-prorroga-ate-31-de-maio-as-inscricoes-para-o-fundo-social-projetos\\\/#breadcrumb\",\"itemListElement\":[{\"@type\":\"ListItem\",\"position\":1,\"name\":\"In\u00edcio\",\"item\":\"https:\\\/\\\/folhapopular.info\\\/\"},{\"@type\":\"ListItem\",\"position\":2,\"name\":\"Sicredi Ouro Branco prorroga at\u00e9 31 de maio as inscri\u00e7\u00f5es para o Fundo Social Projetos\"}]},{\"@type\":\"WebSite\",\"@id\":\"https:\\\/\\\/folhapopular.info\\\/#website\",\"url\":\"https:\\\/\\\/folhapopular.info\\\/\",\"name\":\"Folha Popular\",\"description\":\"Onde voc\u00ea tem vez e voz\",\"potentialAction\":[{\"@type\":\"SearchAction\",\"target\":{\"@type\":\"EntryPoint\",\"urlTemplate\":\"https:\\\/\\\/folhapopular.info\\\/?s={search_term_string}\"},\"query-input\":{\"@type\":\"PropertyValueSpecification\",\"valueRequired\":true,\"valueName\":\"search_term_string\"}}],\"inLanguage\":\"pt-BR\"},{\"@type\":\"Person\",\"@id\":\"https:\\\/\\\/folhapopular.info\\\/#\\\/schema\\\/person\\\/2814e8a0df7643585a9ca38bc6eb9d4b\",\"name\":\"Reda\u00e7\u00e3o Folha Popular\",\"image\":{\"@type\":\"ImageObject\",\"inLanguage\":\"pt-BR\",\"@id\":\"https:\\\/\\\/folhapopular.info\\\/wp-content\\\/uploads\\\/2026\\\/04\\\/Folha-1.webp\",\"url\":\"https:\\\/\\\/folhapopular.info\\\/wp-content\\\/uploads\\\/2026\\\/04\\\/Folha-1.webp\",\"contentUrl\":\"https:\\\/\\\/folhapopular.info\\\/wp-content\\\/uploads\\\/2026\\\/04\\\/Folha-1.webp\",\"caption\":\"Reda\u00e7\u00e3o Folha Popular\"},\"url\":\"https:\\\/\\\/folhapopular.info\\\/index.php\\\/author\\\/redacao\\\/\"}]}<\/script>\n<!-- \/ Yoast SEO plugin. -->","yoast_head_json":{"title":"Sicredi Ouro Branco prorroga at\u00e9 31 de maio as inscri\u00e7\u00f5es para o Fundo Social Projetos - Folha Popular","robots":{"index":"index","follow":"follow","max-snippet":"max-snippet:-1","max-image-preview":"max-image-preview:large","max-video-preview":"max-video-preview:-1"},"canonical":"https:\/\/folhapopular.info\/index.php\/2024\/05\/13\/sicredi-ouro-branco-prorroga-ate-31-de-maio-as-inscricoes-para-o-fundo-social-projetos\/","og_locale":"pt_BR","og_type":"article","og_title":"Sicredi Ouro Branco prorroga at\u00e9 31 de maio as inscri\u00e7\u00f5es para o Fundo Social Projetos - Folha Popular","og_description":"Entre as a\u00e7\u00f5es desenvolvidas pela Sicredi Ouro Branco RS\/MG, com sensibilidade ao momento enfrentado no Rio Grande do Sul, est\u00e1 a amplia\u00e7\u00e3o do prazo para inscri\u00e7\u00e3o de projetos no Fundo Social 2024 at\u00e9 o dia 31 de maio. A decis\u00e3o leva em conta o impacto da cat\u00e1strofe clim\u00e1tica no Estado e em munic\u00edpios da \u00e1rea [&hellip;]","og_url":"https:\/\/folhapopular.info\/index.php\/2024\/05\/13\/sicredi-ouro-branco-prorroga-ate-31-de-maio-as-inscricoes-para-o-fundo-social-projetos\/","og_site_name":"Folha Popular","article_published_time":"2024-05-13T20:07:36+00:00","article_modified_time":"2024-05-13T20:07:40+00:00","og_image":[{"width":2000,"height":1333,"url":"http:\/\/folhapopular.info\/wp-content\/uploads\/2024\/05\/Sicredi-Ouro-Branco-prorroga-ate-31-de-maio-as-inscricoes-para-o-Fundo-Social.jpg","type":"image\/jpeg"}],"author":"Reda\u00e7\u00e3o Folha Popular","twitter_card":"summary_large_image","twitter_misc":{"Escrito por":"Reda\u00e7\u00e3o Folha Popular","Est. tempo de leitura":"2 minutos"},"schema":{"@context":"https:\/\/schema.org","@graph":[{"@type":"Article","@id":"https:\/\/folhapopular.info\/index.php\/2024\/05\/13\/sicredi-ouro-branco-prorroga-ate-31-de-maio-as-inscricoes-para-o-fundo-social-projetos\/#article","isPartOf":{"@id":"https:\/\/folhapopular.info\/index.php\/2024\/05\/13\/sicredi-ouro-branco-prorroga-ate-31-de-maio-as-inscricoes-para-o-fundo-social-projetos\/"},"author":{"name":"Reda\u00e7\u00e3o Folha Popular","@id":"https:\/\/folhapopular.info\/#\/schema\/person\/2814e8a0df7643585a9ca38bc6eb9d4b"},"headline":"Sicredi Ouro Branco prorroga at\u00e9 31 de maio as inscri\u00e7\u00f5es para o Fundo Social Projetos","datePublished":"2024-05-13T20:07:36+00:00","dateModified":"2024-05-13T20:07:40+00:00","mainEntityOfPage":{"@id":"https:\/\/folhapopular.info\/index.php\/2024\/05\/13\/sicredi-ouro-branco-prorroga-ate-31-de-maio-as-inscricoes-para-o-fundo-social-projetos\/"},"wordCount":283,"commentCount":0,"image":{"@id":"https:\/\/folhapopular.info\/index.php\/2024\/05\/13\/sicredi-ouro-branco-prorroga-ate-31-de-maio-as-inscricoes-para-o-fundo-social-projetos\/#primaryimage"},"thumbnailUrl":"https:\/\/folhapopular.info\/wp-content\/uploads\/2024\/05\/Sicredi-Ouro-Branco-prorroga-ate-31-de-maio-as-inscricoes-para-o-Fundo-Social.jpg","keywords":["Coopop","Sicredi"],"articleSection":["Coopop","Destaques","Economia"],"inLanguage":"pt-BR","potentialAction":[{"@type":"CommentAction","name":"Comment","target":["https:\/\/folhapopular.info\/index.php\/2024\/05\/13\/sicredi-ouro-branco-prorroga-ate-31-de-maio-as-inscricoes-para-o-fundo-social-projetos\/#respond"]}]},{"@type":"WebPage","@id":"https:\/\/folhapopular.info\/index.php\/2024\/05\/13\/sicredi-ouro-branco-prorroga-ate-31-de-maio-as-inscricoes-para-o-fundo-social-projetos\/","url":"https:\/\/folhapopular.info\/index.php\/2024\/05\/13\/sicredi-ouro-branco-prorroga-ate-31-de-maio-as-inscricoes-para-o-fundo-social-projetos\/","name":"Sicredi Ouro Branco prorroga at\u00e9 31 de maio as inscri\u00e7\u00f5es para o Fundo Social Projetos - Folha Popular","isPartOf":{"@id":"https:\/\/folhapopular.info\/#website"},"primaryImageOfPage":{"@id":"https:\/\/folhapopular.info\/index.php\/2024\/05\/13\/sicredi-ouro-branco-prorroga-ate-31-de-maio-as-inscricoes-para-o-fundo-social-projetos\/#primaryimage"},"image":{"@id":"https:\/\/folhapopular.info\/index.php\/2024\/05\/13\/sicredi-ouro-branco-prorroga-ate-31-de-maio-as-inscricoes-para-o-fundo-social-projetos\/#primaryimage"},"thumbnailUrl":"https:\/\/folhapopular.info\/wp-content\/uploads\/2024\/05\/Sicredi-Ouro-Branco-prorroga-ate-31-de-maio-as-inscricoes-para-o-Fundo-Social.jpg","datePublished":"2024-05-13T20:07:36+00:00","dateModified":"2024-05-13T20:07:40+00:00","author":{"@id":"https:\/\/folhapopular.info\/#\/schema\/person\/2814e8a0df7643585a9ca38bc6eb9d4b"},"breadcrumb":{"@id":"https:\/\/folhapopular.info\/index.php\/2024\/05\/13\/sicredi-ouro-branco-prorroga-ate-31-de-maio-as-inscricoes-para-o-fundo-social-projetos\/#breadcrumb"},"inLanguage":"pt-BR","potentialAction":[{"@type":"ReadAction","target":["https:\/\/folhapopular.info\/index.php\/2024\/05\/13\/sicredi-ouro-branco-prorroga-ate-31-de-maio-as-inscricoes-para-o-fundo-social-projetos\/"]}]},{"@type":"ImageObject","inLanguage":"pt-BR","@id":"https:\/\/folhapopular.info\/index.php\/2024\/05\/13\/sicredi-ouro-branco-prorroga-ate-31-de-maio-as-inscricoes-para-o-fundo-social-projetos\/#primaryimage","url":"https:\/\/folhapopular.info\/wp-content\/uploads\/2024\/05\/Sicredi-Ouro-Branco-prorroga-ate-31-de-maio-as-inscricoes-para-o-Fundo-Social.jpg","contentUrl":"https:\/\/folhapopular.info\/wp-content\/uploads\/2024\/05\/Sicredi-Ouro-Branco-prorroga-ate-31-de-maio-as-inscricoes-para-o-Fundo-Social.jpg","width":2000,"height":1333,"caption":"Cr\u00e9dito: Divulga\u00e7\u00e3o\/Sicredi"},{"@type":"BreadcrumbList","@id":"https:\/\/folhapopular.info\/index.php\/2024\/05\/13\/sicredi-ouro-branco-prorroga-ate-31-de-maio-as-inscricoes-para-o-fundo-social-projetos\/#breadcrumb","itemListElement":[{"@type":"ListItem","position":1,"name":"In\u00edcio","item":"https:\/\/folhapopular.info\/"},{"@type":"ListItem","position":2,"name":"Sicredi Ouro Branco prorroga at\u00e9 31 de maio as inscri\u00e7\u00f5es para o Fundo Social Projetos"}]},{"@type":"WebSite","@id":"https:\/\/folhapopular.info\/#website","url":"https:\/\/folhapopular.info\/","name":"Folha Popular","description":"Onde voc\u00ea tem vez e voz","potentialAction":[{"@type":"SearchAction","target":{"@type":"EntryPoint","urlTemplate":"https:\/\/folhapopular.info\/?s={search_term_string}"},"query-input":{"@type":"PropertyValueSpecification","valueRequired":true,"valueName":"search_term_string"}}],"inLanguage":"pt-BR"},{"@type":"Person","@id":"https:\/\/folhapopular.info\/#\/schema\/person\/2814e8a0df7643585a9ca38bc6eb9d4b","name":"Reda\u00e7\u00e3o Folha Popular","image":{"@type":"ImageObject","inLanguage":"pt-BR","@id":"https:\/\/folhapopular.info\/wp-content\/uploads\/2026\/04\/Folha-1.webp","url":"https:\/\/folhapopular.info\/wp-content\/uploads\/2026\/04\/Folha-1.webp","contentUrl":"https:\/\/folhapopular.info\/wp-content\/uploads\/2026\/04\/Folha-1.webp","caption":"Reda\u00e7\u00e3o Folha Popular"},"url":"https:\/\/folhapopular.info\/index.php\/author\/redacao\/"}]}},"jetpack_featured_media_url":"https:\/\/folhapopular.info\/wp-content\/uploads\/2024\/05\/Sicredi-Ouro-Branco-prorroga-ate-31-de-maio-as-inscricoes-para-o-Fundo-Social.jpg","jetpack_sharing_enabled":true,"amp_enabled":true,"_links":{"self":[{"href":"https:\/\/folhapopular.info\/index.php\/wp-json\/wp\/v2\/posts\/157789","targetHints":{"allow":["GET"]}}],"collection":[{"href":"https:\/\/folhapopular.info\/index.php\/wp-json\/wp\/v2\/posts"}],"about":[{"href":"https:\/\/folhapopular.info\/index.php\/wp-json\/wp\/v2\/types\/post"}],"author":[{"embeddable":true,"href":"https:\/\/folhapopular.info\/index.php\/wp-json\/wp\/v2\/users\/8"}],"replies":[{"embeddable":true,"href":"https:\/\/folhapopular.info\/index.php\/wp-json\/wp\/v2\/comments?post=157789"}],"version-history":[{"count":0,"href":"https:\/\/folhapopular.info\/index.php\/wp-json\/wp\/v2\/posts\/157789\/revisions"}],"wp:featuredmedia":[{"embeddable":true,"href":"https:\/\/folhapopular.info\/index.php\/wp-json\/wp\/v2\/media\/157790"}],"wp:attachment":[{"href":"https:\/\/folhapopular.info\/index.php\/wp-json\/wp\/v2\/media?parent=157789"}],"wp:term":[{"taxonomy":"category","embeddable":true,"href":"https:\/\/folhapopular.info\/index.php\/wp-json\/wp\/v2\/categories?post=157789"},{"taxonomy":"post_tag","embeddable":true,"href":"https:\/\/folhapopular.info\/index.php\/wp-json\/wp\/v2\/tags?post=157789"}],"curies":[{"name":"wp","href":"https:\/\/api.w.org\/{rel}","templated":true}]}}