{"id":157811,"date":"2024-05-13T18:10:24","date_gmt":"2024-05-13T21:10:24","guid":{"rendered":"https:\/\/folhapopular.info\/?p=157811"},"modified":"2024-05-13T18:10:28","modified_gmt":"2024-05-13T21:10:28","slug":"homem-e-preso-por-furtar-bicicleta-em-bom-retiro-do-sul","status":"publish","type":"post","link":"https:\/\/folhapopular.info\/index.php\/2024\/05\/13\/homem-e-preso-por-furtar-bicicleta-em-bom-retiro-do-sul\/","title":{"rendered":"Homem \u00e9 preso por furtar bicicleta em Bom Retiro do Sul"},"content":{"rendered":"\n<p>Na tarde desta segunda-feira (13\/5), a Brigada Militar, em uma a\u00e7\u00e3o conjunta com a Pol\u00edcia Civil, prendeu um homem, de 26 anos, e recuperou uma bicicleta furtada em Bom Retiro do Sul.<\/p>\n\n\n\n<p>Ap\u00f3s a v\u00edtima realizar o registro do furto de uma bicicleta, foram iniciadas as dilig\u00eancias. A partir de imagens do videomonitoramento, foi poss\u00edvel obter as caracter\u00edsticas do autor do furto. Foram feitas buscas, localizada a bicicleta e posteriormente o suspeito, que admitiu a autoria do furto.<\/p>\n\n\n\n<p>O homem foi preso e encaminhado \u00e0 Delegacia de Pol\u00edcia de Bom Retiro do Sul para provid\u00eancias legais.<\/p>\n","protected":false},"excerpt":{"rendered":"<p>Na tarde desta segunda-feira (13\/5), a Brigada Militar, em uma a\u00e7\u00e3o conjunta com a Pol\u00edcia Civil, prendeu um homem, de 26 anos, e recuperou uma bicicleta furtada em Bom Retiro do Sul. Ap\u00f3s a v\u00edtima realizar o registro do furto de uma bicicleta, foram iniciadas as dilig\u00eancias. A partir de imagens do videomonitoramento, foi poss\u00edvel [&hellip;]<\/p>\n","protected":false},"author":8,"featured_media":157812,"comment_status":"open","ping_status":"open","sticky":false,"template":"","format":"standard","meta":{"pmpro_default_level":"","_jetpack_memberships_contains_paid_content":false,"footnotes":""},"categories":[10982,7],"tags":[146,251,3963],"class_list":{"0":"post-157811","1":"post","2":"type-post","3":"status-publish","4":"format-standard","5":"has-post-thumbnail","7":"category-policia","8":"category-seguranca","9":"tag-bom-retiro-do-sul","10":"tag-brigada-militar","11":"tag-policia-civil-2","12":"pmpro-has-access"},"yoast_head":"<!-- This site is optimized with the Yoast SEO plugin v27.5 - https:\/\/yoast.com\/product\/yoast-seo-wordpress\/ -->\n<title>Homem \u00e9 preso por furtar bicicleta em Bom Retiro do Sul - Folha Popular<\/title>\n<meta name=\"robots\" content=\"index, follow, max-snippet:-1, max-image-preview:large, max-video-preview:-1\" \/>\n<link rel=\"canonical\" href=\"https:\/\/folhapopular.info\/index.php\/2024\/05\/13\/homem-e-preso-por-furtar-bicicleta-em-bom-retiro-do-sul\/\" \/>\n<meta property=\"og:locale\" content=\"pt_BR\" \/>\n<meta property=\"og:type\" content=\"article\" \/>\n<meta property=\"og:title\" content=\"Homem \u00e9 preso por furtar bicicleta em Bom Retiro do Sul - Folha Popular\" \/>\n<meta property=\"og:description\" content=\"Na tarde desta segunda-feira (13\/5), a Brigada Militar, em uma a\u00e7\u00e3o conjunta com a Pol\u00edcia Civil, prendeu um homem, de 26 anos, e recuperou uma bicicleta furtada em Bom Retiro do Sul. Ap\u00f3s a v\u00edtima realizar o registro do furto de uma bicicleta, foram iniciadas as dilig\u00eancias. A partir de imagens do videomonitoramento, foi poss\u00edvel [&hellip;]\" \/>\n<meta property=\"og:url\" content=\"https:\/\/folhapopular.info\/index.php\/2024\/05\/13\/homem-e-preso-por-furtar-bicicleta-em-bom-retiro-do-sul\/\" \/>\n<meta property=\"og:site_name\" content=\"Folha Popular\" \/>\n<meta property=\"article:published_time\" content=\"2024-05-13T21:10:24+00:00\" \/>\n<meta property=\"article:modified_time\" content=\"2024-05-13T21:10:28+00:00\" \/>\n<meta property=\"og:image\" content=\"http:\/\/folhapopular.info\/wp-content\/uploads\/2024\/05\/WhatsApp-Image-2024-05-13-at-18.01.27.jpeg\" \/>\n\t<meta property=\"og:image:width\" content=\"960\" \/>\n\t<meta property=\"og:image:height\" content=\"830\" \/>\n\t<meta property=\"og:image:type\" content=\"image\/jpeg\" \/>\n<meta name=\"author\" content=\"Reda\u00e7\u00e3o Folha Popular\" \/>\n<meta name=\"twitter:card\" content=\"summary_large_image\" \/>\n<meta name=\"twitter:label1\" content=\"Escrito por\" \/>\n\t<meta name=\"twitter:data1\" content=\"Reda\u00e7\u00e3o Folha Popular\" \/>\n\t<meta name=\"twitter:label2\" content=\"Est. tempo de leitura\" \/>\n\t<meta name=\"twitter:data2\" content=\"1 minuto\" \/>\n<script type=\"application\/ld+json\" class=\"yoast-schema-graph\">{\"@context\":\"https:\\\/\\\/schema.org\",\"@graph\":[{\"@type\":\"Article\",\"@id\":\"https:\\\/\\\/folhapopular.info\\\/index.php\\\/2024\\\/05\\\/13\\\/homem-e-preso-por-furtar-bicicleta-em-bom-retiro-do-sul\\\/#article\",\"isPartOf\":{\"@id\":\"https:\\\/\\\/folhapopular.info\\\/index.php\\\/2024\\\/05\\\/13\\\/homem-e-preso-por-furtar-bicicleta-em-bom-retiro-do-sul\\\/\"},\"author\":{\"name\":\"Reda\u00e7\u00e3o Folha Popular\",\"@id\":\"https:\\\/\\\/folhapopular.info\\\/#\\\/schema\\\/person\\\/2814e8a0df7643585a9ca38bc6eb9d4b\"},\"headline\":\"Homem \u00e9 preso por furtar bicicleta em Bom Retiro do Sul\",\"datePublished\":\"2024-05-13T21:10:24+00:00\",\"dateModified\":\"2024-05-13T21:10:28+00:00\",\"mainEntityOfPage\":{\"@id\":\"https:\\\/\\\/folhapopular.info\\\/index.php\\\/2024\\\/05\\\/13\\\/homem-e-preso-por-furtar-bicicleta-em-bom-retiro-do-sul\\\/\"},\"wordCount\":112,\"commentCount\":0,\"image\":{\"@id\":\"https:\\\/\\\/folhapopular.info\\\/index.php\\\/2024\\\/05\\\/13\\\/homem-e-preso-por-furtar-bicicleta-em-bom-retiro-do-sul\\\/#primaryimage\"},\"thumbnailUrl\":\"https:\\\/\\\/folhapopular.info\\\/wp-content\\\/uploads\\\/2024\\\/05\\\/WhatsApp-Image-2024-05-13-at-18.01.27.jpeg\",\"keywords\":[\"Bom Retiro do Sul\",\"Brigada Militar\",\"Pol\u00edcia Civil\"],\"articleSection\":[\"Pol\u00edcia\",\"Seguran\u00e7a\"],\"inLanguage\":\"pt-BR\",\"potentialAction\":[{\"@type\":\"CommentAction\",\"name\":\"Comment\",\"target\":[\"https:\\\/\\\/folhapopular.info\\\/index.php\\\/2024\\\/05\\\/13\\\/homem-e-preso-por-furtar-bicicleta-em-bom-retiro-do-sul\\\/#respond\"]}]},{\"@type\":\"WebPage\",\"@id\":\"https:\\\/\\\/folhapopular.info\\\/index.php\\\/2024\\\/05\\\/13\\\/homem-e-preso-por-furtar-bicicleta-em-bom-retiro-do-sul\\\/\",\"url\":\"https:\\\/\\\/folhapopular.info\\\/index.php\\\/2024\\\/05\\\/13\\\/homem-e-preso-por-furtar-bicicleta-em-bom-retiro-do-sul\\\/\",\"name\":\"Homem \u00e9 preso por furtar bicicleta em Bom Retiro do Sul - Folha Popular\",\"isPartOf\":{\"@id\":\"https:\\\/\\\/folhapopular.info\\\/#website\"},\"primaryImageOfPage\":{\"@id\":\"https:\\\/\\\/folhapopular.info\\\/index.php\\\/2024\\\/05\\\/13\\\/homem-e-preso-por-furtar-bicicleta-em-bom-retiro-do-sul\\\/#primaryimage\"},\"image\":{\"@id\":\"https:\\\/\\\/folhapopular.info\\\/index.php\\\/2024\\\/05\\\/13\\\/homem-e-preso-por-furtar-bicicleta-em-bom-retiro-do-sul\\\/#primaryimage\"},\"thumbnailUrl\":\"https:\\\/\\\/folhapopular.info\\\/wp-content\\\/uploads\\\/2024\\\/05\\\/WhatsApp-Image-2024-05-13-at-18.01.27.jpeg\",\"datePublished\":\"2024-05-13T21:10:24+00:00\",\"dateModified\":\"2024-05-13T21:10:28+00:00\",\"author\":{\"@id\":\"https:\\\/\\\/folhapopular.info\\\/#\\\/schema\\\/person\\\/2814e8a0df7643585a9ca38bc6eb9d4b\"},\"breadcrumb\":{\"@id\":\"https:\\\/\\\/folhapopular.info\\\/index.php\\\/2024\\\/05\\\/13\\\/homem-e-preso-por-furtar-bicicleta-em-bom-retiro-do-sul\\\/#breadcrumb\"},\"inLanguage\":\"pt-BR\",\"potentialAction\":[{\"@type\":\"ReadAction\",\"target\":[\"https:\\\/\\\/folhapopular.info\\\/index.php\\\/2024\\\/05\\\/13\\\/homem-e-preso-por-furtar-bicicleta-em-bom-retiro-do-sul\\\/\"]}]},{\"@type\":\"ImageObject\",\"inLanguage\":\"pt-BR\",\"@id\":\"https:\\\/\\\/folhapopular.info\\\/index.php\\\/2024\\\/05\\\/13\\\/homem-e-preso-por-furtar-bicicleta-em-bom-retiro-do-sul\\\/#primaryimage\",\"url\":\"https:\\\/\\\/folhapopular.info\\\/wp-content\\\/uploads\\\/2024\\\/05\\\/WhatsApp-Image-2024-05-13-at-18.01.27.jpeg\",\"contentUrl\":\"https:\\\/\\\/folhapopular.info\\\/wp-content\\\/uploads\\\/2024\\\/05\\\/WhatsApp-Image-2024-05-13-at-18.01.27.jpeg\",\"width\":960,\"height\":830,\"caption\":\"Cr\u00e9dito: Brigada Militar \\\/ Divulga\u00e7\u00e3o\"},{\"@type\":\"BreadcrumbList\",\"@id\":\"https:\\\/\\\/folhapopular.info\\\/index.php\\\/2024\\\/05\\\/13\\\/homem-e-preso-por-furtar-bicicleta-em-bom-retiro-do-sul\\\/#breadcrumb\",\"itemListElement\":[{\"@type\":\"ListItem\",\"position\":1,\"name\":\"In\u00edcio\",\"item\":\"https:\\\/\\\/folhapopular.info\\\/\"},{\"@type\":\"ListItem\",\"position\":2,\"name\":\"Homem \u00e9 preso por furtar bicicleta em Bom Retiro do Sul\"}]},{\"@type\":\"WebSite\",\"@id\":\"https:\\\/\\\/folhapopular.info\\\/#website\",\"url\":\"https:\\\/\\\/folhapopular.info\\\/\",\"name\":\"Folha Popular\",\"description\":\"Onde voc\u00ea tem vez e voz\",\"potentialAction\":[{\"@type\":\"SearchAction\",\"target\":{\"@type\":\"EntryPoint\",\"urlTemplate\":\"https:\\\/\\\/folhapopular.info\\\/?s={search_term_string}\"},\"query-input\":{\"@type\":\"PropertyValueSpecification\",\"valueRequired\":true,\"valueName\":\"search_term_string\"}}],\"inLanguage\":\"pt-BR\"},{\"@type\":\"Person\",\"@id\":\"https:\\\/\\\/folhapopular.info\\\/#\\\/schema\\\/person\\\/2814e8a0df7643585a9ca38bc6eb9d4b\",\"name\":\"Reda\u00e7\u00e3o Folha Popular\",\"image\":{\"@type\":\"ImageObject\",\"inLanguage\":\"pt-BR\",\"@id\":\"https:\\\/\\\/folhapopular.info\\\/wp-content\\\/uploads\\\/2026\\\/04\\\/Folha-1.webp\",\"url\":\"https:\\\/\\\/folhapopular.info\\\/wp-content\\\/uploads\\\/2026\\\/04\\\/Folha-1.webp\",\"contentUrl\":\"https:\\\/\\\/folhapopular.info\\\/wp-content\\\/uploads\\\/2026\\\/04\\\/Folha-1.webp\",\"caption\":\"Reda\u00e7\u00e3o Folha Popular\"},\"url\":\"https:\\\/\\\/folhapopular.info\\\/index.php\\\/author\\\/redacao\\\/\"}]}<\/script>\n<!-- \/ Yoast SEO plugin. -->","yoast_head_json":{"title":"Homem \u00e9 preso por furtar bicicleta em Bom Retiro do Sul - Folha Popular","robots":{"index":"index","follow":"follow","max-snippet":"max-snippet:-1","max-image-preview":"max-image-preview:large","max-video-preview":"max-video-preview:-1"},"canonical":"https:\/\/folhapopular.info\/index.php\/2024\/05\/13\/homem-e-preso-por-furtar-bicicleta-em-bom-retiro-do-sul\/","og_locale":"pt_BR","og_type":"article","og_title":"Homem \u00e9 preso por furtar bicicleta em Bom Retiro do Sul - Folha Popular","og_description":"Na tarde desta segunda-feira (13\/5), a Brigada Militar, em uma a\u00e7\u00e3o conjunta com a Pol\u00edcia Civil, prendeu um homem, de 26 anos, e recuperou uma bicicleta furtada em Bom Retiro do Sul. Ap\u00f3s a v\u00edtima realizar o registro do furto de uma bicicleta, foram iniciadas as dilig\u00eancias. A partir de imagens do videomonitoramento, foi poss\u00edvel [&hellip;]","og_url":"https:\/\/folhapopular.info\/index.php\/2024\/05\/13\/homem-e-preso-por-furtar-bicicleta-em-bom-retiro-do-sul\/","og_site_name":"Folha Popular","article_published_time":"2024-05-13T21:10:24+00:00","article_modified_time":"2024-05-13T21:10:28+00:00","og_image":[{"width":960,"height":830,"url":"http:\/\/folhapopular.info\/wp-content\/uploads\/2024\/05\/WhatsApp-Image-2024-05-13-at-18.01.27.jpeg","type":"image\/jpeg"}],"author":"Reda\u00e7\u00e3o Folha Popular","twitter_card":"summary_large_image","twitter_misc":{"Escrito por":"Reda\u00e7\u00e3o Folha Popular","Est. tempo de leitura":"1 minuto"},"schema":{"@context":"https:\/\/schema.org","@graph":[{"@type":"Article","@id":"https:\/\/folhapopular.info\/index.php\/2024\/05\/13\/homem-e-preso-por-furtar-bicicleta-em-bom-retiro-do-sul\/#article","isPartOf":{"@id":"https:\/\/folhapopular.info\/index.php\/2024\/05\/13\/homem-e-preso-por-furtar-bicicleta-em-bom-retiro-do-sul\/"},"author":{"name":"Reda\u00e7\u00e3o Folha Popular","@id":"https:\/\/folhapopular.info\/#\/schema\/person\/2814e8a0df7643585a9ca38bc6eb9d4b"},"headline":"Homem \u00e9 preso por furtar bicicleta em Bom Retiro do Sul","datePublished":"2024-05-13T21:10:24+00:00","dateModified":"2024-05-13T21:10:28+00:00","mainEntityOfPage":{"@id":"https:\/\/folhapopular.info\/index.php\/2024\/05\/13\/homem-e-preso-por-furtar-bicicleta-em-bom-retiro-do-sul\/"},"wordCount":112,"commentCount":0,"image":{"@id":"https:\/\/folhapopular.info\/index.php\/2024\/05\/13\/homem-e-preso-por-furtar-bicicleta-em-bom-retiro-do-sul\/#primaryimage"},"thumbnailUrl":"https:\/\/folhapopular.info\/wp-content\/uploads\/2024\/05\/WhatsApp-Image-2024-05-13-at-18.01.27.jpeg","keywords":["Bom Retiro do Sul","Brigada Militar","Pol\u00edcia Civil"],"articleSection":["Pol\u00edcia","Seguran\u00e7a"],"inLanguage":"pt-BR","potentialAction":[{"@type":"CommentAction","name":"Comment","target":["https:\/\/folhapopular.info\/index.php\/2024\/05\/13\/homem-e-preso-por-furtar-bicicleta-em-bom-retiro-do-sul\/#respond"]}]},{"@type":"WebPage","@id":"https:\/\/folhapopular.info\/index.php\/2024\/05\/13\/homem-e-preso-por-furtar-bicicleta-em-bom-retiro-do-sul\/","url":"https:\/\/folhapopular.info\/index.php\/2024\/05\/13\/homem-e-preso-por-furtar-bicicleta-em-bom-retiro-do-sul\/","name":"Homem \u00e9 preso por furtar bicicleta em Bom Retiro do Sul - Folha Popular","isPartOf":{"@id":"https:\/\/folhapopular.info\/#website"},"primaryImageOfPage":{"@id":"https:\/\/folhapopular.info\/index.php\/2024\/05\/13\/homem-e-preso-por-furtar-bicicleta-em-bom-retiro-do-sul\/#primaryimage"},"image":{"@id":"https:\/\/folhapopular.info\/index.php\/2024\/05\/13\/homem-e-preso-por-furtar-bicicleta-em-bom-retiro-do-sul\/#primaryimage"},"thumbnailUrl":"https:\/\/folhapopular.info\/wp-content\/uploads\/2024\/05\/WhatsApp-Image-2024-05-13-at-18.01.27.jpeg","datePublished":"2024-05-13T21:10:24+00:00","dateModified":"2024-05-13T21:10:28+00:00","author":{"@id":"https:\/\/folhapopular.info\/#\/schema\/person\/2814e8a0df7643585a9ca38bc6eb9d4b"},"breadcrumb":{"@id":"https:\/\/folhapopular.info\/index.php\/2024\/05\/13\/homem-e-preso-por-furtar-bicicleta-em-bom-retiro-do-sul\/#breadcrumb"},"inLanguage":"pt-BR","potentialAction":[{"@type":"ReadAction","target":["https:\/\/folhapopular.info\/index.php\/2024\/05\/13\/homem-e-preso-por-furtar-bicicleta-em-bom-retiro-do-sul\/"]}]},{"@type":"ImageObject","inLanguage":"pt-BR","@id":"https:\/\/folhapopular.info\/index.php\/2024\/05\/13\/homem-e-preso-por-furtar-bicicleta-em-bom-retiro-do-sul\/#primaryimage","url":"https:\/\/folhapopular.info\/wp-content\/uploads\/2024\/05\/WhatsApp-Image-2024-05-13-at-18.01.27.jpeg","contentUrl":"https:\/\/folhapopular.info\/wp-content\/uploads\/2024\/05\/WhatsApp-Image-2024-05-13-at-18.01.27.jpeg","width":960,"height":830,"caption":"Cr\u00e9dito: Brigada Militar \/ Divulga\u00e7\u00e3o"},{"@type":"BreadcrumbList","@id":"https:\/\/folhapopular.info\/index.php\/2024\/05\/13\/homem-e-preso-por-furtar-bicicleta-em-bom-retiro-do-sul\/#breadcrumb","itemListElement":[{"@type":"ListItem","position":1,"name":"In\u00edcio","item":"https:\/\/folhapopular.info\/"},{"@type":"ListItem","position":2,"name":"Homem \u00e9 preso por furtar bicicleta em Bom Retiro do Sul"}]},{"@type":"WebSite","@id":"https:\/\/folhapopular.info\/#website","url":"https:\/\/folhapopular.info\/","name":"Folha Popular","description":"Onde voc\u00ea tem vez e voz","potentialAction":[{"@type":"SearchAction","target":{"@type":"EntryPoint","urlTemplate":"https:\/\/folhapopular.info\/?s={search_term_string}"},"query-input":{"@type":"PropertyValueSpecification","valueRequired":true,"valueName":"search_term_string"}}],"inLanguage":"pt-BR"},{"@type":"Person","@id":"https:\/\/folhapopular.info\/#\/schema\/person\/2814e8a0df7643585a9ca38bc6eb9d4b","name":"Reda\u00e7\u00e3o Folha Popular","image":{"@type":"ImageObject","inLanguage":"pt-BR","@id":"https:\/\/folhapopular.info\/wp-content\/uploads\/2026\/04\/Folha-1.webp","url":"https:\/\/folhapopular.info\/wp-content\/uploads\/2026\/04\/Folha-1.webp","contentUrl":"https:\/\/folhapopular.info\/wp-content\/uploads\/2026\/04\/Folha-1.webp","caption":"Reda\u00e7\u00e3o Folha Popular"},"url":"https:\/\/folhapopular.info\/index.php\/author\/redacao\/"}]}},"jetpack_featured_media_url":"https:\/\/folhapopular.info\/wp-content\/uploads\/2024\/05\/WhatsApp-Image-2024-05-13-at-18.01.27.jpeg","jetpack_sharing_enabled":true,"amp_enabled":true,"_links":{"self":[{"href":"https:\/\/folhapopular.info\/index.php\/wp-json\/wp\/v2\/posts\/157811","targetHints":{"allow":["GET"]}}],"collection":[{"href":"https:\/\/folhapopular.info\/index.php\/wp-json\/wp\/v2\/posts"}],"about":[{"href":"https:\/\/folhapopular.info\/index.php\/wp-json\/wp\/v2\/types\/post"}],"author":[{"embeddable":true,"href":"https:\/\/folhapopular.info\/index.php\/wp-json\/wp\/v2\/users\/8"}],"replies":[{"embeddable":true,"href":"https:\/\/folhapopular.info\/index.php\/wp-json\/wp\/v2\/comments?post=157811"}],"version-history":[{"count":0,"href":"https:\/\/folhapopular.info\/index.php\/wp-json\/wp\/v2\/posts\/157811\/revisions"}],"wp:featuredmedia":[{"embeddable":true,"href":"https:\/\/folhapopular.info\/index.php\/wp-json\/wp\/v2\/media\/157812"}],"wp:attachment":[{"href":"https:\/\/folhapopular.info\/index.php\/wp-json\/wp\/v2\/media?parent=157811"}],"wp:term":[{"taxonomy":"category","embeddable":true,"href":"https:\/\/folhapopular.info\/index.php\/wp-json\/wp\/v2\/categories?post=157811"},{"taxonomy":"post_tag","embeddable":true,"href":"https:\/\/folhapopular.info\/index.php\/wp-json\/wp\/v2\/tags?post=157811"}],"curies":[{"name":"wp","href":"https:\/\/api.w.org\/{rel}","templated":true}]}}