{"id":157826,"date":"2024-05-14T07:45:58","date_gmt":"2024-05-14T10:45:58","guid":{"rendered":"https:\/\/folhapopular.info\/?p=157826"},"modified":"2024-05-14T10:57:59","modified_gmt":"2024-05-14T13:57:59","slug":"fepam-orienta-sobre-alojamentos-de-animais-confinados-e-enterro-de-carcacas","status":"publish","type":"post","link":"https:\/\/folhapopular.info\/index.php\/2024\/05\/14\/fepam-orienta-sobre-alojamentos-de-animais-confinados-e-enterro-de-carcacas\/","title":{"rendered":"Fepam orienta sobre alojamentos de animais confinados e enterro de carca\u00e7as"},"content":{"rendered":"\n<p>A Funda\u00e7\u00e3o Estadual de Prote\u00e7\u00e3o Ambiental Henrique Lu\u00eds Roessler (Fepam) emitiu nota com orienta\u00e7\u00f5es t\u00e9cnicas para alojamento e descarte de\u00a0<a href=\"https:\/\/www.correiodopovo.com.br\/not%C3%ADcias\/rural\/enchentes-causaram-a-morte-de-quase-30-mil-animais-no-rs-aponta-relat%C3%B3rio-1.1091361\" target=\"_blank\" rel=\"noreferrer noopener\"><strong>carca\u00e7as de su\u00ednos e aves<\/strong><\/a>\u00a0de empreendimentos licenciados pelo Estado ou pelos munic\u00edpios. Diante da situa\u00e7\u00e3o clim\u00e1tica no Rio Grande do Sul, com base no decreto estadual de\u00a0<a href=\"https:\/\/www.correiodopovo.com.br\/not%C3%ADcias\/cidades\/ao-vivo-acompanhe-os-efeitos-da-enchente-no-rs-1.1493976\" target=\"_blank\" rel=\"noreferrer noopener\"><strong>calamidade p\u00fablica<\/strong><\/a>\u00a0n\u00b057.596, de 1\u00b0 de maio, est\u00e1 sendo permitido que avi\u00e1rios e chiqueiros abriguem volume at\u00e9 30% superior de animais em rela\u00e7\u00e3o ao que est\u00e1 descrito em cada licen\u00e7a ambiental.<\/p>\n\n\n\n<p>A medida visa especialmente as \u00e1reas inundadas e que tiveram preju\u00edzos nos acessos, como Vale do Taquari, Serra, Vale do Rio Pardo e Regi\u00e3o Central.<\/p>\n\n\n\n<p>Conforme a Fepam, a amplia\u00e7\u00e3o do n\u00famero de animais por abrigo deve considerar a capacidade dos sistemas de tratamento, nos quais poder\u00e1 ser utilizada a \u201cmargem de seguran\u00e7a\u201d descrita em cada projeto individualmente, para acomodar eventuais aumentos no volume de dejetos gerados. A Fepam orienta que os respons\u00e1veis devem tomar todas as medidas poss\u00edveis para que n\u00e3o haja danos ao meio ambiente.<\/p>\n\n\n\n<p>Os cuidados envolvem ajustes no ritmo de reprodu\u00e7\u00e3o dos planteis, altera\u00e7\u00e3o da idade de abate, redu\u00e7\u00e3o de gera\u00e7\u00e3o de dejetos por maior controle de uso na \u00e1gua de lavagem, aumento de \u00e1rea agr\u00edcola para destina\u00e7\u00e3o de dejetos tratados e a adequa\u00e7\u00e3o da capacidade de tratamento e destina\u00e7\u00e3o de animais mortos. O aumento da lota\u00e7\u00e3o dever\u00e1 observar as recomenda\u00e7\u00f5es do sistema de vigil\u00e2ncia sanit\u00e1ria.<\/p>\n\n\n\n<p>Para o descarte de carca\u00e7as de animais mortos, a orienta\u00e7\u00e3o da Fepam \u00e9 para que os cad\u00e1veres sejam destinados, prioritariamente, para composteiras para animais mortos, centrais de compostagem de dejetos l\u00edquidos e p\u00e1tios de compostagem de estercos, centrais de tratamento de dejetos org\u00e2nicos de origem industrial e enterro em valas. No caso de enterro, o \u00f3rg\u00e3o estadual enumerou crit\u00e9rios. <\/p>\n\n\n\n<h5 class=\"wp-block-heading\"><strong>Crit\u00e9rios para enterros em valas<\/strong><\/h5>\n\n\n\n<ul class=\"wp-block-list\">\n<li>O local de instala\u00e7\u00e3o das valas deve ser em ponto elevado do terreno com len\u00e7ol fre\u00e1tico a pelo menos 2 metros de profundidade e afastado pelo menos 30 metros de resid\u00eancias.<\/li>\n\n\n\n<li><\/li>\n\n\n\n<li>As valas devem ter o fundo impermeabilizado, depositando na base uma camada de 20cm a 30cm de cama de avi\u00e1rio ou serragem ou res\u00edduos de lavoura (palhada). Acima desta camada, disponha os cad\u00e1veres e cubra com cal e ap\u00f3s uma camada de terra de no m\u00ednimo um metro de altura.<\/li>\n\n\n\n<li><\/li>\n\n\n\n<li>Se for vi\u00e1vel e oportuno, identifique o local da vala.<\/li>\n<\/ul>\n","protected":false},"excerpt":{"rendered":"<p>A Funda\u00e7\u00e3o Estadual de Prote\u00e7\u00e3o Ambiental Henrique Lu\u00eds Roessler (Fepam) emitiu nota com orienta\u00e7\u00f5es t\u00e9cnicas para alojamento e descarte de\u00a0carca\u00e7as de su\u00ednos e aves\u00a0de empreendimentos licenciados pelo Estado ou pelos munic\u00edpios. Diante da situa\u00e7\u00e3o clim\u00e1tica no Rio Grande do Sul, com base no decreto estadual de\u00a0calamidade p\u00fablica\u00a0n\u00b057.596, de 1\u00b0 de maio, est\u00e1 sendo permitido que [&hellip;]<\/p>\n","protected":false},"author":8,"featured_media":157828,"comment_status":"open","ping_status":"open","sticky":false,"template":"","format":"standard","meta":{"pmpro_default_level":"","_jetpack_memberships_contains_paid_content":false,"footnotes":""},"categories":[2,14970,3,11025],"tags":[1240,5303,1794],"class_list":{"0":"post-157826","1":"post","2":"type-post","3":"status-publish","4":"format-standard","5":"has-post-thumbnail","7":"category-featured","8":"category-enchentes","9":"category-geral","10":"category-meio-ambiente","11":"tag-cheias","12":"tag-fepam","13":"tag-rio-grande-do-sul","14":"pmpro-has-access"},"yoast_head":"<!-- This site is optimized with the Yoast SEO plugin v27.5 - https:\/\/yoast.com\/product\/yoast-seo-wordpress\/ -->\n<title>Fepam orienta sobre alojamentos de animais confinados e enterro de carca\u00e7as - Folha Popular<\/title>\n<meta name=\"robots\" content=\"index, follow, max-snippet:-1, max-image-preview:large, max-video-preview:-1\" \/>\n<link rel=\"canonical\" href=\"https:\/\/folhapopular.info\/index.php\/2024\/05\/14\/fepam-orienta-sobre-alojamentos-de-animais-confinados-e-enterro-de-carcacas\/\" \/>\n<meta property=\"og:locale\" content=\"pt_BR\" \/>\n<meta property=\"og:type\" content=\"article\" \/>\n<meta property=\"og:title\" content=\"Fepam orienta sobre alojamentos de animais confinados e enterro de carca\u00e7as - Folha Popular\" \/>\n<meta property=\"og:description\" content=\"A Funda\u00e7\u00e3o Estadual de Prote\u00e7\u00e3o Ambiental Henrique Lu\u00eds Roessler (Fepam) emitiu nota com orienta\u00e7\u00f5es t\u00e9cnicas para alojamento e descarte de\u00a0carca\u00e7as de su\u00ednos e aves\u00a0de empreendimentos licenciados pelo Estado ou pelos munic\u00edpios. Diante da situa\u00e7\u00e3o clim\u00e1tica no Rio Grande do Sul, com base no decreto estadual de\u00a0calamidade p\u00fablica\u00a0n\u00b057.596, de 1\u00b0 de maio, est\u00e1 sendo permitido que [&hellip;]\" \/>\n<meta property=\"og:url\" content=\"https:\/\/folhapopular.info\/index.php\/2024\/05\/14\/fepam-orienta-sobre-alojamentos-de-animais-confinados-e-enterro-de-carcacas\/\" \/>\n<meta property=\"og:site_name\" content=\"Folha Popular\" \/>\n<meta property=\"article:published_time\" content=\"2024-05-14T10:45:58+00:00\" \/>\n<meta property=\"article:modified_time\" content=\"2024-05-14T13:57:59+00:00\" \/>\n<meta property=\"og:image\" content=\"http:\/\/folhapopular.info\/wp-content\/uploads\/2024\/05\/WhatsApp-Image-2024-05-14-at-07.43.18-1.jpeg\" \/>\n\t<meta property=\"og:image:width\" content=\"724\" \/>\n\t<meta property=\"og:image:height\" content=\"359\" \/>\n\t<meta property=\"og:image:type\" content=\"image\/jpeg\" \/>\n<meta name=\"author\" content=\"Reda\u00e7\u00e3o Folha Popular\" \/>\n<meta name=\"twitter:card\" content=\"summary_large_image\" \/>\n<meta name=\"twitter:label1\" content=\"Escrito por\" \/>\n\t<meta name=\"twitter:data1\" content=\"Reda\u00e7\u00e3o Folha Popular\" \/>\n\t<meta name=\"twitter:label2\" content=\"Est. tempo de leitura\" \/>\n\t<meta name=\"twitter:data2\" content=\"3 minutos\" \/>\n<script type=\"application\/ld+json\" class=\"yoast-schema-graph\">{\"@context\":\"https:\\\/\\\/schema.org\",\"@graph\":[{\"@type\":\"Article\",\"@id\":\"https:\\\/\\\/folhapopular.info\\\/index.php\\\/2024\\\/05\\\/14\\\/fepam-orienta-sobre-alojamentos-de-animais-confinados-e-enterro-de-carcacas\\\/#article\",\"isPartOf\":{\"@id\":\"https:\\\/\\\/folhapopular.info\\\/index.php\\\/2024\\\/05\\\/14\\\/fepam-orienta-sobre-alojamentos-de-animais-confinados-e-enterro-de-carcacas\\\/\"},\"author\":{\"name\":\"Reda\u00e7\u00e3o Folha Popular\",\"@id\":\"https:\\\/\\\/folhapopular.info\\\/#\\\/schema\\\/person\\\/2814e8a0df7643585a9ca38bc6eb9d4b\"},\"headline\":\"Fepam orienta sobre alojamentos de animais confinados e enterro de carca\u00e7as\",\"datePublished\":\"2024-05-14T10:45:58+00:00\",\"dateModified\":\"2024-05-14T13:57:59+00:00\",\"mainEntityOfPage\":{\"@id\":\"https:\\\/\\\/folhapopular.info\\\/index.php\\\/2024\\\/05\\\/14\\\/fepam-orienta-sobre-alojamentos-de-animais-confinados-e-enterro-de-carcacas\\\/\"},\"wordCount\":444,\"commentCount\":0,\"image\":{\"@id\":\"https:\\\/\\\/folhapopular.info\\\/index.php\\\/2024\\\/05\\\/14\\\/fepam-orienta-sobre-alojamentos-de-animais-confinados-e-enterro-de-carcacas\\\/#primaryimage\"},\"thumbnailUrl\":\"https:\\\/\\\/folhapopular.info\\\/wp-content\\\/uploads\\\/2024\\\/05\\\/WhatsApp-Image-2024-05-14-at-07.43.18-1.jpeg\",\"keywords\":[\"Cheias\",\"Fepam\",\"Rio Grande do Sul\"],\"articleSection\":[\"Destaques\",\"Enchentes\",\"Geral\",\"Meio Ambiente\"],\"inLanguage\":\"pt-BR\",\"potentialAction\":[{\"@type\":\"CommentAction\",\"name\":\"Comment\",\"target\":[\"https:\\\/\\\/folhapopular.info\\\/index.php\\\/2024\\\/05\\\/14\\\/fepam-orienta-sobre-alojamentos-de-animais-confinados-e-enterro-de-carcacas\\\/#respond\"]}]},{\"@type\":\"WebPage\",\"@id\":\"https:\\\/\\\/folhapopular.info\\\/index.php\\\/2024\\\/05\\\/14\\\/fepam-orienta-sobre-alojamentos-de-animais-confinados-e-enterro-de-carcacas\\\/\",\"url\":\"https:\\\/\\\/folhapopular.info\\\/index.php\\\/2024\\\/05\\\/14\\\/fepam-orienta-sobre-alojamentos-de-animais-confinados-e-enterro-de-carcacas\\\/\",\"name\":\"Fepam orienta sobre alojamentos de animais confinados e enterro de carca\u00e7as - Folha Popular\",\"isPartOf\":{\"@id\":\"https:\\\/\\\/folhapopular.info\\\/#website\"},\"primaryImageOfPage\":{\"@id\":\"https:\\\/\\\/folhapopular.info\\\/index.php\\\/2024\\\/05\\\/14\\\/fepam-orienta-sobre-alojamentos-de-animais-confinados-e-enterro-de-carcacas\\\/#primaryimage\"},\"image\":{\"@id\":\"https:\\\/\\\/folhapopular.info\\\/index.php\\\/2024\\\/05\\\/14\\\/fepam-orienta-sobre-alojamentos-de-animais-confinados-e-enterro-de-carcacas\\\/#primaryimage\"},\"thumbnailUrl\":\"https:\\\/\\\/folhapopular.info\\\/wp-content\\\/uploads\\\/2024\\\/05\\\/WhatsApp-Image-2024-05-14-at-07.43.18-1.jpeg\",\"datePublished\":\"2024-05-14T10:45:58+00:00\",\"dateModified\":\"2024-05-14T13:57:59+00:00\",\"author\":{\"@id\":\"https:\\\/\\\/folhapopular.info\\\/#\\\/schema\\\/person\\\/2814e8a0df7643585a9ca38bc6eb9d4b\"},\"breadcrumb\":{\"@id\":\"https:\\\/\\\/folhapopular.info\\\/index.php\\\/2024\\\/05\\\/14\\\/fepam-orienta-sobre-alojamentos-de-animais-confinados-e-enterro-de-carcacas\\\/#breadcrumb\"},\"inLanguage\":\"pt-BR\",\"potentialAction\":[{\"@type\":\"ReadAction\",\"target\":[\"https:\\\/\\\/folhapopular.info\\\/index.php\\\/2024\\\/05\\\/14\\\/fepam-orienta-sobre-alojamentos-de-animais-confinados-e-enterro-de-carcacas\\\/\"]}]},{\"@type\":\"ImageObject\",\"inLanguage\":\"pt-BR\",\"@id\":\"https:\\\/\\\/folhapopular.info\\\/index.php\\\/2024\\\/05\\\/14\\\/fepam-orienta-sobre-alojamentos-de-animais-confinados-e-enterro-de-carcacas\\\/#primaryimage\",\"url\":\"https:\\\/\\\/folhapopular.info\\\/wp-content\\\/uploads\\\/2024\\\/05\\\/WhatsApp-Image-2024-05-14-at-07.43.18-1.jpeg\",\"contentUrl\":\"https:\\\/\\\/folhapopular.info\\\/wp-content\\\/uploads\\\/2024\\\/05\\\/WhatsApp-Image-2024-05-14-at-07.43.18-1.jpeg\",\"width\":724,\"height\":359,\"caption\":\"Cr\u00e9dito: Divulga\u00e7\u00e3o\"},{\"@type\":\"BreadcrumbList\",\"@id\":\"https:\\\/\\\/folhapopular.info\\\/index.php\\\/2024\\\/05\\\/14\\\/fepam-orienta-sobre-alojamentos-de-animais-confinados-e-enterro-de-carcacas\\\/#breadcrumb\",\"itemListElement\":[{\"@type\":\"ListItem\",\"position\":1,\"name\":\"In\u00edcio\",\"item\":\"https:\\\/\\\/folhapopular.info\\\/\"},{\"@type\":\"ListItem\",\"position\":2,\"name\":\"Fepam orienta sobre alojamentos de animais confinados e enterro de carca\u00e7as\"}]},{\"@type\":\"WebSite\",\"@id\":\"https:\\\/\\\/folhapopular.info\\\/#website\",\"url\":\"https:\\\/\\\/folhapopular.info\\\/\",\"name\":\"Folha Popular\",\"description\":\"Onde voc\u00ea tem vez e voz\",\"potentialAction\":[{\"@type\":\"SearchAction\",\"target\":{\"@type\":\"EntryPoint\",\"urlTemplate\":\"https:\\\/\\\/folhapopular.info\\\/?s={search_term_string}\"},\"query-input\":{\"@type\":\"PropertyValueSpecification\",\"valueRequired\":true,\"valueName\":\"search_term_string\"}}],\"inLanguage\":\"pt-BR\"},{\"@type\":\"Person\",\"@id\":\"https:\\\/\\\/folhapopular.info\\\/#\\\/schema\\\/person\\\/2814e8a0df7643585a9ca38bc6eb9d4b\",\"name\":\"Reda\u00e7\u00e3o Folha Popular\",\"image\":{\"@type\":\"ImageObject\",\"inLanguage\":\"pt-BR\",\"@id\":\"https:\\\/\\\/folhapopular.info\\\/wp-content\\\/uploads\\\/2026\\\/04\\\/Folha-1.webp\",\"url\":\"https:\\\/\\\/folhapopular.info\\\/wp-content\\\/uploads\\\/2026\\\/04\\\/Folha-1.webp\",\"contentUrl\":\"https:\\\/\\\/folhapopular.info\\\/wp-content\\\/uploads\\\/2026\\\/04\\\/Folha-1.webp\",\"caption\":\"Reda\u00e7\u00e3o Folha Popular\"},\"url\":\"https:\\\/\\\/folhapopular.info\\\/index.php\\\/author\\\/redacao\\\/\"}]}<\/script>\n<!-- \/ Yoast SEO plugin. -->","yoast_head_json":{"title":"Fepam orienta sobre alojamentos de animais confinados e enterro de carca\u00e7as - Folha Popular","robots":{"index":"index","follow":"follow","max-snippet":"max-snippet:-1","max-image-preview":"max-image-preview:large","max-video-preview":"max-video-preview:-1"},"canonical":"https:\/\/folhapopular.info\/index.php\/2024\/05\/14\/fepam-orienta-sobre-alojamentos-de-animais-confinados-e-enterro-de-carcacas\/","og_locale":"pt_BR","og_type":"article","og_title":"Fepam orienta sobre alojamentos de animais confinados e enterro de carca\u00e7as - Folha Popular","og_description":"A Funda\u00e7\u00e3o Estadual de Prote\u00e7\u00e3o Ambiental Henrique Lu\u00eds Roessler (Fepam) emitiu nota com orienta\u00e7\u00f5es t\u00e9cnicas para alojamento e descarte de\u00a0carca\u00e7as de su\u00ednos e aves\u00a0de empreendimentos licenciados pelo Estado ou pelos munic\u00edpios. Diante da situa\u00e7\u00e3o clim\u00e1tica no Rio Grande do Sul, com base no decreto estadual de\u00a0calamidade p\u00fablica\u00a0n\u00b057.596, de 1\u00b0 de maio, est\u00e1 sendo permitido que [&hellip;]","og_url":"https:\/\/folhapopular.info\/index.php\/2024\/05\/14\/fepam-orienta-sobre-alojamentos-de-animais-confinados-e-enterro-de-carcacas\/","og_site_name":"Folha Popular","article_published_time":"2024-05-14T10:45:58+00:00","article_modified_time":"2024-05-14T13:57:59+00:00","og_image":[{"width":724,"height":359,"url":"http:\/\/folhapopular.info\/wp-content\/uploads\/2024\/05\/WhatsApp-Image-2024-05-14-at-07.43.18-1.jpeg","type":"image\/jpeg"}],"author":"Reda\u00e7\u00e3o Folha Popular","twitter_card":"summary_large_image","twitter_misc":{"Escrito por":"Reda\u00e7\u00e3o Folha Popular","Est. tempo de leitura":"3 minutos"},"schema":{"@context":"https:\/\/schema.org","@graph":[{"@type":"Article","@id":"https:\/\/folhapopular.info\/index.php\/2024\/05\/14\/fepam-orienta-sobre-alojamentos-de-animais-confinados-e-enterro-de-carcacas\/#article","isPartOf":{"@id":"https:\/\/folhapopular.info\/index.php\/2024\/05\/14\/fepam-orienta-sobre-alojamentos-de-animais-confinados-e-enterro-de-carcacas\/"},"author":{"name":"Reda\u00e7\u00e3o Folha Popular","@id":"https:\/\/folhapopular.info\/#\/schema\/person\/2814e8a0df7643585a9ca38bc6eb9d4b"},"headline":"Fepam orienta sobre alojamentos de animais confinados e enterro de carca\u00e7as","datePublished":"2024-05-14T10:45:58+00:00","dateModified":"2024-05-14T13:57:59+00:00","mainEntityOfPage":{"@id":"https:\/\/folhapopular.info\/index.php\/2024\/05\/14\/fepam-orienta-sobre-alojamentos-de-animais-confinados-e-enterro-de-carcacas\/"},"wordCount":444,"commentCount":0,"image":{"@id":"https:\/\/folhapopular.info\/index.php\/2024\/05\/14\/fepam-orienta-sobre-alojamentos-de-animais-confinados-e-enterro-de-carcacas\/#primaryimage"},"thumbnailUrl":"https:\/\/folhapopular.info\/wp-content\/uploads\/2024\/05\/WhatsApp-Image-2024-05-14-at-07.43.18-1.jpeg","keywords":["Cheias","Fepam","Rio Grande do Sul"],"articleSection":["Destaques","Enchentes","Geral","Meio Ambiente"],"inLanguage":"pt-BR","potentialAction":[{"@type":"CommentAction","name":"Comment","target":["https:\/\/folhapopular.info\/index.php\/2024\/05\/14\/fepam-orienta-sobre-alojamentos-de-animais-confinados-e-enterro-de-carcacas\/#respond"]}]},{"@type":"WebPage","@id":"https:\/\/folhapopular.info\/index.php\/2024\/05\/14\/fepam-orienta-sobre-alojamentos-de-animais-confinados-e-enterro-de-carcacas\/","url":"https:\/\/folhapopular.info\/index.php\/2024\/05\/14\/fepam-orienta-sobre-alojamentos-de-animais-confinados-e-enterro-de-carcacas\/","name":"Fepam orienta sobre alojamentos de animais confinados e enterro de carca\u00e7as - Folha Popular","isPartOf":{"@id":"https:\/\/folhapopular.info\/#website"},"primaryImageOfPage":{"@id":"https:\/\/folhapopular.info\/index.php\/2024\/05\/14\/fepam-orienta-sobre-alojamentos-de-animais-confinados-e-enterro-de-carcacas\/#primaryimage"},"image":{"@id":"https:\/\/folhapopular.info\/index.php\/2024\/05\/14\/fepam-orienta-sobre-alojamentos-de-animais-confinados-e-enterro-de-carcacas\/#primaryimage"},"thumbnailUrl":"https:\/\/folhapopular.info\/wp-content\/uploads\/2024\/05\/WhatsApp-Image-2024-05-14-at-07.43.18-1.jpeg","datePublished":"2024-05-14T10:45:58+00:00","dateModified":"2024-05-14T13:57:59+00:00","author":{"@id":"https:\/\/folhapopular.info\/#\/schema\/person\/2814e8a0df7643585a9ca38bc6eb9d4b"},"breadcrumb":{"@id":"https:\/\/folhapopular.info\/index.php\/2024\/05\/14\/fepam-orienta-sobre-alojamentos-de-animais-confinados-e-enterro-de-carcacas\/#breadcrumb"},"inLanguage":"pt-BR","potentialAction":[{"@type":"ReadAction","target":["https:\/\/folhapopular.info\/index.php\/2024\/05\/14\/fepam-orienta-sobre-alojamentos-de-animais-confinados-e-enterro-de-carcacas\/"]}]},{"@type":"ImageObject","inLanguage":"pt-BR","@id":"https:\/\/folhapopular.info\/index.php\/2024\/05\/14\/fepam-orienta-sobre-alojamentos-de-animais-confinados-e-enterro-de-carcacas\/#primaryimage","url":"https:\/\/folhapopular.info\/wp-content\/uploads\/2024\/05\/WhatsApp-Image-2024-05-14-at-07.43.18-1.jpeg","contentUrl":"https:\/\/folhapopular.info\/wp-content\/uploads\/2024\/05\/WhatsApp-Image-2024-05-14-at-07.43.18-1.jpeg","width":724,"height":359,"caption":"Cr\u00e9dito: Divulga\u00e7\u00e3o"},{"@type":"BreadcrumbList","@id":"https:\/\/folhapopular.info\/index.php\/2024\/05\/14\/fepam-orienta-sobre-alojamentos-de-animais-confinados-e-enterro-de-carcacas\/#breadcrumb","itemListElement":[{"@type":"ListItem","position":1,"name":"In\u00edcio","item":"https:\/\/folhapopular.info\/"},{"@type":"ListItem","position":2,"name":"Fepam orienta sobre alojamentos de animais confinados e enterro de carca\u00e7as"}]},{"@type":"WebSite","@id":"https:\/\/folhapopular.info\/#website","url":"https:\/\/folhapopular.info\/","name":"Folha Popular","description":"Onde voc\u00ea tem vez e voz","potentialAction":[{"@type":"SearchAction","target":{"@type":"EntryPoint","urlTemplate":"https:\/\/folhapopular.info\/?s={search_term_string}"},"query-input":{"@type":"PropertyValueSpecification","valueRequired":true,"valueName":"search_term_string"}}],"inLanguage":"pt-BR"},{"@type":"Person","@id":"https:\/\/folhapopular.info\/#\/schema\/person\/2814e8a0df7643585a9ca38bc6eb9d4b","name":"Reda\u00e7\u00e3o Folha Popular","image":{"@type":"ImageObject","inLanguage":"pt-BR","@id":"https:\/\/folhapopular.info\/wp-content\/uploads\/2026\/04\/Folha-1.webp","url":"https:\/\/folhapopular.info\/wp-content\/uploads\/2026\/04\/Folha-1.webp","contentUrl":"https:\/\/folhapopular.info\/wp-content\/uploads\/2026\/04\/Folha-1.webp","caption":"Reda\u00e7\u00e3o Folha Popular"},"url":"https:\/\/folhapopular.info\/index.php\/author\/redacao\/"}]}},"jetpack_featured_media_url":"https:\/\/folhapopular.info\/wp-content\/uploads\/2024\/05\/WhatsApp-Image-2024-05-14-at-07.43.18-1.jpeg","jetpack_sharing_enabled":true,"amp_enabled":true,"_links":{"self":[{"href":"https:\/\/folhapopular.info\/index.php\/wp-json\/wp\/v2\/posts\/157826","targetHints":{"allow":["GET"]}}],"collection":[{"href":"https:\/\/folhapopular.info\/index.php\/wp-json\/wp\/v2\/posts"}],"about":[{"href":"https:\/\/folhapopular.info\/index.php\/wp-json\/wp\/v2\/types\/post"}],"author":[{"embeddable":true,"href":"https:\/\/folhapopular.info\/index.php\/wp-json\/wp\/v2\/users\/8"}],"replies":[{"embeddable":true,"href":"https:\/\/folhapopular.info\/index.php\/wp-json\/wp\/v2\/comments?post=157826"}],"version-history":[{"count":0,"href":"https:\/\/folhapopular.info\/index.php\/wp-json\/wp\/v2\/posts\/157826\/revisions"}],"wp:featuredmedia":[{"embeddable":true,"href":"https:\/\/folhapopular.info\/index.php\/wp-json\/wp\/v2\/media\/157828"}],"wp:attachment":[{"href":"https:\/\/folhapopular.info\/index.php\/wp-json\/wp\/v2\/media?parent=157826"}],"wp:term":[{"taxonomy":"category","embeddable":true,"href":"https:\/\/folhapopular.info\/index.php\/wp-json\/wp\/v2\/categories?post=157826"},{"taxonomy":"post_tag","embeddable":true,"href":"https:\/\/folhapopular.info\/index.php\/wp-json\/wp\/v2\/tags?post=157826"}],"curies":[{"name":"wp","href":"https:\/\/api.w.org\/{rel}","templated":true}]}}