{"id":157946,"date":"2024-05-15T08:50:14","date_gmt":"2024-05-15T11:50:14","guid":{"rendered":"https:\/\/folhapopular.info\/?p=157946"},"modified":"2024-05-15T08:50:17","modified_gmt":"2024-05-15T11:50:17","slug":"apos-2-dias-de-sol-e-frio-instabilidades-retornam","status":"publish","type":"post","link":"https:\/\/folhapopular.info\/index.php\/2024\/05\/15\/apos-2-dias-de-sol-e-frio-instabilidades-retornam\/","title":{"rendered":"Ap\u00f3s 2 dias de sol e frio, instabilidades retornam"},"content":{"rendered":"\n<p>O in\u00edcio da semana foi marcado por mais chuva no territ\u00f3rio ga\u00facho. Felizmente, os volumes s\u00e3o inferiores aos registrados nas \u00faltimas semanas no Rio Grande do Sul. V\u00e1rias cidades do Centro, Norte e o Nordeste do estado registraram de 100 a 300 mm diariamente, inclusive passando por repiques da enchente que assolou todos no in\u00edcio de maio.<br>Para os pr\u00f3ximos dias, os maiores volumes ser\u00e3o concentrados na Metade Norte, onde j\u00e1 h\u00e1 enchentes. Os acumulados para a regi\u00e3o ser\u00e3o de 50 a 100 mm distribu\u00eddos pontualmente nas localidades<\/p>\n\n\n\n<p>A chuva nesta semana no Rio Grande do Sul vai se concentrar na quinta e sexta-feira (16 e 17\/5), quando os maiores acumulados ser\u00e3o registrados. Ap\u00f3s dois dias praticamente sem precipita\u00e7\u00f5es, as instabilidades retornam ao estado acompanhadas de temperaturas baixas.<br>Nesta quarta-feira (15\/5), o predom\u00ednio deve ser de sol, tempo seco e muito frio. H\u00e1 condi\u00e7\u00f5es para geada em diversas regi\u00f5es ao amanhecer e as temperaturas seguir\u00e3o baixas durante o dia, sobretudo nas regi\u00f5es serranas.<\/p>\n\n\n\n<p>Na quinta-feira o tempo muda. O sol aparece entre nuvens. Com o aumento da umidade, o tempo permanecer\u00e1 inst\u00e1vel com possibilidade de chuva nas regi\u00f5es do Centro e Norte ga\u00facho, principalmente entre a tarde e a noite.<\/p>\n\n\n\n<p>A instabilidade segue na sexta-feira e chove no decorrer do dia, principalmente na faixa central do estado e na Metade Norte, incluindo Porto Alegre e regi\u00e3o. H\u00e1 o alerta para chuva de moderada a forte, com altos volumes, principalmente na Serra e na Metade Sul, com instabilidade mais fraca e localizada e aberturas de sol.<\/p>\n\n\n\n<p><em><strong>El Ni\u00f1o<\/strong><\/em><br>O epis\u00f3dio do <em>El Ni\u00f1o<\/em> de 2023\/2024 est\u00e1 praticamente terminado. O fen\u00f4meno foi o respons\u00e1vel pelas grandes enchentes e um dos coadjuvantes de uma epidemia de dengue sem precedentes.<\/p>\n\n\n\n<p>A mudan\u00e7a atmosf\u00e9rica leva ainda um tempo, mas as condi\u00e7\u00f5es oce\u00e2nicas deixam de ser de <em>El Ni\u00f1o<\/em>. Nos pr\u00f3ximos dias, a Administra\u00e7\u00e3o Nacional de Oceanos e Atmosfera dos Estados Unidos (NOAA), ag\u00eancia de tempo e clima do governo dos Estados Unidos, deve oficializar em boletim o fim do evento de <em>El Ni\u00f1o<\/em>.<\/p>\n\n\n\n<p>Com in\u00edcio em junho do ano passado, o <em>El Ni\u00f1o<\/em> trouxe meses de chuva acima a muit\u00edssimo acima da m\u00e9dia no Rio Grande do Sul, contabilizando quatro enchentes em 8 meses no Vale do Taquari. Historicamente, o fen\u00f4meno costuma causar chuva extrema e inunda\u00e7\u00f5es no territ\u00f3rio ga\u00facho nos meses de primavera do ano do seu in\u00edcio e no outono do ano seguinte.<br><\/p>\n\n\n\n<p>No decorrer do inverno, a <em>La Ni\u00f1a<\/em> deve ser declarada pela NOAA, possivelmente entre os meses de julho e agosto, embora a fase fria j\u00e1 fique evidente nas pr\u00f3ximas semanas nos modelos de temperatura do mar.<br>De acordo com a estimativa mais recente do Centro de Previs\u00e3o Clim\u00e1tica (CPC) da NOAA, para o per\u00edodo de maio a julho, as probabilidades s\u00e3o de 2% de <em>El Ni\u00f1o<\/em>, 87% de neutralidade e 11% de <em>La Ni\u00f1a.<\/em> A tend\u00eancia \u00e9 de uma fase neutra no oceano Pac\u00edfico.<\/p>\n","protected":false},"excerpt":{"rendered":"<p>O in\u00edcio da semana foi marcado por mais chuva no territ\u00f3rio ga\u00facho. Felizmente, os volumes s\u00e3o inferiores aos registrados nas \u00faltimas semanas no Rio Grande do Sul. V\u00e1rias cidades do Centro, Norte e o Nordeste do estado registraram de 100 a 300 mm diariamente, inclusive passando por repiques da enchente que assolou todos no in\u00edcio [&hellip;]<\/p>\n","protected":false},"author":8,"featured_media":157947,"comment_status":"open","ping_status":"open","sticky":false,"template":"","format":"standard","meta":{"pmpro_default_level":"","_jetpack_memberships_contains_paid_content":false,"footnotes":""},"categories":[12655,2,3],"tags":[4784,464,13399],"class_list":{"0":"post-157946","1":"post","2":"type-post","3":"status-publish","4":"format-standard","5":"has-post-thumbnail","7":"category-clima","8":"category-featured","9":"category-geral","10":"tag-clima","11":"tag-frio","12":"tag-previsao-do-tempo","13":"pmpro-has-access"},"yoast_head":"<!-- This site is optimized with the Yoast SEO plugin v27.5 - https:\/\/yoast.com\/product\/yoast-seo-wordpress\/ -->\n<title>Ap\u00f3s 2 dias de sol e frio, instabilidades retornam - Folha Popular<\/title>\n<meta name=\"robots\" content=\"index, follow, max-snippet:-1, max-image-preview:large, max-video-preview:-1\" \/>\n<link rel=\"canonical\" href=\"https:\/\/folhapopular.info\/index.php\/2024\/05\/15\/apos-2-dias-de-sol-e-frio-instabilidades-retornam\/\" \/>\n<meta property=\"og:locale\" content=\"pt_BR\" \/>\n<meta property=\"og:type\" content=\"article\" \/>\n<meta property=\"og:title\" content=\"Ap\u00f3s 2 dias de sol e frio, instabilidades retornam - Folha Popular\" \/>\n<meta property=\"og:description\" content=\"O in\u00edcio da semana foi marcado por mais chuva no territ\u00f3rio ga\u00facho. Felizmente, os volumes s\u00e3o inferiores aos registrados nas \u00faltimas semanas no Rio Grande do Sul. V\u00e1rias cidades do Centro, Norte e o Nordeste do estado registraram de 100 a 300 mm diariamente, inclusive passando por repiques da enchente que assolou todos no in\u00edcio [&hellip;]\" \/>\n<meta property=\"og:url\" content=\"https:\/\/folhapopular.info\/index.php\/2024\/05\/15\/apos-2-dias-de-sol-e-frio-instabilidades-retornam\/\" \/>\n<meta property=\"og:site_name\" content=\"Folha Popular\" \/>\n<meta property=\"article:published_time\" content=\"2024-05-15T11:50:14+00:00\" \/>\n<meta property=\"article:modified_time\" content=\"2024-05-15T11:50:17+00:00\" \/>\n<meta property=\"og:image\" content=\"http:\/\/folhapopular.info\/wp-content\/uploads\/2024\/05\/Expectativa-e-de-que-nos-proximos-dias-seja-anunciado-o-fim-do-episodio-do-El-Nino-de-20232024_Credito_Pexels-scaled.jpg\" \/>\n\t<meta property=\"og:image:width\" content=\"2048\" \/>\n\t<meta property=\"og:image:height\" content=\"2560\" \/>\n\t<meta property=\"og:image:type\" content=\"image\/jpeg\" \/>\n<meta name=\"author\" content=\"Reda\u00e7\u00e3o Folha Popular\" \/>\n<meta name=\"twitter:card\" content=\"summary_large_image\" \/>\n<meta name=\"twitter:label1\" content=\"Escrito por\" \/>\n\t<meta name=\"twitter:data1\" content=\"Reda\u00e7\u00e3o Folha Popular\" \/>\n\t<meta name=\"twitter:label2\" content=\"Est. tempo de leitura\" \/>\n\t<meta name=\"twitter:data2\" content=\"3 minutos\" \/>\n<script type=\"application\/ld+json\" class=\"yoast-schema-graph\">{\"@context\":\"https:\\\/\\\/schema.org\",\"@graph\":[{\"@type\":\"Article\",\"@id\":\"https:\\\/\\\/folhapopular.info\\\/index.php\\\/2024\\\/05\\\/15\\\/apos-2-dias-de-sol-e-frio-instabilidades-retornam\\\/#article\",\"isPartOf\":{\"@id\":\"https:\\\/\\\/folhapopular.info\\\/index.php\\\/2024\\\/05\\\/15\\\/apos-2-dias-de-sol-e-frio-instabilidades-retornam\\\/\"},\"author\":{\"name\":\"Reda\u00e7\u00e3o Folha Popular\",\"@id\":\"https:\\\/\\\/folhapopular.info\\\/#\\\/schema\\\/person\\\/2814e8a0df7643585a9ca38bc6eb9d4b\"},\"headline\":\"Ap\u00f3s 2 dias de sol e frio, instabilidades retornam\",\"datePublished\":\"2024-05-15T11:50:14+00:00\",\"dateModified\":\"2024-05-15T11:50:17+00:00\",\"mainEntityOfPage\":{\"@id\":\"https:\\\/\\\/folhapopular.info\\\/index.php\\\/2024\\\/05\\\/15\\\/apos-2-dias-de-sol-e-frio-instabilidades-retornam\\\/\"},\"wordCount\":536,\"commentCount\":0,\"image\":{\"@id\":\"https:\\\/\\\/folhapopular.info\\\/index.php\\\/2024\\\/05\\\/15\\\/apos-2-dias-de-sol-e-frio-instabilidades-retornam\\\/#primaryimage\"},\"thumbnailUrl\":\"https:\\\/\\\/folhapopular.info\\\/wp-content\\\/uploads\\\/2024\\\/05\\\/Expectativa-e-de-que-nos-proximos-dias-seja-anunciado-o-fim-do-episodio-do-El-Nino-de-20232024_Credito_Pexels-scaled.jpg\",\"keywords\":[\"clima\",\"frio\",\"Previs\u00e3o do Tempo\"],\"articleSection\":[\"Clima\",\"Destaques\",\"Geral\"],\"inLanguage\":\"pt-BR\",\"potentialAction\":[{\"@type\":\"CommentAction\",\"name\":\"Comment\",\"target\":[\"https:\\\/\\\/folhapopular.info\\\/index.php\\\/2024\\\/05\\\/15\\\/apos-2-dias-de-sol-e-frio-instabilidades-retornam\\\/#respond\"]}]},{\"@type\":\"WebPage\",\"@id\":\"https:\\\/\\\/folhapopular.info\\\/index.php\\\/2024\\\/05\\\/15\\\/apos-2-dias-de-sol-e-frio-instabilidades-retornam\\\/\",\"url\":\"https:\\\/\\\/folhapopular.info\\\/index.php\\\/2024\\\/05\\\/15\\\/apos-2-dias-de-sol-e-frio-instabilidades-retornam\\\/\",\"name\":\"Ap\u00f3s 2 dias de sol e frio, instabilidades retornam - Folha Popular\",\"isPartOf\":{\"@id\":\"https:\\\/\\\/folhapopular.info\\\/#website\"},\"primaryImageOfPage\":{\"@id\":\"https:\\\/\\\/folhapopular.info\\\/index.php\\\/2024\\\/05\\\/15\\\/apos-2-dias-de-sol-e-frio-instabilidades-retornam\\\/#primaryimage\"},\"image\":{\"@id\":\"https:\\\/\\\/folhapopular.info\\\/index.php\\\/2024\\\/05\\\/15\\\/apos-2-dias-de-sol-e-frio-instabilidades-retornam\\\/#primaryimage\"},\"thumbnailUrl\":\"https:\\\/\\\/folhapopular.info\\\/wp-content\\\/uploads\\\/2024\\\/05\\\/Expectativa-e-de-que-nos-proximos-dias-seja-anunciado-o-fim-do-episodio-do-El-Nino-de-20232024_Credito_Pexels-scaled.jpg\",\"datePublished\":\"2024-05-15T11:50:14+00:00\",\"dateModified\":\"2024-05-15T11:50:17+00:00\",\"author\":{\"@id\":\"https:\\\/\\\/folhapopular.info\\\/#\\\/schema\\\/person\\\/2814e8a0df7643585a9ca38bc6eb9d4b\"},\"breadcrumb\":{\"@id\":\"https:\\\/\\\/folhapopular.info\\\/index.php\\\/2024\\\/05\\\/15\\\/apos-2-dias-de-sol-e-frio-instabilidades-retornam\\\/#breadcrumb\"},\"inLanguage\":\"pt-BR\",\"potentialAction\":[{\"@type\":\"ReadAction\",\"target\":[\"https:\\\/\\\/folhapopular.info\\\/index.php\\\/2024\\\/05\\\/15\\\/apos-2-dias-de-sol-e-frio-instabilidades-retornam\\\/\"]}]},{\"@type\":\"ImageObject\",\"inLanguage\":\"pt-BR\",\"@id\":\"https:\\\/\\\/folhapopular.info\\\/index.php\\\/2024\\\/05\\\/15\\\/apos-2-dias-de-sol-e-frio-instabilidades-retornam\\\/#primaryimage\",\"url\":\"https:\\\/\\\/folhapopular.info\\\/wp-content\\\/uploads\\\/2024\\\/05\\\/Expectativa-e-de-que-nos-proximos-dias-seja-anunciado-o-fim-do-episodio-do-El-Nino-de-20232024_Credito_Pexels-scaled.jpg\",\"contentUrl\":\"https:\\\/\\\/folhapopular.info\\\/wp-content\\\/uploads\\\/2024\\\/05\\\/Expectativa-e-de-que-nos-proximos-dias-seja-anunciado-o-fim-do-episodio-do-El-Nino-de-20232024_Credito_Pexels-scaled.jpg\",\"width\":2048,\"height\":2560,\"caption\":\"Expectativa \u00e9 de que, nos pr\u00f3ximos dias, seja anunciado o fim do epis\u00f3dio do El Ni\u00f1o de 2023 \\\/ 2024 \\\/ Cr\u00e9dito: Pexels\"},{\"@type\":\"BreadcrumbList\",\"@id\":\"https:\\\/\\\/folhapopular.info\\\/index.php\\\/2024\\\/05\\\/15\\\/apos-2-dias-de-sol-e-frio-instabilidades-retornam\\\/#breadcrumb\",\"itemListElement\":[{\"@type\":\"ListItem\",\"position\":1,\"name\":\"In\u00edcio\",\"item\":\"https:\\\/\\\/folhapopular.info\\\/\"},{\"@type\":\"ListItem\",\"position\":2,\"name\":\"Ap\u00f3s 2 dias de sol e frio, instabilidades retornam\"}]},{\"@type\":\"WebSite\",\"@id\":\"https:\\\/\\\/folhapopular.info\\\/#website\",\"url\":\"https:\\\/\\\/folhapopular.info\\\/\",\"name\":\"Folha Popular\",\"description\":\"Onde voc\u00ea tem vez e voz\",\"potentialAction\":[{\"@type\":\"SearchAction\",\"target\":{\"@type\":\"EntryPoint\",\"urlTemplate\":\"https:\\\/\\\/folhapopular.info\\\/?s={search_term_string}\"},\"query-input\":{\"@type\":\"PropertyValueSpecification\",\"valueRequired\":true,\"valueName\":\"search_term_string\"}}],\"inLanguage\":\"pt-BR\"},{\"@type\":\"Person\",\"@id\":\"https:\\\/\\\/folhapopular.info\\\/#\\\/schema\\\/person\\\/2814e8a0df7643585a9ca38bc6eb9d4b\",\"name\":\"Reda\u00e7\u00e3o Folha Popular\",\"image\":{\"@type\":\"ImageObject\",\"inLanguage\":\"pt-BR\",\"@id\":\"https:\\\/\\\/folhapopular.info\\\/wp-content\\\/uploads\\\/2026\\\/04\\\/Folha-1.webp\",\"url\":\"https:\\\/\\\/folhapopular.info\\\/wp-content\\\/uploads\\\/2026\\\/04\\\/Folha-1.webp\",\"contentUrl\":\"https:\\\/\\\/folhapopular.info\\\/wp-content\\\/uploads\\\/2026\\\/04\\\/Folha-1.webp\",\"caption\":\"Reda\u00e7\u00e3o Folha Popular\"},\"url\":\"https:\\\/\\\/folhapopular.info\\\/index.php\\\/author\\\/redacao\\\/\"}]}<\/script>\n<!-- \/ Yoast SEO plugin. -->","yoast_head_json":{"title":"Ap\u00f3s 2 dias de sol e frio, instabilidades retornam - Folha Popular","robots":{"index":"index","follow":"follow","max-snippet":"max-snippet:-1","max-image-preview":"max-image-preview:large","max-video-preview":"max-video-preview:-1"},"canonical":"https:\/\/folhapopular.info\/index.php\/2024\/05\/15\/apos-2-dias-de-sol-e-frio-instabilidades-retornam\/","og_locale":"pt_BR","og_type":"article","og_title":"Ap\u00f3s 2 dias de sol e frio, instabilidades retornam - Folha Popular","og_description":"O in\u00edcio da semana foi marcado por mais chuva no territ\u00f3rio ga\u00facho. Felizmente, os volumes s\u00e3o inferiores aos registrados nas \u00faltimas semanas no Rio Grande do Sul. V\u00e1rias cidades do Centro, Norte e o Nordeste do estado registraram de 100 a 300 mm diariamente, inclusive passando por repiques da enchente que assolou todos no in\u00edcio [&hellip;]","og_url":"https:\/\/folhapopular.info\/index.php\/2024\/05\/15\/apos-2-dias-de-sol-e-frio-instabilidades-retornam\/","og_site_name":"Folha Popular","article_published_time":"2024-05-15T11:50:14+00:00","article_modified_time":"2024-05-15T11:50:17+00:00","og_image":[{"width":2048,"height":2560,"url":"http:\/\/folhapopular.info\/wp-content\/uploads\/2024\/05\/Expectativa-e-de-que-nos-proximos-dias-seja-anunciado-o-fim-do-episodio-do-El-Nino-de-20232024_Credito_Pexels-scaled.jpg","type":"image\/jpeg"}],"author":"Reda\u00e7\u00e3o Folha Popular","twitter_card":"summary_large_image","twitter_misc":{"Escrito por":"Reda\u00e7\u00e3o Folha Popular","Est. tempo de leitura":"3 minutos"},"schema":{"@context":"https:\/\/schema.org","@graph":[{"@type":"Article","@id":"https:\/\/folhapopular.info\/index.php\/2024\/05\/15\/apos-2-dias-de-sol-e-frio-instabilidades-retornam\/#article","isPartOf":{"@id":"https:\/\/folhapopular.info\/index.php\/2024\/05\/15\/apos-2-dias-de-sol-e-frio-instabilidades-retornam\/"},"author":{"name":"Reda\u00e7\u00e3o Folha Popular","@id":"https:\/\/folhapopular.info\/#\/schema\/person\/2814e8a0df7643585a9ca38bc6eb9d4b"},"headline":"Ap\u00f3s 2 dias de sol e frio, instabilidades retornam","datePublished":"2024-05-15T11:50:14+00:00","dateModified":"2024-05-15T11:50:17+00:00","mainEntityOfPage":{"@id":"https:\/\/folhapopular.info\/index.php\/2024\/05\/15\/apos-2-dias-de-sol-e-frio-instabilidades-retornam\/"},"wordCount":536,"commentCount":0,"image":{"@id":"https:\/\/folhapopular.info\/index.php\/2024\/05\/15\/apos-2-dias-de-sol-e-frio-instabilidades-retornam\/#primaryimage"},"thumbnailUrl":"https:\/\/folhapopular.info\/wp-content\/uploads\/2024\/05\/Expectativa-e-de-que-nos-proximos-dias-seja-anunciado-o-fim-do-episodio-do-El-Nino-de-20232024_Credito_Pexels-scaled.jpg","keywords":["clima","frio","Previs\u00e3o do Tempo"],"articleSection":["Clima","Destaques","Geral"],"inLanguage":"pt-BR","potentialAction":[{"@type":"CommentAction","name":"Comment","target":["https:\/\/folhapopular.info\/index.php\/2024\/05\/15\/apos-2-dias-de-sol-e-frio-instabilidades-retornam\/#respond"]}]},{"@type":"WebPage","@id":"https:\/\/folhapopular.info\/index.php\/2024\/05\/15\/apos-2-dias-de-sol-e-frio-instabilidades-retornam\/","url":"https:\/\/folhapopular.info\/index.php\/2024\/05\/15\/apos-2-dias-de-sol-e-frio-instabilidades-retornam\/","name":"Ap\u00f3s 2 dias de sol e frio, instabilidades retornam - Folha Popular","isPartOf":{"@id":"https:\/\/folhapopular.info\/#website"},"primaryImageOfPage":{"@id":"https:\/\/folhapopular.info\/index.php\/2024\/05\/15\/apos-2-dias-de-sol-e-frio-instabilidades-retornam\/#primaryimage"},"image":{"@id":"https:\/\/folhapopular.info\/index.php\/2024\/05\/15\/apos-2-dias-de-sol-e-frio-instabilidades-retornam\/#primaryimage"},"thumbnailUrl":"https:\/\/folhapopular.info\/wp-content\/uploads\/2024\/05\/Expectativa-e-de-que-nos-proximos-dias-seja-anunciado-o-fim-do-episodio-do-El-Nino-de-20232024_Credito_Pexels-scaled.jpg","datePublished":"2024-05-15T11:50:14+00:00","dateModified":"2024-05-15T11:50:17+00:00","author":{"@id":"https:\/\/folhapopular.info\/#\/schema\/person\/2814e8a0df7643585a9ca38bc6eb9d4b"},"breadcrumb":{"@id":"https:\/\/folhapopular.info\/index.php\/2024\/05\/15\/apos-2-dias-de-sol-e-frio-instabilidades-retornam\/#breadcrumb"},"inLanguage":"pt-BR","potentialAction":[{"@type":"ReadAction","target":["https:\/\/folhapopular.info\/index.php\/2024\/05\/15\/apos-2-dias-de-sol-e-frio-instabilidades-retornam\/"]}]},{"@type":"ImageObject","inLanguage":"pt-BR","@id":"https:\/\/folhapopular.info\/index.php\/2024\/05\/15\/apos-2-dias-de-sol-e-frio-instabilidades-retornam\/#primaryimage","url":"https:\/\/folhapopular.info\/wp-content\/uploads\/2024\/05\/Expectativa-e-de-que-nos-proximos-dias-seja-anunciado-o-fim-do-episodio-do-El-Nino-de-20232024_Credito_Pexels-scaled.jpg","contentUrl":"https:\/\/folhapopular.info\/wp-content\/uploads\/2024\/05\/Expectativa-e-de-que-nos-proximos-dias-seja-anunciado-o-fim-do-episodio-do-El-Nino-de-20232024_Credito_Pexels-scaled.jpg","width":2048,"height":2560,"caption":"Expectativa \u00e9 de que, nos pr\u00f3ximos dias, seja anunciado o fim do epis\u00f3dio do El Ni\u00f1o de 2023 \/ 2024 \/ Cr\u00e9dito: Pexels"},{"@type":"BreadcrumbList","@id":"https:\/\/folhapopular.info\/index.php\/2024\/05\/15\/apos-2-dias-de-sol-e-frio-instabilidades-retornam\/#breadcrumb","itemListElement":[{"@type":"ListItem","position":1,"name":"In\u00edcio","item":"https:\/\/folhapopular.info\/"},{"@type":"ListItem","position":2,"name":"Ap\u00f3s 2 dias de sol e frio, instabilidades retornam"}]},{"@type":"WebSite","@id":"https:\/\/folhapopular.info\/#website","url":"https:\/\/folhapopular.info\/","name":"Folha Popular","description":"Onde voc\u00ea tem vez e voz","potentialAction":[{"@type":"SearchAction","target":{"@type":"EntryPoint","urlTemplate":"https:\/\/folhapopular.info\/?s={search_term_string}"},"query-input":{"@type":"PropertyValueSpecification","valueRequired":true,"valueName":"search_term_string"}}],"inLanguage":"pt-BR"},{"@type":"Person","@id":"https:\/\/folhapopular.info\/#\/schema\/person\/2814e8a0df7643585a9ca38bc6eb9d4b","name":"Reda\u00e7\u00e3o Folha Popular","image":{"@type":"ImageObject","inLanguage":"pt-BR","@id":"https:\/\/folhapopular.info\/wp-content\/uploads\/2026\/04\/Folha-1.webp","url":"https:\/\/folhapopular.info\/wp-content\/uploads\/2026\/04\/Folha-1.webp","contentUrl":"https:\/\/folhapopular.info\/wp-content\/uploads\/2026\/04\/Folha-1.webp","caption":"Reda\u00e7\u00e3o Folha Popular"},"url":"https:\/\/folhapopular.info\/index.php\/author\/redacao\/"}]}},"jetpack_featured_media_url":"https:\/\/folhapopular.info\/wp-content\/uploads\/2024\/05\/Expectativa-e-de-que-nos-proximos-dias-seja-anunciado-o-fim-do-episodio-do-El-Nino-de-20232024_Credito_Pexels-scaled.jpg","jetpack_sharing_enabled":true,"amp_enabled":true,"_links":{"self":[{"href":"https:\/\/folhapopular.info\/index.php\/wp-json\/wp\/v2\/posts\/157946","targetHints":{"allow":["GET"]}}],"collection":[{"href":"https:\/\/folhapopular.info\/index.php\/wp-json\/wp\/v2\/posts"}],"about":[{"href":"https:\/\/folhapopular.info\/index.php\/wp-json\/wp\/v2\/types\/post"}],"author":[{"embeddable":true,"href":"https:\/\/folhapopular.info\/index.php\/wp-json\/wp\/v2\/users\/8"}],"replies":[{"embeddable":true,"href":"https:\/\/folhapopular.info\/index.php\/wp-json\/wp\/v2\/comments?post=157946"}],"version-history":[{"count":0,"href":"https:\/\/folhapopular.info\/index.php\/wp-json\/wp\/v2\/posts\/157946\/revisions"}],"wp:featuredmedia":[{"embeddable":true,"href":"https:\/\/folhapopular.info\/index.php\/wp-json\/wp\/v2\/media\/157947"}],"wp:attachment":[{"href":"https:\/\/folhapopular.info\/index.php\/wp-json\/wp\/v2\/media?parent=157946"}],"wp:term":[{"taxonomy":"category","embeddable":true,"href":"https:\/\/folhapopular.info\/index.php\/wp-json\/wp\/v2\/categories?post=157946"},{"taxonomy":"post_tag","embeddable":true,"href":"https:\/\/folhapopular.info\/index.php\/wp-json\/wp\/v2\/tags?post=157946"}],"curies":[{"name":"wp","href":"https:\/\/api.w.org\/{rel}","templated":true}]}}