{"id":158165,"date":"2024-05-18T11:00:00","date_gmt":"2024-05-18T14:00:00","guid":{"rendered":"https:\/\/folhapopular.info\/?p=158165"},"modified":"2024-05-18T09:18:27","modified_gmt":"2024-05-18T12:18:27","slug":"recuperacao-social-e-economica-do-rs-pode-levar-anos","status":"publish","type":"post","link":"https:\/\/folhapopular.info\/index.php\/2024\/05\/18\/recuperacao-social-e-economica-do-rs-pode-levar-anos\/","title":{"rendered":"Recupera\u00e7\u00e3o social e econ\u00f4mica do RS pode levar anos"},"content":{"rendered":"<p>Por Ariana de Oliveira e Camille Lenz da Silva Ainda \u00e9 dif\u00edcil tra\u00e7ar um panorama em rela\u00e7\u00e3o aos estragos deixados pelas duas grandes cheias em cerca de 15 dias, que se acumulam em todo o estado do Rio Grande do Sul desde o \u00faltimo dia de abril. \u00c9 dif\u00edcil, pois ainda h\u00e1 muita \u00e1gua sobre&#8230; <\/p>\n<div class=\"pmpro\">\n<div class=\"pmpro_card pmpro_content_message\">\n<div class=\"pmpro_card_content\">Este conte\u00fado \u00e9 apenas para associados Grupo Popular &#8211; Conte\u00fado Total Anual e Grupo Popular &#8211; Conte\u00fado Total Mensal. <br \/><a href=\"https:\/\/folhapopular.info\/wp-login.php?action=register\">Cadastre-se<\/a><\/div>\n<div class=\"pmpro_card_actions pmpro_font-medium\">J\u00e1 se associou? <a href=\"https:\/\/folhapopular.info\/wp-login.php?redirect_to=https%3A%2F%2Ffolhapopular.info%2Findex.php%2F2024%2F05%2F18%2Frecuperacao-social-e-economica-do-rs-pode-levar-anos%2F\">Acesse aqui<\/a><\/div>\n<\/div>\n<\/div>\n","protected":false},"excerpt":{"rendered":"<p>Por Ariana de Oliveira e Camille Lenz da Silva Ainda \u00e9 dif\u00edcil tra\u00e7ar um panorama em rela\u00e7\u00e3o aos estragos deixados pelas duas grandes cheias em cerca de 15 dias, que se acumulam em todo o estado do Rio Grande do Sul desde o \u00faltimo dia de abril. \u00c9 dif\u00edcil, pois ainda h\u00e1 muita \u00e1gua sobre... <\/p>\n<div class=\"pmpro\"><div class=\"pmpro_card pmpro_content_message\"><div class=\"pmpro_card_content\">Este conte\u00fado \u00e9 apenas para associados Grupo Popular - Conte\u00fado Total Anual e Grupo Popular - Conte\u00fado Total Mensal. <br \/><a href=\"https:\/\/folhapopular.info\/wp-login.php?action=register\">Cadastre-se<\/a><\/div><div class=\"pmpro_card_actions pmpro_font-medium\">J\u00e1 se associou? <a href=\"https:\/\/folhapopular.info\/wp-login.php?redirect_to=https%3A%2F%2Ffolhapopular.info%2Findex.php%2F2024%2F05%2F18%2Frecuperacao-social-e-economica-do-rs-pode-levar-anos%2F\">Acesse aqui<\/a><\/div><\/div><\/div>","protected":false},"author":8,"featured_media":158171,"comment_status":"open","ping_status":"open","sticky":false,"template":"","format":"standard","meta":{"pmpro_default_level":"","_jetpack_memberships_contains_paid_content":false,"footnotes":""},"categories":[11078,2,10991],"tags":[746,10329,156],"class_list":{"0":"post-158165","1":"post","2":"type-post","3":"status-publish","4":"format-standard","5":"has-post-thumbnail","7":"category-assinantes","8":"category-featured","9":"category-economia","10":"tag-economia","11":"tag-reconstrucao","12":"tag-vale-do-taquari","13":"pmpro-level-required","14":"pmpro-level-2","15":"pmpro-level-4","16":"pmpro-level-5","17":"pmpro-no-access"},"yoast_head":"<!-- This site is optimized with the Yoast SEO plugin v27.5 - https:\/\/yoast.com\/product\/yoast-seo-wordpress\/ -->\n<title>Recupera\u00e7\u00e3o social e econ\u00f4mica do RS pode levar anos - Folha Popular<\/title>\n<meta name=\"robots\" content=\"index, follow, max-snippet:-1, max-image-preview:large, max-video-preview:-1\" \/>\n<link rel=\"canonical\" href=\"https:\/\/folhapopular.info\/index.php\/2024\/05\/18\/recuperacao-social-e-economica-do-rs-pode-levar-anos\/\" \/>\n<meta property=\"og:locale\" content=\"pt_BR\" \/>\n<meta property=\"og:type\" content=\"article\" \/>\n<meta property=\"og:title\" content=\"Recupera\u00e7\u00e3o social e econ\u00f4mica do RS pode levar anos - Folha Popular\" \/>\n<meta property=\"og:description\" content=\"Por Ariana de Oliveira e Camille Lenz da Silva Ainda \u00e9 dif\u00edcil tra\u00e7ar um panorama em rela\u00e7\u00e3o aos estragos deixados pelas duas grandes cheias em cerca de 15 dias, que se acumulam em todo o estado do Rio Grande do Sul desde o \u00faltimo dia de abril. \u00c9 dif\u00edcil, pois ainda h\u00e1 muita \u00e1gua sobre [&hellip;]\" \/>\n<meta property=\"og:url\" content=\"https:\/\/folhapopular.info\/index.php\/2024\/05\/18\/recuperacao-social-e-economica-do-rs-pode-levar-anos\/\" \/>\n<meta property=\"og:site_name\" content=\"Folha Popular\" \/>\n<meta property=\"article:published_time\" content=\"2024-05-18T14:00:00+00:00\" \/>\n<meta property=\"og:image\" content=\"https:\/\/folhapopular.info\/wp-content\/uploads\/2024\/05\/Economista-estima-perda-superior-a-R-7-bilhoes-na-regiao_Carla-Beckmann-scaled.jpg\" \/>\n\t<meta property=\"og:image:width\" content=\"2560\" \/>\n\t<meta property=\"og:image:height\" content=\"1707\" \/>\n\t<meta property=\"og:image:type\" content=\"image\/jpeg\" \/>\n<meta name=\"author\" content=\"Reda\u00e7\u00e3o Folha Popular\" \/>\n<meta name=\"twitter:card\" content=\"summary_large_image\" \/>\n<meta name=\"twitter:label1\" content=\"Escrito por\" \/>\n\t<meta name=\"twitter:data1\" content=\"Reda\u00e7\u00e3o Folha Popular\" \/>\n\t<meta name=\"twitter:label2\" content=\"Est. tempo de leitura\" \/>\n\t<meta name=\"twitter:data2\" content=\"9 minutos\" \/>\n<script type=\"application\/ld+json\" class=\"yoast-schema-graph\">{\"@context\":\"https:\\\/\\\/schema.org\",\"@graph\":[{\"@type\":\"Article\",\"@id\":\"https:\\\/\\\/folhapopular.info\\\/index.php\\\/2024\\\/05\\\/18\\\/recuperacao-social-e-economica-do-rs-pode-levar-anos\\\/#article\",\"isPartOf\":{\"@id\":\"https:\\\/\\\/folhapopular.info\\\/index.php\\\/2024\\\/05\\\/18\\\/recuperacao-social-e-economica-do-rs-pode-levar-anos\\\/\"},\"author\":{\"name\":\"Reda\u00e7\u00e3o Folha Popular\",\"@id\":\"https:\\\/\\\/folhapopular.info\\\/#\\\/schema\\\/person\\\/2814e8a0df7643585a9ca38bc6eb9d4b\"},\"headline\":\"Recupera\u00e7\u00e3o social e econ\u00f4mica do RS pode levar anos\",\"datePublished\":\"2024-05-18T14:00:00+00:00\",\"mainEntityOfPage\":{\"@id\":\"https:\\\/\\\/folhapopular.info\\\/index.php\\\/2024\\\/05\\\/18\\\/recuperacao-social-e-economica-do-rs-pode-levar-anos\\\/\"},\"wordCount\":1537,\"commentCount\":0,\"image\":{\"@id\":\"https:\\\/\\\/folhapopular.info\\\/index.php\\\/2024\\\/05\\\/18\\\/recuperacao-social-e-economica-do-rs-pode-levar-anos\\\/#primaryimage\"},\"thumbnailUrl\":\"https:\\\/\\\/folhapopular.info\\\/wp-content\\\/uploads\\\/2024\\\/05\\\/Economista-estima-perda-superior-a-R-7-bilhoes-na-regiao_Carla-Beckmann-scaled.jpg\",\"keywords\":[\"Economia\",\"Reconstru\u00e7\u00e3o\",\"Vale do Taquari\"],\"articleSection\":[\"Assinantes\",\"Destaques\",\"Economia\"],\"inLanguage\":\"pt-BR\",\"potentialAction\":[{\"@type\":\"CommentAction\",\"name\":\"Comment\",\"target\":[\"https:\\\/\\\/folhapopular.info\\\/index.php\\\/2024\\\/05\\\/18\\\/recuperacao-social-e-economica-do-rs-pode-levar-anos\\\/#respond\"]}]},{\"@type\":\"WebPage\",\"@id\":\"https:\\\/\\\/folhapopular.info\\\/index.php\\\/2024\\\/05\\\/18\\\/recuperacao-social-e-economica-do-rs-pode-levar-anos\\\/\",\"url\":\"https:\\\/\\\/folhapopular.info\\\/index.php\\\/2024\\\/05\\\/18\\\/recuperacao-social-e-economica-do-rs-pode-levar-anos\\\/\",\"name\":\"Recupera\u00e7\u00e3o social e econ\u00f4mica do RS pode levar anos - Folha Popular\",\"isPartOf\":{\"@id\":\"https:\\\/\\\/folhapopular.info\\\/#website\"},\"primaryImageOfPage\":{\"@id\":\"https:\\\/\\\/folhapopular.info\\\/index.php\\\/2024\\\/05\\\/18\\\/recuperacao-social-e-economica-do-rs-pode-levar-anos\\\/#primaryimage\"},\"image\":{\"@id\":\"https:\\\/\\\/folhapopular.info\\\/index.php\\\/2024\\\/05\\\/18\\\/recuperacao-social-e-economica-do-rs-pode-levar-anos\\\/#primaryimage\"},\"thumbnailUrl\":\"https:\\\/\\\/folhapopular.info\\\/wp-content\\\/uploads\\\/2024\\\/05\\\/Economista-estima-perda-superior-a-R-7-bilhoes-na-regiao_Carla-Beckmann-scaled.jpg\",\"datePublished\":\"2024-05-18T14:00:00+00:00\",\"author\":{\"@id\":\"https:\\\/\\\/folhapopular.info\\\/#\\\/schema\\\/person\\\/2814e8a0df7643585a9ca38bc6eb9d4b\"},\"breadcrumb\":{\"@id\":\"https:\\\/\\\/folhapopular.info\\\/index.php\\\/2024\\\/05\\\/18\\\/recuperacao-social-e-economica-do-rs-pode-levar-anos\\\/#breadcrumb\"},\"inLanguage\":\"pt-BR\",\"potentialAction\":[{\"@type\":\"ReadAction\",\"target\":[\"https:\\\/\\\/folhapopular.info\\\/index.php\\\/2024\\\/05\\\/18\\\/recuperacao-social-e-economica-do-rs-pode-levar-anos\\\/\"]}]},{\"@type\":\"ImageObject\",\"inLanguage\":\"pt-BR\",\"@id\":\"https:\\\/\\\/folhapopular.info\\\/index.php\\\/2024\\\/05\\\/18\\\/recuperacao-social-e-economica-do-rs-pode-levar-anos\\\/#primaryimage\",\"url\":\"https:\\\/\\\/folhapopular.info\\\/wp-content\\\/uploads\\\/2024\\\/05\\\/Economista-estima-perda-superior-a-R-7-bilhoes-na-regiao_Carla-Beckmann-scaled.jpg\",\"contentUrl\":\"https:\\\/\\\/folhapopular.info\\\/wp-content\\\/uploads\\\/2024\\\/05\\\/Economista-estima-perda-superior-a-R-7-bilhoes-na-regiao_Carla-Beckmann-scaled.jpg\",\"width\":2560,\"height\":1707,\"caption\":\"Economista estima perda superior a R$ 7 bilh\u00f5es na regi\u00e3o \\\/ Cr\u00e9dito: Carla Beckmann\"},{\"@type\":\"BreadcrumbList\",\"@id\":\"https:\\\/\\\/folhapopular.info\\\/index.php\\\/2024\\\/05\\\/18\\\/recuperacao-social-e-economica-do-rs-pode-levar-anos\\\/#breadcrumb\",\"itemListElement\":[{\"@type\":\"ListItem\",\"position\":1,\"name\":\"In\u00edcio\",\"item\":\"https:\\\/\\\/folhapopular.info\\\/\"},{\"@type\":\"ListItem\",\"position\":2,\"name\":\"Recupera\u00e7\u00e3o social e econ\u00f4mica do RS pode levar anos\"}]},{\"@type\":\"WebSite\",\"@id\":\"https:\\\/\\\/folhapopular.info\\\/#website\",\"url\":\"https:\\\/\\\/folhapopular.info\\\/\",\"name\":\"Folha Popular\",\"description\":\"Onde voc\u00ea tem vez e voz\",\"potentialAction\":[{\"@type\":\"SearchAction\",\"target\":{\"@type\":\"EntryPoint\",\"urlTemplate\":\"https:\\\/\\\/folhapopular.info\\\/?s={search_term_string}\"},\"query-input\":{\"@type\":\"PropertyValueSpecification\",\"valueRequired\":true,\"valueName\":\"search_term_string\"}}],\"inLanguage\":\"pt-BR\"},{\"@type\":\"Person\",\"@id\":\"https:\\\/\\\/folhapopular.info\\\/#\\\/schema\\\/person\\\/2814e8a0df7643585a9ca38bc6eb9d4b\",\"name\":\"Reda\u00e7\u00e3o Folha Popular\",\"image\":{\"@type\":\"ImageObject\",\"inLanguage\":\"pt-BR\",\"@id\":\"https:\\\/\\\/folhapopular.info\\\/wp-content\\\/uploads\\\/2026\\\/04\\\/Folha-1.webp\",\"url\":\"https:\\\/\\\/folhapopular.info\\\/wp-content\\\/uploads\\\/2026\\\/04\\\/Folha-1.webp\",\"contentUrl\":\"https:\\\/\\\/folhapopular.info\\\/wp-content\\\/uploads\\\/2026\\\/04\\\/Folha-1.webp\",\"caption\":\"Reda\u00e7\u00e3o Folha Popular\"},\"url\":\"https:\\\/\\\/folhapopular.info\\\/index.php\\\/author\\\/redacao\\\/\"}]}<\/script>\n<!-- \/ Yoast SEO plugin. -->","yoast_head_json":{"title":"Recupera\u00e7\u00e3o social e econ\u00f4mica do RS pode levar anos - Folha Popular","robots":{"index":"index","follow":"follow","max-snippet":"max-snippet:-1","max-image-preview":"max-image-preview:large","max-video-preview":"max-video-preview:-1"},"canonical":"https:\/\/folhapopular.info\/index.php\/2024\/05\/18\/recuperacao-social-e-economica-do-rs-pode-levar-anos\/","og_locale":"pt_BR","og_type":"article","og_title":"Recupera\u00e7\u00e3o social e econ\u00f4mica do RS pode levar anos - Folha Popular","og_description":"Por Ariana de Oliveira e Camille Lenz da Silva Ainda \u00e9 dif\u00edcil tra\u00e7ar um panorama em rela\u00e7\u00e3o aos estragos deixados pelas duas grandes cheias em cerca de 15 dias, que se acumulam em todo o estado do Rio Grande do Sul desde o \u00faltimo dia de abril. \u00c9 dif\u00edcil, pois ainda h\u00e1 muita \u00e1gua sobre [&hellip;]","og_url":"https:\/\/folhapopular.info\/index.php\/2024\/05\/18\/recuperacao-social-e-economica-do-rs-pode-levar-anos\/","og_site_name":"Folha Popular","article_published_time":"2024-05-18T14:00:00+00:00","og_image":[{"width":2560,"height":1707,"url":"https:\/\/folhapopular.info\/wp-content\/uploads\/2024\/05\/Economista-estima-perda-superior-a-R-7-bilhoes-na-regiao_Carla-Beckmann-scaled.jpg","type":"image\/jpeg"}],"author":"Reda\u00e7\u00e3o Folha Popular","twitter_card":"summary_large_image","twitter_misc":{"Escrito por":"Reda\u00e7\u00e3o Folha Popular","Est. tempo de leitura":"9 minutos"},"schema":{"@context":"https:\/\/schema.org","@graph":[{"@type":"Article","@id":"https:\/\/folhapopular.info\/index.php\/2024\/05\/18\/recuperacao-social-e-economica-do-rs-pode-levar-anos\/#article","isPartOf":{"@id":"https:\/\/folhapopular.info\/index.php\/2024\/05\/18\/recuperacao-social-e-economica-do-rs-pode-levar-anos\/"},"author":{"name":"Reda\u00e7\u00e3o Folha Popular","@id":"https:\/\/folhapopular.info\/#\/schema\/person\/2814e8a0df7643585a9ca38bc6eb9d4b"},"headline":"Recupera\u00e7\u00e3o social e econ\u00f4mica do RS pode levar anos","datePublished":"2024-05-18T14:00:00+00:00","mainEntityOfPage":{"@id":"https:\/\/folhapopular.info\/index.php\/2024\/05\/18\/recuperacao-social-e-economica-do-rs-pode-levar-anos\/"},"wordCount":1537,"commentCount":0,"image":{"@id":"https:\/\/folhapopular.info\/index.php\/2024\/05\/18\/recuperacao-social-e-economica-do-rs-pode-levar-anos\/#primaryimage"},"thumbnailUrl":"https:\/\/folhapopular.info\/wp-content\/uploads\/2024\/05\/Economista-estima-perda-superior-a-R-7-bilhoes-na-regiao_Carla-Beckmann-scaled.jpg","keywords":["Economia","Reconstru\u00e7\u00e3o","Vale do Taquari"],"articleSection":["Assinantes","Destaques","Economia"],"inLanguage":"pt-BR","potentialAction":[{"@type":"CommentAction","name":"Comment","target":["https:\/\/folhapopular.info\/index.php\/2024\/05\/18\/recuperacao-social-e-economica-do-rs-pode-levar-anos\/#respond"]}]},{"@type":"WebPage","@id":"https:\/\/folhapopular.info\/index.php\/2024\/05\/18\/recuperacao-social-e-economica-do-rs-pode-levar-anos\/","url":"https:\/\/folhapopular.info\/index.php\/2024\/05\/18\/recuperacao-social-e-economica-do-rs-pode-levar-anos\/","name":"Recupera\u00e7\u00e3o social e econ\u00f4mica do RS pode levar anos - Folha Popular","isPartOf":{"@id":"https:\/\/folhapopular.info\/#website"},"primaryImageOfPage":{"@id":"https:\/\/folhapopular.info\/index.php\/2024\/05\/18\/recuperacao-social-e-economica-do-rs-pode-levar-anos\/#primaryimage"},"image":{"@id":"https:\/\/folhapopular.info\/index.php\/2024\/05\/18\/recuperacao-social-e-economica-do-rs-pode-levar-anos\/#primaryimage"},"thumbnailUrl":"https:\/\/folhapopular.info\/wp-content\/uploads\/2024\/05\/Economista-estima-perda-superior-a-R-7-bilhoes-na-regiao_Carla-Beckmann-scaled.jpg","datePublished":"2024-05-18T14:00:00+00:00","author":{"@id":"https:\/\/folhapopular.info\/#\/schema\/person\/2814e8a0df7643585a9ca38bc6eb9d4b"},"breadcrumb":{"@id":"https:\/\/folhapopular.info\/index.php\/2024\/05\/18\/recuperacao-social-e-economica-do-rs-pode-levar-anos\/#breadcrumb"},"inLanguage":"pt-BR","potentialAction":[{"@type":"ReadAction","target":["https:\/\/folhapopular.info\/index.php\/2024\/05\/18\/recuperacao-social-e-economica-do-rs-pode-levar-anos\/"]}]},{"@type":"ImageObject","inLanguage":"pt-BR","@id":"https:\/\/folhapopular.info\/index.php\/2024\/05\/18\/recuperacao-social-e-economica-do-rs-pode-levar-anos\/#primaryimage","url":"https:\/\/folhapopular.info\/wp-content\/uploads\/2024\/05\/Economista-estima-perda-superior-a-R-7-bilhoes-na-regiao_Carla-Beckmann-scaled.jpg","contentUrl":"https:\/\/folhapopular.info\/wp-content\/uploads\/2024\/05\/Economista-estima-perda-superior-a-R-7-bilhoes-na-regiao_Carla-Beckmann-scaled.jpg","width":2560,"height":1707,"caption":"Economista estima perda superior a R$ 7 bilh\u00f5es na regi\u00e3o \/ Cr\u00e9dito: Carla Beckmann"},{"@type":"BreadcrumbList","@id":"https:\/\/folhapopular.info\/index.php\/2024\/05\/18\/recuperacao-social-e-economica-do-rs-pode-levar-anos\/#breadcrumb","itemListElement":[{"@type":"ListItem","position":1,"name":"In\u00edcio","item":"https:\/\/folhapopular.info\/"},{"@type":"ListItem","position":2,"name":"Recupera\u00e7\u00e3o social e econ\u00f4mica do RS pode levar anos"}]},{"@type":"WebSite","@id":"https:\/\/folhapopular.info\/#website","url":"https:\/\/folhapopular.info\/","name":"Folha Popular","description":"Onde voc\u00ea tem vez e voz","potentialAction":[{"@type":"SearchAction","target":{"@type":"EntryPoint","urlTemplate":"https:\/\/folhapopular.info\/?s={search_term_string}"},"query-input":{"@type":"PropertyValueSpecification","valueRequired":true,"valueName":"search_term_string"}}],"inLanguage":"pt-BR"},{"@type":"Person","@id":"https:\/\/folhapopular.info\/#\/schema\/person\/2814e8a0df7643585a9ca38bc6eb9d4b","name":"Reda\u00e7\u00e3o Folha Popular","image":{"@type":"ImageObject","inLanguage":"pt-BR","@id":"https:\/\/folhapopular.info\/wp-content\/uploads\/2026\/04\/Folha-1.webp","url":"https:\/\/folhapopular.info\/wp-content\/uploads\/2026\/04\/Folha-1.webp","contentUrl":"https:\/\/folhapopular.info\/wp-content\/uploads\/2026\/04\/Folha-1.webp","caption":"Reda\u00e7\u00e3o Folha Popular"},"url":"https:\/\/folhapopular.info\/index.php\/author\/redacao\/"}]}},"jetpack_featured_media_url":"https:\/\/folhapopular.info\/wp-content\/uploads\/2024\/05\/Economista-estima-perda-superior-a-R-7-bilhoes-na-regiao_Carla-Beckmann-scaled.jpg","jetpack_sharing_enabled":true,"amp_enabled":true,"_links":{"self":[{"href":"https:\/\/folhapopular.info\/index.php\/wp-json\/wp\/v2\/posts\/158165","targetHints":{"allow":["GET"]}}],"collection":[{"href":"https:\/\/folhapopular.info\/index.php\/wp-json\/wp\/v2\/posts"}],"about":[{"href":"https:\/\/folhapopular.info\/index.php\/wp-json\/wp\/v2\/types\/post"}],"author":[{"embeddable":true,"href":"https:\/\/folhapopular.info\/index.php\/wp-json\/wp\/v2\/users\/8"}],"replies":[{"embeddable":true,"href":"https:\/\/folhapopular.info\/index.php\/wp-json\/wp\/v2\/comments?post=158165"}],"version-history":[{"count":0,"href":"https:\/\/folhapopular.info\/index.php\/wp-json\/wp\/v2\/posts\/158165\/revisions"}],"wp:featuredmedia":[{"embeddable":true,"href":"https:\/\/folhapopular.info\/index.php\/wp-json\/wp\/v2\/media\/158171"}],"wp:attachment":[{"href":"https:\/\/folhapopular.info\/index.php\/wp-json\/wp\/v2\/media?parent=158165"}],"wp:term":[{"taxonomy":"category","embeddable":true,"href":"https:\/\/folhapopular.info\/index.php\/wp-json\/wp\/v2\/categories?post=158165"},{"taxonomy":"post_tag","embeddable":true,"href":"https:\/\/folhapopular.info\/index.php\/wp-json\/wp\/v2\/tags?post=158165"}],"curies":[{"name":"wp","href":"https:\/\/api.w.org\/{rel}","templated":true}]}}