{"id":158218,"date":"2024-05-18T22:00:00","date_gmt":"2024-05-19T01:00:00","guid":{"rendered":"https:\/\/folhapopular.info\/?p=158218"},"modified":"2024-05-18T22:20:45","modified_gmt":"2024-05-19T01:20:45","slug":"brigada-militar-de-estrela-prende-homem-por-porte-ilegal-de-arma-de-fogo","status":"publish","type":"post","link":"https:\/\/folhapopular.info\/index.php\/2024\/05\/18\/brigada-militar-de-estrela-prende-homem-por-porte-ilegal-de-arma-de-fogo\/","title":{"rendered":"Brigada Militar de Estrela prende homem por porte ilegal de arma de fogo"},"content":{"rendered":"\n<p>Na madrugada de s\u00e1bado (18\/5), a Brigada Militar de Estrela, prendeu um homem de 28 anos por porte ilegal de arma de fogo no Bairro das Ind\u00fastrias. <\/p>\n\n\n\n<p>Durante patrulhamento, os policias militares visualizaram luzes de lanterna em um pr\u00e9dio comercial. Ao averiguarem, localizaram dois homens em frente ao local. Com um deles foi localizada uma pistola, calibre 380, 35 muni\u00e7\u00f5es e dois carregadores.<\/p>\n\n\n\n<p>O homem foi preso e conduzido \u00e0 Delegacia de Pol\u00edcia de Pronto Atendimento de Lajeado para provid\u00eancias legais.<\/p>\n","protected":false},"excerpt":{"rendered":"<p>Na madrugada de s\u00e1bado (18\/5), a Brigada Militar de Estrela, prendeu um homem de 28 anos por porte ilegal de arma de fogo no Bairro das Ind\u00fastrias. Durante patrulhamento, os policias militares visualizaram luzes de lanterna em um pr\u00e9dio comercial. Ao averiguarem, localizaram dois homens em frente ao local. Com um deles foi localizada uma [&hellip;]<\/p>\n","protected":false},"author":8,"featured_media":158219,"comment_status":"open","ping_status":"open","sticky":false,"template":"","format":"standard","meta":{"pmpro_default_level":"","_jetpack_memberships_contains_paid_content":false,"footnotes":""},"categories":[10982,7],"tags":[1833,251,8,2657],"class_list":{"0":"post-158218","1":"post","2":"type-post","3":"status-publish","4":"format-standard","5":"has-post-thumbnail","7":"category-policia","8":"category-seguranca","9":"tag-arma-de-fogo","10":"tag-brigada-militar","11":"tag-estrela","12":"tag-porte-ilegal","13":"pmpro-has-access"},"yoast_head":"<!-- This site is optimized with the Yoast SEO plugin v27.5 - https:\/\/yoast.com\/product\/yoast-seo-wordpress\/ -->\n<title>Brigada Militar de Estrela prende homem por porte ilegal de arma de fogo - Folha Popular<\/title>\n<meta name=\"robots\" content=\"index, follow, max-snippet:-1, max-image-preview:large, max-video-preview:-1\" \/>\n<link rel=\"canonical\" href=\"https:\/\/folhapopular.info\/index.php\/2024\/05\/18\/brigada-militar-de-estrela-prende-homem-por-porte-ilegal-de-arma-de-fogo\/\" \/>\n<meta property=\"og:locale\" content=\"pt_BR\" \/>\n<meta property=\"og:type\" content=\"article\" \/>\n<meta property=\"og:title\" content=\"Brigada Militar de Estrela prende homem por porte ilegal de arma de fogo - Folha Popular\" \/>\n<meta property=\"og:description\" content=\"Na madrugada de s\u00e1bado (18\/5), a Brigada Militar de Estrela, prendeu um homem de 28 anos por porte ilegal de arma de fogo no Bairro das Ind\u00fastrias. Durante patrulhamento, os policias militares visualizaram luzes de lanterna em um pr\u00e9dio comercial. Ao averiguarem, localizaram dois homens em frente ao local. Com um deles foi localizada uma [&hellip;]\" \/>\n<meta property=\"og:url\" content=\"https:\/\/folhapopular.info\/index.php\/2024\/05\/18\/brigada-militar-de-estrela-prende-homem-por-porte-ilegal-de-arma-de-fogo\/\" \/>\n<meta property=\"og:site_name\" content=\"Folha Popular\" \/>\n<meta property=\"article:published_time\" content=\"2024-05-19T01:00:00+00:00\" \/>\n<meta property=\"article:modified_time\" content=\"2024-05-19T01:20:45+00:00\" \/>\n<meta property=\"og:image\" content=\"http:\/\/folhapopular.info\/wp-content\/uploads\/2024\/05\/WhatsApp-Image-2024-05-18-at-12.42.47-e1716081612841.jpeg\" \/>\n\t<meta property=\"og:image:width\" content=\"1080\" \/>\n\t<meta property=\"og:image:height\" content=\"467\" \/>\n\t<meta property=\"og:image:type\" content=\"image\/jpeg\" \/>\n<meta name=\"author\" content=\"Reda\u00e7\u00e3o Folha Popular\" \/>\n<meta name=\"twitter:card\" content=\"summary_large_image\" \/>\n<meta name=\"twitter:label1\" content=\"Escrito por\" \/>\n\t<meta name=\"twitter:data1\" content=\"Reda\u00e7\u00e3o Folha Popular\" \/>\n\t<meta name=\"twitter:label2\" content=\"Est. tempo de leitura\" \/>\n\t<meta name=\"twitter:data2\" content=\"1 minuto\" \/>\n<script type=\"application\/ld+json\" class=\"yoast-schema-graph\">{\"@context\":\"https:\\\/\\\/schema.org\",\"@graph\":[{\"@type\":\"Article\",\"@id\":\"https:\\\/\\\/folhapopular.info\\\/index.php\\\/2024\\\/05\\\/18\\\/brigada-militar-de-estrela-prende-homem-por-porte-ilegal-de-arma-de-fogo\\\/#article\",\"isPartOf\":{\"@id\":\"https:\\\/\\\/folhapopular.info\\\/index.php\\\/2024\\\/05\\\/18\\\/brigada-militar-de-estrela-prende-homem-por-porte-ilegal-de-arma-de-fogo\\\/\"},\"author\":{\"name\":\"Reda\u00e7\u00e3o Folha Popular\",\"@id\":\"https:\\\/\\\/folhapopular.info\\\/#\\\/schema\\\/person\\\/2814e8a0df7643585a9ca38bc6eb9d4b\"},\"headline\":\"Brigada Militar de Estrela prende homem por porte ilegal de arma de fogo\",\"datePublished\":\"2024-05-19T01:00:00+00:00\",\"dateModified\":\"2024-05-19T01:20:45+00:00\",\"mainEntityOfPage\":{\"@id\":\"https:\\\/\\\/folhapopular.info\\\/index.php\\\/2024\\\/05\\\/18\\\/brigada-militar-de-estrela-prende-homem-por-porte-ilegal-de-arma-de-fogo\\\/\"},\"wordCount\":95,\"commentCount\":0,\"image\":{\"@id\":\"https:\\\/\\\/folhapopular.info\\\/index.php\\\/2024\\\/05\\\/18\\\/brigada-militar-de-estrela-prende-homem-por-porte-ilegal-de-arma-de-fogo\\\/#primaryimage\"},\"thumbnailUrl\":\"https:\\\/\\\/folhapopular.info\\\/wp-content\\\/uploads\\\/2024\\\/05\\\/WhatsApp-Image-2024-05-18-at-12.42.47-e1716081612841.jpeg\",\"keywords\":[\"arma de fogo\",\"Brigada Militar\",\"Estrela\",\"porte ilegal\"],\"articleSection\":[\"Pol\u00edcia\",\"Seguran\u00e7a\"],\"inLanguage\":\"pt-BR\",\"potentialAction\":[{\"@type\":\"CommentAction\",\"name\":\"Comment\",\"target\":[\"https:\\\/\\\/folhapopular.info\\\/index.php\\\/2024\\\/05\\\/18\\\/brigada-militar-de-estrela-prende-homem-por-porte-ilegal-de-arma-de-fogo\\\/#respond\"]}]},{\"@type\":\"WebPage\",\"@id\":\"https:\\\/\\\/folhapopular.info\\\/index.php\\\/2024\\\/05\\\/18\\\/brigada-militar-de-estrela-prende-homem-por-porte-ilegal-de-arma-de-fogo\\\/\",\"url\":\"https:\\\/\\\/folhapopular.info\\\/index.php\\\/2024\\\/05\\\/18\\\/brigada-militar-de-estrela-prende-homem-por-porte-ilegal-de-arma-de-fogo\\\/\",\"name\":\"Brigada Militar de Estrela prende homem por porte ilegal de arma de fogo - Folha Popular\",\"isPartOf\":{\"@id\":\"https:\\\/\\\/folhapopular.info\\\/#website\"},\"primaryImageOfPage\":{\"@id\":\"https:\\\/\\\/folhapopular.info\\\/index.php\\\/2024\\\/05\\\/18\\\/brigada-militar-de-estrela-prende-homem-por-porte-ilegal-de-arma-de-fogo\\\/#primaryimage\"},\"image\":{\"@id\":\"https:\\\/\\\/folhapopular.info\\\/index.php\\\/2024\\\/05\\\/18\\\/brigada-militar-de-estrela-prende-homem-por-porte-ilegal-de-arma-de-fogo\\\/#primaryimage\"},\"thumbnailUrl\":\"https:\\\/\\\/folhapopular.info\\\/wp-content\\\/uploads\\\/2024\\\/05\\\/WhatsApp-Image-2024-05-18-at-12.42.47-e1716081612841.jpeg\",\"datePublished\":\"2024-05-19T01:00:00+00:00\",\"dateModified\":\"2024-05-19T01:20:45+00:00\",\"author\":{\"@id\":\"https:\\\/\\\/folhapopular.info\\\/#\\\/schema\\\/person\\\/2814e8a0df7643585a9ca38bc6eb9d4b\"},\"breadcrumb\":{\"@id\":\"https:\\\/\\\/folhapopular.info\\\/index.php\\\/2024\\\/05\\\/18\\\/brigada-militar-de-estrela-prende-homem-por-porte-ilegal-de-arma-de-fogo\\\/#breadcrumb\"},\"inLanguage\":\"pt-BR\",\"potentialAction\":[{\"@type\":\"ReadAction\",\"target\":[\"https:\\\/\\\/folhapopular.info\\\/index.php\\\/2024\\\/05\\\/18\\\/brigada-militar-de-estrela-prende-homem-por-porte-ilegal-de-arma-de-fogo\\\/\"]}]},{\"@type\":\"ImageObject\",\"inLanguage\":\"pt-BR\",\"@id\":\"https:\\\/\\\/folhapopular.info\\\/index.php\\\/2024\\\/05\\\/18\\\/brigada-militar-de-estrela-prende-homem-por-porte-ilegal-de-arma-de-fogo\\\/#primaryimage\",\"url\":\"https:\\\/\\\/folhapopular.info\\\/wp-content\\\/uploads\\\/2024\\\/05\\\/WhatsApp-Image-2024-05-18-at-12.42.47-e1716081612841.jpeg\",\"contentUrl\":\"https:\\\/\\\/folhapopular.info\\\/wp-content\\\/uploads\\\/2024\\\/05\\\/WhatsApp-Image-2024-05-18-at-12.42.47-e1716081612841.jpeg\",\"width\":1080,\"height\":467,\"caption\":\"Cr\u00e9dito: BM Estrela \\\/ Divulga\u00e7\u00e3o\"},{\"@type\":\"BreadcrumbList\",\"@id\":\"https:\\\/\\\/folhapopular.info\\\/index.php\\\/2024\\\/05\\\/18\\\/brigada-militar-de-estrela-prende-homem-por-porte-ilegal-de-arma-de-fogo\\\/#breadcrumb\",\"itemListElement\":[{\"@type\":\"ListItem\",\"position\":1,\"name\":\"In\u00edcio\",\"item\":\"https:\\\/\\\/folhapopular.info\\\/\"},{\"@type\":\"ListItem\",\"position\":2,\"name\":\"Brigada Militar de Estrela prende homem por porte ilegal de arma de fogo\"}]},{\"@type\":\"WebSite\",\"@id\":\"https:\\\/\\\/folhapopular.info\\\/#website\",\"url\":\"https:\\\/\\\/folhapopular.info\\\/\",\"name\":\"Folha Popular\",\"description\":\"Onde voc\u00ea tem vez e voz\",\"potentialAction\":[{\"@type\":\"SearchAction\",\"target\":{\"@type\":\"EntryPoint\",\"urlTemplate\":\"https:\\\/\\\/folhapopular.info\\\/?s={search_term_string}\"},\"query-input\":{\"@type\":\"PropertyValueSpecification\",\"valueRequired\":true,\"valueName\":\"search_term_string\"}}],\"inLanguage\":\"pt-BR\"},{\"@type\":\"Person\",\"@id\":\"https:\\\/\\\/folhapopular.info\\\/#\\\/schema\\\/person\\\/2814e8a0df7643585a9ca38bc6eb9d4b\",\"name\":\"Reda\u00e7\u00e3o Folha Popular\",\"image\":{\"@type\":\"ImageObject\",\"inLanguage\":\"pt-BR\",\"@id\":\"https:\\\/\\\/folhapopular.info\\\/wp-content\\\/uploads\\\/2026\\\/04\\\/Folha-1.webp\",\"url\":\"https:\\\/\\\/folhapopular.info\\\/wp-content\\\/uploads\\\/2026\\\/04\\\/Folha-1.webp\",\"contentUrl\":\"https:\\\/\\\/folhapopular.info\\\/wp-content\\\/uploads\\\/2026\\\/04\\\/Folha-1.webp\",\"caption\":\"Reda\u00e7\u00e3o Folha Popular\"},\"url\":\"https:\\\/\\\/folhapopular.info\\\/index.php\\\/author\\\/redacao\\\/\"}]}<\/script>\n<!-- \/ Yoast SEO plugin. -->","yoast_head_json":{"title":"Brigada Militar de Estrela prende homem por porte ilegal de arma de fogo - Folha Popular","robots":{"index":"index","follow":"follow","max-snippet":"max-snippet:-1","max-image-preview":"max-image-preview:large","max-video-preview":"max-video-preview:-1"},"canonical":"https:\/\/folhapopular.info\/index.php\/2024\/05\/18\/brigada-militar-de-estrela-prende-homem-por-porte-ilegal-de-arma-de-fogo\/","og_locale":"pt_BR","og_type":"article","og_title":"Brigada Militar de Estrela prende homem por porte ilegal de arma de fogo - Folha Popular","og_description":"Na madrugada de s\u00e1bado (18\/5), a Brigada Militar de Estrela, prendeu um homem de 28 anos por porte ilegal de arma de fogo no Bairro das Ind\u00fastrias. Durante patrulhamento, os policias militares visualizaram luzes de lanterna em um pr\u00e9dio comercial. Ao averiguarem, localizaram dois homens em frente ao local. Com um deles foi localizada uma [&hellip;]","og_url":"https:\/\/folhapopular.info\/index.php\/2024\/05\/18\/brigada-militar-de-estrela-prende-homem-por-porte-ilegal-de-arma-de-fogo\/","og_site_name":"Folha Popular","article_published_time":"2024-05-19T01:00:00+00:00","article_modified_time":"2024-05-19T01:20:45+00:00","og_image":[{"width":1080,"height":467,"url":"http:\/\/folhapopular.info\/wp-content\/uploads\/2024\/05\/WhatsApp-Image-2024-05-18-at-12.42.47-e1716081612841.jpeg","type":"image\/jpeg"}],"author":"Reda\u00e7\u00e3o Folha Popular","twitter_card":"summary_large_image","twitter_misc":{"Escrito por":"Reda\u00e7\u00e3o Folha Popular","Est. tempo de leitura":"1 minuto"},"schema":{"@context":"https:\/\/schema.org","@graph":[{"@type":"Article","@id":"https:\/\/folhapopular.info\/index.php\/2024\/05\/18\/brigada-militar-de-estrela-prende-homem-por-porte-ilegal-de-arma-de-fogo\/#article","isPartOf":{"@id":"https:\/\/folhapopular.info\/index.php\/2024\/05\/18\/brigada-militar-de-estrela-prende-homem-por-porte-ilegal-de-arma-de-fogo\/"},"author":{"name":"Reda\u00e7\u00e3o Folha Popular","@id":"https:\/\/folhapopular.info\/#\/schema\/person\/2814e8a0df7643585a9ca38bc6eb9d4b"},"headline":"Brigada Militar de Estrela prende homem por porte ilegal de arma de fogo","datePublished":"2024-05-19T01:00:00+00:00","dateModified":"2024-05-19T01:20:45+00:00","mainEntityOfPage":{"@id":"https:\/\/folhapopular.info\/index.php\/2024\/05\/18\/brigada-militar-de-estrela-prende-homem-por-porte-ilegal-de-arma-de-fogo\/"},"wordCount":95,"commentCount":0,"image":{"@id":"https:\/\/folhapopular.info\/index.php\/2024\/05\/18\/brigada-militar-de-estrela-prende-homem-por-porte-ilegal-de-arma-de-fogo\/#primaryimage"},"thumbnailUrl":"https:\/\/folhapopular.info\/wp-content\/uploads\/2024\/05\/WhatsApp-Image-2024-05-18-at-12.42.47-e1716081612841.jpeg","keywords":["arma de fogo","Brigada Militar","Estrela","porte ilegal"],"articleSection":["Pol\u00edcia","Seguran\u00e7a"],"inLanguage":"pt-BR","potentialAction":[{"@type":"CommentAction","name":"Comment","target":["https:\/\/folhapopular.info\/index.php\/2024\/05\/18\/brigada-militar-de-estrela-prende-homem-por-porte-ilegal-de-arma-de-fogo\/#respond"]}]},{"@type":"WebPage","@id":"https:\/\/folhapopular.info\/index.php\/2024\/05\/18\/brigada-militar-de-estrela-prende-homem-por-porte-ilegal-de-arma-de-fogo\/","url":"https:\/\/folhapopular.info\/index.php\/2024\/05\/18\/brigada-militar-de-estrela-prende-homem-por-porte-ilegal-de-arma-de-fogo\/","name":"Brigada Militar de Estrela prende homem por porte ilegal de arma de fogo - Folha Popular","isPartOf":{"@id":"https:\/\/folhapopular.info\/#website"},"primaryImageOfPage":{"@id":"https:\/\/folhapopular.info\/index.php\/2024\/05\/18\/brigada-militar-de-estrela-prende-homem-por-porte-ilegal-de-arma-de-fogo\/#primaryimage"},"image":{"@id":"https:\/\/folhapopular.info\/index.php\/2024\/05\/18\/brigada-militar-de-estrela-prende-homem-por-porte-ilegal-de-arma-de-fogo\/#primaryimage"},"thumbnailUrl":"https:\/\/folhapopular.info\/wp-content\/uploads\/2024\/05\/WhatsApp-Image-2024-05-18-at-12.42.47-e1716081612841.jpeg","datePublished":"2024-05-19T01:00:00+00:00","dateModified":"2024-05-19T01:20:45+00:00","author":{"@id":"https:\/\/folhapopular.info\/#\/schema\/person\/2814e8a0df7643585a9ca38bc6eb9d4b"},"breadcrumb":{"@id":"https:\/\/folhapopular.info\/index.php\/2024\/05\/18\/brigada-militar-de-estrela-prende-homem-por-porte-ilegal-de-arma-de-fogo\/#breadcrumb"},"inLanguage":"pt-BR","potentialAction":[{"@type":"ReadAction","target":["https:\/\/folhapopular.info\/index.php\/2024\/05\/18\/brigada-militar-de-estrela-prende-homem-por-porte-ilegal-de-arma-de-fogo\/"]}]},{"@type":"ImageObject","inLanguage":"pt-BR","@id":"https:\/\/folhapopular.info\/index.php\/2024\/05\/18\/brigada-militar-de-estrela-prende-homem-por-porte-ilegal-de-arma-de-fogo\/#primaryimage","url":"https:\/\/folhapopular.info\/wp-content\/uploads\/2024\/05\/WhatsApp-Image-2024-05-18-at-12.42.47-e1716081612841.jpeg","contentUrl":"https:\/\/folhapopular.info\/wp-content\/uploads\/2024\/05\/WhatsApp-Image-2024-05-18-at-12.42.47-e1716081612841.jpeg","width":1080,"height":467,"caption":"Cr\u00e9dito: BM Estrela \/ Divulga\u00e7\u00e3o"},{"@type":"BreadcrumbList","@id":"https:\/\/folhapopular.info\/index.php\/2024\/05\/18\/brigada-militar-de-estrela-prende-homem-por-porte-ilegal-de-arma-de-fogo\/#breadcrumb","itemListElement":[{"@type":"ListItem","position":1,"name":"In\u00edcio","item":"https:\/\/folhapopular.info\/"},{"@type":"ListItem","position":2,"name":"Brigada Militar de Estrela prende homem por porte ilegal de arma de fogo"}]},{"@type":"WebSite","@id":"https:\/\/folhapopular.info\/#website","url":"https:\/\/folhapopular.info\/","name":"Folha Popular","description":"Onde voc\u00ea tem vez e voz","potentialAction":[{"@type":"SearchAction","target":{"@type":"EntryPoint","urlTemplate":"https:\/\/folhapopular.info\/?s={search_term_string}"},"query-input":{"@type":"PropertyValueSpecification","valueRequired":true,"valueName":"search_term_string"}}],"inLanguage":"pt-BR"},{"@type":"Person","@id":"https:\/\/folhapopular.info\/#\/schema\/person\/2814e8a0df7643585a9ca38bc6eb9d4b","name":"Reda\u00e7\u00e3o Folha Popular","image":{"@type":"ImageObject","inLanguage":"pt-BR","@id":"https:\/\/folhapopular.info\/wp-content\/uploads\/2026\/04\/Folha-1.webp","url":"https:\/\/folhapopular.info\/wp-content\/uploads\/2026\/04\/Folha-1.webp","contentUrl":"https:\/\/folhapopular.info\/wp-content\/uploads\/2026\/04\/Folha-1.webp","caption":"Reda\u00e7\u00e3o Folha Popular"},"url":"https:\/\/folhapopular.info\/index.php\/author\/redacao\/"}]}},"jetpack_featured_media_url":"https:\/\/folhapopular.info\/wp-content\/uploads\/2024\/05\/WhatsApp-Image-2024-05-18-at-12.42.47-e1716081612841.jpeg","jetpack_sharing_enabled":true,"amp_enabled":true,"_links":{"self":[{"href":"https:\/\/folhapopular.info\/index.php\/wp-json\/wp\/v2\/posts\/158218","targetHints":{"allow":["GET"]}}],"collection":[{"href":"https:\/\/folhapopular.info\/index.php\/wp-json\/wp\/v2\/posts"}],"about":[{"href":"https:\/\/folhapopular.info\/index.php\/wp-json\/wp\/v2\/types\/post"}],"author":[{"embeddable":true,"href":"https:\/\/folhapopular.info\/index.php\/wp-json\/wp\/v2\/users\/8"}],"replies":[{"embeddable":true,"href":"https:\/\/folhapopular.info\/index.php\/wp-json\/wp\/v2\/comments?post=158218"}],"version-history":[{"count":0,"href":"https:\/\/folhapopular.info\/index.php\/wp-json\/wp\/v2\/posts\/158218\/revisions"}],"wp:featuredmedia":[{"embeddable":true,"href":"https:\/\/folhapopular.info\/index.php\/wp-json\/wp\/v2\/media\/158219"}],"wp:attachment":[{"href":"https:\/\/folhapopular.info\/index.php\/wp-json\/wp\/v2\/media?parent=158218"}],"wp:term":[{"taxonomy":"category","embeddable":true,"href":"https:\/\/folhapopular.info\/index.php\/wp-json\/wp\/v2\/categories?post=158218"},{"taxonomy":"post_tag","embeddable":true,"href":"https:\/\/folhapopular.info\/index.php\/wp-json\/wp\/v2\/tags?post=158218"}],"curies":[{"name":"wp","href":"https:\/\/api.w.org\/{rel}","templated":true}]}}