{"id":158271,"date":"2024-05-20T14:42:11","date_gmt":"2024-05-20T17:42:11","guid":{"rendered":"https:\/\/folhapopular.info\/?p=158271"},"modified":"2024-05-20T14:42:16","modified_gmt":"2024-05-20T17:42:16","slug":"confira-as-condicoes-do-tempo-para-esta-semana","status":"publish","type":"post","link":"https:\/\/folhapopular.info\/index.php\/2024\/05\/20\/confira-as-condicoes-do-tempo-para-esta-semana\/","title":{"rendered":"Confira as condi\u00e7\u00f5es do tempo para esta semana"},"content":{"rendered":"\n<p>Nesta semana teremos a volta da chuva em praticamente todo o Rio Grande do Sul. A<strong> segunda-feira (20\/5)<\/strong> come\u00e7ou com a chegada de uma nova massa de ar frio e com ventos que influenciam o comportamento das \u00e1guas do Gua\u00edba e da Lagoa dos Patos com eleva\u00e7\u00e3o dos n\u00edveis. A \u00e1rea de baixa press\u00e3o atmosf\u00e9rica na costa se afasta e o ar mais seco avan\u00e7a para o Estado. Hoje tivemos condi\u00e7\u00f5es prop\u00edcias para garoa e aberturas de sol. Em Teut\u00f4nia, a m\u00ednima foi de 9\u00baC e a m\u00e1xima pode chegar aos 18\u00baC.\u00a0<\/p>\n\n\n\n<p><strong>Na ter\u00e7a-feira (21\/5)<\/strong>, o dia come\u00e7a com tempo firme e sol entre nuvens em parte do Rio Grande do Sul, contudo instabilidades tomam conta no per\u00edodo da tarde em dire\u00e7\u00e3o \u00e0 noite com chuva em parte do RS. As temperaturas variam de 6\u00baC a 23\u00baC em Teut\u00f4nia e o tempo deve seguir firme em boa parte do dia com nebulosidade vari\u00e1vel.<\/p>\n\n\n\n<p>A previs\u00e3o indica chuvas volumosas entre os dias 21 e 23 de maio, com condi\u00e7\u00e3o para poss\u00edveis extravasamentos das \u00e1guas de rios menores, arroios e c\u00f3rregos onde a chuva apresenta elevada intensidade (volume elevado em pouco tempo) nas regi\u00f5es mais ao norte do estado e divisa com Santa Catarina.&nbsp;<\/p>\n\n\n\n<p>A <strong>Defesa Civil do Estado<\/strong> chama aten\u00e7\u00e3o para a eleva\u00e7\u00e3o dos principais rios, com possibilidade de serem ultrapassadas cotas de inunda\u00e7\u00e3o, ocasionando transtornos aos moradores das \u00e1reas de risco, al\u00e9m de alagamentos nos per\u00edmetros urbanos. A condi\u00e7\u00e3o \u00e9 de risco para as bacias do Alto Jacu\u00ed, Vacaca\u00ed-Vacaca\u00ed Mirim, Pardo, Taquari-Antas, Ca\u00ed, Mirim S\u00e3o Gon\u00e7alo, Camaqu\u00e3, Tramanda\u00ed e Mampituba, Iju\u00ed, Piratinim, Butu\u00ed-Icamaqu\u00e3, Ibicu\u00ed e Quara\u00ed.<\/p>\n\n\n\n<p>No Norte e no Nordeste ga\u00facho, a <strong>quarta-feira (22\/5)<\/strong> \u00e9 de tempo firme com&nbsp; sol. O ingresso de ar quente trar\u00e1 calor e abafamento. Em Teut\u00f4nia, a quarta-feira apresentar\u00e1 grande amplitude t\u00e9rmica, com m\u00e1xima de 29\u00baC.&nbsp;<\/p>\n\n\n\n<p>Na <strong>quinta-feira (23\/5)<\/strong>, a frente avan\u00e7a com chuva principalmente do Centro para o Norte do estado. Chove forte em alguns momentos em muitas cidades destas regi\u00f5es. Em Teut\u00f4nia, o sol aparece entre nuvens e pode chover a qualquer momento, sobretudo na parte da tarde. A m\u00ednima ser\u00e1 de 16\u00baC e a m\u00e1xima de 23\u00baC.\u00a0<\/p>\n\n\n\n<p>Na <strong>sexta-feira (24\/5)<\/strong>, a circula\u00e7\u00e3o de umidade da \u00e1rea de baixa press\u00e3o com ingresso de ar frio de origem polar traz muitas nuvens, chuva, garoa e vento moderado a forte com queda acentuada da temperatura.A chuva pode ser localmente forte. As rajadas de vento podem ficar entre 70 km\/h e 90 km\/h no Sul e no Leste do estado com risco de cortes de energia e queda de \u00e1rvores. Pode chover a qualquer momento em Teut\u00f4nia. A m\u00e1xima para a sexta-feira ser\u00e1 de 16\u00baC e a m\u00ednima de 9\u00baC.<\/p>\n\n\n\n<p>Fontes: Defesa Civil do Estado e MetSul.<\/p>\n","protected":false},"excerpt":{"rendered":"<p>Nesta semana teremos a volta da chuva em praticamente todo o Rio Grande do Sul. A segunda-feira (20\/5) come\u00e7ou com a chegada de uma nova massa de ar frio e com ventos que influenciam o comportamento das \u00e1guas do Gua\u00edba e da Lagoa dos Patos com eleva\u00e7\u00e3o dos n\u00edveis. A \u00e1rea de baixa press\u00e3o atmosf\u00e9rica [&hellip;]<\/p>\n","protected":false},"author":707,"featured_media":158272,"comment_status":"open","ping_status":"open","sticky":false,"template":"","format":"standard","meta":{"pmpro_default_level":"","_jetpack_memberships_contains_paid_content":false,"footnotes":""},"categories":[12655,2],"tags":[1240,6044,13399,4783],"class_list":{"0":"post-158271","1":"post","2":"type-post","3":"status-publish","4":"format-standard","5":"has-post-thumbnail","7":"category-clima","8":"category-featured","9":"tag-cheias","10":"tag-chuvas","11":"tag-previsao-do-tempo","12":"tag-tempo","13":"pmpro-has-access"},"yoast_head":"<!-- This site is optimized with the Yoast SEO plugin v27.5 - https:\/\/yoast.com\/product\/yoast-seo-wordpress\/ -->\n<title>Confira as condi\u00e7\u00f5es do tempo para esta semana - Folha Popular<\/title>\n<meta name=\"robots\" content=\"index, follow, max-snippet:-1, max-image-preview:large, max-video-preview:-1\" \/>\n<link rel=\"canonical\" href=\"https:\/\/folhapopular.info\/index.php\/2024\/05\/20\/confira-as-condicoes-do-tempo-para-esta-semana\/\" \/>\n<meta property=\"og:locale\" content=\"pt_BR\" \/>\n<meta property=\"og:type\" content=\"article\" \/>\n<meta property=\"og:title\" content=\"Confira as condi\u00e7\u00f5es do tempo para esta semana - Folha Popular\" \/>\n<meta property=\"og:description\" content=\"Nesta semana teremos a volta da chuva em praticamente todo o Rio Grande do Sul. A segunda-feira (20\/5) come\u00e7ou com a chegada de uma nova massa de ar frio e com ventos que influenciam o comportamento das \u00e1guas do Gua\u00edba e da Lagoa dos Patos com eleva\u00e7\u00e3o dos n\u00edveis. A \u00e1rea de baixa press\u00e3o atmosf\u00e9rica [&hellip;]\" \/>\n<meta property=\"og:url\" content=\"https:\/\/folhapopular.info\/index.php\/2024\/05\/20\/confira-as-condicoes-do-tempo-para-esta-semana\/\" \/>\n<meta property=\"og:site_name\" content=\"Folha Popular\" \/>\n<meta property=\"article:published_time\" content=\"2024-05-20T17:42:11+00:00\" \/>\n<meta property=\"article:modified_time\" content=\"2024-05-20T17:42:16+00:00\" \/>\n<meta property=\"og:image\" content=\"http:\/\/folhapopular.info\/wp-content\/uploads\/2024\/05\/pexels-hikaique-125510-scaled.jpg\" \/>\n\t<meta property=\"og:image:width\" content=\"2560\" \/>\n\t<meta property=\"og:image:height\" content=\"1707\" \/>\n\t<meta property=\"og:image:type\" content=\"image\/jpeg\" \/>\n<meta name=\"author\" content=\"Ariana de Oliveira\" \/>\n<meta name=\"twitter:card\" content=\"summary_large_image\" \/>\n<meta name=\"twitter:label1\" content=\"Escrito por\" \/>\n\t<meta name=\"twitter:data1\" content=\"Ariana de Oliveira\" \/>\n\t<meta name=\"twitter:label2\" content=\"Est. tempo de leitura\" \/>\n\t<meta name=\"twitter:data2\" content=\"3 minutos\" \/>\n<script type=\"application\/ld+json\" class=\"yoast-schema-graph\">{\"@context\":\"https:\\\/\\\/schema.org\",\"@graph\":[{\"@type\":\"Article\",\"@id\":\"https:\\\/\\\/folhapopular.info\\\/index.php\\\/2024\\\/05\\\/20\\\/confira-as-condicoes-do-tempo-para-esta-semana\\\/#article\",\"isPartOf\":{\"@id\":\"https:\\\/\\\/folhapopular.info\\\/index.php\\\/2024\\\/05\\\/20\\\/confira-as-condicoes-do-tempo-para-esta-semana\\\/\"},\"author\":{\"name\":\"Ariana de Oliveira\",\"@id\":\"https:\\\/\\\/folhapopular.info\\\/#\\\/schema\\\/person\\\/e80d332e33633a6164933af03d7ee1b2\"},\"headline\":\"Confira as condi\u00e7\u00f5es do tempo para esta semana\",\"datePublished\":\"2024-05-20T17:42:11+00:00\",\"dateModified\":\"2024-05-20T17:42:16+00:00\",\"mainEntityOfPage\":{\"@id\":\"https:\\\/\\\/folhapopular.info\\\/index.php\\\/2024\\\/05\\\/20\\\/confira-as-condicoes-do-tempo-para-esta-semana\\\/\"},\"wordCount\":502,\"commentCount\":0,\"image\":{\"@id\":\"https:\\\/\\\/folhapopular.info\\\/index.php\\\/2024\\\/05\\\/20\\\/confira-as-condicoes-do-tempo-para-esta-semana\\\/#primaryimage\"},\"thumbnailUrl\":\"https:\\\/\\\/folhapopular.info\\\/wp-content\\\/uploads\\\/2024\\\/05\\\/pexels-hikaique-125510-scaled.jpg\",\"keywords\":[\"Cheias\",\"chuvas\",\"Previs\u00e3o do Tempo\",\"tempo\"],\"articleSection\":[\"Clima\",\"Destaques\"],\"inLanguage\":\"pt-BR\",\"potentialAction\":[{\"@type\":\"CommentAction\",\"name\":\"Comment\",\"target\":[\"https:\\\/\\\/folhapopular.info\\\/index.php\\\/2024\\\/05\\\/20\\\/confira-as-condicoes-do-tempo-para-esta-semana\\\/#respond\"]}]},{\"@type\":\"WebPage\",\"@id\":\"https:\\\/\\\/folhapopular.info\\\/index.php\\\/2024\\\/05\\\/20\\\/confira-as-condicoes-do-tempo-para-esta-semana\\\/\",\"url\":\"https:\\\/\\\/folhapopular.info\\\/index.php\\\/2024\\\/05\\\/20\\\/confira-as-condicoes-do-tempo-para-esta-semana\\\/\",\"name\":\"Confira as condi\u00e7\u00f5es do tempo para esta semana - Folha Popular\",\"isPartOf\":{\"@id\":\"https:\\\/\\\/folhapopular.info\\\/#website\"},\"primaryImageOfPage\":{\"@id\":\"https:\\\/\\\/folhapopular.info\\\/index.php\\\/2024\\\/05\\\/20\\\/confira-as-condicoes-do-tempo-para-esta-semana\\\/#primaryimage\"},\"image\":{\"@id\":\"https:\\\/\\\/folhapopular.info\\\/index.php\\\/2024\\\/05\\\/20\\\/confira-as-condicoes-do-tempo-para-esta-semana\\\/#primaryimage\"},\"thumbnailUrl\":\"https:\\\/\\\/folhapopular.info\\\/wp-content\\\/uploads\\\/2024\\\/05\\\/pexels-hikaique-125510-scaled.jpg\",\"datePublished\":\"2024-05-20T17:42:11+00:00\",\"dateModified\":\"2024-05-20T17:42:16+00:00\",\"author\":{\"@id\":\"https:\\\/\\\/folhapopular.info\\\/#\\\/schema\\\/person\\\/e80d332e33633a6164933af03d7ee1b2\"},\"breadcrumb\":{\"@id\":\"https:\\\/\\\/folhapopular.info\\\/index.php\\\/2024\\\/05\\\/20\\\/confira-as-condicoes-do-tempo-para-esta-semana\\\/#breadcrumb\"},\"inLanguage\":\"pt-BR\",\"potentialAction\":[{\"@type\":\"ReadAction\",\"target\":[\"https:\\\/\\\/folhapopular.info\\\/index.php\\\/2024\\\/05\\\/20\\\/confira-as-condicoes-do-tempo-para-esta-semana\\\/\"]}]},{\"@type\":\"ImageObject\",\"inLanguage\":\"pt-BR\",\"@id\":\"https:\\\/\\\/folhapopular.info\\\/index.php\\\/2024\\\/05\\\/20\\\/confira-as-condicoes-do-tempo-para-esta-semana\\\/#primaryimage\",\"url\":\"https:\\\/\\\/folhapopular.info\\\/wp-content\\\/uploads\\\/2024\\\/05\\\/pexels-hikaique-125510-scaled.jpg\",\"contentUrl\":\"https:\\\/\\\/folhapopular.info\\\/wp-content\\\/uploads\\\/2024\\\/05\\\/pexels-hikaique-125510-scaled.jpg\",\"width\":2560,\"height\":1707,\"caption\":\"Cr\u00e9dito: Pexels\"},{\"@type\":\"BreadcrumbList\",\"@id\":\"https:\\\/\\\/folhapopular.info\\\/index.php\\\/2024\\\/05\\\/20\\\/confira-as-condicoes-do-tempo-para-esta-semana\\\/#breadcrumb\",\"itemListElement\":[{\"@type\":\"ListItem\",\"position\":1,\"name\":\"In\u00edcio\",\"item\":\"https:\\\/\\\/folhapopular.info\\\/\"},{\"@type\":\"ListItem\",\"position\":2,\"name\":\"Confira as condi\u00e7\u00f5es do tempo para esta semana\"}]},{\"@type\":\"WebSite\",\"@id\":\"https:\\\/\\\/folhapopular.info\\\/#website\",\"url\":\"https:\\\/\\\/folhapopular.info\\\/\",\"name\":\"Folha Popular\",\"description\":\"Onde voc\u00ea tem vez e voz\",\"potentialAction\":[{\"@type\":\"SearchAction\",\"target\":{\"@type\":\"EntryPoint\",\"urlTemplate\":\"https:\\\/\\\/folhapopular.info\\\/?s={search_term_string}\"},\"query-input\":{\"@type\":\"PropertyValueSpecification\",\"valueRequired\":true,\"valueName\":\"search_term_string\"}}],\"inLanguage\":\"pt-BR\"},{\"@type\":\"Person\",\"@id\":\"https:\\\/\\\/folhapopular.info\\\/#\\\/schema\\\/person\\\/e80d332e33633a6164933af03d7ee1b2\",\"name\":\"Ariana de Oliveira\",\"image\":{\"@type\":\"ImageObject\",\"inLanguage\":\"pt-BR\",\"@id\":\"https:\\\/\\\/secure.gravatar.com\\\/avatar\\\/f41f85ba276460e0a04f6d5aca07e53f273efeee7e662d9ef431432a18216f59?s=96&d=mm&r=g\",\"url\":\"https:\\\/\\\/secure.gravatar.com\\\/avatar\\\/f41f85ba276460e0a04f6d5aca07e53f273efeee7e662d9ef431432a18216f59?s=96&d=mm&r=g\",\"contentUrl\":\"https:\\\/\\\/secure.gravatar.com\\\/avatar\\\/f41f85ba276460e0a04f6d5aca07e53f273efeee7e662d9ef431432a18216f59?s=96&d=mm&r=g\",\"caption\":\"Ariana de Oliveira\"},\"url\":\"https:\\\/\\\/folhapopular.info\\\/index.php\\\/author\\\/ariana-deoliveiragmail-com\\\/\"}]}<\/script>\n<!-- \/ Yoast SEO plugin. -->","yoast_head_json":{"title":"Confira as condi\u00e7\u00f5es do tempo para esta semana - Folha Popular","robots":{"index":"index","follow":"follow","max-snippet":"max-snippet:-1","max-image-preview":"max-image-preview:large","max-video-preview":"max-video-preview:-1"},"canonical":"https:\/\/folhapopular.info\/index.php\/2024\/05\/20\/confira-as-condicoes-do-tempo-para-esta-semana\/","og_locale":"pt_BR","og_type":"article","og_title":"Confira as condi\u00e7\u00f5es do tempo para esta semana - Folha Popular","og_description":"Nesta semana teremos a volta da chuva em praticamente todo o Rio Grande do Sul. A segunda-feira (20\/5) come\u00e7ou com a chegada de uma nova massa de ar frio e com ventos que influenciam o comportamento das \u00e1guas do Gua\u00edba e da Lagoa dos Patos com eleva\u00e7\u00e3o dos n\u00edveis. A \u00e1rea de baixa press\u00e3o atmosf\u00e9rica [&hellip;]","og_url":"https:\/\/folhapopular.info\/index.php\/2024\/05\/20\/confira-as-condicoes-do-tempo-para-esta-semana\/","og_site_name":"Folha Popular","article_published_time":"2024-05-20T17:42:11+00:00","article_modified_time":"2024-05-20T17:42:16+00:00","og_image":[{"width":2560,"height":1707,"url":"http:\/\/folhapopular.info\/wp-content\/uploads\/2024\/05\/pexels-hikaique-125510-scaled.jpg","type":"image\/jpeg"}],"author":"Ariana de Oliveira","twitter_card":"summary_large_image","twitter_misc":{"Escrito por":"Ariana de Oliveira","Est. tempo de leitura":"3 minutos"},"schema":{"@context":"https:\/\/schema.org","@graph":[{"@type":"Article","@id":"https:\/\/folhapopular.info\/index.php\/2024\/05\/20\/confira-as-condicoes-do-tempo-para-esta-semana\/#article","isPartOf":{"@id":"https:\/\/folhapopular.info\/index.php\/2024\/05\/20\/confira-as-condicoes-do-tempo-para-esta-semana\/"},"author":{"name":"Ariana de Oliveira","@id":"https:\/\/folhapopular.info\/#\/schema\/person\/e80d332e33633a6164933af03d7ee1b2"},"headline":"Confira as condi\u00e7\u00f5es do tempo para esta semana","datePublished":"2024-05-20T17:42:11+00:00","dateModified":"2024-05-20T17:42:16+00:00","mainEntityOfPage":{"@id":"https:\/\/folhapopular.info\/index.php\/2024\/05\/20\/confira-as-condicoes-do-tempo-para-esta-semana\/"},"wordCount":502,"commentCount":0,"image":{"@id":"https:\/\/folhapopular.info\/index.php\/2024\/05\/20\/confira-as-condicoes-do-tempo-para-esta-semana\/#primaryimage"},"thumbnailUrl":"https:\/\/folhapopular.info\/wp-content\/uploads\/2024\/05\/pexels-hikaique-125510-scaled.jpg","keywords":["Cheias","chuvas","Previs\u00e3o do Tempo","tempo"],"articleSection":["Clima","Destaques"],"inLanguage":"pt-BR","potentialAction":[{"@type":"CommentAction","name":"Comment","target":["https:\/\/folhapopular.info\/index.php\/2024\/05\/20\/confira-as-condicoes-do-tempo-para-esta-semana\/#respond"]}]},{"@type":"WebPage","@id":"https:\/\/folhapopular.info\/index.php\/2024\/05\/20\/confira-as-condicoes-do-tempo-para-esta-semana\/","url":"https:\/\/folhapopular.info\/index.php\/2024\/05\/20\/confira-as-condicoes-do-tempo-para-esta-semana\/","name":"Confira as condi\u00e7\u00f5es do tempo para esta semana - Folha Popular","isPartOf":{"@id":"https:\/\/folhapopular.info\/#website"},"primaryImageOfPage":{"@id":"https:\/\/folhapopular.info\/index.php\/2024\/05\/20\/confira-as-condicoes-do-tempo-para-esta-semana\/#primaryimage"},"image":{"@id":"https:\/\/folhapopular.info\/index.php\/2024\/05\/20\/confira-as-condicoes-do-tempo-para-esta-semana\/#primaryimage"},"thumbnailUrl":"https:\/\/folhapopular.info\/wp-content\/uploads\/2024\/05\/pexels-hikaique-125510-scaled.jpg","datePublished":"2024-05-20T17:42:11+00:00","dateModified":"2024-05-20T17:42:16+00:00","author":{"@id":"https:\/\/folhapopular.info\/#\/schema\/person\/e80d332e33633a6164933af03d7ee1b2"},"breadcrumb":{"@id":"https:\/\/folhapopular.info\/index.php\/2024\/05\/20\/confira-as-condicoes-do-tempo-para-esta-semana\/#breadcrumb"},"inLanguage":"pt-BR","potentialAction":[{"@type":"ReadAction","target":["https:\/\/folhapopular.info\/index.php\/2024\/05\/20\/confira-as-condicoes-do-tempo-para-esta-semana\/"]}]},{"@type":"ImageObject","inLanguage":"pt-BR","@id":"https:\/\/folhapopular.info\/index.php\/2024\/05\/20\/confira-as-condicoes-do-tempo-para-esta-semana\/#primaryimage","url":"https:\/\/folhapopular.info\/wp-content\/uploads\/2024\/05\/pexels-hikaique-125510-scaled.jpg","contentUrl":"https:\/\/folhapopular.info\/wp-content\/uploads\/2024\/05\/pexels-hikaique-125510-scaled.jpg","width":2560,"height":1707,"caption":"Cr\u00e9dito: Pexels"},{"@type":"BreadcrumbList","@id":"https:\/\/folhapopular.info\/index.php\/2024\/05\/20\/confira-as-condicoes-do-tempo-para-esta-semana\/#breadcrumb","itemListElement":[{"@type":"ListItem","position":1,"name":"In\u00edcio","item":"https:\/\/folhapopular.info\/"},{"@type":"ListItem","position":2,"name":"Confira as condi\u00e7\u00f5es do tempo para esta semana"}]},{"@type":"WebSite","@id":"https:\/\/folhapopular.info\/#website","url":"https:\/\/folhapopular.info\/","name":"Folha Popular","description":"Onde voc\u00ea tem vez e voz","potentialAction":[{"@type":"SearchAction","target":{"@type":"EntryPoint","urlTemplate":"https:\/\/folhapopular.info\/?s={search_term_string}"},"query-input":{"@type":"PropertyValueSpecification","valueRequired":true,"valueName":"search_term_string"}}],"inLanguage":"pt-BR"},{"@type":"Person","@id":"https:\/\/folhapopular.info\/#\/schema\/person\/e80d332e33633a6164933af03d7ee1b2","name":"Ariana de Oliveira","image":{"@type":"ImageObject","inLanguage":"pt-BR","@id":"https:\/\/secure.gravatar.com\/avatar\/f41f85ba276460e0a04f6d5aca07e53f273efeee7e662d9ef431432a18216f59?s=96&d=mm&r=g","url":"https:\/\/secure.gravatar.com\/avatar\/f41f85ba276460e0a04f6d5aca07e53f273efeee7e662d9ef431432a18216f59?s=96&d=mm&r=g","contentUrl":"https:\/\/secure.gravatar.com\/avatar\/f41f85ba276460e0a04f6d5aca07e53f273efeee7e662d9ef431432a18216f59?s=96&d=mm&r=g","caption":"Ariana de Oliveira"},"url":"https:\/\/folhapopular.info\/index.php\/author\/ariana-deoliveiragmail-com\/"}]}},"jetpack_featured_media_url":"https:\/\/folhapopular.info\/wp-content\/uploads\/2024\/05\/pexels-hikaique-125510-scaled.jpg","jetpack_sharing_enabled":true,"amp_enabled":true,"_links":{"self":[{"href":"https:\/\/folhapopular.info\/index.php\/wp-json\/wp\/v2\/posts\/158271","targetHints":{"allow":["GET"]}}],"collection":[{"href":"https:\/\/folhapopular.info\/index.php\/wp-json\/wp\/v2\/posts"}],"about":[{"href":"https:\/\/folhapopular.info\/index.php\/wp-json\/wp\/v2\/types\/post"}],"author":[{"embeddable":true,"href":"https:\/\/folhapopular.info\/index.php\/wp-json\/wp\/v2\/users\/707"}],"replies":[{"embeddable":true,"href":"https:\/\/folhapopular.info\/index.php\/wp-json\/wp\/v2\/comments?post=158271"}],"version-history":[{"count":0,"href":"https:\/\/folhapopular.info\/index.php\/wp-json\/wp\/v2\/posts\/158271\/revisions"}],"wp:featuredmedia":[{"embeddable":true,"href":"https:\/\/folhapopular.info\/index.php\/wp-json\/wp\/v2\/media\/158272"}],"wp:attachment":[{"href":"https:\/\/folhapopular.info\/index.php\/wp-json\/wp\/v2\/media?parent=158271"}],"wp:term":[{"taxonomy":"category","embeddable":true,"href":"https:\/\/folhapopular.info\/index.php\/wp-json\/wp\/v2\/categories?post=158271"},{"taxonomy":"post_tag","embeddable":true,"href":"https:\/\/folhapopular.info\/index.php\/wp-json\/wp\/v2\/tags?post=158271"}],"curies":[{"name":"wp","href":"https:\/\/api.w.org\/{rel}","templated":true}]}}