{"id":158408,"date":"2024-05-22T14:00:00","date_gmt":"2024-05-22T17:00:00","guid":{"rendered":"https:\/\/folhapopular.info\/?p=158408"},"modified":"2024-05-22T10:05:20","modified_gmt":"2024-05-22T13:05:20","slug":"leopoldo-klepker-arrecada-doacoes-a-atingidos-pela-enchente","status":"publish","type":"post","link":"https:\/\/folhapopular.info\/index.php\/2024\/05\/22\/leopoldo-klepker-arrecada-doacoes-a-atingidos-pela-enchente\/","title":{"rendered":"Leopoldo Klepker arrecada doa\u00e7\u00f5es a atingidos pela enchente"},"content":{"rendered":"\n<p>A Escola Municipal de Ensino Fundamental (Emef) Leopoldo Klepker, do Bairro Alesgut em Teut\u00f4nia, arrecada, desde o dia 13 de maio, doa\u00e7\u00f5es para as pessoas atingidas pela enchente. A a\u00e7\u00e3o visa adquirir mantimentos para as v\u00edtimas. Em especial, \u00e9 solicitado feij\u00e3o, arroz e massa.<\/p>\n\n\n\n<p>Os donativos devem ser entregues na secretaria do educand\u00e1rio. Para estimular as doa\u00e7\u00f5es, cada quilo de alimento doado ser\u00e1 convertido em um ponto do projeto LKS.<\/p>\n\n\n\n<p><strong>Recicl\u00e1veis<\/strong><\/p>\n\n\n\n<p>Na quarta-feira passada (15\/5), o educand\u00e1rio, tamb\u00e9m atrav\u00e9s do projeto LK Sustent\u00e1vel realizou a primeira a\u00e7\u00e3o de recolhimento de recicl\u00e1veis em 2024, que coletou itens como papel\u00e3o, latinhas e garrafas PET. No total, foram arrecadadas cerca de duas toneladas de materiais recicl\u00e1veis, com parceria da Cooperativa Escolar &#8211; Cooperales. Fam\u00edlias e estudantes estiveram envolvidos nas a\u00e7\u00f5es, que tamb\u00e9m mobilizaram a comunidade escolar.<\/p>\n\n\n\n<p>A pesagem foi realizada por uma equipe parceira do projeto, uma empresa de reciclagem e os participantes da cooperativa escolar. No total, foram arrecadados cerca de 2,5 toneladas.<\/p>\n\n\n\n<p>Al\u00e9m dos estudantes, uma equipe de volunt\u00e1rios tamb\u00e9m se disponibilizou para auxiliar na separa\u00e7\u00e3o e organiza\u00e7\u00e3o dos res\u00edduos recebidos, assegurando a destina\u00e7\u00e3o correta dos materiais.<\/p>\n\n\n\n<p>Em coopera\u00e7\u00e3o com o Sicredi, os estudantes receberam pontos, que foram revertidos para suas contas digitais e podem ser utilizados para adquirir produtos variados. \u00c9 poss\u00edvel obter eletr\u00f4nicos, eletrodom\u00e9sticos e livros, entre outros itens.<\/p>\n\n\n\n<p>O projeto tem ainda parceria com a Cooperativa Sicredi e as secretarias municipais de Educa\u00e7\u00e3o e de Agricultura e Meio Ambiente de Teut\u00f4nia.<\/p>\n","protected":false},"excerpt":{"rendered":"<p>A Escola Municipal de Ensino Fundamental (Emef) Leopoldo Klepker, do Bairro Alesgut em Teut\u00f4nia, arrecada, desde o dia 13 de maio, doa\u00e7\u00f5es para as pessoas atingidas pela enchente. A a\u00e7\u00e3o visa adquirir mantimentos para as v\u00edtimas. Em especial, \u00e9 solicitado feij\u00e3o, arroz e massa. Os donativos devem ser entregues na secretaria do educand\u00e1rio. Para estimular [&hellip;]<\/p>\n","protected":false},"author":8,"featured_media":158409,"comment_status":"open","ping_status":"open","sticky":false,"template":"","format":"standard","meta":{"pmpro_default_level":"","_jetpack_memberships_contains_paid_content":false,"footnotes":""},"categories":[2,10988,3],"tags":[222,700,15109],"class_list":{"0":"post-158408","1":"post","2":"type-post","3":"status-publish","4":"format-standard","5":"has-post-thumbnail","7":"category-featured","8":"category-educacao","9":"category-geral","10":"tag-doacoes","11":"tag-emef-leopoldo-klepker","12":"tag-lk-sustentavel","13":"pmpro-has-access"},"yoast_head":"<!-- This site is optimized with the Yoast SEO plugin v27.5 - https:\/\/yoast.com\/product\/yoast-seo-wordpress\/ -->\n<title>Leopoldo Klepker arrecada doa\u00e7\u00f5es a atingidos pela enchente - Folha Popular<\/title>\n<meta name=\"robots\" content=\"index, follow, max-snippet:-1, max-image-preview:large, max-video-preview:-1\" \/>\n<link rel=\"canonical\" href=\"https:\/\/folhapopular.info\/index.php\/2024\/05\/22\/leopoldo-klepker-arrecada-doacoes-a-atingidos-pela-enchente\/\" \/>\n<meta property=\"og:locale\" content=\"pt_BR\" \/>\n<meta property=\"og:type\" content=\"article\" \/>\n<meta property=\"og:title\" content=\"Leopoldo Klepker arrecada doa\u00e7\u00f5es a atingidos pela enchente - Folha Popular\" \/>\n<meta property=\"og:description\" content=\"A Escola Municipal de Ensino Fundamental (Emef) Leopoldo Klepker, do Bairro Alesgut em Teut\u00f4nia, arrecada, desde o dia 13 de maio, doa\u00e7\u00f5es para as pessoas atingidas pela enchente. A a\u00e7\u00e3o visa adquirir mantimentos para as v\u00edtimas. Em especial, \u00e9 solicitado feij\u00e3o, arroz e massa. Os donativos devem ser entregues na secretaria do educand\u00e1rio. Para estimular [&hellip;]\" \/>\n<meta property=\"og:url\" content=\"https:\/\/folhapopular.info\/index.php\/2024\/05\/22\/leopoldo-klepker-arrecada-doacoes-a-atingidos-pela-enchente\/\" \/>\n<meta property=\"og:site_name\" content=\"Folha Popular\" \/>\n<meta property=\"article:published_time\" content=\"2024-05-22T17:00:00+00:00\" \/>\n<meta property=\"og:image\" content=\"https:\/\/folhapopular.info\/wp-content\/uploads\/2024\/05\/O-educandario-tambem-realizou-a-primeira-acao-de-recolhimento-de-reciclaveis-de-2024-arrecadando-25-toneladas-de-materiais_Credito_Divulgacao.jpg\" \/>\n\t<meta property=\"og:image:width\" content=\"1600\" \/>\n\t<meta property=\"og:image:height\" content=\"1034\" \/>\n\t<meta property=\"og:image:type\" content=\"image\/jpeg\" \/>\n<meta name=\"author\" content=\"Reda\u00e7\u00e3o Folha Popular\" \/>\n<meta name=\"twitter:card\" content=\"summary_large_image\" \/>\n<meta name=\"twitter:label1\" content=\"Escrito por\" \/>\n\t<meta name=\"twitter:data1\" content=\"Reda\u00e7\u00e3o Folha Popular\" \/>\n\t<meta name=\"twitter:label2\" content=\"Est. tempo de leitura\" \/>\n\t<meta name=\"twitter:data2\" content=\"2 minutos\" \/>\n<script type=\"application\/ld+json\" class=\"yoast-schema-graph\">{\"@context\":\"https:\\\/\\\/schema.org\",\"@graph\":[{\"@type\":\"Article\",\"@id\":\"https:\\\/\\\/folhapopular.info\\\/index.php\\\/2024\\\/05\\\/22\\\/leopoldo-klepker-arrecada-doacoes-a-atingidos-pela-enchente\\\/#article\",\"isPartOf\":{\"@id\":\"https:\\\/\\\/folhapopular.info\\\/index.php\\\/2024\\\/05\\\/22\\\/leopoldo-klepker-arrecada-doacoes-a-atingidos-pela-enchente\\\/\"},\"author\":{\"name\":\"Reda\u00e7\u00e3o Folha Popular\",\"@id\":\"https:\\\/\\\/folhapopular.info\\\/#\\\/schema\\\/person\\\/2814e8a0df7643585a9ca38bc6eb9d4b\"},\"headline\":\"Leopoldo Klepker arrecada doa\u00e7\u00f5es a atingidos pela enchente\",\"datePublished\":\"2024-05-22T17:00:00+00:00\",\"mainEntityOfPage\":{\"@id\":\"https:\\\/\\\/folhapopular.info\\\/index.php\\\/2024\\\/05\\\/22\\\/leopoldo-klepker-arrecada-doacoes-a-atingidos-pela-enchente\\\/\"},\"wordCount\":278,\"commentCount\":0,\"image\":{\"@id\":\"https:\\\/\\\/folhapopular.info\\\/index.php\\\/2024\\\/05\\\/22\\\/leopoldo-klepker-arrecada-doacoes-a-atingidos-pela-enchente\\\/#primaryimage\"},\"thumbnailUrl\":\"https:\\\/\\\/folhapopular.info\\\/wp-content\\\/uploads\\\/2024\\\/05\\\/O-educandario-tambem-realizou-a-primeira-acao-de-recolhimento-de-reciclaveis-de-2024-arrecadando-25-toneladas-de-materiais_Credito_Divulgacao.jpg\",\"keywords\":[\"Doa\u00e7\u00f5es\",\"EMEF Leopoldo Klepker\",\"LK Sustent\u00e1vel\"],\"articleSection\":[\"Destaques\",\"Educa\u00e7\u00e3o\",\"Geral\"],\"inLanguage\":\"pt-BR\",\"potentialAction\":[{\"@type\":\"CommentAction\",\"name\":\"Comment\",\"target\":[\"https:\\\/\\\/folhapopular.info\\\/index.php\\\/2024\\\/05\\\/22\\\/leopoldo-klepker-arrecada-doacoes-a-atingidos-pela-enchente\\\/#respond\"]}]},{\"@type\":\"WebPage\",\"@id\":\"https:\\\/\\\/folhapopular.info\\\/index.php\\\/2024\\\/05\\\/22\\\/leopoldo-klepker-arrecada-doacoes-a-atingidos-pela-enchente\\\/\",\"url\":\"https:\\\/\\\/folhapopular.info\\\/index.php\\\/2024\\\/05\\\/22\\\/leopoldo-klepker-arrecada-doacoes-a-atingidos-pela-enchente\\\/\",\"name\":\"Leopoldo Klepker arrecada doa\u00e7\u00f5es a atingidos pela enchente - Folha Popular\",\"isPartOf\":{\"@id\":\"https:\\\/\\\/folhapopular.info\\\/#website\"},\"primaryImageOfPage\":{\"@id\":\"https:\\\/\\\/folhapopular.info\\\/index.php\\\/2024\\\/05\\\/22\\\/leopoldo-klepker-arrecada-doacoes-a-atingidos-pela-enchente\\\/#primaryimage\"},\"image\":{\"@id\":\"https:\\\/\\\/folhapopular.info\\\/index.php\\\/2024\\\/05\\\/22\\\/leopoldo-klepker-arrecada-doacoes-a-atingidos-pela-enchente\\\/#primaryimage\"},\"thumbnailUrl\":\"https:\\\/\\\/folhapopular.info\\\/wp-content\\\/uploads\\\/2024\\\/05\\\/O-educandario-tambem-realizou-a-primeira-acao-de-recolhimento-de-reciclaveis-de-2024-arrecadando-25-toneladas-de-materiais_Credito_Divulgacao.jpg\",\"datePublished\":\"2024-05-22T17:00:00+00:00\",\"author\":{\"@id\":\"https:\\\/\\\/folhapopular.info\\\/#\\\/schema\\\/person\\\/2814e8a0df7643585a9ca38bc6eb9d4b\"},\"breadcrumb\":{\"@id\":\"https:\\\/\\\/folhapopular.info\\\/index.php\\\/2024\\\/05\\\/22\\\/leopoldo-klepker-arrecada-doacoes-a-atingidos-pela-enchente\\\/#breadcrumb\"},\"inLanguage\":\"pt-BR\",\"potentialAction\":[{\"@type\":\"ReadAction\",\"target\":[\"https:\\\/\\\/folhapopular.info\\\/index.php\\\/2024\\\/05\\\/22\\\/leopoldo-klepker-arrecada-doacoes-a-atingidos-pela-enchente\\\/\"]}]},{\"@type\":\"ImageObject\",\"inLanguage\":\"pt-BR\",\"@id\":\"https:\\\/\\\/folhapopular.info\\\/index.php\\\/2024\\\/05\\\/22\\\/leopoldo-klepker-arrecada-doacoes-a-atingidos-pela-enchente\\\/#primaryimage\",\"url\":\"https:\\\/\\\/folhapopular.info\\\/wp-content\\\/uploads\\\/2024\\\/05\\\/O-educandario-tambem-realizou-a-primeira-acao-de-recolhimento-de-reciclaveis-de-2024-arrecadando-25-toneladas-de-materiais_Credito_Divulgacao.jpg\",\"contentUrl\":\"https:\\\/\\\/folhapopular.info\\\/wp-content\\\/uploads\\\/2024\\\/05\\\/O-educandario-tambem-realizou-a-primeira-acao-de-recolhimento-de-reciclaveis-de-2024-arrecadando-25-toneladas-de-materiais_Credito_Divulgacao.jpg\",\"width\":1600,\"height\":1034,\"caption\":\"O educand\u00e1rio tamb\u00e9m realizou a primeira a\u00e7\u00e3o de recolhimento de recicl\u00e1veis de 2024 \\\/ Cr\u00e9dito: Divulga\u00e7\u00e3o\"},{\"@type\":\"BreadcrumbList\",\"@id\":\"https:\\\/\\\/folhapopular.info\\\/index.php\\\/2024\\\/05\\\/22\\\/leopoldo-klepker-arrecada-doacoes-a-atingidos-pela-enchente\\\/#breadcrumb\",\"itemListElement\":[{\"@type\":\"ListItem\",\"position\":1,\"name\":\"In\u00edcio\",\"item\":\"https:\\\/\\\/folhapopular.info\\\/\"},{\"@type\":\"ListItem\",\"position\":2,\"name\":\"Leopoldo Klepker arrecada doa\u00e7\u00f5es a atingidos pela enchente\"}]},{\"@type\":\"WebSite\",\"@id\":\"https:\\\/\\\/folhapopular.info\\\/#website\",\"url\":\"https:\\\/\\\/folhapopular.info\\\/\",\"name\":\"Folha Popular\",\"description\":\"Onde voc\u00ea tem vez e voz\",\"potentialAction\":[{\"@type\":\"SearchAction\",\"target\":{\"@type\":\"EntryPoint\",\"urlTemplate\":\"https:\\\/\\\/folhapopular.info\\\/?s={search_term_string}\"},\"query-input\":{\"@type\":\"PropertyValueSpecification\",\"valueRequired\":true,\"valueName\":\"search_term_string\"}}],\"inLanguage\":\"pt-BR\"},{\"@type\":\"Person\",\"@id\":\"https:\\\/\\\/folhapopular.info\\\/#\\\/schema\\\/person\\\/2814e8a0df7643585a9ca38bc6eb9d4b\",\"name\":\"Reda\u00e7\u00e3o Folha Popular\",\"image\":{\"@type\":\"ImageObject\",\"inLanguage\":\"pt-BR\",\"@id\":\"https:\\\/\\\/folhapopular.info\\\/wp-content\\\/uploads\\\/2026\\\/04\\\/Folha-1.webp\",\"url\":\"https:\\\/\\\/folhapopular.info\\\/wp-content\\\/uploads\\\/2026\\\/04\\\/Folha-1.webp\",\"contentUrl\":\"https:\\\/\\\/folhapopular.info\\\/wp-content\\\/uploads\\\/2026\\\/04\\\/Folha-1.webp\",\"caption\":\"Reda\u00e7\u00e3o Folha Popular\"},\"url\":\"https:\\\/\\\/folhapopular.info\\\/index.php\\\/author\\\/redacao\\\/\"}]}<\/script>\n<!-- \/ Yoast SEO plugin. -->","yoast_head_json":{"title":"Leopoldo Klepker arrecada doa\u00e7\u00f5es a atingidos pela enchente - Folha Popular","robots":{"index":"index","follow":"follow","max-snippet":"max-snippet:-1","max-image-preview":"max-image-preview:large","max-video-preview":"max-video-preview:-1"},"canonical":"https:\/\/folhapopular.info\/index.php\/2024\/05\/22\/leopoldo-klepker-arrecada-doacoes-a-atingidos-pela-enchente\/","og_locale":"pt_BR","og_type":"article","og_title":"Leopoldo Klepker arrecada doa\u00e7\u00f5es a atingidos pela enchente - Folha Popular","og_description":"A Escola Municipal de Ensino Fundamental (Emef) Leopoldo Klepker, do Bairro Alesgut em Teut\u00f4nia, arrecada, desde o dia 13 de maio, doa\u00e7\u00f5es para as pessoas atingidas pela enchente. A a\u00e7\u00e3o visa adquirir mantimentos para as v\u00edtimas. Em especial, \u00e9 solicitado feij\u00e3o, arroz e massa. Os donativos devem ser entregues na secretaria do educand\u00e1rio. Para estimular [&hellip;]","og_url":"https:\/\/folhapopular.info\/index.php\/2024\/05\/22\/leopoldo-klepker-arrecada-doacoes-a-atingidos-pela-enchente\/","og_site_name":"Folha Popular","article_published_time":"2024-05-22T17:00:00+00:00","og_image":[{"width":1600,"height":1034,"url":"https:\/\/folhapopular.info\/wp-content\/uploads\/2024\/05\/O-educandario-tambem-realizou-a-primeira-acao-de-recolhimento-de-reciclaveis-de-2024-arrecadando-25-toneladas-de-materiais_Credito_Divulgacao.jpg","type":"image\/jpeg"}],"author":"Reda\u00e7\u00e3o Folha Popular","twitter_card":"summary_large_image","twitter_misc":{"Escrito por":"Reda\u00e7\u00e3o Folha Popular","Est. tempo de leitura":"2 minutos"},"schema":{"@context":"https:\/\/schema.org","@graph":[{"@type":"Article","@id":"https:\/\/folhapopular.info\/index.php\/2024\/05\/22\/leopoldo-klepker-arrecada-doacoes-a-atingidos-pela-enchente\/#article","isPartOf":{"@id":"https:\/\/folhapopular.info\/index.php\/2024\/05\/22\/leopoldo-klepker-arrecada-doacoes-a-atingidos-pela-enchente\/"},"author":{"name":"Reda\u00e7\u00e3o Folha Popular","@id":"https:\/\/folhapopular.info\/#\/schema\/person\/2814e8a0df7643585a9ca38bc6eb9d4b"},"headline":"Leopoldo Klepker arrecada doa\u00e7\u00f5es a atingidos pela enchente","datePublished":"2024-05-22T17:00:00+00:00","mainEntityOfPage":{"@id":"https:\/\/folhapopular.info\/index.php\/2024\/05\/22\/leopoldo-klepker-arrecada-doacoes-a-atingidos-pela-enchente\/"},"wordCount":278,"commentCount":0,"image":{"@id":"https:\/\/folhapopular.info\/index.php\/2024\/05\/22\/leopoldo-klepker-arrecada-doacoes-a-atingidos-pela-enchente\/#primaryimage"},"thumbnailUrl":"https:\/\/folhapopular.info\/wp-content\/uploads\/2024\/05\/O-educandario-tambem-realizou-a-primeira-acao-de-recolhimento-de-reciclaveis-de-2024-arrecadando-25-toneladas-de-materiais_Credito_Divulgacao.jpg","keywords":["Doa\u00e7\u00f5es","EMEF Leopoldo Klepker","LK Sustent\u00e1vel"],"articleSection":["Destaques","Educa\u00e7\u00e3o","Geral"],"inLanguage":"pt-BR","potentialAction":[{"@type":"CommentAction","name":"Comment","target":["https:\/\/folhapopular.info\/index.php\/2024\/05\/22\/leopoldo-klepker-arrecada-doacoes-a-atingidos-pela-enchente\/#respond"]}]},{"@type":"WebPage","@id":"https:\/\/folhapopular.info\/index.php\/2024\/05\/22\/leopoldo-klepker-arrecada-doacoes-a-atingidos-pela-enchente\/","url":"https:\/\/folhapopular.info\/index.php\/2024\/05\/22\/leopoldo-klepker-arrecada-doacoes-a-atingidos-pela-enchente\/","name":"Leopoldo Klepker arrecada doa\u00e7\u00f5es a atingidos pela enchente - Folha Popular","isPartOf":{"@id":"https:\/\/folhapopular.info\/#website"},"primaryImageOfPage":{"@id":"https:\/\/folhapopular.info\/index.php\/2024\/05\/22\/leopoldo-klepker-arrecada-doacoes-a-atingidos-pela-enchente\/#primaryimage"},"image":{"@id":"https:\/\/folhapopular.info\/index.php\/2024\/05\/22\/leopoldo-klepker-arrecada-doacoes-a-atingidos-pela-enchente\/#primaryimage"},"thumbnailUrl":"https:\/\/folhapopular.info\/wp-content\/uploads\/2024\/05\/O-educandario-tambem-realizou-a-primeira-acao-de-recolhimento-de-reciclaveis-de-2024-arrecadando-25-toneladas-de-materiais_Credito_Divulgacao.jpg","datePublished":"2024-05-22T17:00:00+00:00","author":{"@id":"https:\/\/folhapopular.info\/#\/schema\/person\/2814e8a0df7643585a9ca38bc6eb9d4b"},"breadcrumb":{"@id":"https:\/\/folhapopular.info\/index.php\/2024\/05\/22\/leopoldo-klepker-arrecada-doacoes-a-atingidos-pela-enchente\/#breadcrumb"},"inLanguage":"pt-BR","potentialAction":[{"@type":"ReadAction","target":["https:\/\/folhapopular.info\/index.php\/2024\/05\/22\/leopoldo-klepker-arrecada-doacoes-a-atingidos-pela-enchente\/"]}]},{"@type":"ImageObject","inLanguage":"pt-BR","@id":"https:\/\/folhapopular.info\/index.php\/2024\/05\/22\/leopoldo-klepker-arrecada-doacoes-a-atingidos-pela-enchente\/#primaryimage","url":"https:\/\/folhapopular.info\/wp-content\/uploads\/2024\/05\/O-educandario-tambem-realizou-a-primeira-acao-de-recolhimento-de-reciclaveis-de-2024-arrecadando-25-toneladas-de-materiais_Credito_Divulgacao.jpg","contentUrl":"https:\/\/folhapopular.info\/wp-content\/uploads\/2024\/05\/O-educandario-tambem-realizou-a-primeira-acao-de-recolhimento-de-reciclaveis-de-2024-arrecadando-25-toneladas-de-materiais_Credito_Divulgacao.jpg","width":1600,"height":1034,"caption":"O educand\u00e1rio tamb\u00e9m realizou a primeira a\u00e7\u00e3o de recolhimento de recicl\u00e1veis de 2024 \/ Cr\u00e9dito: Divulga\u00e7\u00e3o"},{"@type":"BreadcrumbList","@id":"https:\/\/folhapopular.info\/index.php\/2024\/05\/22\/leopoldo-klepker-arrecada-doacoes-a-atingidos-pela-enchente\/#breadcrumb","itemListElement":[{"@type":"ListItem","position":1,"name":"In\u00edcio","item":"https:\/\/folhapopular.info\/"},{"@type":"ListItem","position":2,"name":"Leopoldo Klepker arrecada doa\u00e7\u00f5es a atingidos pela enchente"}]},{"@type":"WebSite","@id":"https:\/\/folhapopular.info\/#website","url":"https:\/\/folhapopular.info\/","name":"Folha Popular","description":"Onde voc\u00ea tem vez e voz","potentialAction":[{"@type":"SearchAction","target":{"@type":"EntryPoint","urlTemplate":"https:\/\/folhapopular.info\/?s={search_term_string}"},"query-input":{"@type":"PropertyValueSpecification","valueRequired":true,"valueName":"search_term_string"}}],"inLanguage":"pt-BR"},{"@type":"Person","@id":"https:\/\/folhapopular.info\/#\/schema\/person\/2814e8a0df7643585a9ca38bc6eb9d4b","name":"Reda\u00e7\u00e3o Folha Popular","image":{"@type":"ImageObject","inLanguage":"pt-BR","@id":"https:\/\/folhapopular.info\/wp-content\/uploads\/2026\/04\/Folha-1.webp","url":"https:\/\/folhapopular.info\/wp-content\/uploads\/2026\/04\/Folha-1.webp","contentUrl":"https:\/\/folhapopular.info\/wp-content\/uploads\/2026\/04\/Folha-1.webp","caption":"Reda\u00e7\u00e3o Folha Popular"},"url":"https:\/\/folhapopular.info\/index.php\/author\/redacao\/"}]}},"jetpack_featured_media_url":"https:\/\/folhapopular.info\/wp-content\/uploads\/2024\/05\/O-educandario-tambem-realizou-a-primeira-acao-de-recolhimento-de-reciclaveis-de-2024-arrecadando-25-toneladas-de-materiais_Credito_Divulgacao.jpg","jetpack_sharing_enabled":true,"amp_enabled":true,"_links":{"self":[{"href":"https:\/\/folhapopular.info\/index.php\/wp-json\/wp\/v2\/posts\/158408","targetHints":{"allow":["GET"]}}],"collection":[{"href":"https:\/\/folhapopular.info\/index.php\/wp-json\/wp\/v2\/posts"}],"about":[{"href":"https:\/\/folhapopular.info\/index.php\/wp-json\/wp\/v2\/types\/post"}],"author":[{"embeddable":true,"href":"https:\/\/folhapopular.info\/index.php\/wp-json\/wp\/v2\/users\/8"}],"replies":[{"embeddable":true,"href":"https:\/\/folhapopular.info\/index.php\/wp-json\/wp\/v2\/comments?post=158408"}],"version-history":[{"count":0,"href":"https:\/\/folhapopular.info\/index.php\/wp-json\/wp\/v2\/posts\/158408\/revisions"}],"wp:featuredmedia":[{"embeddable":true,"href":"https:\/\/folhapopular.info\/index.php\/wp-json\/wp\/v2\/media\/158409"}],"wp:attachment":[{"href":"https:\/\/folhapopular.info\/index.php\/wp-json\/wp\/v2\/media?parent=158408"}],"wp:term":[{"taxonomy":"category","embeddable":true,"href":"https:\/\/folhapopular.info\/index.php\/wp-json\/wp\/v2\/categories?post=158408"},{"taxonomy":"post_tag","embeddable":true,"href":"https:\/\/folhapopular.info\/index.php\/wp-json\/wp\/v2\/tags?post=158408"}],"curies":[{"name":"wp","href":"https:\/\/api.w.org\/{rel}","templated":true}]}}