{"id":158505,"date":"2024-05-23T09:30:00","date_gmt":"2024-05-23T12:30:00","guid":{"rendered":"https:\/\/folhapopular.info\/?p=158505"},"modified":"2024-05-23T08:55:17","modified_gmt":"2024-05-23T11:55:17","slug":"chuvas-comprometem-mais-de-50-das-safras-gauchas-de-laranja-bergamota-e-limao","status":"publish","type":"post","link":"https:\/\/folhapopular.info\/index.php\/2024\/05\/23\/chuvas-comprometem-mais-de-50-das-safras-gauchas-de-laranja-bergamota-e-limao\/","title":{"rendered":"Chuvas comprometem mais de 50% das safras ga\u00fachas de laranja, bergamota e lim\u00e3o"},"content":{"rendered":"\n<p>O Rio Grande do Sul deve registrar mais de 50% de perdas na safra de laranja, bergamota e lim\u00e3o deste ano devido \u00e0 trag\u00e9dia clim\u00e1tica. A estimativa foi divulgada na quarta-feira, 22 de maio pelo diretor t\u00e9cnico da Emater\/RS-Ascar, Luis Bohn. Segundo ele, a citricultura foi uma das mais afetadas com queda de frutas e desfolhamento. <\/p>\n\n\n\n<p>O  coordenador da C\u00e2mara Setorial e presidente da Associa\u00e7\u00e3o Montenegrina de Fruticultores, Pedro Wollmann, aponta que os problemas em consequ\u00eancia da calamidade clim\u00e1tica s\u00e3o de diferentes gravidades no Vale do Ca\u00ed. Cerca de 80% dos citricultores foram atingidos diretamente e tiveram perda total ou parcial.<\/p>\n\n\n\n<p>Um dos maiores problemas est\u00e1 na produ\u00e7\u00e3o dos citros precoces. A alta umidade acarretou perda de 70% nas bergamotas Ca\u00ed e Ponkan. J\u00e1 as variedades tardias apresentam rachaduras e doen\u00e7as f\u00fangicas. Tamb\u00e9m foram verificadas perdas em Bento Gon\u00e7alves e Veran\u00f3polis.<\/p>\n\n\n\n<p>Antes das enchentes, j\u00e1 havia a previs\u00e3o de quebra de 40% sobre as 268 mil toneladas de laranja devido \u00e0s grande perdas de flores dos pomares durante as chuvas da primavera de 2023. A cultura \u00e9 realizada em 14,5 mil hectares, sendo 3,95 mil hectares somente nos Vales do Ca\u00ed e Taquari. J\u00e1 a proje\u00e7\u00e3o para a safra de bergamotas era de 164,5 mil toneladas, sendo 122 mil toneladas dos Vales do Ca\u00ed e Taquari. A regi\u00e3o tamb\u00e9m reponde por 80% das 18 mil toneladas de lim\u00e3o produzidas anualmente pelo RS.<\/p>\n\n\n\n<p>Fonte: Correio do Povo<\/p>\n","protected":false},"excerpt":{"rendered":"<p>O Rio Grande do Sul deve registrar mais de 50% de perdas na safra de laranja, bergamota e lim\u00e3o deste ano devido \u00e0 trag\u00e9dia clim\u00e1tica. A estimativa foi divulgada na quarta-feira, 22 de maio pelo diretor t\u00e9cnico da Emater\/RS-Ascar, Luis Bohn. Segundo ele, a citricultura foi uma das mais afetadas com queda de frutas e [&hellip;]<\/p>\n","protected":false},"author":8,"featured_media":158506,"comment_status":"open","ping_status":"open","sticky":false,"template":"","format":"standard","meta":{"pmpro_default_level":"","_jetpack_memberships_contains_paid_content":false,"footnotes":""},"categories":[2,10991,10994],"tags":[15117,1794,11027,15118],"class_list":{"0":"post-158505","1":"post","2":"type-post","3":"status-publish","4":"format-standard","5":"has-post-thumbnail","7":"category-featured","8":"category-economia","9":"category-rural","10":"tag-citricos","11":"tag-rio-grande-do-sul","12":"tag-rural","13":"tag-safras","14":"pmpro-has-access"},"yoast_head":"<!-- This site is optimized with the Yoast SEO plugin v27.5 - https:\/\/yoast.com\/product\/yoast-seo-wordpress\/ -->\n<title>Chuvas comprometem mais de 50% das safras ga\u00fachas de laranja, bergamota e lim\u00e3o - Folha Popular<\/title>\n<meta name=\"robots\" content=\"index, follow, max-snippet:-1, max-image-preview:large, max-video-preview:-1\" \/>\n<link rel=\"canonical\" href=\"https:\/\/folhapopular.info\/index.php\/2024\/05\/23\/chuvas-comprometem-mais-de-50-das-safras-gauchas-de-laranja-bergamota-e-limao\/\" \/>\n<meta property=\"og:locale\" content=\"pt_BR\" \/>\n<meta property=\"og:type\" content=\"article\" \/>\n<meta property=\"og:title\" content=\"Chuvas comprometem mais de 50% das safras ga\u00fachas de laranja, bergamota e lim\u00e3o - Folha Popular\" \/>\n<meta property=\"og:description\" content=\"O Rio Grande do Sul deve registrar mais de 50% de perdas na safra de laranja, bergamota e lim\u00e3o deste ano devido \u00e0 trag\u00e9dia clim\u00e1tica. A estimativa foi divulgada na quarta-feira, 22 de maio pelo diretor t\u00e9cnico da Emater\/RS-Ascar, Luis Bohn. Segundo ele, a citricultura foi uma das mais afetadas com queda de frutas e [&hellip;]\" \/>\n<meta property=\"og:url\" content=\"https:\/\/folhapopular.info\/index.php\/2024\/05\/23\/chuvas-comprometem-mais-de-50-das-safras-gauchas-de-laranja-bergamota-e-limao\/\" \/>\n<meta property=\"og:site_name\" content=\"Folha Popular\" \/>\n<meta property=\"article:published_time\" content=\"2024-05-23T12:30:00+00:00\" \/>\n<meta property=\"og:image\" content=\"https:\/\/folhapopular.info\/wp-content\/uploads\/2024\/05\/7b92d915-cd57-42e0-aed8-e0b289d826dc.webp\" \/>\n\t<meta property=\"og:image:width\" content=\"900\" \/>\n\t<meta property=\"og:image:height\" content=\"450\" \/>\n\t<meta property=\"og:image:type\" content=\"image\/webp\" \/>\n<meta name=\"author\" content=\"Reda\u00e7\u00e3o Folha Popular\" \/>\n<meta name=\"twitter:card\" content=\"summary_large_image\" \/>\n<meta name=\"twitter:label1\" content=\"Escrito por\" \/>\n\t<meta name=\"twitter:data1\" content=\"Reda\u00e7\u00e3o Folha Popular\" \/>\n\t<meta name=\"twitter:label2\" content=\"Est. tempo de leitura\" \/>\n\t<meta name=\"twitter:data2\" content=\"2 minutos\" \/>\n<script type=\"application\/ld+json\" class=\"yoast-schema-graph\">{\"@context\":\"https:\\\/\\\/schema.org\",\"@graph\":[{\"@type\":\"Article\",\"@id\":\"https:\\\/\\\/folhapopular.info\\\/index.php\\\/2024\\\/05\\\/23\\\/chuvas-comprometem-mais-de-50-das-safras-gauchas-de-laranja-bergamota-e-limao\\\/#article\",\"isPartOf\":{\"@id\":\"https:\\\/\\\/folhapopular.info\\\/index.php\\\/2024\\\/05\\\/23\\\/chuvas-comprometem-mais-de-50-das-safras-gauchas-de-laranja-bergamota-e-limao\\\/\"},\"author\":{\"name\":\"Reda\u00e7\u00e3o Folha Popular\",\"@id\":\"https:\\\/\\\/folhapopular.info\\\/#\\\/schema\\\/person\\\/2814e8a0df7643585a9ca38bc6eb9d4b\"},\"headline\":\"Chuvas comprometem mais de 50% das safras ga\u00fachas de laranja, bergamota e lim\u00e3o\",\"datePublished\":\"2024-05-23T12:30:00+00:00\",\"mainEntityOfPage\":{\"@id\":\"https:\\\/\\\/folhapopular.info\\\/index.php\\\/2024\\\/05\\\/23\\\/chuvas-comprometem-mais-de-50-das-safras-gauchas-de-laranja-bergamota-e-limao\\\/\"},\"wordCount\":256,\"commentCount\":0,\"image\":{\"@id\":\"https:\\\/\\\/folhapopular.info\\\/index.php\\\/2024\\\/05\\\/23\\\/chuvas-comprometem-mais-de-50-das-safras-gauchas-de-laranja-bergamota-e-limao\\\/#primaryimage\"},\"thumbnailUrl\":\"https:\\\/\\\/folhapopular.info\\\/wp-content\\\/uploads\\\/2024\\\/05\\\/7b92d915-cd57-42e0-aed8-e0b289d826dc.webp\",\"keywords\":[\"C\u00edtricos\",\"Rio Grande do Sul\",\"rural\",\"Safras\"],\"articleSection\":[\"Destaques\",\"Economia\",\"Rural\"],\"inLanguage\":\"pt-BR\",\"potentialAction\":[{\"@type\":\"CommentAction\",\"name\":\"Comment\",\"target\":[\"https:\\\/\\\/folhapopular.info\\\/index.php\\\/2024\\\/05\\\/23\\\/chuvas-comprometem-mais-de-50-das-safras-gauchas-de-laranja-bergamota-e-limao\\\/#respond\"]}]},{\"@type\":\"WebPage\",\"@id\":\"https:\\\/\\\/folhapopular.info\\\/index.php\\\/2024\\\/05\\\/23\\\/chuvas-comprometem-mais-de-50-das-safras-gauchas-de-laranja-bergamota-e-limao\\\/\",\"url\":\"https:\\\/\\\/folhapopular.info\\\/index.php\\\/2024\\\/05\\\/23\\\/chuvas-comprometem-mais-de-50-das-safras-gauchas-de-laranja-bergamota-e-limao\\\/\",\"name\":\"Chuvas comprometem mais de 50% das safras ga\u00fachas de laranja, bergamota e lim\u00e3o - Folha Popular\",\"isPartOf\":{\"@id\":\"https:\\\/\\\/folhapopular.info\\\/#website\"},\"primaryImageOfPage\":{\"@id\":\"https:\\\/\\\/folhapopular.info\\\/index.php\\\/2024\\\/05\\\/23\\\/chuvas-comprometem-mais-de-50-das-safras-gauchas-de-laranja-bergamota-e-limao\\\/#primaryimage\"},\"image\":{\"@id\":\"https:\\\/\\\/folhapopular.info\\\/index.php\\\/2024\\\/05\\\/23\\\/chuvas-comprometem-mais-de-50-das-safras-gauchas-de-laranja-bergamota-e-limao\\\/#primaryimage\"},\"thumbnailUrl\":\"https:\\\/\\\/folhapopular.info\\\/wp-content\\\/uploads\\\/2024\\\/05\\\/7b92d915-cd57-42e0-aed8-e0b289d826dc.webp\",\"datePublished\":\"2024-05-23T12:30:00+00:00\",\"author\":{\"@id\":\"https:\\\/\\\/folhapopular.info\\\/#\\\/schema\\\/person\\\/2814e8a0df7643585a9ca38bc6eb9d4b\"},\"breadcrumb\":{\"@id\":\"https:\\\/\\\/folhapopular.info\\\/index.php\\\/2024\\\/05\\\/23\\\/chuvas-comprometem-mais-de-50-das-safras-gauchas-de-laranja-bergamota-e-limao\\\/#breadcrumb\"},\"inLanguage\":\"pt-BR\",\"potentialAction\":[{\"@type\":\"ReadAction\",\"target\":[\"https:\\\/\\\/folhapopular.info\\\/index.php\\\/2024\\\/05\\\/23\\\/chuvas-comprometem-mais-de-50-das-safras-gauchas-de-laranja-bergamota-e-limao\\\/\"]}]},{\"@type\":\"ImageObject\",\"inLanguage\":\"pt-BR\",\"@id\":\"https:\\\/\\\/folhapopular.info\\\/index.php\\\/2024\\\/05\\\/23\\\/chuvas-comprometem-mais-de-50-das-safras-gauchas-de-laranja-bergamota-e-limao\\\/#primaryimage\",\"url\":\"https:\\\/\\\/folhapopular.info\\\/wp-content\\\/uploads\\\/2024\\\/05\\\/7b92d915-cd57-42e0-aed8-e0b289d826dc.webp\",\"contentUrl\":\"https:\\\/\\\/folhapopular.info\\\/wp-content\\\/uploads\\\/2024\\\/05\\\/7b92d915-cd57-42e0-aed8-e0b289d826dc.webp\",\"width\":900,\"height\":450,\"caption\":\"Cr\u00e9dito: Divulga\u00e7\u00e3o\"},{\"@type\":\"BreadcrumbList\",\"@id\":\"https:\\\/\\\/folhapopular.info\\\/index.php\\\/2024\\\/05\\\/23\\\/chuvas-comprometem-mais-de-50-das-safras-gauchas-de-laranja-bergamota-e-limao\\\/#breadcrumb\",\"itemListElement\":[{\"@type\":\"ListItem\",\"position\":1,\"name\":\"In\u00edcio\",\"item\":\"https:\\\/\\\/folhapopular.info\\\/\"},{\"@type\":\"ListItem\",\"position\":2,\"name\":\"Chuvas comprometem mais de 50% das safras ga\u00fachas de laranja, bergamota e lim\u00e3o\"}]},{\"@type\":\"WebSite\",\"@id\":\"https:\\\/\\\/folhapopular.info\\\/#website\",\"url\":\"https:\\\/\\\/folhapopular.info\\\/\",\"name\":\"Folha Popular\",\"description\":\"Onde voc\u00ea tem vez e voz\",\"potentialAction\":[{\"@type\":\"SearchAction\",\"target\":{\"@type\":\"EntryPoint\",\"urlTemplate\":\"https:\\\/\\\/folhapopular.info\\\/?s={search_term_string}\"},\"query-input\":{\"@type\":\"PropertyValueSpecification\",\"valueRequired\":true,\"valueName\":\"search_term_string\"}}],\"inLanguage\":\"pt-BR\"},{\"@type\":\"Person\",\"@id\":\"https:\\\/\\\/folhapopular.info\\\/#\\\/schema\\\/person\\\/2814e8a0df7643585a9ca38bc6eb9d4b\",\"name\":\"Reda\u00e7\u00e3o Folha Popular\",\"image\":{\"@type\":\"ImageObject\",\"inLanguage\":\"pt-BR\",\"@id\":\"https:\\\/\\\/folhapopular.info\\\/wp-content\\\/uploads\\\/2026\\\/04\\\/Folha-1.webp\",\"url\":\"https:\\\/\\\/folhapopular.info\\\/wp-content\\\/uploads\\\/2026\\\/04\\\/Folha-1.webp\",\"contentUrl\":\"https:\\\/\\\/folhapopular.info\\\/wp-content\\\/uploads\\\/2026\\\/04\\\/Folha-1.webp\",\"caption\":\"Reda\u00e7\u00e3o Folha Popular\"},\"url\":\"https:\\\/\\\/folhapopular.info\\\/index.php\\\/author\\\/redacao\\\/\"}]}<\/script>\n<!-- \/ Yoast SEO plugin. -->","yoast_head_json":{"title":"Chuvas comprometem mais de 50% das safras ga\u00fachas de laranja, bergamota e lim\u00e3o - Folha Popular","robots":{"index":"index","follow":"follow","max-snippet":"max-snippet:-1","max-image-preview":"max-image-preview:large","max-video-preview":"max-video-preview:-1"},"canonical":"https:\/\/folhapopular.info\/index.php\/2024\/05\/23\/chuvas-comprometem-mais-de-50-das-safras-gauchas-de-laranja-bergamota-e-limao\/","og_locale":"pt_BR","og_type":"article","og_title":"Chuvas comprometem mais de 50% das safras ga\u00fachas de laranja, bergamota e lim\u00e3o - Folha Popular","og_description":"O Rio Grande do Sul deve registrar mais de 50% de perdas na safra de laranja, bergamota e lim\u00e3o deste ano devido \u00e0 trag\u00e9dia clim\u00e1tica. A estimativa foi divulgada na quarta-feira, 22 de maio pelo diretor t\u00e9cnico da Emater\/RS-Ascar, Luis Bohn. Segundo ele, a citricultura foi uma das mais afetadas com queda de frutas e [&hellip;]","og_url":"https:\/\/folhapopular.info\/index.php\/2024\/05\/23\/chuvas-comprometem-mais-de-50-das-safras-gauchas-de-laranja-bergamota-e-limao\/","og_site_name":"Folha Popular","article_published_time":"2024-05-23T12:30:00+00:00","og_image":[{"width":900,"height":450,"url":"https:\/\/folhapopular.info\/wp-content\/uploads\/2024\/05\/7b92d915-cd57-42e0-aed8-e0b289d826dc.webp","type":"image\/webp"}],"author":"Reda\u00e7\u00e3o Folha Popular","twitter_card":"summary_large_image","twitter_misc":{"Escrito por":"Reda\u00e7\u00e3o Folha Popular","Est. tempo de leitura":"2 minutos"},"schema":{"@context":"https:\/\/schema.org","@graph":[{"@type":"Article","@id":"https:\/\/folhapopular.info\/index.php\/2024\/05\/23\/chuvas-comprometem-mais-de-50-das-safras-gauchas-de-laranja-bergamota-e-limao\/#article","isPartOf":{"@id":"https:\/\/folhapopular.info\/index.php\/2024\/05\/23\/chuvas-comprometem-mais-de-50-das-safras-gauchas-de-laranja-bergamota-e-limao\/"},"author":{"name":"Reda\u00e7\u00e3o Folha Popular","@id":"https:\/\/folhapopular.info\/#\/schema\/person\/2814e8a0df7643585a9ca38bc6eb9d4b"},"headline":"Chuvas comprometem mais de 50% das safras ga\u00fachas de laranja, bergamota e lim\u00e3o","datePublished":"2024-05-23T12:30:00+00:00","mainEntityOfPage":{"@id":"https:\/\/folhapopular.info\/index.php\/2024\/05\/23\/chuvas-comprometem-mais-de-50-das-safras-gauchas-de-laranja-bergamota-e-limao\/"},"wordCount":256,"commentCount":0,"image":{"@id":"https:\/\/folhapopular.info\/index.php\/2024\/05\/23\/chuvas-comprometem-mais-de-50-das-safras-gauchas-de-laranja-bergamota-e-limao\/#primaryimage"},"thumbnailUrl":"https:\/\/folhapopular.info\/wp-content\/uploads\/2024\/05\/7b92d915-cd57-42e0-aed8-e0b289d826dc.webp","keywords":["C\u00edtricos","Rio Grande do Sul","rural","Safras"],"articleSection":["Destaques","Economia","Rural"],"inLanguage":"pt-BR","potentialAction":[{"@type":"CommentAction","name":"Comment","target":["https:\/\/folhapopular.info\/index.php\/2024\/05\/23\/chuvas-comprometem-mais-de-50-das-safras-gauchas-de-laranja-bergamota-e-limao\/#respond"]}]},{"@type":"WebPage","@id":"https:\/\/folhapopular.info\/index.php\/2024\/05\/23\/chuvas-comprometem-mais-de-50-das-safras-gauchas-de-laranja-bergamota-e-limao\/","url":"https:\/\/folhapopular.info\/index.php\/2024\/05\/23\/chuvas-comprometem-mais-de-50-das-safras-gauchas-de-laranja-bergamota-e-limao\/","name":"Chuvas comprometem mais de 50% das safras ga\u00fachas de laranja, bergamota e lim\u00e3o - Folha Popular","isPartOf":{"@id":"https:\/\/folhapopular.info\/#website"},"primaryImageOfPage":{"@id":"https:\/\/folhapopular.info\/index.php\/2024\/05\/23\/chuvas-comprometem-mais-de-50-das-safras-gauchas-de-laranja-bergamota-e-limao\/#primaryimage"},"image":{"@id":"https:\/\/folhapopular.info\/index.php\/2024\/05\/23\/chuvas-comprometem-mais-de-50-das-safras-gauchas-de-laranja-bergamota-e-limao\/#primaryimage"},"thumbnailUrl":"https:\/\/folhapopular.info\/wp-content\/uploads\/2024\/05\/7b92d915-cd57-42e0-aed8-e0b289d826dc.webp","datePublished":"2024-05-23T12:30:00+00:00","author":{"@id":"https:\/\/folhapopular.info\/#\/schema\/person\/2814e8a0df7643585a9ca38bc6eb9d4b"},"breadcrumb":{"@id":"https:\/\/folhapopular.info\/index.php\/2024\/05\/23\/chuvas-comprometem-mais-de-50-das-safras-gauchas-de-laranja-bergamota-e-limao\/#breadcrumb"},"inLanguage":"pt-BR","potentialAction":[{"@type":"ReadAction","target":["https:\/\/folhapopular.info\/index.php\/2024\/05\/23\/chuvas-comprometem-mais-de-50-das-safras-gauchas-de-laranja-bergamota-e-limao\/"]}]},{"@type":"ImageObject","inLanguage":"pt-BR","@id":"https:\/\/folhapopular.info\/index.php\/2024\/05\/23\/chuvas-comprometem-mais-de-50-das-safras-gauchas-de-laranja-bergamota-e-limao\/#primaryimage","url":"https:\/\/folhapopular.info\/wp-content\/uploads\/2024\/05\/7b92d915-cd57-42e0-aed8-e0b289d826dc.webp","contentUrl":"https:\/\/folhapopular.info\/wp-content\/uploads\/2024\/05\/7b92d915-cd57-42e0-aed8-e0b289d826dc.webp","width":900,"height":450,"caption":"Cr\u00e9dito: Divulga\u00e7\u00e3o"},{"@type":"BreadcrumbList","@id":"https:\/\/folhapopular.info\/index.php\/2024\/05\/23\/chuvas-comprometem-mais-de-50-das-safras-gauchas-de-laranja-bergamota-e-limao\/#breadcrumb","itemListElement":[{"@type":"ListItem","position":1,"name":"In\u00edcio","item":"https:\/\/folhapopular.info\/"},{"@type":"ListItem","position":2,"name":"Chuvas comprometem mais de 50% das safras ga\u00fachas de laranja, bergamota e lim\u00e3o"}]},{"@type":"WebSite","@id":"https:\/\/folhapopular.info\/#website","url":"https:\/\/folhapopular.info\/","name":"Folha Popular","description":"Onde voc\u00ea tem vez e voz","potentialAction":[{"@type":"SearchAction","target":{"@type":"EntryPoint","urlTemplate":"https:\/\/folhapopular.info\/?s={search_term_string}"},"query-input":{"@type":"PropertyValueSpecification","valueRequired":true,"valueName":"search_term_string"}}],"inLanguage":"pt-BR"},{"@type":"Person","@id":"https:\/\/folhapopular.info\/#\/schema\/person\/2814e8a0df7643585a9ca38bc6eb9d4b","name":"Reda\u00e7\u00e3o Folha Popular","image":{"@type":"ImageObject","inLanguage":"pt-BR","@id":"https:\/\/folhapopular.info\/wp-content\/uploads\/2026\/04\/Folha-1.webp","url":"https:\/\/folhapopular.info\/wp-content\/uploads\/2026\/04\/Folha-1.webp","contentUrl":"https:\/\/folhapopular.info\/wp-content\/uploads\/2026\/04\/Folha-1.webp","caption":"Reda\u00e7\u00e3o Folha Popular"},"url":"https:\/\/folhapopular.info\/index.php\/author\/redacao\/"}]}},"jetpack_featured_media_url":"https:\/\/folhapopular.info\/wp-content\/uploads\/2024\/05\/7b92d915-cd57-42e0-aed8-e0b289d826dc.webp","jetpack_sharing_enabled":true,"amp_enabled":true,"_links":{"self":[{"href":"https:\/\/folhapopular.info\/index.php\/wp-json\/wp\/v2\/posts\/158505","targetHints":{"allow":["GET"]}}],"collection":[{"href":"https:\/\/folhapopular.info\/index.php\/wp-json\/wp\/v2\/posts"}],"about":[{"href":"https:\/\/folhapopular.info\/index.php\/wp-json\/wp\/v2\/types\/post"}],"author":[{"embeddable":true,"href":"https:\/\/folhapopular.info\/index.php\/wp-json\/wp\/v2\/users\/8"}],"replies":[{"embeddable":true,"href":"https:\/\/folhapopular.info\/index.php\/wp-json\/wp\/v2\/comments?post=158505"}],"version-history":[{"count":0,"href":"https:\/\/folhapopular.info\/index.php\/wp-json\/wp\/v2\/posts\/158505\/revisions"}],"wp:featuredmedia":[{"embeddable":true,"href":"https:\/\/folhapopular.info\/index.php\/wp-json\/wp\/v2\/media\/158506"}],"wp:attachment":[{"href":"https:\/\/folhapopular.info\/index.php\/wp-json\/wp\/v2\/media?parent=158505"}],"wp:term":[{"taxonomy":"category","embeddable":true,"href":"https:\/\/folhapopular.info\/index.php\/wp-json\/wp\/v2\/categories?post=158505"},{"taxonomy":"post_tag","embeddable":true,"href":"https:\/\/folhapopular.info\/index.php\/wp-json\/wp\/v2\/tags?post=158505"}],"curies":[{"name":"wp","href":"https:\/\/api.w.org\/{rel}","templated":true}]}}