{"id":158559,"date":"2024-05-23T14:24:47","date_gmt":"2024-05-23T17:24:47","guid":{"rendered":"https:\/\/folhapopular.info\/?p=158559"},"modified":"2024-05-23T14:24:49","modified_gmt":"2024-05-23T17:24:49","slug":"soges-retorna-dia-1o-de-junho-com-a-copa-de-inverno","status":"publish","type":"post","link":"https:\/\/folhapopular.info\/index.php\/2024\/05\/23\/soges-retorna-dia-1o-de-junho-com-a-copa-de-inverno\/","title":{"rendered":"Soges retorna dia 1\u00ba de junho com a Copa de Inverno"},"content":{"rendered":"\n<p>A Sociedade Gin\u00e1stica Estrela retorna com suas competi\u00e7\u00f5es no dia 1\u00ba de junho. A 46\u00aa Copa Soges ter\u00e1 uma pausa e ser\u00e1 iniciada a 3\u00aa Copa de Inverno, com participa\u00e7\u00e3o de 25 equipes. O elenco do Gal\u00e1cticos n\u00e3o participar\u00e1 em virtude do grande n\u00famero de atletas residentes na cidade de Arroio do Meio. A equipe retoma as atividades quando retornar a 46\u00aa Copa Soges.<\/p>\n\n\n\n<p>Os confrontos da 3\u00aa Copa de Inverno ser\u00e3o definidos em sorteio, que ser\u00e1 realizado no dia 27 de maio. <\/p>\n\n\n\n<p><strong><em>Confira o regulamento completo da 3\u00aa Copa de Inverno <\/em><\/strong><\/p>\n\n\n\n<div data-wp-interactive=\"core\/file\" class=\"wp-block-file\"><object data-wp-bind--hidden=\"!state.hasPdfPreview\" hidden class=\"wp-block-file__embed\" data=\"https:\/\/folhapopular.info\/wp-content\/uploads\/2024\/05\/Copia-de-46a-Copa1-1.pdf\" type=\"application\/pdf\" style=\"width:100%;height:600px\" aria-label=\"Incorporado de Copia-de-46a-Copa1-1.\"><\/object><a id=\"wp-block-file--media-ca08d85c-1906-4d12-847d-961ea15d1da9\" href=\"https:\/\/folhapopular.info\/wp-content\/uploads\/2024\/05\/Copia-de-46a-Copa1-1.pdf\">Copia-de-46a-Copa1-1<\/a><a href=\"https:\/\/folhapopular.info\/wp-content\/uploads\/2024\/05\/Copia-de-46a-Copa1-1.pdf\" class=\"wp-block-file__button wp-element-button\" download aria-describedby=\"wp-block-file--media-ca08d85c-1906-4d12-847d-961ea15d1da9\">Baixar<\/a><\/div>\n","protected":false},"excerpt":{"rendered":"<p>A Sociedade Gin\u00e1stica Estrela retorna com suas competi\u00e7\u00f5es no dia 1\u00ba de junho. A 46\u00aa Copa Soges ter\u00e1 uma pausa e ser\u00e1 iniciada a 3\u00aa Copa de Inverno, com participa\u00e7\u00e3o de 25 equipes. O elenco do Gal\u00e1cticos n\u00e3o participar\u00e1 em virtude do grande n\u00famero de atletas residentes na cidade de Arroio do Meio. A equipe [&hellip;]<\/p>\n","protected":false},"author":601,"featured_media":147699,"comment_status":"open","ping_status":"open","sticky":false,"template":"","format":"standard","meta":{"pmpro_default_level":"","_jetpack_memberships_contains_paid_content":false,"footnotes":""},"categories":[5,6592],"tags":[8942,6639,137,1273,3671],"class_list":{"0":"post-158559","1":"post","2":"type-post","3":"status-publish","4":"format-standard","5":"has-post-thumbnail","7":"category-esportes","8":"category-futebol-sete","9":"tag-copa-de-inverno","10":"tag-copa-soges","11":"tag-esporte","12":"tag-futebol-sete","13":"tag-soges","14":"pmpro-has-access"},"yoast_head":"<!-- This site is optimized with the Yoast SEO plugin v27.5 - https:\/\/yoast.com\/product\/yoast-seo-wordpress\/ -->\n<title>Soges retorna dia 1\u00ba de junho com a Copa de Inverno - Folha Popular<\/title>\n<meta name=\"robots\" content=\"index, follow, max-snippet:-1, max-image-preview:large, max-video-preview:-1\" \/>\n<link rel=\"canonical\" href=\"https:\/\/folhapopular.info\/index.php\/2024\/05\/23\/soges-retorna-dia-1o-de-junho-com-a-copa-de-inverno\/\" \/>\n<meta property=\"og:locale\" content=\"pt_BR\" \/>\n<meta property=\"og:type\" content=\"article\" \/>\n<meta property=\"og:title\" content=\"Soges retorna dia 1\u00ba de junho com a Copa de Inverno - Folha Popular\" \/>\n<meta property=\"og:description\" content=\"A Sociedade Gin\u00e1stica Estrela retorna com suas competi\u00e7\u00f5es no dia 1\u00ba de junho. A 46\u00aa Copa Soges ter\u00e1 uma pausa e ser\u00e1 iniciada a 3\u00aa Copa de Inverno, com participa\u00e7\u00e3o de 25 equipes. O elenco do Gal\u00e1cticos n\u00e3o participar\u00e1 em virtude do grande n\u00famero de atletas residentes na cidade de Arroio do Meio. A equipe [&hellip;]\" \/>\n<meta property=\"og:url\" content=\"https:\/\/folhapopular.info\/index.php\/2024\/05\/23\/soges-retorna-dia-1o-de-junho-com-a-copa-de-inverno\/\" \/>\n<meta property=\"og:site_name\" content=\"Folha Popular\" \/>\n<meta property=\"article:published_time\" content=\"2024-05-23T17:24:47+00:00\" \/>\n<meta property=\"article:modified_time\" content=\"2024-05-23T17:24:49+00:00\" \/>\n<meta property=\"og:image\" content=\"http:\/\/folhapopular.info\/wp-content\/uploads\/2024\/01\/CAMPO-2-1.jpg\" \/>\n\t<meta property=\"og:image:width\" content=\"1600\" \/>\n\t<meta property=\"og:image:height\" content=\"1066\" \/>\n\t<meta property=\"og:image:type\" content=\"image\/jpeg\" \/>\n<meta name=\"author\" content=\"Carla Beckmann\" \/>\n<meta name=\"twitter:card\" content=\"summary_large_image\" \/>\n<meta name=\"twitter:label1\" content=\"Escrito por\" \/>\n\t<meta name=\"twitter:data1\" content=\"Carla Beckmann\" \/>\n\t<meta name=\"twitter:label2\" content=\"Est. tempo de leitura\" \/>\n\t<meta name=\"twitter:data2\" content=\"1 minuto\" \/>\n<script type=\"application\/ld+json\" class=\"yoast-schema-graph\">{\"@context\":\"https:\\\/\\\/schema.org\",\"@graph\":[{\"@type\":\"Article\",\"@id\":\"https:\\\/\\\/folhapopular.info\\\/index.php\\\/2024\\\/05\\\/23\\\/soges-retorna-dia-1o-de-junho-com-a-copa-de-inverno\\\/#article\",\"isPartOf\":{\"@id\":\"https:\\\/\\\/folhapopular.info\\\/index.php\\\/2024\\\/05\\\/23\\\/soges-retorna-dia-1o-de-junho-com-a-copa-de-inverno\\\/\"},\"author\":{\"name\":\"Carla Beckmann\",\"@id\":\"https:\\\/\\\/folhapopular.info\\\/#\\\/schema\\\/person\\\/c9138938e4781f3e1ca513f9bea5659c\"},\"headline\":\"Soges retorna dia 1\u00ba de junho com a Copa de Inverno\",\"datePublished\":\"2024-05-23T17:24:47+00:00\",\"dateModified\":\"2024-05-23T17:24:49+00:00\",\"mainEntityOfPage\":{\"@id\":\"https:\\\/\\\/folhapopular.info\\\/index.php\\\/2024\\\/05\\\/23\\\/soges-retorna-dia-1o-de-junho-com-a-copa-de-inverno\\\/\"},\"wordCount\":105,\"commentCount\":0,\"image\":{\"@id\":\"https:\\\/\\\/folhapopular.info\\\/index.php\\\/2024\\\/05\\\/23\\\/soges-retorna-dia-1o-de-junho-com-a-copa-de-inverno\\\/#primaryimage\"},\"thumbnailUrl\":\"https:\\\/\\\/folhapopular.info\\\/wp-content\\\/uploads\\\/2024\\\/01\\\/CAMPO-2-1.jpg\",\"keywords\":[\"Copa de Inverno\",\"Copa Soges\",\"Esporte\",\"Futebol Sete\",\"Soges\"],\"articleSection\":[\"Esportes\",\"Futebol Sete\"],\"inLanguage\":\"pt-BR\",\"potentialAction\":[{\"@type\":\"CommentAction\",\"name\":\"Comment\",\"target\":[\"https:\\\/\\\/folhapopular.info\\\/index.php\\\/2024\\\/05\\\/23\\\/soges-retorna-dia-1o-de-junho-com-a-copa-de-inverno\\\/#respond\"]}]},{\"@type\":\"WebPage\",\"@id\":\"https:\\\/\\\/folhapopular.info\\\/index.php\\\/2024\\\/05\\\/23\\\/soges-retorna-dia-1o-de-junho-com-a-copa-de-inverno\\\/\",\"url\":\"https:\\\/\\\/folhapopular.info\\\/index.php\\\/2024\\\/05\\\/23\\\/soges-retorna-dia-1o-de-junho-com-a-copa-de-inverno\\\/\",\"name\":\"Soges retorna dia 1\u00ba de junho com a Copa de Inverno - Folha Popular\",\"isPartOf\":{\"@id\":\"https:\\\/\\\/folhapopular.info\\\/#website\"},\"primaryImageOfPage\":{\"@id\":\"https:\\\/\\\/folhapopular.info\\\/index.php\\\/2024\\\/05\\\/23\\\/soges-retorna-dia-1o-de-junho-com-a-copa-de-inverno\\\/#primaryimage\"},\"image\":{\"@id\":\"https:\\\/\\\/folhapopular.info\\\/index.php\\\/2024\\\/05\\\/23\\\/soges-retorna-dia-1o-de-junho-com-a-copa-de-inverno\\\/#primaryimage\"},\"thumbnailUrl\":\"https:\\\/\\\/folhapopular.info\\\/wp-content\\\/uploads\\\/2024\\\/01\\\/CAMPO-2-1.jpg\",\"datePublished\":\"2024-05-23T17:24:47+00:00\",\"dateModified\":\"2024-05-23T17:24:49+00:00\",\"author\":{\"@id\":\"https:\\\/\\\/folhapopular.info\\\/#\\\/schema\\\/person\\\/c9138938e4781f3e1ca513f9bea5659c\"},\"breadcrumb\":{\"@id\":\"https:\\\/\\\/folhapopular.info\\\/index.php\\\/2024\\\/05\\\/23\\\/soges-retorna-dia-1o-de-junho-com-a-copa-de-inverno\\\/#breadcrumb\"},\"inLanguage\":\"pt-BR\",\"potentialAction\":[{\"@type\":\"ReadAction\",\"target\":[\"https:\\\/\\\/folhapopular.info\\\/index.php\\\/2024\\\/05\\\/23\\\/soges-retorna-dia-1o-de-junho-com-a-copa-de-inverno\\\/\"]}]},{\"@type\":\"ImageObject\",\"inLanguage\":\"pt-BR\",\"@id\":\"https:\\\/\\\/folhapopular.info\\\/index.php\\\/2024\\\/05\\\/23\\\/soges-retorna-dia-1o-de-junho-com-a-copa-de-inverno\\\/#primaryimage\",\"url\":\"https:\\\/\\\/folhapopular.info\\\/wp-content\\\/uploads\\\/2024\\\/01\\\/CAMPO-2-1.jpg\",\"contentUrl\":\"https:\\\/\\\/folhapopular.info\\\/wp-content\\\/uploads\\\/2024\\\/01\\\/CAMPO-2-1.jpg\",\"width\":1600,\"height\":1066,\"caption\":\"Cr\u00e9dito: Reprodu\u00e7\u00e3o Soges\"},{\"@type\":\"BreadcrumbList\",\"@id\":\"https:\\\/\\\/folhapopular.info\\\/index.php\\\/2024\\\/05\\\/23\\\/soges-retorna-dia-1o-de-junho-com-a-copa-de-inverno\\\/#breadcrumb\",\"itemListElement\":[{\"@type\":\"ListItem\",\"position\":1,\"name\":\"In\u00edcio\",\"item\":\"https:\\\/\\\/folhapopular.info\\\/\"},{\"@type\":\"ListItem\",\"position\":2,\"name\":\"Soges retorna dia 1\u00ba de junho com a Copa de Inverno\"}]},{\"@type\":\"WebSite\",\"@id\":\"https:\\\/\\\/folhapopular.info\\\/#website\",\"url\":\"https:\\\/\\\/folhapopular.info\\\/\",\"name\":\"Folha Popular\",\"description\":\"Onde voc\u00ea tem vez e voz\",\"potentialAction\":[{\"@type\":\"SearchAction\",\"target\":{\"@type\":\"EntryPoint\",\"urlTemplate\":\"https:\\\/\\\/folhapopular.info\\\/?s={search_term_string}\"},\"query-input\":{\"@type\":\"PropertyValueSpecification\",\"valueRequired\":true,\"valueName\":\"search_term_string\"}}],\"inLanguage\":\"pt-BR\"},{\"@type\":\"Person\",\"@id\":\"https:\\\/\\\/folhapopular.info\\\/#\\\/schema\\\/person\\\/c9138938e4781f3e1ca513f9bea5659c\",\"name\":\"Carla Beckmann\",\"image\":{\"@type\":\"ImageObject\",\"inLanguage\":\"pt-BR\",\"@id\":\"https:\\\/\\\/secure.gravatar.com\\\/avatar\\\/790078f6ade9f70c31db5a673b88c15df0904c2847c456b3599f72843ac11eb9?s=96&d=mm&r=g\",\"url\":\"https:\\\/\\\/secure.gravatar.com\\\/avatar\\\/790078f6ade9f70c31db5a673b88c15df0904c2847c456b3599f72843ac11eb9?s=96&d=mm&r=g\",\"contentUrl\":\"https:\\\/\\\/secure.gravatar.com\\\/avatar\\\/790078f6ade9f70c31db5a673b88c15df0904c2847c456b3599f72843ac11eb9?s=96&d=mm&r=g\",\"caption\":\"Carla Beckmann\"},\"url\":\"https:\\\/\\\/folhapopular.info\\\/index.php\\\/author\\\/carlabeckmann03gmail-com\\\/\"}]}<\/script>\n<!-- \/ Yoast SEO plugin. -->","yoast_head_json":{"title":"Soges retorna dia 1\u00ba de junho com a Copa de Inverno - Folha Popular","robots":{"index":"index","follow":"follow","max-snippet":"max-snippet:-1","max-image-preview":"max-image-preview:large","max-video-preview":"max-video-preview:-1"},"canonical":"https:\/\/folhapopular.info\/index.php\/2024\/05\/23\/soges-retorna-dia-1o-de-junho-com-a-copa-de-inverno\/","og_locale":"pt_BR","og_type":"article","og_title":"Soges retorna dia 1\u00ba de junho com a Copa de Inverno - Folha Popular","og_description":"A Sociedade Gin\u00e1stica Estrela retorna com suas competi\u00e7\u00f5es no dia 1\u00ba de junho. A 46\u00aa Copa Soges ter\u00e1 uma pausa e ser\u00e1 iniciada a 3\u00aa Copa de Inverno, com participa\u00e7\u00e3o de 25 equipes. O elenco do Gal\u00e1cticos n\u00e3o participar\u00e1 em virtude do grande n\u00famero de atletas residentes na cidade de Arroio do Meio. A equipe [&hellip;]","og_url":"https:\/\/folhapopular.info\/index.php\/2024\/05\/23\/soges-retorna-dia-1o-de-junho-com-a-copa-de-inverno\/","og_site_name":"Folha Popular","article_published_time":"2024-05-23T17:24:47+00:00","article_modified_time":"2024-05-23T17:24:49+00:00","og_image":[{"width":1600,"height":1066,"url":"http:\/\/folhapopular.info\/wp-content\/uploads\/2024\/01\/CAMPO-2-1.jpg","type":"image\/jpeg"}],"author":"Carla Beckmann","twitter_card":"summary_large_image","twitter_misc":{"Escrito por":"Carla Beckmann","Est. tempo de leitura":"1 minuto"},"schema":{"@context":"https:\/\/schema.org","@graph":[{"@type":"Article","@id":"https:\/\/folhapopular.info\/index.php\/2024\/05\/23\/soges-retorna-dia-1o-de-junho-com-a-copa-de-inverno\/#article","isPartOf":{"@id":"https:\/\/folhapopular.info\/index.php\/2024\/05\/23\/soges-retorna-dia-1o-de-junho-com-a-copa-de-inverno\/"},"author":{"name":"Carla Beckmann","@id":"https:\/\/folhapopular.info\/#\/schema\/person\/c9138938e4781f3e1ca513f9bea5659c"},"headline":"Soges retorna dia 1\u00ba de junho com a Copa de Inverno","datePublished":"2024-05-23T17:24:47+00:00","dateModified":"2024-05-23T17:24:49+00:00","mainEntityOfPage":{"@id":"https:\/\/folhapopular.info\/index.php\/2024\/05\/23\/soges-retorna-dia-1o-de-junho-com-a-copa-de-inverno\/"},"wordCount":105,"commentCount":0,"image":{"@id":"https:\/\/folhapopular.info\/index.php\/2024\/05\/23\/soges-retorna-dia-1o-de-junho-com-a-copa-de-inverno\/#primaryimage"},"thumbnailUrl":"https:\/\/folhapopular.info\/wp-content\/uploads\/2024\/01\/CAMPO-2-1.jpg","keywords":["Copa de Inverno","Copa Soges","Esporte","Futebol Sete","Soges"],"articleSection":["Esportes","Futebol Sete"],"inLanguage":"pt-BR","potentialAction":[{"@type":"CommentAction","name":"Comment","target":["https:\/\/folhapopular.info\/index.php\/2024\/05\/23\/soges-retorna-dia-1o-de-junho-com-a-copa-de-inverno\/#respond"]}]},{"@type":"WebPage","@id":"https:\/\/folhapopular.info\/index.php\/2024\/05\/23\/soges-retorna-dia-1o-de-junho-com-a-copa-de-inverno\/","url":"https:\/\/folhapopular.info\/index.php\/2024\/05\/23\/soges-retorna-dia-1o-de-junho-com-a-copa-de-inverno\/","name":"Soges retorna dia 1\u00ba de junho com a Copa de Inverno - Folha Popular","isPartOf":{"@id":"https:\/\/folhapopular.info\/#website"},"primaryImageOfPage":{"@id":"https:\/\/folhapopular.info\/index.php\/2024\/05\/23\/soges-retorna-dia-1o-de-junho-com-a-copa-de-inverno\/#primaryimage"},"image":{"@id":"https:\/\/folhapopular.info\/index.php\/2024\/05\/23\/soges-retorna-dia-1o-de-junho-com-a-copa-de-inverno\/#primaryimage"},"thumbnailUrl":"https:\/\/folhapopular.info\/wp-content\/uploads\/2024\/01\/CAMPO-2-1.jpg","datePublished":"2024-05-23T17:24:47+00:00","dateModified":"2024-05-23T17:24:49+00:00","author":{"@id":"https:\/\/folhapopular.info\/#\/schema\/person\/c9138938e4781f3e1ca513f9bea5659c"},"breadcrumb":{"@id":"https:\/\/folhapopular.info\/index.php\/2024\/05\/23\/soges-retorna-dia-1o-de-junho-com-a-copa-de-inverno\/#breadcrumb"},"inLanguage":"pt-BR","potentialAction":[{"@type":"ReadAction","target":["https:\/\/folhapopular.info\/index.php\/2024\/05\/23\/soges-retorna-dia-1o-de-junho-com-a-copa-de-inverno\/"]}]},{"@type":"ImageObject","inLanguage":"pt-BR","@id":"https:\/\/folhapopular.info\/index.php\/2024\/05\/23\/soges-retorna-dia-1o-de-junho-com-a-copa-de-inverno\/#primaryimage","url":"https:\/\/folhapopular.info\/wp-content\/uploads\/2024\/01\/CAMPO-2-1.jpg","contentUrl":"https:\/\/folhapopular.info\/wp-content\/uploads\/2024\/01\/CAMPO-2-1.jpg","width":1600,"height":1066,"caption":"Cr\u00e9dito: Reprodu\u00e7\u00e3o Soges"},{"@type":"BreadcrumbList","@id":"https:\/\/folhapopular.info\/index.php\/2024\/05\/23\/soges-retorna-dia-1o-de-junho-com-a-copa-de-inverno\/#breadcrumb","itemListElement":[{"@type":"ListItem","position":1,"name":"In\u00edcio","item":"https:\/\/folhapopular.info\/"},{"@type":"ListItem","position":2,"name":"Soges retorna dia 1\u00ba de junho com a Copa de Inverno"}]},{"@type":"WebSite","@id":"https:\/\/folhapopular.info\/#website","url":"https:\/\/folhapopular.info\/","name":"Folha Popular","description":"Onde voc\u00ea tem vez e voz","potentialAction":[{"@type":"SearchAction","target":{"@type":"EntryPoint","urlTemplate":"https:\/\/folhapopular.info\/?s={search_term_string}"},"query-input":{"@type":"PropertyValueSpecification","valueRequired":true,"valueName":"search_term_string"}}],"inLanguage":"pt-BR"},{"@type":"Person","@id":"https:\/\/folhapopular.info\/#\/schema\/person\/c9138938e4781f3e1ca513f9bea5659c","name":"Carla Beckmann","image":{"@type":"ImageObject","inLanguage":"pt-BR","@id":"https:\/\/secure.gravatar.com\/avatar\/790078f6ade9f70c31db5a673b88c15df0904c2847c456b3599f72843ac11eb9?s=96&d=mm&r=g","url":"https:\/\/secure.gravatar.com\/avatar\/790078f6ade9f70c31db5a673b88c15df0904c2847c456b3599f72843ac11eb9?s=96&d=mm&r=g","contentUrl":"https:\/\/secure.gravatar.com\/avatar\/790078f6ade9f70c31db5a673b88c15df0904c2847c456b3599f72843ac11eb9?s=96&d=mm&r=g","caption":"Carla Beckmann"},"url":"https:\/\/folhapopular.info\/index.php\/author\/carlabeckmann03gmail-com\/"}]}},"jetpack_featured_media_url":"https:\/\/folhapopular.info\/wp-content\/uploads\/2024\/01\/CAMPO-2-1.jpg","jetpack_sharing_enabled":true,"amp_enabled":true,"_links":{"self":[{"href":"https:\/\/folhapopular.info\/index.php\/wp-json\/wp\/v2\/posts\/158559","targetHints":{"allow":["GET"]}}],"collection":[{"href":"https:\/\/folhapopular.info\/index.php\/wp-json\/wp\/v2\/posts"}],"about":[{"href":"https:\/\/folhapopular.info\/index.php\/wp-json\/wp\/v2\/types\/post"}],"author":[{"embeddable":true,"href":"https:\/\/folhapopular.info\/index.php\/wp-json\/wp\/v2\/users\/601"}],"replies":[{"embeddable":true,"href":"https:\/\/folhapopular.info\/index.php\/wp-json\/wp\/v2\/comments?post=158559"}],"version-history":[{"count":0,"href":"https:\/\/folhapopular.info\/index.php\/wp-json\/wp\/v2\/posts\/158559\/revisions"}],"wp:featuredmedia":[{"embeddable":true,"href":"https:\/\/folhapopular.info\/index.php\/wp-json\/wp\/v2\/media\/147699"}],"wp:attachment":[{"href":"https:\/\/folhapopular.info\/index.php\/wp-json\/wp\/v2\/media?parent=158559"}],"wp:term":[{"taxonomy":"category","embeddable":true,"href":"https:\/\/folhapopular.info\/index.php\/wp-json\/wp\/v2\/categories?post=158559"},{"taxonomy":"post_tag","embeddable":true,"href":"https:\/\/folhapopular.info\/index.php\/wp-json\/wp\/v2\/tags?post=158559"}],"curies":[{"name":"wp","href":"https:\/\/api.w.org\/{rel}","templated":true}]}}