{"id":158922,"date":"2024-05-28T19:56:21","date_gmt":"2024-05-28T22:56:21","guid":{"rendered":"https:\/\/folhapopular.info\/?p=158922"},"modified":"2024-05-28T19:56:25","modified_gmt":"2024-05-28T22:56:25","slug":"imigrante-recebera-ponte-de-empresas-da-serra-gaucha","status":"publish","type":"post","link":"https:\/\/folhapopular.info\/index.php\/2024\/05\/28\/imigrante-recebera-ponte-de-empresas-da-serra-gaucha\/","title":{"rendered":"Imigrante receber\u00e1 ponte de empresas da Serra Ga\u00facha"},"content":{"rendered":"\n<p>Empresas da serra ga\u00facha ir\u00e3o doar pontes e pontilh\u00f5es para restabelecer acessos do Vale do Taquari. Ao todo, ser\u00e3o doadas 11 estruturas, divididas entre a regi\u00e3o alta e baixa do Vale, que ser\u00e3o exclusivamente para suprir a demanda das \u00e1reas rurais, n\u00e3o tendo rela\u00e7\u00e3o com as rodovias estaduais. Uma das pontes ser\u00e1 doada para o munic\u00edpio de Imigrante.<\/p>\n\n\n\n<p>O prefeito Germano Stevens explica que o local escolhido para a ponte ser\u00e1 ao lado da passarela met\u00e1lica, que ser\u00e1 reconstru\u00edda, em frente ao Centro de Atendimento Integrado e o Centro Comunit\u00e1rio Arroio da Seca Baixa. \u201cEscolhemos este local, por ser a liga\u00e7\u00e3o entre as duas comunidades, j\u00e1 que as pontes Willy Porsche e Hollmann foram levadas pela enxurrada, e por serem pontes de concreto devem demorar mais para serem reconstru\u00eddas\u201d.<\/p>\n\n\n\n<p>Conforme o engenheiro da prefeitura de Imigrante Felipe Pocebon a estrutura da ponte ser\u00e1 em metal, com aproximadamente 24 metros, de uma via, para ve\u00edculos de at\u00e9 45 toneladas. A prefeitura ir\u00e1 arcar com a infraestrutura das cabeceiras. \u201cComo ser\u00e1 uma ponte doada, n\u00e3o podemos precisar quando ser\u00e1 entregue, mas acreditamos que o processo seja r\u00e1pido, pois ela j\u00e1 est\u00e1 sendo fabricada\u201d.<\/p>\n","protected":false},"excerpt":{"rendered":"<p>Empresas da serra ga\u00facha ir\u00e3o doar pontes e pontilh\u00f5es para restabelecer acessos do Vale do Taquari. Ao todo, ser\u00e3o doadas 11 estruturas, divididas entre a regi\u00e3o alta e baixa do Vale, que ser\u00e3o exclusivamente para suprir a demanda das \u00e1reas rurais, n\u00e3o tendo rela\u00e7\u00e3o com as rodovias estaduais. Uma das pontes ser\u00e1 doada para o [&hellip;]<\/p>\n","protected":false},"author":8,"featured_media":158923,"comment_status":"open","ping_status":"open","sticky":false,"template":"","format":"standard","meta":{"pmpro_default_level":"","_jetpack_memberships_contains_paid_content":false,"footnotes":""},"categories":[2,3],"tags":[34],"class_list":{"0":"post-158922","1":"post","2":"type-post","3":"status-publish","4":"format-standard","5":"has-post-thumbnail","7":"category-featured","8":"category-geral","9":"tag-imigrante","10":"pmpro-has-access"},"yoast_head":"<!-- This site is optimized with the Yoast SEO plugin v27.5 - https:\/\/yoast.com\/product\/yoast-seo-wordpress\/ -->\n<title>Imigrante receber\u00e1 ponte de empresas da Serra Ga\u00facha - Folha Popular<\/title>\n<meta name=\"robots\" content=\"index, follow, max-snippet:-1, max-image-preview:large, max-video-preview:-1\" \/>\n<link rel=\"canonical\" href=\"https:\/\/folhapopular.info\/index.php\/2024\/05\/28\/imigrante-recebera-ponte-de-empresas-da-serra-gaucha\/\" \/>\n<meta property=\"og:locale\" content=\"pt_BR\" \/>\n<meta property=\"og:type\" content=\"article\" \/>\n<meta property=\"og:title\" content=\"Imigrante receber\u00e1 ponte de empresas da Serra Ga\u00facha - Folha Popular\" \/>\n<meta property=\"og:description\" content=\"Empresas da serra ga\u00facha ir\u00e3o doar pontes e pontilh\u00f5es para restabelecer acessos do Vale do Taquari. Ao todo, ser\u00e3o doadas 11 estruturas, divididas entre a regi\u00e3o alta e baixa do Vale, que ser\u00e3o exclusivamente para suprir a demanda das \u00e1reas rurais, n\u00e3o tendo rela\u00e7\u00e3o com as rodovias estaduais. Uma das pontes ser\u00e1 doada para o [&hellip;]\" \/>\n<meta property=\"og:url\" content=\"https:\/\/folhapopular.info\/index.php\/2024\/05\/28\/imigrante-recebera-ponte-de-empresas-da-serra-gaucha\/\" \/>\n<meta property=\"og:site_name\" content=\"Folha Popular\" \/>\n<meta property=\"article:published_time\" content=\"2024-05-28T22:56:21+00:00\" \/>\n<meta property=\"article:modified_time\" content=\"2024-05-28T22:56:25+00:00\" \/>\n<meta property=\"og:image\" content=\"http:\/\/folhapopular.info\/wp-content\/uploads\/2024\/05\/WhatsApp-Image-2024-05-28-at-18.02.41.jpeg\" \/>\n\t<meta property=\"og:image:width\" content=\"1600\" \/>\n\t<meta property=\"og:image:height\" content=\"900\" \/>\n\t<meta property=\"og:image:type\" content=\"image\/jpeg\" \/>\n<meta name=\"author\" content=\"Reda\u00e7\u00e3o Folha Popular\" \/>\n<meta name=\"twitter:card\" content=\"summary_large_image\" \/>\n<meta name=\"twitter:label1\" content=\"Escrito por\" \/>\n\t<meta name=\"twitter:data1\" content=\"Reda\u00e7\u00e3o Folha Popular\" \/>\n\t<meta name=\"twitter:label2\" content=\"Est. tempo de leitura\" \/>\n\t<meta name=\"twitter:data2\" content=\"2 minutos\" \/>\n<script type=\"application\/ld+json\" class=\"yoast-schema-graph\">{\"@context\":\"https:\\\/\\\/schema.org\",\"@graph\":[{\"@type\":\"Article\",\"@id\":\"https:\\\/\\\/folhapopular.info\\\/index.php\\\/2024\\\/05\\\/28\\\/imigrante-recebera-ponte-de-empresas-da-serra-gaucha\\\/#article\",\"isPartOf\":{\"@id\":\"https:\\\/\\\/folhapopular.info\\\/index.php\\\/2024\\\/05\\\/28\\\/imigrante-recebera-ponte-de-empresas-da-serra-gaucha\\\/\"},\"author\":{\"name\":\"Reda\u00e7\u00e3o Folha Popular\",\"@id\":\"https:\\\/\\\/folhapopular.info\\\/#\\\/schema\\\/person\\\/2814e8a0df7643585a9ca38bc6eb9d4b\"},\"headline\":\"Imigrante receber\u00e1 ponte de empresas da Serra Ga\u00facha\",\"datePublished\":\"2024-05-28T22:56:21+00:00\",\"dateModified\":\"2024-05-28T22:56:25+00:00\",\"mainEntityOfPage\":{\"@id\":\"https:\\\/\\\/folhapopular.info\\\/index.php\\\/2024\\\/05\\\/28\\\/imigrante-recebera-ponte-de-empresas-da-serra-gaucha\\\/\"},\"wordCount\":214,\"commentCount\":0,\"image\":{\"@id\":\"https:\\\/\\\/folhapopular.info\\\/index.php\\\/2024\\\/05\\\/28\\\/imigrante-recebera-ponte-de-empresas-da-serra-gaucha\\\/#primaryimage\"},\"thumbnailUrl\":\"https:\\\/\\\/folhapopular.info\\\/wp-content\\\/uploads\\\/2024\\\/05\\\/WhatsApp-Image-2024-05-28-at-18.02.41.jpeg\",\"keywords\":[\"Imigrante\"],\"articleSection\":[\"Destaques\",\"Geral\"],\"inLanguage\":\"pt-BR\",\"potentialAction\":[{\"@type\":\"CommentAction\",\"name\":\"Comment\",\"target\":[\"https:\\\/\\\/folhapopular.info\\\/index.php\\\/2024\\\/05\\\/28\\\/imigrante-recebera-ponte-de-empresas-da-serra-gaucha\\\/#respond\"]}]},{\"@type\":\"WebPage\",\"@id\":\"https:\\\/\\\/folhapopular.info\\\/index.php\\\/2024\\\/05\\\/28\\\/imigrante-recebera-ponte-de-empresas-da-serra-gaucha\\\/\",\"url\":\"https:\\\/\\\/folhapopular.info\\\/index.php\\\/2024\\\/05\\\/28\\\/imigrante-recebera-ponte-de-empresas-da-serra-gaucha\\\/\",\"name\":\"Imigrante receber\u00e1 ponte de empresas da Serra Ga\u00facha - Folha Popular\",\"isPartOf\":{\"@id\":\"https:\\\/\\\/folhapopular.info\\\/#website\"},\"primaryImageOfPage\":{\"@id\":\"https:\\\/\\\/folhapopular.info\\\/index.php\\\/2024\\\/05\\\/28\\\/imigrante-recebera-ponte-de-empresas-da-serra-gaucha\\\/#primaryimage\"},\"image\":{\"@id\":\"https:\\\/\\\/folhapopular.info\\\/index.php\\\/2024\\\/05\\\/28\\\/imigrante-recebera-ponte-de-empresas-da-serra-gaucha\\\/#primaryimage\"},\"thumbnailUrl\":\"https:\\\/\\\/folhapopular.info\\\/wp-content\\\/uploads\\\/2024\\\/05\\\/WhatsApp-Image-2024-05-28-at-18.02.41.jpeg\",\"datePublished\":\"2024-05-28T22:56:21+00:00\",\"dateModified\":\"2024-05-28T22:56:25+00:00\",\"author\":{\"@id\":\"https:\\\/\\\/folhapopular.info\\\/#\\\/schema\\\/person\\\/2814e8a0df7643585a9ca38bc6eb9d4b\"},\"breadcrumb\":{\"@id\":\"https:\\\/\\\/folhapopular.info\\\/index.php\\\/2024\\\/05\\\/28\\\/imigrante-recebera-ponte-de-empresas-da-serra-gaucha\\\/#breadcrumb\"},\"inLanguage\":\"pt-BR\",\"potentialAction\":[{\"@type\":\"ReadAction\",\"target\":[\"https:\\\/\\\/folhapopular.info\\\/index.php\\\/2024\\\/05\\\/28\\\/imigrante-recebera-ponte-de-empresas-da-serra-gaucha\\\/\"]}]},{\"@type\":\"ImageObject\",\"inLanguage\":\"pt-BR\",\"@id\":\"https:\\\/\\\/folhapopular.info\\\/index.php\\\/2024\\\/05\\\/28\\\/imigrante-recebera-ponte-de-empresas-da-serra-gaucha\\\/#primaryimage\",\"url\":\"https:\\\/\\\/folhapopular.info\\\/wp-content\\\/uploads\\\/2024\\\/05\\\/WhatsApp-Image-2024-05-28-at-18.02.41.jpeg\",\"contentUrl\":\"https:\\\/\\\/folhapopular.info\\\/wp-content\\\/uploads\\\/2024\\\/05\\\/WhatsApp-Image-2024-05-28-at-18.02.41.jpeg\",\"width\":1600,\"height\":900,\"caption\":\"Cr\u00e9ditos: Divulga\u00e7\u00e3o\"},{\"@type\":\"BreadcrumbList\",\"@id\":\"https:\\\/\\\/folhapopular.info\\\/index.php\\\/2024\\\/05\\\/28\\\/imigrante-recebera-ponte-de-empresas-da-serra-gaucha\\\/#breadcrumb\",\"itemListElement\":[{\"@type\":\"ListItem\",\"position\":1,\"name\":\"In\u00edcio\",\"item\":\"https:\\\/\\\/folhapopular.info\\\/\"},{\"@type\":\"ListItem\",\"position\":2,\"name\":\"Imigrante receber\u00e1 ponte de empresas da Serra Ga\u00facha\"}]},{\"@type\":\"WebSite\",\"@id\":\"https:\\\/\\\/folhapopular.info\\\/#website\",\"url\":\"https:\\\/\\\/folhapopular.info\\\/\",\"name\":\"Folha Popular\",\"description\":\"Onde voc\u00ea tem vez e voz\",\"potentialAction\":[{\"@type\":\"SearchAction\",\"target\":{\"@type\":\"EntryPoint\",\"urlTemplate\":\"https:\\\/\\\/folhapopular.info\\\/?s={search_term_string}\"},\"query-input\":{\"@type\":\"PropertyValueSpecification\",\"valueRequired\":true,\"valueName\":\"search_term_string\"}}],\"inLanguage\":\"pt-BR\"},{\"@type\":\"Person\",\"@id\":\"https:\\\/\\\/folhapopular.info\\\/#\\\/schema\\\/person\\\/2814e8a0df7643585a9ca38bc6eb9d4b\",\"name\":\"Reda\u00e7\u00e3o Folha Popular\",\"image\":{\"@type\":\"ImageObject\",\"inLanguage\":\"pt-BR\",\"@id\":\"https:\\\/\\\/folhapopular.info\\\/wp-content\\\/uploads\\\/2026\\\/04\\\/Folha-1.webp\",\"url\":\"https:\\\/\\\/folhapopular.info\\\/wp-content\\\/uploads\\\/2026\\\/04\\\/Folha-1.webp\",\"contentUrl\":\"https:\\\/\\\/folhapopular.info\\\/wp-content\\\/uploads\\\/2026\\\/04\\\/Folha-1.webp\",\"caption\":\"Reda\u00e7\u00e3o Folha Popular\"},\"url\":\"https:\\\/\\\/folhapopular.info\\\/index.php\\\/author\\\/redacao\\\/\"}]}<\/script>\n<!-- \/ Yoast SEO plugin. -->","yoast_head_json":{"title":"Imigrante receber\u00e1 ponte de empresas da Serra Ga\u00facha - Folha Popular","robots":{"index":"index","follow":"follow","max-snippet":"max-snippet:-1","max-image-preview":"max-image-preview:large","max-video-preview":"max-video-preview:-1"},"canonical":"https:\/\/folhapopular.info\/index.php\/2024\/05\/28\/imigrante-recebera-ponte-de-empresas-da-serra-gaucha\/","og_locale":"pt_BR","og_type":"article","og_title":"Imigrante receber\u00e1 ponte de empresas da Serra Ga\u00facha - Folha Popular","og_description":"Empresas da serra ga\u00facha ir\u00e3o doar pontes e pontilh\u00f5es para restabelecer acessos do Vale do Taquari. Ao todo, ser\u00e3o doadas 11 estruturas, divididas entre a regi\u00e3o alta e baixa do Vale, que ser\u00e3o exclusivamente para suprir a demanda das \u00e1reas rurais, n\u00e3o tendo rela\u00e7\u00e3o com as rodovias estaduais. Uma das pontes ser\u00e1 doada para o [&hellip;]","og_url":"https:\/\/folhapopular.info\/index.php\/2024\/05\/28\/imigrante-recebera-ponte-de-empresas-da-serra-gaucha\/","og_site_name":"Folha Popular","article_published_time":"2024-05-28T22:56:21+00:00","article_modified_time":"2024-05-28T22:56:25+00:00","og_image":[{"width":1600,"height":900,"url":"http:\/\/folhapopular.info\/wp-content\/uploads\/2024\/05\/WhatsApp-Image-2024-05-28-at-18.02.41.jpeg","type":"image\/jpeg"}],"author":"Reda\u00e7\u00e3o Folha Popular","twitter_card":"summary_large_image","twitter_misc":{"Escrito por":"Reda\u00e7\u00e3o Folha Popular","Est. tempo de leitura":"2 minutos"},"schema":{"@context":"https:\/\/schema.org","@graph":[{"@type":"Article","@id":"https:\/\/folhapopular.info\/index.php\/2024\/05\/28\/imigrante-recebera-ponte-de-empresas-da-serra-gaucha\/#article","isPartOf":{"@id":"https:\/\/folhapopular.info\/index.php\/2024\/05\/28\/imigrante-recebera-ponte-de-empresas-da-serra-gaucha\/"},"author":{"name":"Reda\u00e7\u00e3o Folha Popular","@id":"https:\/\/folhapopular.info\/#\/schema\/person\/2814e8a0df7643585a9ca38bc6eb9d4b"},"headline":"Imigrante receber\u00e1 ponte de empresas da Serra Ga\u00facha","datePublished":"2024-05-28T22:56:21+00:00","dateModified":"2024-05-28T22:56:25+00:00","mainEntityOfPage":{"@id":"https:\/\/folhapopular.info\/index.php\/2024\/05\/28\/imigrante-recebera-ponte-de-empresas-da-serra-gaucha\/"},"wordCount":214,"commentCount":0,"image":{"@id":"https:\/\/folhapopular.info\/index.php\/2024\/05\/28\/imigrante-recebera-ponte-de-empresas-da-serra-gaucha\/#primaryimage"},"thumbnailUrl":"https:\/\/folhapopular.info\/wp-content\/uploads\/2024\/05\/WhatsApp-Image-2024-05-28-at-18.02.41.jpeg","keywords":["Imigrante"],"articleSection":["Destaques","Geral"],"inLanguage":"pt-BR","potentialAction":[{"@type":"CommentAction","name":"Comment","target":["https:\/\/folhapopular.info\/index.php\/2024\/05\/28\/imigrante-recebera-ponte-de-empresas-da-serra-gaucha\/#respond"]}]},{"@type":"WebPage","@id":"https:\/\/folhapopular.info\/index.php\/2024\/05\/28\/imigrante-recebera-ponte-de-empresas-da-serra-gaucha\/","url":"https:\/\/folhapopular.info\/index.php\/2024\/05\/28\/imigrante-recebera-ponte-de-empresas-da-serra-gaucha\/","name":"Imigrante receber\u00e1 ponte de empresas da Serra Ga\u00facha - Folha Popular","isPartOf":{"@id":"https:\/\/folhapopular.info\/#website"},"primaryImageOfPage":{"@id":"https:\/\/folhapopular.info\/index.php\/2024\/05\/28\/imigrante-recebera-ponte-de-empresas-da-serra-gaucha\/#primaryimage"},"image":{"@id":"https:\/\/folhapopular.info\/index.php\/2024\/05\/28\/imigrante-recebera-ponte-de-empresas-da-serra-gaucha\/#primaryimage"},"thumbnailUrl":"https:\/\/folhapopular.info\/wp-content\/uploads\/2024\/05\/WhatsApp-Image-2024-05-28-at-18.02.41.jpeg","datePublished":"2024-05-28T22:56:21+00:00","dateModified":"2024-05-28T22:56:25+00:00","author":{"@id":"https:\/\/folhapopular.info\/#\/schema\/person\/2814e8a0df7643585a9ca38bc6eb9d4b"},"breadcrumb":{"@id":"https:\/\/folhapopular.info\/index.php\/2024\/05\/28\/imigrante-recebera-ponte-de-empresas-da-serra-gaucha\/#breadcrumb"},"inLanguage":"pt-BR","potentialAction":[{"@type":"ReadAction","target":["https:\/\/folhapopular.info\/index.php\/2024\/05\/28\/imigrante-recebera-ponte-de-empresas-da-serra-gaucha\/"]}]},{"@type":"ImageObject","inLanguage":"pt-BR","@id":"https:\/\/folhapopular.info\/index.php\/2024\/05\/28\/imigrante-recebera-ponte-de-empresas-da-serra-gaucha\/#primaryimage","url":"https:\/\/folhapopular.info\/wp-content\/uploads\/2024\/05\/WhatsApp-Image-2024-05-28-at-18.02.41.jpeg","contentUrl":"https:\/\/folhapopular.info\/wp-content\/uploads\/2024\/05\/WhatsApp-Image-2024-05-28-at-18.02.41.jpeg","width":1600,"height":900,"caption":"Cr\u00e9ditos: Divulga\u00e7\u00e3o"},{"@type":"BreadcrumbList","@id":"https:\/\/folhapopular.info\/index.php\/2024\/05\/28\/imigrante-recebera-ponte-de-empresas-da-serra-gaucha\/#breadcrumb","itemListElement":[{"@type":"ListItem","position":1,"name":"In\u00edcio","item":"https:\/\/folhapopular.info\/"},{"@type":"ListItem","position":2,"name":"Imigrante receber\u00e1 ponte de empresas da Serra Ga\u00facha"}]},{"@type":"WebSite","@id":"https:\/\/folhapopular.info\/#website","url":"https:\/\/folhapopular.info\/","name":"Folha Popular","description":"Onde voc\u00ea tem vez e voz","potentialAction":[{"@type":"SearchAction","target":{"@type":"EntryPoint","urlTemplate":"https:\/\/folhapopular.info\/?s={search_term_string}"},"query-input":{"@type":"PropertyValueSpecification","valueRequired":true,"valueName":"search_term_string"}}],"inLanguage":"pt-BR"},{"@type":"Person","@id":"https:\/\/folhapopular.info\/#\/schema\/person\/2814e8a0df7643585a9ca38bc6eb9d4b","name":"Reda\u00e7\u00e3o Folha Popular","image":{"@type":"ImageObject","inLanguage":"pt-BR","@id":"https:\/\/folhapopular.info\/wp-content\/uploads\/2026\/04\/Folha-1.webp","url":"https:\/\/folhapopular.info\/wp-content\/uploads\/2026\/04\/Folha-1.webp","contentUrl":"https:\/\/folhapopular.info\/wp-content\/uploads\/2026\/04\/Folha-1.webp","caption":"Reda\u00e7\u00e3o Folha Popular"},"url":"https:\/\/folhapopular.info\/index.php\/author\/redacao\/"}]}},"jetpack_featured_media_url":"https:\/\/folhapopular.info\/wp-content\/uploads\/2024\/05\/WhatsApp-Image-2024-05-28-at-18.02.41.jpeg","jetpack_sharing_enabled":true,"amp_enabled":true,"_links":{"self":[{"href":"https:\/\/folhapopular.info\/index.php\/wp-json\/wp\/v2\/posts\/158922","targetHints":{"allow":["GET"]}}],"collection":[{"href":"https:\/\/folhapopular.info\/index.php\/wp-json\/wp\/v2\/posts"}],"about":[{"href":"https:\/\/folhapopular.info\/index.php\/wp-json\/wp\/v2\/types\/post"}],"author":[{"embeddable":true,"href":"https:\/\/folhapopular.info\/index.php\/wp-json\/wp\/v2\/users\/8"}],"replies":[{"embeddable":true,"href":"https:\/\/folhapopular.info\/index.php\/wp-json\/wp\/v2\/comments?post=158922"}],"version-history":[{"count":0,"href":"https:\/\/folhapopular.info\/index.php\/wp-json\/wp\/v2\/posts\/158922\/revisions"}],"wp:featuredmedia":[{"embeddable":true,"href":"https:\/\/folhapopular.info\/index.php\/wp-json\/wp\/v2\/media\/158923"}],"wp:attachment":[{"href":"https:\/\/folhapopular.info\/index.php\/wp-json\/wp\/v2\/media?parent=158922"}],"wp:term":[{"taxonomy":"category","embeddable":true,"href":"https:\/\/folhapopular.info\/index.php\/wp-json\/wp\/v2\/categories?post=158922"},{"taxonomy":"post_tag","embeddable":true,"href":"https:\/\/folhapopular.info\/index.php\/wp-json\/wp\/v2\/tags?post=158922"}],"curies":[{"name":"wp","href":"https:\/\/api.w.org\/{rel}","templated":true}]}}