{"id":159037,"date":"2024-05-30T07:39:05","date_gmt":"2024-05-30T10:39:05","guid":{"rendered":"https:\/\/folhapopular.info\/?p=159037"},"modified":"2024-05-30T18:21:01","modified_gmt":"2024-05-30T21:21:01","slug":"teutonia-lanca-pacote-agricola-2024-na-segunda-feira-3-6","status":"publish","type":"post","link":"https:\/\/folhapopular.info\/index.php\/2024\/05\/30\/teutonia-lanca-pacote-agricola-2024-na-segunda-feira-3-6\/","title":{"rendered":"Teut\u00f4nia lan\u00e7a Pacote Agr\u00edcola 2024 na segunda-feira (3\/6)"},"content":{"rendered":"\n<p>Inicia na pr\u00f3xima segunda-feira, dia 3 de junho, o Programa de Incentivo \u00e0 Produ\u00e7\u00e3o Prim\u00e1ria de 2024, conhecido como Pacote Agr\u00edcola ser\u00e1 lan\u00e7ado. O benef\u00edcio conceder\u00e1 mais de R$ 1,2 milh\u00e3o em subs\u00eddio aos produtores rurais e agroind\u00fastrias familiares estabelecidos no munic\u00edpio, que possuam Tal\u00e3o de Notas de Produtor Rural cadastrado em Teut\u00f4nia.<\/p>\n\n\n\n<p>O incentivo municipal poder\u00e1 contemplar 1.041 produtores que se enquadram nas faixas de limites do programa. A retirada do Cart\u00e3o do Produtor Rural e a realiza\u00e7\u00e3o das compras dever\u00e3o ser realizadas entre os dias 03 de junho e 14 de novembro de 2024.<\/p>\n\n\n\n<p>A concess\u00e3o do subs\u00eddio se dar\u00e1 por pagamento atrav\u00e9s do Cart\u00e3o do Produtor Rural (cart\u00e3o magn\u00e9tico), uma novidade adotada a fim de facilitar e desburocratizar o processo de compra e presta\u00e7\u00e3o de contas dos beneficiados. Al\u00e9m disso, trata-se de uma forma de incentivo ao com\u00e9rcio local, visto que materiais e\/ou presta\u00e7\u00e3o de servi\u00e7os dever\u00e3o ser negociados nos estabelecimentos credenciados ao munic\u00edpio de Teut\u00f4nia.<\/p>\n\n\n\n<p>O incentivo pode ser investido em produtos como sementes, \u00f3leo diesel, mudas, adubos, pintos, materiais, ferramentas, equipamentos, m\u00e1quinas, insumos para corre\u00e7\u00e3o do solo, contrata\u00e7\u00e3o de servi\u00e7os e os demais insumos componentes para produ\u00e7\u00e3o de produtos prim\u00e1rios que contemplem e melhorem as atividades j\u00e1 existentes na propriedade rural.<\/p>\n\n\n\n<p>O valor do subs\u00eddio \u00e9 apurado com base no valor adicionado do exerc\u00edcio anterior ao da concess\u00e3o, conforme relat\u00f3rio apresentado pelo Setor de ICMS da Administra\u00e7\u00e3o Municipal, de acordo com o levantamento do exerc\u00edcio da concess\u00e3o efetuado at\u00e9 15 de mar\u00e7o, com base na seguinte rela\u00e7\u00e3o: produtores rurais que faturaram entre R$ 7 mil e R$ 80 mil em 2023, receber\u00e3o subs\u00eddio de R$ 1.150,00; os que faturaram entre R$ 80 mil e R$ 400 mil receber\u00e3o R$ 1.300,00; j\u00e1 os produtores cujo faturamento ultrapassou os R$ 400 mil, receber\u00e3o subs\u00eddio de R$ 1.400,00.<\/p>\n\n\n\n<p>Al\u00e9m do Pacote Agr\u00edcola, a Prefeitura de Teut\u00f4nia oferece o Programa Brita, que contempla com 5 m\u00b3 de brita produtores rurais que venderam R$ 7 mil ou mais \u2013 ao longo de 2023 \u2013 com 50% de subs\u00eddio no valor da brita. Outros quatro benef\u00edcios s\u00e3o oferecidos de forma totalmente gratuita, sendo eles: o enterro de animais de grande porte; transporte de calc\u00e1rio e insumos para corre\u00e7\u00e3o do solo, vindos de fora do munic\u00edpio; transporte de brita pela dist\u00e2ncia de at\u00e9 80 km; e assist\u00eancia profissional para realiza\u00e7\u00e3o de inspe\u00e7\u00f5es sanit\u00e1rias em agroind\u00fastrias, as quais tamb\u00e9m tem direito a aux\u00edlio para an\u00e1lise de produtos, que pode chegar a R$ 1.000,00 ao ano.<\/p>\n\n\n\n<p><strong>Cronograma de retirada do cart\u00e3o<\/strong><\/p>\n\n\n\n<p>O cronograma de entrega dos cart\u00f5es magn\u00e9ticos ser\u00e1 por localidade, nos seguintes per\u00edodos:<\/p>\n\n\n\n<p><strong>Semana 1<\/strong><\/p>\n\n\n\n<p><em>De 03 a 07 de junho de 2024<\/em><\/p>\n\n\n\n<ul class=\"wp-block-list\">\n<li>Linha Capivara<\/li>\n\n\n\n<li>Linha Catarina<\/li>\n\n\n\n<li>Centro<\/li>\n\n\n\n<li>Linha Gamela<\/li>\n\n\n\n<li>Linha Pontes Filho<\/li>\n\n\n\n<li>Linha Harmonia<\/li>\n\n\n\n<li>Linha Leopoldina<\/li>\n\n\n\n<li><strong>Semana 2<\/strong><\/li>\n\n\n\n<li><em>De 10 a 14 de junho de 2024<\/em><\/li>\n\n\n\n<li>Linha Clara<\/li>\n\n\n\n<li>Linha Frank<\/li>\n\n\n\n<li>Linha Wink<\/li>\n\n\n\n<li>Rua Carlos Arnt<\/li>\n\n\n\n<li>Rua Guilherme Bierkheuer<\/li>\n\n\n\n<li>Rua Paulo Ernesto<\/li>\n\n\n\n<li>Linha Welp<\/li>\n\n\n\n<li>Gl\u00f3ria<\/li>\n\n\n\n<li><strong>Semana 3<\/strong><\/li>\n\n\n\n<li><em>De 17 a 21 de junho de 2024<\/em><\/li>\n\n\n\n<li>Boa Vista<\/li>\n\n\n\n<li>Bairro Canabarro<\/li>\n\n\n\n<li>Linha Germano<\/li>\n\n\n\n<li>Linha Geraldo<\/li>\n\n\n\n<li><strong>Semana 4<\/strong><\/li>\n\n\n\n<li><em>De 24 a 28 de junho 2024<\/em><\/li>\n\n\n\n<li>Linha S\u00e3o Jac\u00f3<\/li>\n\n\n\n<li>Rua 03 de Outubro<\/li>\n\n\n\n<li>Rua Daltro Filho<\/li>\n\n\n\n<li>Rua General Canabarro<\/li>\n\n\n\n<li>Bairro Languiru<\/li>\n\n\n\n<li>Rua Major Bandeira<\/li>\n\n\n\n<li>Rua Maur\u00edcio Cardoso<\/li>\n\n\n\n<li>Linha Posses<\/li>\n\n\n\n<li>Rua Ribeiro<\/li>\n\n\n\n<li>RS 128<\/li>\n\n\n\n<li>RS 419<\/li>\n\n\n\n<li>RS 453<\/li>\n\n\n\n<li>Bairro Teut\u00f4nia<\/li>\n<\/ul>\n","protected":false},"excerpt":{"rendered":"<p>Inicia na pr\u00f3xima segunda-feira, dia 3 de junho, o Programa de Incentivo \u00e0 Produ\u00e7\u00e3o Prim\u00e1ria de 2024, conhecido como Pacote Agr\u00edcola ser\u00e1 lan\u00e7ado. O benef\u00edcio conceder\u00e1 mais de R$ 1,2 milh\u00e3o em subs\u00eddio aos produtores rurais e agroind\u00fastrias familiares estabelecidos no munic\u00edpio, que possuam Tal\u00e3o de Notas de Produtor Rural cadastrado em Teut\u00f4nia. O incentivo [&hellip;]<\/p>\n","protected":false},"author":8,"featured_media":159040,"comment_status":"open","ping_status":"open","sticky":false,"template":"","format":"standard","meta":{"pmpro_default_level":"","_jetpack_memberships_contains_paid_content":false,"footnotes":""},"categories":[2,10991,10994],"tags":[11027,26],"class_list":{"0":"post-159037","1":"post","2":"type-post","3":"status-publish","4":"format-standard","5":"has-post-thumbnail","7":"category-featured","8":"category-economia","9":"category-rural","10":"tag-rural","11":"tag-teutonia","12":"pmpro-has-access"},"yoast_head":"<!-- This site is optimized with the Yoast SEO plugin v27.5 - https:\/\/yoast.com\/product\/yoast-seo-wordpress\/ -->\n<title>Teut\u00f4nia lan\u00e7a Pacote Agr\u00edcola 2024 na segunda-feira (3\/6) - Folha Popular<\/title>\n<meta name=\"robots\" content=\"index, follow, max-snippet:-1, max-image-preview:large, max-video-preview:-1\" \/>\n<link rel=\"canonical\" href=\"https:\/\/folhapopular.info\/index.php\/2024\/05\/30\/teutonia-lanca-pacote-agricola-2024-na-segunda-feira-3-6\/\" \/>\n<meta property=\"og:locale\" content=\"pt_BR\" \/>\n<meta property=\"og:type\" content=\"article\" \/>\n<meta property=\"og:title\" content=\"Teut\u00f4nia lan\u00e7a Pacote Agr\u00edcola 2024 na segunda-feira (3\/6) - Folha Popular\" \/>\n<meta property=\"og:description\" content=\"Inicia na pr\u00f3xima segunda-feira, dia 3 de junho, o Programa de Incentivo \u00e0 Produ\u00e7\u00e3o Prim\u00e1ria de 2024, conhecido como Pacote Agr\u00edcola ser\u00e1 lan\u00e7ado. O benef\u00edcio conceder\u00e1 mais de R$ 1,2 milh\u00e3o em subs\u00eddio aos produtores rurais e agroind\u00fastrias familiares estabelecidos no munic\u00edpio, que possuam Tal\u00e3o de Notas de Produtor Rural cadastrado em Teut\u00f4nia. O incentivo [&hellip;]\" \/>\n<meta property=\"og:url\" content=\"https:\/\/folhapopular.info\/index.php\/2024\/05\/30\/teutonia-lanca-pacote-agricola-2024-na-segunda-feira-3-6\/\" \/>\n<meta property=\"og:site_name\" content=\"Folha Popular\" \/>\n<meta property=\"article:published_time\" content=\"2024-05-30T10:39:05+00:00\" \/>\n<meta property=\"article:modified_time\" content=\"2024-05-30T21:21:01+00:00\" \/>\n<meta property=\"og:image\" content=\"http:\/\/folhapopular.info\/wp-content\/uploads\/2024\/05\/2024_05_29_Lancamento-do-pacote-agricola-2024-ocorre-nesta-segunda-feira.png\" \/>\n\t<meta property=\"og:image:width\" content=\"2363\" \/>\n\t<meta property=\"og:image:height\" content=\"2363\" \/>\n\t<meta property=\"og:image:type\" content=\"image\/png\" \/>\n<meta name=\"author\" content=\"Reda\u00e7\u00e3o Folha Popular\" \/>\n<meta name=\"twitter:card\" content=\"summary_large_image\" \/>\n<meta name=\"twitter:label1\" content=\"Escrito por\" \/>\n\t<meta name=\"twitter:data1\" content=\"Reda\u00e7\u00e3o Folha Popular\" \/>\n\t<meta name=\"twitter:label2\" content=\"Est. tempo de leitura\" \/>\n\t<meta name=\"twitter:data2\" content=\"4 minutos\" \/>\n<script type=\"application\/ld+json\" class=\"yoast-schema-graph\">{\"@context\":\"https:\\\/\\\/schema.org\",\"@graph\":[{\"@type\":\"Article\",\"@id\":\"https:\\\/\\\/folhapopular.info\\\/index.php\\\/2024\\\/05\\\/30\\\/teutonia-lanca-pacote-agricola-2024-na-segunda-feira-3-6\\\/#article\",\"isPartOf\":{\"@id\":\"https:\\\/\\\/folhapopular.info\\\/index.php\\\/2024\\\/05\\\/30\\\/teutonia-lanca-pacote-agricola-2024-na-segunda-feira-3-6\\\/\"},\"author\":{\"name\":\"Reda\u00e7\u00e3o Folha Popular\",\"@id\":\"https:\\\/\\\/folhapopular.info\\\/#\\\/schema\\\/person\\\/2814e8a0df7643585a9ca38bc6eb9d4b\"},\"headline\":\"Teut\u00f4nia lan\u00e7a Pacote Agr\u00edcola 2024 na segunda-feira (3\\\/6)\",\"datePublished\":\"2024-05-30T10:39:05+00:00\",\"dateModified\":\"2024-05-30T21:21:01+00:00\",\"mainEntityOfPage\":{\"@id\":\"https:\\\/\\\/folhapopular.info\\\/index.php\\\/2024\\\/05\\\/30\\\/teutonia-lanca-pacote-agricola-2024-na-segunda-feira-3-6\\\/\"},\"wordCount\":580,\"commentCount\":0,\"image\":{\"@id\":\"https:\\\/\\\/folhapopular.info\\\/index.php\\\/2024\\\/05\\\/30\\\/teutonia-lanca-pacote-agricola-2024-na-segunda-feira-3-6\\\/#primaryimage\"},\"thumbnailUrl\":\"https:\\\/\\\/folhapopular.info\\\/wp-content\\\/uploads\\\/2024\\\/05\\\/2024_05_29_Lancamento-do-pacote-agricola-2024-ocorre-nesta-segunda-feira.png\",\"keywords\":[\"rural\",\"Teut\u00f4nia\"],\"articleSection\":[\"Destaques\",\"Economia\",\"Rural\"],\"inLanguage\":\"pt-BR\",\"potentialAction\":[{\"@type\":\"CommentAction\",\"name\":\"Comment\",\"target\":[\"https:\\\/\\\/folhapopular.info\\\/index.php\\\/2024\\\/05\\\/30\\\/teutonia-lanca-pacote-agricola-2024-na-segunda-feira-3-6\\\/#respond\"]}]},{\"@type\":\"WebPage\",\"@id\":\"https:\\\/\\\/folhapopular.info\\\/index.php\\\/2024\\\/05\\\/30\\\/teutonia-lanca-pacote-agricola-2024-na-segunda-feira-3-6\\\/\",\"url\":\"https:\\\/\\\/folhapopular.info\\\/index.php\\\/2024\\\/05\\\/30\\\/teutonia-lanca-pacote-agricola-2024-na-segunda-feira-3-6\\\/\",\"name\":\"Teut\u00f4nia lan\u00e7a Pacote Agr\u00edcola 2024 na segunda-feira (3\\\/6) - Folha Popular\",\"isPartOf\":{\"@id\":\"https:\\\/\\\/folhapopular.info\\\/#website\"},\"primaryImageOfPage\":{\"@id\":\"https:\\\/\\\/folhapopular.info\\\/index.php\\\/2024\\\/05\\\/30\\\/teutonia-lanca-pacote-agricola-2024-na-segunda-feira-3-6\\\/#primaryimage\"},\"image\":{\"@id\":\"https:\\\/\\\/folhapopular.info\\\/index.php\\\/2024\\\/05\\\/30\\\/teutonia-lanca-pacote-agricola-2024-na-segunda-feira-3-6\\\/#primaryimage\"},\"thumbnailUrl\":\"https:\\\/\\\/folhapopular.info\\\/wp-content\\\/uploads\\\/2024\\\/05\\\/2024_05_29_Lancamento-do-pacote-agricola-2024-ocorre-nesta-segunda-feira.png\",\"datePublished\":\"2024-05-30T10:39:05+00:00\",\"dateModified\":\"2024-05-30T21:21:01+00:00\",\"author\":{\"@id\":\"https:\\\/\\\/folhapopular.info\\\/#\\\/schema\\\/person\\\/2814e8a0df7643585a9ca38bc6eb9d4b\"},\"breadcrumb\":{\"@id\":\"https:\\\/\\\/folhapopular.info\\\/index.php\\\/2024\\\/05\\\/30\\\/teutonia-lanca-pacote-agricola-2024-na-segunda-feira-3-6\\\/#breadcrumb\"},\"inLanguage\":\"pt-BR\",\"potentialAction\":[{\"@type\":\"ReadAction\",\"target\":[\"https:\\\/\\\/folhapopular.info\\\/index.php\\\/2024\\\/05\\\/30\\\/teutonia-lanca-pacote-agricola-2024-na-segunda-feira-3-6\\\/\"]}]},{\"@type\":\"ImageObject\",\"inLanguage\":\"pt-BR\",\"@id\":\"https:\\\/\\\/folhapopular.info\\\/index.php\\\/2024\\\/05\\\/30\\\/teutonia-lanca-pacote-agricola-2024-na-segunda-feira-3-6\\\/#primaryimage\",\"url\":\"https:\\\/\\\/folhapopular.info\\\/wp-content\\\/uploads\\\/2024\\\/05\\\/2024_05_29_Lancamento-do-pacote-agricola-2024-ocorre-nesta-segunda-feira.png\",\"contentUrl\":\"https:\\\/\\\/folhapopular.info\\\/wp-content\\\/uploads\\\/2024\\\/05\\\/2024_05_29_Lancamento-do-pacote-agricola-2024-ocorre-nesta-segunda-feira.png\",\"width\":2363,\"height\":2363,\"caption\":\"Cr\u00e9dito: Divulga\u00e7\u00e3o\\\/Ascom Teut\u00f4nia\"},{\"@type\":\"BreadcrumbList\",\"@id\":\"https:\\\/\\\/folhapopular.info\\\/index.php\\\/2024\\\/05\\\/30\\\/teutonia-lanca-pacote-agricola-2024-na-segunda-feira-3-6\\\/#breadcrumb\",\"itemListElement\":[{\"@type\":\"ListItem\",\"position\":1,\"name\":\"In\u00edcio\",\"item\":\"https:\\\/\\\/folhapopular.info\\\/\"},{\"@type\":\"ListItem\",\"position\":2,\"name\":\"Teut\u00f4nia lan\u00e7a Pacote Agr\u00edcola 2024 na segunda-feira (3\\\/6)\"}]},{\"@type\":\"WebSite\",\"@id\":\"https:\\\/\\\/folhapopular.info\\\/#website\",\"url\":\"https:\\\/\\\/folhapopular.info\\\/\",\"name\":\"Folha Popular\",\"description\":\"Onde voc\u00ea tem vez e voz\",\"potentialAction\":[{\"@type\":\"SearchAction\",\"target\":{\"@type\":\"EntryPoint\",\"urlTemplate\":\"https:\\\/\\\/folhapopular.info\\\/?s={search_term_string}\"},\"query-input\":{\"@type\":\"PropertyValueSpecification\",\"valueRequired\":true,\"valueName\":\"search_term_string\"}}],\"inLanguage\":\"pt-BR\"},{\"@type\":\"Person\",\"@id\":\"https:\\\/\\\/folhapopular.info\\\/#\\\/schema\\\/person\\\/2814e8a0df7643585a9ca38bc6eb9d4b\",\"name\":\"Reda\u00e7\u00e3o Folha Popular\",\"image\":{\"@type\":\"ImageObject\",\"inLanguage\":\"pt-BR\",\"@id\":\"https:\\\/\\\/folhapopular.info\\\/wp-content\\\/uploads\\\/2026\\\/04\\\/Folha-1.webp\",\"url\":\"https:\\\/\\\/folhapopular.info\\\/wp-content\\\/uploads\\\/2026\\\/04\\\/Folha-1.webp\",\"contentUrl\":\"https:\\\/\\\/folhapopular.info\\\/wp-content\\\/uploads\\\/2026\\\/04\\\/Folha-1.webp\",\"caption\":\"Reda\u00e7\u00e3o Folha Popular\"},\"url\":\"https:\\\/\\\/folhapopular.info\\\/index.php\\\/author\\\/redacao\\\/\"}]}<\/script>\n<!-- \/ Yoast SEO plugin. -->","yoast_head_json":{"title":"Teut\u00f4nia lan\u00e7a Pacote Agr\u00edcola 2024 na segunda-feira (3\/6) - Folha Popular","robots":{"index":"index","follow":"follow","max-snippet":"max-snippet:-1","max-image-preview":"max-image-preview:large","max-video-preview":"max-video-preview:-1"},"canonical":"https:\/\/folhapopular.info\/index.php\/2024\/05\/30\/teutonia-lanca-pacote-agricola-2024-na-segunda-feira-3-6\/","og_locale":"pt_BR","og_type":"article","og_title":"Teut\u00f4nia lan\u00e7a Pacote Agr\u00edcola 2024 na segunda-feira (3\/6) - Folha Popular","og_description":"Inicia na pr\u00f3xima segunda-feira, dia 3 de junho, o Programa de Incentivo \u00e0 Produ\u00e7\u00e3o Prim\u00e1ria de 2024, conhecido como Pacote Agr\u00edcola ser\u00e1 lan\u00e7ado. O benef\u00edcio conceder\u00e1 mais de R$ 1,2 milh\u00e3o em subs\u00eddio aos produtores rurais e agroind\u00fastrias familiares estabelecidos no munic\u00edpio, que possuam Tal\u00e3o de Notas de Produtor Rural cadastrado em Teut\u00f4nia. O incentivo [&hellip;]","og_url":"https:\/\/folhapopular.info\/index.php\/2024\/05\/30\/teutonia-lanca-pacote-agricola-2024-na-segunda-feira-3-6\/","og_site_name":"Folha Popular","article_published_time":"2024-05-30T10:39:05+00:00","article_modified_time":"2024-05-30T21:21:01+00:00","og_image":[{"width":2363,"height":2363,"url":"http:\/\/folhapopular.info\/wp-content\/uploads\/2024\/05\/2024_05_29_Lancamento-do-pacote-agricola-2024-ocorre-nesta-segunda-feira.png","type":"image\/png"}],"author":"Reda\u00e7\u00e3o Folha Popular","twitter_card":"summary_large_image","twitter_misc":{"Escrito por":"Reda\u00e7\u00e3o Folha Popular","Est. tempo de leitura":"4 minutos"},"schema":{"@context":"https:\/\/schema.org","@graph":[{"@type":"Article","@id":"https:\/\/folhapopular.info\/index.php\/2024\/05\/30\/teutonia-lanca-pacote-agricola-2024-na-segunda-feira-3-6\/#article","isPartOf":{"@id":"https:\/\/folhapopular.info\/index.php\/2024\/05\/30\/teutonia-lanca-pacote-agricola-2024-na-segunda-feira-3-6\/"},"author":{"name":"Reda\u00e7\u00e3o Folha Popular","@id":"https:\/\/folhapopular.info\/#\/schema\/person\/2814e8a0df7643585a9ca38bc6eb9d4b"},"headline":"Teut\u00f4nia lan\u00e7a Pacote Agr\u00edcola 2024 na segunda-feira (3\/6)","datePublished":"2024-05-30T10:39:05+00:00","dateModified":"2024-05-30T21:21:01+00:00","mainEntityOfPage":{"@id":"https:\/\/folhapopular.info\/index.php\/2024\/05\/30\/teutonia-lanca-pacote-agricola-2024-na-segunda-feira-3-6\/"},"wordCount":580,"commentCount":0,"image":{"@id":"https:\/\/folhapopular.info\/index.php\/2024\/05\/30\/teutonia-lanca-pacote-agricola-2024-na-segunda-feira-3-6\/#primaryimage"},"thumbnailUrl":"https:\/\/folhapopular.info\/wp-content\/uploads\/2024\/05\/2024_05_29_Lancamento-do-pacote-agricola-2024-ocorre-nesta-segunda-feira.png","keywords":["rural","Teut\u00f4nia"],"articleSection":["Destaques","Economia","Rural"],"inLanguage":"pt-BR","potentialAction":[{"@type":"CommentAction","name":"Comment","target":["https:\/\/folhapopular.info\/index.php\/2024\/05\/30\/teutonia-lanca-pacote-agricola-2024-na-segunda-feira-3-6\/#respond"]}]},{"@type":"WebPage","@id":"https:\/\/folhapopular.info\/index.php\/2024\/05\/30\/teutonia-lanca-pacote-agricola-2024-na-segunda-feira-3-6\/","url":"https:\/\/folhapopular.info\/index.php\/2024\/05\/30\/teutonia-lanca-pacote-agricola-2024-na-segunda-feira-3-6\/","name":"Teut\u00f4nia lan\u00e7a Pacote Agr\u00edcola 2024 na segunda-feira (3\/6) - Folha Popular","isPartOf":{"@id":"https:\/\/folhapopular.info\/#website"},"primaryImageOfPage":{"@id":"https:\/\/folhapopular.info\/index.php\/2024\/05\/30\/teutonia-lanca-pacote-agricola-2024-na-segunda-feira-3-6\/#primaryimage"},"image":{"@id":"https:\/\/folhapopular.info\/index.php\/2024\/05\/30\/teutonia-lanca-pacote-agricola-2024-na-segunda-feira-3-6\/#primaryimage"},"thumbnailUrl":"https:\/\/folhapopular.info\/wp-content\/uploads\/2024\/05\/2024_05_29_Lancamento-do-pacote-agricola-2024-ocorre-nesta-segunda-feira.png","datePublished":"2024-05-30T10:39:05+00:00","dateModified":"2024-05-30T21:21:01+00:00","author":{"@id":"https:\/\/folhapopular.info\/#\/schema\/person\/2814e8a0df7643585a9ca38bc6eb9d4b"},"breadcrumb":{"@id":"https:\/\/folhapopular.info\/index.php\/2024\/05\/30\/teutonia-lanca-pacote-agricola-2024-na-segunda-feira-3-6\/#breadcrumb"},"inLanguage":"pt-BR","potentialAction":[{"@type":"ReadAction","target":["https:\/\/folhapopular.info\/index.php\/2024\/05\/30\/teutonia-lanca-pacote-agricola-2024-na-segunda-feira-3-6\/"]}]},{"@type":"ImageObject","inLanguage":"pt-BR","@id":"https:\/\/folhapopular.info\/index.php\/2024\/05\/30\/teutonia-lanca-pacote-agricola-2024-na-segunda-feira-3-6\/#primaryimage","url":"https:\/\/folhapopular.info\/wp-content\/uploads\/2024\/05\/2024_05_29_Lancamento-do-pacote-agricola-2024-ocorre-nesta-segunda-feira.png","contentUrl":"https:\/\/folhapopular.info\/wp-content\/uploads\/2024\/05\/2024_05_29_Lancamento-do-pacote-agricola-2024-ocorre-nesta-segunda-feira.png","width":2363,"height":2363,"caption":"Cr\u00e9dito: Divulga\u00e7\u00e3o\/Ascom Teut\u00f4nia"},{"@type":"BreadcrumbList","@id":"https:\/\/folhapopular.info\/index.php\/2024\/05\/30\/teutonia-lanca-pacote-agricola-2024-na-segunda-feira-3-6\/#breadcrumb","itemListElement":[{"@type":"ListItem","position":1,"name":"In\u00edcio","item":"https:\/\/folhapopular.info\/"},{"@type":"ListItem","position":2,"name":"Teut\u00f4nia lan\u00e7a Pacote Agr\u00edcola 2024 na segunda-feira (3\/6)"}]},{"@type":"WebSite","@id":"https:\/\/folhapopular.info\/#website","url":"https:\/\/folhapopular.info\/","name":"Folha Popular","description":"Onde voc\u00ea tem vez e voz","potentialAction":[{"@type":"SearchAction","target":{"@type":"EntryPoint","urlTemplate":"https:\/\/folhapopular.info\/?s={search_term_string}"},"query-input":{"@type":"PropertyValueSpecification","valueRequired":true,"valueName":"search_term_string"}}],"inLanguage":"pt-BR"},{"@type":"Person","@id":"https:\/\/folhapopular.info\/#\/schema\/person\/2814e8a0df7643585a9ca38bc6eb9d4b","name":"Reda\u00e7\u00e3o Folha Popular","image":{"@type":"ImageObject","inLanguage":"pt-BR","@id":"https:\/\/folhapopular.info\/wp-content\/uploads\/2026\/04\/Folha-1.webp","url":"https:\/\/folhapopular.info\/wp-content\/uploads\/2026\/04\/Folha-1.webp","contentUrl":"https:\/\/folhapopular.info\/wp-content\/uploads\/2026\/04\/Folha-1.webp","caption":"Reda\u00e7\u00e3o Folha Popular"},"url":"https:\/\/folhapopular.info\/index.php\/author\/redacao\/"}]}},"jetpack_featured_media_url":"https:\/\/folhapopular.info\/wp-content\/uploads\/2024\/05\/2024_05_29_Lancamento-do-pacote-agricola-2024-ocorre-nesta-segunda-feira.png","jetpack_sharing_enabled":true,"amp_enabled":true,"_links":{"self":[{"href":"https:\/\/folhapopular.info\/index.php\/wp-json\/wp\/v2\/posts\/159037","targetHints":{"allow":["GET"]}}],"collection":[{"href":"https:\/\/folhapopular.info\/index.php\/wp-json\/wp\/v2\/posts"}],"about":[{"href":"https:\/\/folhapopular.info\/index.php\/wp-json\/wp\/v2\/types\/post"}],"author":[{"embeddable":true,"href":"https:\/\/folhapopular.info\/index.php\/wp-json\/wp\/v2\/users\/8"}],"replies":[{"embeddable":true,"href":"https:\/\/folhapopular.info\/index.php\/wp-json\/wp\/v2\/comments?post=159037"}],"version-history":[{"count":0,"href":"https:\/\/folhapopular.info\/index.php\/wp-json\/wp\/v2\/posts\/159037\/revisions"}],"wp:featuredmedia":[{"embeddable":true,"href":"https:\/\/folhapopular.info\/index.php\/wp-json\/wp\/v2\/media\/159040"}],"wp:attachment":[{"href":"https:\/\/folhapopular.info\/index.php\/wp-json\/wp\/v2\/media?parent=159037"}],"wp:term":[{"taxonomy":"category","embeddable":true,"href":"https:\/\/folhapopular.info\/index.php\/wp-json\/wp\/v2\/categories?post=159037"},{"taxonomy":"post_tag","embeddable":true,"href":"https:\/\/folhapopular.info\/index.php\/wp-json\/wp\/v2\/tags?post=159037"}],"curies":[{"name":"wp","href":"https:\/\/api.w.org\/{rel}","templated":true}]}}