{"id":159222,"date":"2024-06-03T08:16:01","date_gmt":"2024-06-03T11:16:01","guid":{"rendered":"https:\/\/folhapopular.info\/?p=159222"},"modified":"2024-06-03T08:16:04","modified_gmt":"2024-06-03T11:16:04","slug":"cic-vt-representa-o-vale-do-taquari-em-porto-alegre","status":"publish","type":"post","link":"https:\/\/folhapopular.info\/index.php\/2024\/06\/03\/cic-vt-representa-o-vale-do-taquari-em-porto-alegre\/","title":{"rendered":"CIC VT representa o Vale do Taquari em Porto Alegre"},"content":{"rendered":"\n<p>A C\u00e2mara de Ind\u00fastria, Com\u00e9rcio e Servi\u00e7os do Vale do Taquari (CIC VT) participou de uma reuni\u00e3o estrat\u00e9gica, contando com a presen\u00e7a do Governador Eduardo Leite e sua equipe, juntamente com as principais lideran\u00e7as empresariais do RS, para deliberar sobre o plano de reconstru\u00e7\u00e3o do Estado. A reuni\u00e3o ocorreu no Pal\u00e1cio Piratini, no \u00faltimo s\u00e1bado, dia 1\u00ba de junho.<\/p>\n\n\n\n<p>A discuss\u00e3o girou em torno de avaliar o desempenho do governo estadual diante das recentes enchentes e, mais crucialmente, elaborar medidas concretas, urgentes e imediatas para acelerar a recupera\u00e7\u00e3o do RS.<\/p>\n\n\n\n<p>O Presidente \u00c2ngelo Fontana, representando a CIC VT, salientou a necessidade de focar em quatro pilares fundamentais para atender \u00e0s demandas das empresas do VT e outras regi\u00f5es afetadas:<br>\u2022 Amplia\u00e7\u00e3o dos prazos de endividamento;<br>\u2022 Disponibiliza\u00e7\u00e3o de recursos com taxas de juros condizentes com a gravidade das calamidades que nos assolaram nos \u00faltimos oito meses;<br>\u2022 Car\u00eancia de 24 a 36 meses, com prazos de pagamento estendidos entre 5 a 7 anos;<br>\u2022 Implementa\u00e7\u00e3o de um fundo garantidor.<\/p>\n","protected":false},"excerpt":{"rendered":"<p>A C\u00e2mara de Ind\u00fastria, Com\u00e9rcio e Servi\u00e7os do Vale do Taquari (CIC VT) participou de uma reuni\u00e3o estrat\u00e9gica, contando com a presen\u00e7a do Governador Eduardo Leite e sua equipe, juntamente com as principais lideran\u00e7as empresariais do RS, para deliberar sobre o plano de reconstru\u00e7\u00e3o do Estado. A reuni\u00e3o ocorreu no Pal\u00e1cio Piratini, no \u00faltimo s\u00e1bado, [&hellip;]<\/p>\n","protected":false},"author":8,"featured_media":159223,"comment_status":"open","ping_status":"open","sticky":false,"template":"","format":"standard","meta":{"pmpro_default_level":"","_jetpack_memberships_contains_paid_content":false,"footnotes":""},"categories":[2,14970,3],"tags":[5955,10329,156],"class_list":{"0":"post-159222","1":"post","2":"type-post","3":"status-publish","4":"format-standard","5":"has-post-thumbnail","7":"category-featured","8":"category-enchentes","9":"category-geral","10":"tag-cic-vt","11":"tag-reconstrucao","12":"tag-vale-do-taquari","13":"pmpro-has-access"},"yoast_head":"<!-- This site is optimized with the Yoast SEO plugin v27.5 - https:\/\/yoast.com\/product\/yoast-seo-wordpress\/ -->\n<title>CIC VT representa o Vale do Taquari em Porto Alegre - Folha Popular<\/title>\n<meta name=\"robots\" content=\"index, follow, max-snippet:-1, max-image-preview:large, max-video-preview:-1\" \/>\n<link rel=\"canonical\" href=\"https:\/\/folhapopular.info\/index.php\/2024\/06\/03\/cic-vt-representa-o-vale-do-taquari-em-porto-alegre\/\" \/>\n<meta property=\"og:locale\" content=\"pt_BR\" \/>\n<meta property=\"og:type\" content=\"article\" \/>\n<meta property=\"og:title\" content=\"CIC VT representa o Vale do Taquari em Porto Alegre - Folha Popular\" \/>\n<meta property=\"og:description\" content=\"A C\u00e2mara de Ind\u00fastria, Com\u00e9rcio e Servi\u00e7os do Vale do Taquari (CIC VT) participou de uma reuni\u00e3o estrat\u00e9gica, contando com a presen\u00e7a do Governador Eduardo Leite e sua equipe, juntamente com as principais lideran\u00e7as empresariais do RS, para deliberar sobre o plano de reconstru\u00e7\u00e3o do Estado. A reuni\u00e3o ocorreu no Pal\u00e1cio Piratini, no \u00faltimo s\u00e1bado, [&hellip;]\" \/>\n<meta property=\"og:url\" content=\"https:\/\/folhapopular.info\/index.php\/2024\/06\/03\/cic-vt-representa-o-vale-do-taquari-em-porto-alegre\/\" \/>\n<meta property=\"og:site_name\" content=\"Folha Popular\" \/>\n<meta property=\"article:published_time\" content=\"2024-06-03T11:16:01+00:00\" \/>\n<meta property=\"article:modified_time\" content=\"2024-06-03T11:16:04+00:00\" \/>\n<meta property=\"og:image\" content=\"http:\/\/folhapopular.info\/wp-content\/uploads\/2024\/06\/afccc270-f079-4f51-a216-4b607e878535.jpg\" \/>\n\t<meta property=\"og:image:width\" content=\"1280\" \/>\n\t<meta property=\"og:image:height\" content=\"853\" \/>\n\t<meta property=\"og:image:type\" content=\"image\/jpeg\" \/>\n<meta name=\"author\" content=\"Reda\u00e7\u00e3o Folha Popular\" \/>\n<meta name=\"twitter:card\" content=\"summary_large_image\" \/>\n<meta name=\"twitter:label1\" content=\"Escrito por\" \/>\n\t<meta name=\"twitter:data1\" content=\"Reda\u00e7\u00e3o Folha Popular\" \/>\n\t<meta name=\"twitter:label2\" content=\"Est. tempo de leitura\" \/>\n\t<meta name=\"twitter:data2\" content=\"2 minutos\" \/>\n<script type=\"application\/ld+json\" class=\"yoast-schema-graph\">{\"@context\":\"https:\\\/\\\/schema.org\",\"@graph\":[{\"@type\":\"Article\",\"@id\":\"https:\\\/\\\/folhapopular.info\\\/index.php\\\/2024\\\/06\\\/03\\\/cic-vt-representa-o-vale-do-taquari-em-porto-alegre\\\/#article\",\"isPartOf\":{\"@id\":\"https:\\\/\\\/folhapopular.info\\\/index.php\\\/2024\\\/06\\\/03\\\/cic-vt-representa-o-vale-do-taquari-em-porto-alegre\\\/\"},\"author\":{\"name\":\"Reda\u00e7\u00e3o Folha Popular\",\"@id\":\"https:\\\/\\\/folhapopular.info\\\/#\\\/schema\\\/person\\\/2814e8a0df7643585a9ca38bc6eb9d4b\"},\"headline\":\"CIC VT representa o Vale do Taquari em Porto Alegre\",\"datePublished\":\"2024-06-03T11:16:01+00:00\",\"dateModified\":\"2024-06-03T11:16:04+00:00\",\"mainEntityOfPage\":{\"@id\":\"https:\\\/\\\/folhapopular.info\\\/index.php\\\/2024\\\/06\\\/03\\\/cic-vt-representa-o-vale-do-taquari-em-porto-alegre\\\/\"},\"wordCount\":189,\"commentCount\":0,\"image\":{\"@id\":\"https:\\\/\\\/folhapopular.info\\\/index.php\\\/2024\\\/06\\\/03\\\/cic-vt-representa-o-vale-do-taquari-em-porto-alegre\\\/#primaryimage\"},\"thumbnailUrl\":\"https:\\\/\\\/folhapopular.info\\\/wp-content\\\/uploads\\\/2024\\\/06\\\/afccc270-f079-4f51-a216-4b607e878535.jpg\",\"keywords\":[\"CIC VT\",\"Reconstru\u00e7\u00e3o\",\"Vale do Taquari\"],\"articleSection\":[\"Destaques\",\"Enchentes\",\"Geral\"],\"inLanguage\":\"pt-BR\",\"potentialAction\":[{\"@type\":\"CommentAction\",\"name\":\"Comment\",\"target\":[\"https:\\\/\\\/folhapopular.info\\\/index.php\\\/2024\\\/06\\\/03\\\/cic-vt-representa-o-vale-do-taquari-em-porto-alegre\\\/#respond\"]}]},{\"@type\":\"WebPage\",\"@id\":\"https:\\\/\\\/folhapopular.info\\\/index.php\\\/2024\\\/06\\\/03\\\/cic-vt-representa-o-vale-do-taquari-em-porto-alegre\\\/\",\"url\":\"https:\\\/\\\/folhapopular.info\\\/index.php\\\/2024\\\/06\\\/03\\\/cic-vt-representa-o-vale-do-taquari-em-porto-alegre\\\/\",\"name\":\"CIC VT representa o Vale do Taquari em Porto Alegre - Folha Popular\",\"isPartOf\":{\"@id\":\"https:\\\/\\\/folhapopular.info\\\/#website\"},\"primaryImageOfPage\":{\"@id\":\"https:\\\/\\\/folhapopular.info\\\/index.php\\\/2024\\\/06\\\/03\\\/cic-vt-representa-o-vale-do-taquari-em-porto-alegre\\\/#primaryimage\"},\"image\":{\"@id\":\"https:\\\/\\\/folhapopular.info\\\/index.php\\\/2024\\\/06\\\/03\\\/cic-vt-representa-o-vale-do-taquari-em-porto-alegre\\\/#primaryimage\"},\"thumbnailUrl\":\"https:\\\/\\\/folhapopular.info\\\/wp-content\\\/uploads\\\/2024\\\/06\\\/afccc270-f079-4f51-a216-4b607e878535.jpg\",\"datePublished\":\"2024-06-03T11:16:01+00:00\",\"dateModified\":\"2024-06-03T11:16:04+00:00\",\"author\":{\"@id\":\"https:\\\/\\\/folhapopular.info\\\/#\\\/schema\\\/person\\\/2814e8a0df7643585a9ca38bc6eb9d4b\"},\"breadcrumb\":{\"@id\":\"https:\\\/\\\/folhapopular.info\\\/index.php\\\/2024\\\/06\\\/03\\\/cic-vt-representa-o-vale-do-taquari-em-porto-alegre\\\/#breadcrumb\"},\"inLanguage\":\"pt-BR\",\"potentialAction\":[{\"@type\":\"ReadAction\",\"target\":[\"https:\\\/\\\/folhapopular.info\\\/index.php\\\/2024\\\/06\\\/03\\\/cic-vt-representa-o-vale-do-taquari-em-porto-alegre\\\/\"]}]},{\"@type\":\"ImageObject\",\"inLanguage\":\"pt-BR\",\"@id\":\"https:\\\/\\\/folhapopular.info\\\/index.php\\\/2024\\\/06\\\/03\\\/cic-vt-representa-o-vale-do-taquari-em-porto-alegre\\\/#primaryimage\",\"url\":\"https:\\\/\\\/folhapopular.info\\\/wp-content\\\/uploads\\\/2024\\\/06\\\/afccc270-f079-4f51-a216-4b607e878535.jpg\",\"contentUrl\":\"https:\\\/\\\/folhapopular.info\\\/wp-content\\\/uploads\\\/2024\\\/06\\\/afccc270-f079-4f51-a216-4b607e878535.jpg\",\"width\":1280,\"height\":853,\"caption\":\"Cr\u00e9dito: Divulga\u00e7\u00e3o \\\/ CIC VT\"},{\"@type\":\"BreadcrumbList\",\"@id\":\"https:\\\/\\\/folhapopular.info\\\/index.php\\\/2024\\\/06\\\/03\\\/cic-vt-representa-o-vale-do-taquari-em-porto-alegre\\\/#breadcrumb\",\"itemListElement\":[{\"@type\":\"ListItem\",\"position\":1,\"name\":\"In\u00edcio\",\"item\":\"https:\\\/\\\/folhapopular.info\\\/\"},{\"@type\":\"ListItem\",\"position\":2,\"name\":\"CIC VT representa o Vale do Taquari em Porto Alegre\"}]},{\"@type\":\"WebSite\",\"@id\":\"https:\\\/\\\/folhapopular.info\\\/#website\",\"url\":\"https:\\\/\\\/folhapopular.info\\\/\",\"name\":\"Folha Popular\",\"description\":\"Onde voc\u00ea tem vez e voz\",\"potentialAction\":[{\"@type\":\"SearchAction\",\"target\":{\"@type\":\"EntryPoint\",\"urlTemplate\":\"https:\\\/\\\/folhapopular.info\\\/?s={search_term_string}\"},\"query-input\":{\"@type\":\"PropertyValueSpecification\",\"valueRequired\":true,\"valueName\":\"search_term_string\"}}],\"inLanguage\":\"pt-BR\"},{\"@type\":\"Person\",\"@id\":\"https:\\\/\\\/folhapopular.info\\\/#\\\/schema\\\/person\\\/2814e8a0df7643585a9ca38bc6eb9d4b\",\"name\":\"Reda\u00e7\u00e3o Folha Popular\",\"image\":{\"@type\":\"ImageObject\",\"inLanguage\":\"pt-BR\",\"@id\":\"https:\\\/\\\/folhapopular.info\\\/wp-content\\\/uploads\\\/2026\\\/04\\\/Folha-1.webp\",\"url\":\"https:\\\/\\\/folhapopular.info\\\/wp-content\\\/uploads\\\/2026\\\/04\\\/Folha-1.webp\",\"contentUrl\":\"https:\\\/\\\/folhapopular.info\\\/wp-content\\\/uploads\\\/2026\\\/04\\\/Folha-1.webp\",\"caption\":\"Reda\u00e7\u00e3o Folha Popular\"},\"url\":\"https:\\\/\\\/folhapopular.info\\\/index.php\\\/author\\\/redacao\\\/\"}]}<\/script>\n<!-- \/ Yoast SEO plugin. -->","yoast_head_json":{"title":"CIC VT representa o Vale do Taquari em Porto Alegre - Folha Popular","robots":{"index":"index","follow":"follow","max-snippet":"max-snippet:-1","max-image-preview":"max-image-preview:large","max-video-preview":"max-video-preview:-1"},"canonical":"https:\/\/folhapopular.info\/index.php\/2024\/06\/03\/cic-vt-representa-o-vale-do-taquari-em-porto-alegre\/","og_locale":"pt_BR","og_type":"article","og_title":"CIC VT representa o Vale do Taquari em Porto Alegre - Folha Popular","og_description":"A C\u00e2mara de Ind\u00fastria, Com\u00e9rcio e Servi\u00e7os do Vale do Taquari (CIC VT) participou de uma reuni\u00e3o estrat\u00e9gica, contando com a presen\u00e7a do Governador Eduardo Leite e sua equipe, juntamente com as principais lideran\u00e7as empresariais do RS, para deliberar sobre o plano de reconstru\u00e7\u00e3o do Estado. A reuni\u00e3o ocorreu no Pal\u00e1cio Piratini, no \u00faltimo s\u00e1bado, [&hellip;]","og_url":"https:\/\/folhapopular.info\/index.php\/2024\/06\/03\/cic-vt-representa-o-vale-do-taquari-em-porto-alegre\/","og_site_name":"Folha Popular","article_published_time":"2024-06-03T11:16:01+00:00","article_modified_time":"2024-06-03T11:16:04+00:00","og_image":[{"width":1280,"height":853,"url":"http:\/\/folhapopular.info\/wp-content\/uploads\/2024\/06\/afccc270-f079-4f51-a216-4b607e878535.jpg","type":"image\/jpeg"}],"author":"Reda\u00e7\u00e3o Folha Popular","twitter_card":"summary_large_image","twitter_misc":{"Escrito por":"Reda\u00e7\u00e3o Folha Popular","Est. tempo de leitura":"2 minutos"},"schema":{"@context":"https:\/\/schema.org","@graph":[{"@type":"Article","@id":"https:\/\/folhapopular.info\/index.php\/2024\/06\/03\/cic-vt-representa-o-vale-do-taquari-em-porto-alegre\/#article","isPartOf":{"@id":"https:\/\/folhapopular.info\/index.php\/2024\/06\/03\/cic-vt-representa-o-vale-do-taquari-em-porto-alegre\/"},"author":{"name":"Reda\u00e7\u00e3o Folha Popular","@id":"https:\/\/folhapopular.info\/#\/schema\/person\/2814e8a0df7643585a9ca38bc6eb9d4b"},"headline":"CIC VT representa o Vale do Taquari em Porto Alegre","datePublished":"2024-06-03T11:16:01+00:00","dateModified":"2024-06-03T11:16:04+00:00","mainEntityOfPage":{"@id":"https:\/\/folhapopular.info\/index.php\/2024\/06\/03\/cic-vt-representa-o-vale-do-taquari-em-porto-alegre\/"},"wordCount":189,"commentCount":0,"image":{"@id":"https:\/\/folhapopular.info\/index.php\/2024\/06\/03\/cic-vt-representa-o-vale-do-taquari-em-porto-alegre\/#primaryimage"},"thumbnailUrl":"https:\/\/folhapopular.info\/wp-content\/uploads\/2024\/06\/afccc270-f079-4f51-a216-4b607e878535.jpg","keywords":["CIC VT","Reconstru\u00e7\u00e3o","Vale do Taquari"],"articleSection":["Destaques","Enchentes","Geral"],"inLanguage":"pt-BR","potentialAction":[{"@type":"CommentAction","name":"Comment","target":["https:\/\/folhapopular.info\/index.php\/2024\/06\/03\/cic-vt-representa-o-vale-do-taquari-em-porto-alegre\/#respond"]}]},{"@type":"WebPage","@id":"https:\/\/folhapopular.info\/index.php\/2024\/06\/03\/cic-vt-representa-o-vale-do-taquari-em-porto-alegre\/","url":"https:\/\/folhapopular.info\/index.php\/2024\/06\/03\/cic-vt-representa-o-vale-do-taquari-em-porto-alegre\/","name":"CIC VT representa o Vale do Taquari em Porto Alegre - Folha Popular","isPartOf":{"@id":"https:\/\/folhapopular.info\/#website"},"primaryImageOfPage":{"@id":"https:\/\/folhapopular.info\/index.php\/2024\/06\/03\/cic-vt-representa-o-vale-do-taquari-em-porto-alegre\/#primaryimage"},"image":{"@id":"https:\/\/folhapopular.info\/index.php\/2024\/06\/03\/cic-vt-representa-o-vale-do-taquari-em-porto-alegre\/#primaryimage"},"thumbnailUrl":"https:\/\/folhapopular.info\/wp-content\/uploads\/2024\/06\/afccc270-f079-4f51-a216-4b607e878535.jpg","datePublished":"2024-06-03T11:16:01+00:00","dateModified":"2024-06-03T11:16:04+00:00","author":{"@id":"https:\/\/folhapopular.info\/#\/schema\/person\/2814e8a0df7643585a9ca38bc6eb9d4b"},"breadcrumb":{"@id":"https:\/\/folhapopular.info\/index.php\/2024\/06\/03\/cic-vt-representa-o-vale-do-taquari-em-porto-alegre\/#breadcrumb"},"inLanguage":"pt-BR","potentialAction":[{"@type":"ReadAction","target":["https:\/\/folhapopular.info\/index.php\/2024\/06\/03\/cic-vt-representa-o-vale-do-taquari-em-porto-alegre\/"]}]},{"@type":"ImageObject","inLanguage":"pt-BR","@id":"https:\/\/folhapopular.info\/index.php\/2024\/06\/03\/cic-vt-representa-o-vale-do-taquari-em-porto-alegre\/#primaryimage","url":"https:\/\/folhapopular.info\/wp-content\/uploads\/2024\/06\/afccc270-f079-4f51-a216-4b607e878535.jpg","contentUrl":"https:\/\/folhapopular.info\/wp-content\/uploads\/2024\/06\/afccc270-f079-4f51-a216-4b607e878535.jpg","width":1280,"height":853,"caption":"Cr\u00e9dito: Divulga\u00e7\u00e3o \/ CIC VT"},{"@type":"BreadcrumbList","@id":"https:\/\/folhapopular.info\/index.php\/2024\/06\/03\/cic-vt-representa-o-vale-do-taquari-em-porto-alegre\/#breadcrumb","itemListElement":[{"@type":"ListItem","position":1,"name":"In\u00edcio","item":"https:\/\/folhapopular.info\/"},{"@type":"ListItem","position":2,"name":"CIC VT representa o Vale do Taquari em Porto Alegre"}]},{"@type":"WebSite","@id":"https:\/\/folhapopular.info\/#website","url":"https:\/\/folhapopular.info\/","name":"Folha Popular","description":"Onde voc\u00ea tem vez e voz","potentialAction":[{"@type":"SearchAction","target":{"@type":"EntryPoint","urlTemplate":"https:\/\/folhapopular.info\/?s={search_term_string}"},"query-input":{"@type":"PropertyValueSpecification","valueRequired":true,"valueName":"search_term_string"}}],"inLanguage":"pt-BR"},{"@type":"Person","@id":"https:\/\/folhapopular.info\/#\/schema\/person\/2814e8a0df7643585a9ca38bc6eb9d4b","name":"Reda\u00e7\u00e3o Folha Popular","image":{"@type":"ImageObject","inLanguage":"pt-BR","@id":"https:\/\/folhapopular.info\/wp-content\/uploads\/2026\/04\/Folha-1.webp","url":"https:\/\/folhapopular.info\/wp-content\/uploads\/2026\/04\/Folha-1.webp","contentUrl":"https:\/\/folhapopular.info\/wp-content\/uploads\/2026\/04\/Folha-1.webp","caption":"Reda\u00e7\u00e3o Folha Popular"},"url":"https:\/\/folhapopular.info\/index.php\/author\/redacao\/"}]}},"jetpack_featured_media_url":"https:\/\/folhapopular.info\/wp-content\/uploads\/2024\/06\/afccc270-f079-4f51-a216-4b607e878535.jpg","jetpack_sharing_enabled":true,"amp_enabled":true,"_links":{"self":[{"href":"https:\/\/folhapopular.info\/index.php\/wp-json\/wp\/v2\/posts\/159222","targetHints":{"allow":["GET"]}}],"collection":[{"href":"https:\/\/folhapopular.info\/index.php\/wp-json\/wp\/v2\/posts"}],"about":[{"href":"https:\/\/folhapopular.info\/index.php\/wp-json\/wp\/v2\/types\/post"}],"author":[{"embeddable":true,"href":"https:\/\/folhapopular.info\/index.php\/wp-json\/wp\/v2\/users\/8"}],"replies":[{"embeddable":true,"href":"https:\/\/folhapopular.info\/index.php\/wp-json\/wp\/v2\/comments?post=159222"}],"version-history":[{"count":0,"href":"https:\/\/folhapopular.info\/index.php\/wp-json\/wp\/v2\/posts\/159222\/revisions"}],"wp:featuredmedia":[{"embeddable":true,"href":"https:\/\/folhapopular.info\/index.php\/wp-json\/wp\/v2\/media\/159223"}],"wp:attachment":[{"href":"https:\/\/folhapopular.info\/index.php\/wp-json\/wp\/v2\/media?parent=159222"}],"wp:term":[{"taxonomy":"category","embeddable":true,"href":"https:\/\/folhapopular.info\/index.php\/wp-json\/wp\/v2\/categories?post=159222"},{"taxonomy":"post_tag","embeddable":true,"href":"https:\/\/folhapopular.info\/index.php\/wp-json\/wp\/v2\/tags?post=159222"}],"curies":[{"name":"wp","href":"https:\/\/api.w.org\/{rel}","templated":true}]}}