{"id":159260,"date":"2024-06-03T11:40:17","date_gmt":"2024-06-03T14:40:17","guid":{"rendered":"https:\/\/folhapopular.info\/?p=159260"},"modified":"2024-06-03T11:40:20","modified_gmt":"2024-06-03T14:40:20","slug":"boletim-extraordinario-de-agrometeorologia-traz-indicacoes-gerais-para-produtores-rurais","status":"publish","type":"post","link":"https:\/\/folhapopular.info\/index.php\/2024\/06\/03\/boletim-extraordinario-de-agrometeorologia-traz-indicacoes-gerais-para-produtores-rurais\/","title":{"rendered":"Boletim extraordin\u00e1rio de agrometeorologia traz indica\u00e7\u00f5es gerais para produtores rurais"},"content":{"rendered":"\n<p>O Conselho Permanente de Agrometeorologia Aplicada do Estado do Rio Grande do Sul (Copaaergs) se reuniu de forma emergencial para elaborar o Boletim Extraordin\u00e1rio, com an\u00e1lise dos eventos meteorol\u00f3gicos ocorridos no Estado em maio. O documento traz previs\u00f5es para o m\u00eas de junho e indica\u00e7\u00f5es gerais para os produtores rurais ga\u00fachos nos pr\u00f3ximos meses.<\/p>\n\n\n\n<p>A previs\u00e3o do Instituto Nacional de Meteorologia (Inmet) para junho indica chuvas abaixo da m\u00e9dia climatol\u00f3gica, especialmente na Metade Sul do Estado, e pr\u00f3xima da m\u00e9dia na por\u00e7\u00e3o Norte. A previs\u00e3o tamb\u00e9m indica que as temperaturas do ar dever\u00e3o ser ligeiramente acima da m\u00e9dia na Metade Norte do Estado (anomalia positiva de 0,5\u00b0C) e pr\u00f3xima da normal ou at\u00e9 mesmo ligeiramente abaixo na Metade Sul.<\/p>\n\n\n\n<p>N\u00e3o se descarta, por\u00e9m, a ocorr\u00eancia de geadas em algumas localidades, especialmente naquelas de maior altitude e na regi\u00e3o da Campanha, devido \u00e0 entrada de massas de ar frio que podem provocar decl\u00ednio de temperatura do ar, o que \u00e9 comum nesta \u00e9poca do ano.<\/p>\n\n\n\n<p><strong>Indica\u00e7\u00f5es gerais<\/strong><\/p>\n\n\n\n<p>Os primeiros levantamentos da Secretaria de Desenvolvimento Econ\u00f4mico (Sedec) indicam que os principais preju\u00edzos identificados pelos produtores rurais com as enchentes foram a perda parcial da produ\u00e7\u00e3o agr\u00edcola, citada por 25,75% dos respondentes, seguidos de danos \u00e0 infraestrutura, como galp\u00f5es e estradas (11,71%) e perda de animais (3,68%).<\/p>\n\n\n\n<p>As perdas das culturas anuais de ver\u00e3o s\u00f3 n\u00e3o foram maiores porque as enchentes ocorreram no fim do ciclo, quando j\u00e1 estavam colhidas em sua maior parte. No entanto, as perdas substanciais de solo, decorrentes tanto de deslizamentos e inunda\u00e7\u00f5es como de lixivia\u00e7\u00e3o (retirada de nutrientes pela a\u00e7\u00e3o da \u00e1gua)&nbsp;e eros\u00e3o, comprometeram negativamente a estrutura qu\u00edmica, f\u00edsica e biol\u00f3gica do solo, o que poder\u00e1 dificultar a semeadura da safra de inverno de 2024 (trigo, centeio, cevada, aveia e canola) ou at\u00e9 mesmo da safra de ver\u00e3o 2024\/2025. Os cultivos perenes (pomares) tamb\u00e9m ser\u00e3o afetados nos pr\u00f3ximos ciclos de produ\u00e7\u00e3o.<\/p>\n\n\n\n<p>O&nbsp;Copaaergs&nbsp;orienta que os produtores fa\u00e7am, assim que poss\u00edvel, an\u00e1lise do solo, para identificar o estado atual e determinar os teores de nutrientes, mat\u00e9ria org\u00e2nica e argila. A partir do resultado, devem realizar a corre\u00e7\u00e3o da acidez e a aduba\u00e7\u00e3o&nbsp;do solo. Em \u00e1reas severamente afetadas, o conselho recomenda repensar a aptid\u00e3o de uso do solo nas localidades, com a possibilidade de deslocar ou transferir \u00e1reas produtivas para lugares geograficamente mais adequados para cultivo agr\u00edcola.<\/p>\n\n\n\n<p>Para recupera\u00e7\u00e3o e conserva\u00e7\u00e3o do solo, tamb\u00e9m \u00e9 recomendada a ado\u00e7\u00e3o de pr\u00e1ticas de manejo como sistema de plantio direto, manuten\u00e7\u00e3o da cobertura vegetal do solo, cultivo de plantas de cobertura, rota\u00e7\u00e3o de culturas, cultivo em n\u00edvel, terraceamento, conserva\u00e7\u00e3o de matas ciliares e, quando poss\u00edvel, a ado\u00e7\u00e3o do sistema de cultivo integrado (lavora-pecu\u00e1ria ou lavoura-pecu\u00e1ria-floresta).<\/p>\n\n\n\n<p>Para criadores de animais, a orienta\u00e7\u00e3o \u00e9 atentar para a condi\u00e7\u00e3o sanit\u00e1ria do rebanho, procedendo \u00e0 vacina\u00e7\u00e3o contra a leptospirose e doen\u00e7as respirat\u00f3rias.<\/p>\n","protected":false},"excerpt":{"rendered":"<p>O Conselho Permanente de Agrometeorologia Aplicada do Estado do Rio Grande do Sul (Copaaergs) se reuniu de forma emergencial para elaborar o Boletim Extraordin\u00e1rio, com an\u00e1lise dos eventos meteorol\u00f3gicos ocorridos no Estado em maio. O documento traz previs\u00f5es para o m\u00eas de junho e indica\u00e7\u00f5es gerais para os produtores rurais ga\u00fachos nos pr\u00f3ximos meses. A [&hellip;]<\/p>\n","protected":false},"author":8,"featured_media":96005,"comment_status":"open","ping_status":"open","sticky":false,"template":"","format":"standard","meta":{"pmpro_default_level":"","_jetpack_memberships_contains_paid_content":false,"footnotes":""},"categories":[2,10994],"tags":[11027],"class_list":{"0":"post-159260","1":"post","2":"type-post","3":"status-publish","4":"format-standard","5":"has-post-thumbnail","7":"category-featured","8":"category-rural","9":"tag-rural","10":"pmpro-has-access"},"yoast_head":"<!-- This site is optimized with the Yoast SEO plugin v27.5 - https:\/\/yoast.com\/product\/yoast-seo-wordpress\/ -->\n<title>Boletim extraordin\u00e1rio de agrometeorologia traz indica\u00e7\u00f5es gerais para produtores rurais - Folha Popular<\/title>\n<meta name=\"robots\" content=\"index, follow, max-snippet:-1, max-image-preview:large, max-video-preview:-1\" \/>\n<link rel=\"canonical\" href=\"https:\/\/folhapopular.info\/index.php\/2024\/06\/03\/boletim-extraordinario-de-agrometeorologia-traz-indicacoes-gerais-para-produtores-rurais\/\" \/>\n<meta property=\"og:locale\" content=\"pt_BR\" \/>\n<meta property=\"og:type\" content=\"article\" \/>\n<meta property=\"og:title\" content=\"Boletim extraordin\u00e1rio de agrometeorologia traz indica\u00e7\u00f5es gerais para produtores rurais - Folha Popular\" \/>\n<meta property=\"og:description\" content=\"O Conselho Permanente de Agrometeorologia Aplicada do Estado do Rio Grande do Sul (Copaaergs) se reuniu de forma emergencial para elaborar o Boletim Extraordin\u00e1rio, com an\u00e1lise dos eventos meteorol\u00f3gicos ocorridos no Estado em maio. O documento traz previs\u00f5es para o m\u00eas de junho e indica\u00e7\u00f5es gerais para os produtores rurais ga\u00fachos nos pr\u00f3ximos meses. A [&hellip;]\" \/>\n<meta property=\"og:url\" content=\"https:\/\/folhapopular.info\/index.php\/2024\/06\/03\/boletim-extraordinario-de-agrometeorologia-traz-indicacoes-gerais-para-produtores-rurais\/\" \/>\n<meta property=\"og:site_name\" content=\"Folha Popular\" \/>\n<meta property=\"article:published_time\" content=\"2024-06-03T14:40:17+00:00\" \/>\n<meta property=\"article:modified_time\" content=\"2024-06-03T14:40:20+00:00\" \/>\n<meta property=\"og:image\" content=\"http:\/\/folhapopular.info\/wp-content\/uploads\/2022\/01\/Chuva_VC_Pexels-scaled-e1641385255663.jpg\" \/>\n\t<meta property=\"og:image:width\" content=\"1200\" \/>\n\t<meta property=\"og:image:height\" content=\"675\" \/>\n\t<meta property=\"og:image:type\" content=\"image\/jpeg\" \/>\n<meta name=\"author\" content=\"Reda\u00e7\u00e3o Folha Popular\" \/>\n<meta name=\"twitter:card\" content=\"summary_large_image\" \/>\n<meta name=\"twitter:label1\" content=\"Escrito por\" \/>\n\t<meta name=\"twitter:data1\" content=\"Reda\u00e7\u00e3o Folha Popular\" \/>\n\t<meta name=\"twitter:label2\" content=\"Est. tempo de leitura\" \/>\n\t<meta name=\"twitter:data2\" content=\"3 minutos\" \/>\n<script type=\"application\/ld+json\" class=\"yoast-schema-graph\">{\"@context\":\"https:\\\/\\\/schema.org\",\"@graph\":[{\"@type\":\"Article\",\"@id\":\"https:\\\/\\\/folhapopular.info\\\/index.php\\\/2024\\\/06\\\/03\\\/boletim-extraordinario-de-agrometeorologia-traz-indicacoes-gerais-para-produtores-rurais\\\/#article\",\"isPartOf\":{\"@id\":\"https:\\\/\\\/folhapopular.info\\\/index.php\\\/2024\\\/06\\\/03\\\/boletim-extraordinario-de-agrometeorologia-traz-indicacoes-gerais-para-produtores-rurais\\\/\"},\"author\":{\"name\":\"Reda\u00e7\u00e3o Folha Popular\",\"@id\":\"https:\\\/\\\/folhapopular.info\\\/#\\\/schema\\\/person\\\/2814e8a0df7643585a9ca38bc6eb9d4b\"},\"headline\":\"Boletim extraordin\u00e1rio de agrometeorologia traz indica\u00e7\u00f5es gerais para produtores rurais\",\"datePublished\":\"2024-06-03T14:40:17+00:00\",\"dateModified\":\"2024-06-03T14:40:20+00:00\",\"mainEntityOfPage\":{\"@id\":\"https:\\\/\\\/folhapopular.info\\\/index.php\\\/2024\\\/06\\\/03\\\/boletim-extraordinario-de-agrometeorologia-traz-indicacoes-gerais-para-produtores-rurais\\\/\"},\"wordCount\":545,\"commentCount\":0,\"image\":{\"@id\":\"https:\\\/\\\/folhapopular.info\\\/index.php\\\/2024\\\/06\\\/03\\\/boletim-extraordinario-de-agrometeorologia-traz-indicacoes-gerais-para-produtores-rurais\\\/#primaryimage\"},\"thumbnailUrl\":\"https:\\\/\\\/folhapopular.info\\\/wp-content\\\/uploads\\\/2022\\\/01\\\/Chuva_VC_Pexels-scaled-e1641385255663.jpg\",\"keywords\":[\"rural\"],\"articleSection\":[\"Destaques\",\"Rural\"],\"inLanguage\":\"pt-BR\",\"potentialAction\":[{\"@type\":\"CommentAction\",\"name\":\"Comment\",\"target\":[\"https:\\\/\\\/folhapopular.info\\\/index.php\\\/2024\\\/06\\\/03\\\/boletim-extraordinario-de-agrometeorologia-traz-indicacoes-gerais-para-produtores-rurais\\\/#respond\"]}]},{\"@type\":\"WebPage\",\"@id\":\"https:\\\/\\\/folhapopular.info\\\/index.php\\\/2024\\\/06\\\/03\\\/boletim-extraordinario-de-agrometeorologia-traz-indicacoes-gerais-para-produtores-rurais\\\/\",\"url\":\"https:\\\/\\\/folhapopular.info\\\/index.php\\\/2024\\\/06\\\/03\\\/boletim-extraordinario-de-agrometeorologia-traz-indicacoes-gerais-para-produtores-rurais\\\/\",\"name\":\"Boletim extraordin\u00e1rio de agrometeorologia traz indica\u00e7\u00f5es gerais para produtores rurais - Folha Popular\",\"isPartOf\":{\"@id\":\"https:\\\/\\\/folhapopular.info\\\/#website\"},\"primaryImageOfPage\":{\"@id\":\"https:\\\/\\\/folhapopular.info\\\/index.php\\\/2024\\\/06\\\/03\\\/boletim-extraordinario-de-agrometeorologia-traz-indicacoes-gerais-para-produtores-rurais\\\/#primaryimage\"},\"image\":{\"@id\":\"https:\\\/\\\/folhapopular.info\\\/index.php\\\/2024\\\/06\\\/03\\\/boletim-extraordinario-de-agrometeorologia-traz-indicacoes-gerais-para-produtores-rurais\\\/#primaryimage\"},\"thumbnailUrl\":\"https:\\\/\\\/folhapopular.info\\\/wp-content\\\/uploads\\\/2022\\\/01\\\/Chuva_VC_Pexels-scaled-e1641385255663.jpg\",\"datePublished\":\"2024-06-03T14:40:17+00:00\",\"dateModified\":\"2024-06-03T14:40:20+00:00\",\"author\":{\"@id\":\"https:\\\/\\\/folhapopular.info\\\/#\\\/schema\\\/person\\\/2814e8a0df7643585a9ca38bc6eb9d4b\"},\"breadcrumb\":{\"@id\":\"https:\\\/\\\/folhapopular.info\\\/index.php\\\/2024\\\/06\\\/03\\\/boletim-extraordinario-de-agrometeorologia-traz-indicacoes-gerais-para-produtores-rurais\\\/#breadcrumb\"},\"inLanguage\":\"pt-BR\",\"potentialAction\":[{\"@type\":\"ReadAction\",\"target\":[\"https:\\\/\\\/folhapopular.info\\\/index.php\\\/2024\\\/06\\\/03\\\/boletim-extraordinario-de-agrometeorologia-traz-indicacoes-gerais-para-produtores-rurais\\\/\"]}]},{\"@type\":\"ImageObject\",\"inLanguage\":\"pt-BR\",\"@id\":\"https:\\\/\\\/folhapopular.info\\\/index.php\\\/2024\\\/06\\\/03\\\/boletim-extraordinario-de-agrometeorologia-traz-indicacoes-gerais-para-produtores-rurais\\\/#primaryimage\",\"url\":\"https:\\\/\\\/folhapopular.info\\\/wp-content\\\/uploads\\\/2022\\\/01\\\/Chuva_VC_Pexels-scaled-e1641385255663.jpg\",\"contentUrl\":\"https:\\\/\\\/folhapopular.info\\\/wp-content\\\/uploads\\\/2022\\\/01\\\/Chuva_VC_Pexels-scaled-e1641385255663.jpg\",\"width\":1200,\"height\":675,\"caption\":\"Cr\u00e9dito: Pexels\"},{\"@type\":\"BreadcrumbList\",\"@id\":\"https:\\\/\\\/folhapopular.info\\\/index.php\\\/2024\\\/06\\\/03\\\/boletim-extraordinario-de-agrometeorologia-traz-indicacoes-gerais-para-produtores-rurais\\\/#breadcrumb\",\"itemListElement\":[{\"@type\":\"ListItem\",\"position\":1,\"name\":\"In\u00edcio\",\"item\":\"https:\\\/\\\/folhapopular.info\\\/\"},{\"@type\":\"ListItem\",\"position\":2,\"name\":\"Boletim extraordin\u00e1rio de agrometeorologia traz indica\u00e7\u00f5es gerais para produtores rurais\"}]},{\"@type\":\"WebSite\",\"@id\":\"https:\\\/\\\/folhapopular.info\\\/#website\",\"url\":\"https:\\\/\\\/folhapopular.info\\\/\",\"name\":\"Folha Popular\",\"description\":\"Onde voc\u00ea tem vez e voz\",\"potentialAction\":[{\"@type\":\"SearchAction\",\"target\":{\"@type\":\"EntryPoint\",\"urlTemplate\":\"https:\\\/\\\/folhapopular.info\\\/?s={search_term_string}\"},\"query-input\":{\"@type\":\"PropertyValueSpecification\",\"valueRequired\":true,\"valueName\":\"search_term_string\"}}],\"inLanguage\":\"pt-BR\"},{\"@type\":\"Person\",\"@id\":\"https:\\\/\\\/folhapopular.info\\\/#\\\/schema\\\/person\\\/2814e8a0df7643585a9ca38bc6eb9d4b\",\"name\":\"Reda\u00e7\u00e3o Folha Popular\",\"image\":{\"@type\":\"ImageObject\",\"inLanguage\":\"pt-BR\",\"@id\":\"https:\\\/\\\/folhapopular.info\\\/wp-content\\\/uploads\\\/2026\\\/04\\\/Folha-1.webp\",\"url\":\"https:\\\/\\\/folhapopular.info\\\/wp-content\\\/uploads\\\/2026\\\/04\\\/Folha-1.webp\",\"contentUrl\":\"https:\\\/\\\/folhapopular.info\\\/wp-content\\\/uploads\\\/2026\\\/04\\\/Folha-1.webp\",\"caption\":\"Reda\u00e7\u00e3o Folha Popular\"},\"url\":\"https:\\\/\\\/folhapopular.info\\\/index.php\\\/author\\\/redacao\\\/\"}]}<\/script>\n<!-- \/ Yoast SEO plugin. -->","yoast_head_json":{"title":"Boletim extraordin\u00e1rio de agrometeorologia traz indica\u00e7\u00f5es gerais para produtores rurais - Folha Popular","robots":{"index":"index","follow":"follow","max-snippet":"max-snippet:-1","max-image-preview":"max-image-preview:large","max-video-preview":"max-video-preview:-1"},"canonical":"https:\/\/folhapopular.info\/index.php\/2024\/06\/03\/boletim-extraordinario-de-agrometeorologia-traz-indicacoes-gerais-para-produtores-rurais\/","og_locale":"pt_BR","og_type":"article","og_title":"Boletim extraordin\u00e1rio de agrometeorologia traz indica\u00e7\u00f5es gerais para produtores rurais - Folha Popular","og_description":"O Conselho Permanente de Agrometeorologia Aplicada do Estado do Rio Grande do Sul (Copaaergs) se reuniu de forma emergencial para elaborar o Boletim Extraordin\u00e1rio, com an\u00e1lise dos eventos meteorol\u00f3gicos ocorridos no Estado em maio. O documento traz previs\u00f5es para o m\u00eas de junho e indica\u00e7\u00f5es gerais para os produtores rurais ga\u00fachos nos pr\u00f3ximos meses. A [&hellip;]","og_url":"https:\/\/folhapopular.info\/index.php\/2024\/06\/03\/boletim-extraordinario-de-agrometeorologia-traz-indicacoes-gerais-para-produtores-rurais\/","og_site_name":"Folha Popular","article_published_time":"2024-06-03T14:40:17+00:00","article_modified_time":"2024-06-03T14:40:20+00:00","og_image":[{"width":1200,"height":675,"url":"http:\/\/folhapopular.info\/wp-content\/uploads\/2022\/01\/Chuva_VC_Pexels-scaled-e1641385255663.jpg","type":"image\/jpeg"}],"author":"Reda\u00e7\u00e3o Folha Popular","twitter_card":"summary_large_image","twitter_misc":{"Escrito por":"Reda\u00e7\u00e3o Folha Popular","Est. tempo de leitura":"3 minutos"},"schema":{"@context":"https:\/\/schema.org","@graph":[{"@type":"Article","@id":"https:\/\/folhapopular.info\/index.php\/2024\/06\/03\/boletim-extraordinario-de-agrometeorologia-traz-indicacoes-gerais-para-produtores-rurais\/#article","isPartOf":{"@id":"https:\/\/folhapopular.info\/index.php\/2024\/06\/03\/boletim-extraordinario-de-agrometeorologia-traz-indicacoes-gerais-para-produtores-rurais\/"},"author":{"name":"Reda\u00e7\u00e3o Folha Popular","@id":"https:\/\/folhapopular.info\/#\/schema\/person\/2814e8a0df7643585a9ca38bc6eb9d4b"},"headline":"Boletim extraordin\u00e1rio de agrometeorologia traz indica\u00e7\u00f5es gerais para produtores rurais","datePublished":"2024-06-03T14:40:17+00:00","dateModified":"2024-06-03T14:40:20+00:00","mainEntityOfPage":{"@id":"https:\/\/folhapopular.info\/index.php\/2024\/06\/03\/boletim-extraordinario-de-agrometeorologia-traz-indicacoes-gerais-para-produtores-rurais\/"},"wordCount":545,"commentCount":0,"image":{"@id":"https:\/\/folhapopular.info\/index.php\/2024\/06\/03\/boletim-extraordinario-de-agrometeorologia-traz-indicacoes-gerais-para-produtores-rurais\/#primaryimage"},"thumbnailUrl":"https:\/\/folhapopular.info\/wp-content\/uploads\/2022\/01\/Chuva_VC_Pexels-scaled-e1641385255663.jpg","keywords":["rural"],"articleSection":["Destaques","Rural"],"inLanguage":"pt-BR","potentialAction":[{"@type":"CommentAction","name":"Comment","target":["https:\/\/folhapopular.info\/index.php\/2024\/06\/03\/boletim-extraordinario-de-agrometeorologia-traz-indicacoes-gerais-para-produtores-rurais\/#respond"]}]},{"@type":"WebPage","@id":"https:\/\/folhapopular.info\/index.php\/2024\/06\/03\/boletim-extraordinario-de-agrometeorologia-traz-indicacoes-gerais-para-produtores-rurais\/","url":"https:\/\/folhapopular.info\/index.php\/2024\/06\/03\/boletim-extraordinario-de-agrometeorologia-traz-indicacoes-gerais-para-produtores-rurais\/","name":"Boletim extraordin\u00e1rio de agrometeorologia traz indica\u00e7\u00f5es gerais para produtores rurais - Folha Popular","isPartOf":{"@id":"https:\/\/folhapopular.info\/#website"},"primaryImageOfPage":{"@id":"https:\/\/folhapopular.info\/index.php\/2024\/06\/03\/boletim-extraordinario-de-agrometeorologia-traz-indicacoes-gerais-para-produtores-rurais\/#primaryimage"},"image":{"@id":"https:\/\/folhapopular.info\/index.php\/2024\/06\/03\/boletim-extraordinario-de-agrometeorologia-traz-indicacoes-gerais-para-produtores-rurais\/#primaryimage"},"thumbnailUrl":"https:\/\/folhapopular.info\/wp-content\/uploads\/2022\/01\/Chuva_VC_Pexels-scaled-e1641385255663.jpg","datePublished":"2024-06-03T14:40:17+00:00","dateModified":"2024-06-03T14:40:20+00:00","author":{"@id":"https:\/\/folhapopular.info\/#\/schema\/person\/2814e8a0df7643585a9ca38bc6eb9d4b"},"breadcrumb":{"@id":"https:\/\/folhapopular.info\/index.php\/2024\/06\/03\/boletim-extraordinario-de-agrometeorologia-traz-indicacoes-gerais-para-produtores-rurais\/#breadcrumb"},"inLanguage":"pt-BR","potentialAction":[{"@type":"ReadAction","target":["https:\/\/folhapopular.info\/index.php\/2024\/06\/03\/boletim-extraordinario-de-agrometeorologia-traz-indicacoes-gerais-para-produtores-rurais\/"]}]},{"@type":"ImageObject","inLanguage":"pt-BR","@id":"https:\/\/folhapopular.info\/index.php\/2024\/06\/03\/boletim-extraordinario-de-agrometeorologia-traz-indicacoes-gerais-para-produtores-rurais\/#primaryimage","url":"https:\/\/folhapopular.info\/wp-content\/uploads\/2022\/01\/Chuva_VC_Pexels-scaled-e1641385255663.jpg","contentUrl":"https:\/\/folhapopular.info\/wp-content\/uploads\/2022\/01\/Chuva_VC_Pexels-scaled-e1641385255663.jpg","width":1200,"height":675,"caption":"Cr\u00e9dito: Pexels"},{"@type":"BreadcrumbList","@id":"https:\/\/folhapopular.info\/index.php\/2024\/06\/03\/boletim-extraordinario-de-agrometeorologia-traz-indicacoes-gerais-para-produtores-rurais\/#breadcrumb","itemListElement":[{"@type":"ListItem","position":1,"name":"In\u00edcio","item":"https:\/\/folhapopular.info\/"},{"@type":"ListItem","position":2,"name":"Boletim extraordin\u00e1rio de agrometeorologia traz indica\u00e7\u00f5es gerais para produtores rurais"}]},{"@type":"WebSite","@id":"https:\/\/folhapopular.info\/#website","url":"https:\/\/folhapopular.info\/","name":"Folha Popular","description":"Onde voc\u00ea tem vez e voz","potentialAction":[{"@type":"SearchAction","target":{"@type":"EntryPoint","urlTemplate":"https:\/\/folhapopular.info\/?s={search_term_string}"},"query-input":{"@type":"PropertyValueSpecification","valueRequired":true,"valueName":"search_term_string"}}],"inLanguage":"pt-BR"},{"@type":"Person","@id":"https:\/\/folhapopular.info\/#\/schema\/person\/2814e8a0df7643585a9ca38bc6eb9d4b","name":"Reda\u00e7\u00e3o Folha Popular","image":{"@type":"ImageObject","inLanguage":"pt-BR","@id":"https:\/\/folhapopular.info\/wp-content\/uploads\/2026\/04\/Folha-1.webp","url":"https:\/\/folhapopular.info\/wp-content\/uploads\/2026\/04\/Folha-1.webp","contentUrl":"https:\/\/folhapopular.info\/wp-content\/uploads\/2026\/04\/Folha-1.webp","caption":"Reda\u00e7\u00e3o Folha Popular"},"url":"https:\/\/folhapopular.info\/index.php\/author\/redacao\/"}]}},"jetpack_featured_media_url":"https:\/\/folhapopular.info\/wp-content\/uploads\/2022\/01\/Chuva_VC_Pexels-scaled-e1641385255663.jpg","jetpack_sharing_enabled":true,"amp_enabled":true,"_links":{"self":[{"href":"https:\/\/folhapopular.info\/index.php\/wp-json\/wp\/v2\/posts\/159260","targetHints":{"allow":["GET"]}}],"collection":[{"href":"https:\/\/folhapopular.info\/index.php\/wp-json\/wp\/v2\/posts"}],"about":[{"href":"https:\/\/folhapopular.info\/index.php\/wp-json\/wp\/v2\/types\/post"}],"author":[{"embeddable":true,"href":"https:\/\/folhapopular.info\/index.php\/wp-json\/wp\/v2\/users\/8"}],"replies":[{"embeddable":true,"href":"https:\/\/folhapopular.info\/index.php\/wp-json\/wp\/v2\/comments?post=159260"}],"version-history":[{"count":0,"href":"https:\/\/folhapopular.info\/index.php\/wp-json\/wp\/v2\/posts\/159260\/revisions"}],"wp:featuredmedia":[{"embeddable":true,"href":"https:\/\/folhapopular.info\/index.php\/wp-json\/wp\/v2\/media\/96005"}],"wp:attachment":[{"href":"https:\/\/folhapopular.info\/index.php\/wp-json\/wp\/v2\/media?parent=159260"}],"wp:term":[{"taxonomy":"category","embeddable":true,"href":"https:\/\/folhapopular.info\/index.php\/wp-json\/wp\/v2\/categories?post=159260"},{"taxonomy":"post_tag","embeddable":true,"href":"https:\/\/folhapopular.info\/index.php\/wp-json\/wp\/v2\/tags?post=159260"}],"curies":[{"name":"wp","href":"https:\/\/api.w.org\/{rel}","templated":true}]}}