{"id":159295,"date":"2024-06-04T08:49:02","date_gmt":"2024-06-04T11:49:02","guid":{"rendered":"https:\/\/folhapopular.info\/?p=159295"},"modified":"2024-06-04T09:59:19","modified_gmt":"2024-06-04T12:59:19","slug":"somos-do-vale-promove-o-consumo-dos-produtos-locais","status":"publish","type":"post","link":"https:\/\/folhapopular.info\/index.php\/2024\/06\/04\/somos-do-vale-promove-o-consumo-dos-produtos-locais\/","title":{"rendered":"&#8220;Somos do Vale&#8221; promove o consumo dos produtos locais"},"content":{"rendered":"\n<p>O projeto \u201cSomos do Vale\u201d, lan\u00e7ado recentemente, tem como objetivo auxiliar os empreendimentos tur\u00edsticos da regi\u00e3o que foram amplamente afetados pelas cheias. Al\u00e9m do resgate da economia e neg\u00f3cios, que em sua maioria s\u00e3o geridos pelas fam\u00edlias, a iniciativa tem como prop\u00f3sito promover o senso de comunidade e divulga\u00e7\u00e3o do que \u00e9 feito na regi\u00e3o.<\/p>\n\n\n\n<p>Segundo o presidente da Associa\u00e7\u00e3o dos Munic\u00edpios de Turismo da Regi\u00e3o dos Vales (Amturvales), Charles Rossner, o projeto \u201cSomos do Vale\u201d ter\u00e1 uma grande campanha junto aos meios de comunica\u00e7\u00e3o para promover cada vez mais os produtos locais.<\/p>\n\n\n\n<p>\u201cNosso objetivo \u00e9 criar esse senso, \u201cSomos do Vale\u201d e consumimos os produtos da regi\u00e3o. comprar um vinho da regi\u00e3o, comprar um espumante da regi\u00e3o. A gente tem isso quando a gente viaja, para consumir as coisas dos locais. A gente tamb\u00e9m tem que consumir as nossas coisas e postar, dar esse glamour que as nossas marcas t\u00eam.\u201d, explica Rossner.<\/p>\n\n\n\n<p>\u00c9 uma iniciativa que tem como foco o desenvolvimento da regi\u00e3o e tem o apoio do Sebrae, do APL \u2013 Arranjo Produtivo Local, Emater, Portal 365 Vezes no Vale, Portal Curta a Viagem.<\/p>\n\n\n\n<p>Para conhecer mais sobre o projeto e como acessar os servi\u00e7os oferecidos basta pesquisar nas redes sociais @amtuvales.<\/p>\n\n\n\n<p><strong>Confira a entrevista na \u00edntegra<\/strong><\/p>\n\n\n\n<figure class=\"wp-block-embed is-type-video is-provider-youtube wp-block-embed-youtube wp-embed-aspect-4-3 wp-has-aspect-ratio\"><div class=\"wp-block-embed__wrapper\">\n<div class=\"youtube-embed\" data-video_id=\"ZEhHdlfYqk4\"><iframe loading=\"lazy\" title=\"Entidades regionais lan\u00e7am campanha \u201cSomos do Vale\u201d\" width=\"696\" height=\"522\" src=\"https:\/\/www.youtube.com\/embed\/ZEhHdlfYqk4?feature=oembed&#038;enablejsapi=1\" frameborder=\"0\" allow=\"accelerometer; autoplay; clipboard-write; encrypted-media; gyroscope; picture-in-picture; web-share\" referrerpolicy=\"strict-origin-when-cross-origin\" allowfullscreen><\/iframe><\/div>\n<\/div><\/figure>\n","protected":false},"excerpt":{"rendered":"<p>O projeto \u201cSomos do Vale\u201d, lan\u00e7ado recentemente, tem como objetivo auxiliar os empreendimentos tur\u00edsticos da regi\u00e3o que foram amplamente afetados pelas cheias. Al\u00e9m do resgate da economia e neg\u00f3cios, que em sua maioria s\u00e3o geridos pelas fam\u00edlias, a iniciativa tem como prop\u00f3sito promover o senso de comunidade e divulga\u00e7\u00e3o do que \u00e9 feito na regi\u00e3o. [&hellip;]<\/p>\n","protected":false},"author":8,"featured_media":153530,"comment_status":"open","ping_status":"open","sticky":false,"template":"","format":"standard","meta":{"pmpro_default_level":"","_jetpack_memberships_contains_paid_content":false,"footnotes":""},"categories":[2,11000],"tags":[2022,3123,156],"class_list":{"0":"post-159295","1":"post","2":"type-post","3":"status-publish","4":"format-standard","5":"has-post-thumbnail","7":"category-featured","8":"category-turismo","9":"tag-amturvales","10":"tag-sebrae","11":"tag-vale-do-taquari","12":"pmpro-has-access"},"yoast_head":"<!-- This site is optimized with the Yoast SEO plugin v27.5 - https:\/\/yoast.com\/product\/yoast-seo-wordpress\/ -->\n<title>&quot;Somos do Vale&quot; promove o consumo dos produtos locais - Folha Popular<\/title>\n<meta name=\"robots\" content=\"index, follow, max-snippet:-1, max-image-preview:large, max-video-preview:-1\" \/>\n<link rel=\"canonical\" href=\"https:\/\/folhapopular.info\/index.php\/2024\/06\/04\/somos-do-vale-promove-o-consumo-dos-produtos-locais\/\" \/>\n<meta property=\"og:locale\" content=\"pt_BR\" \/>\n<meta property=\"og:type\" content=\"article\" \/>\n<meta property=\"og:title\" content=\"&quot;Somos do Vale&quot; promove o consumo dos produtos locais - Folha Popular\" \/>\n<meta property=\"og:description\" content=\"O projeto \u201cSomos do Vale\u201d, lan\u00e7ado recentemente, tem como objetivo auxiliar os empreendimentos tur\u00edsticos da regi\u00e3o que foram amplamente afetados pelas cheias. Al\u00e9m do resgate da economia e neg\u00f3cios, que em sua maioria s\u00e3o geridos pelas fam\u00edlias, a iniciativa tem como prop\u00f3sito promover o senso de comunidade e divulga\u00e7\u00e3o do que \u00e9 feito na regi\u00e3o. [&hellip;]\" \/>\n<meta property=\"og:url\" content=\"https:\/\/folhapopular.info\/index.php\/2024\/06\/04\/somos-do-vale-promove-o-consumo-dos-produtos-locais\/\" \/>\n<meta property=\"og:site_name\" content=\"Folha Popular\" \/>\n<meta property=\"article:published_time\" content=\"2024-06-04T11:49:02+00:00\" \/>\n<meta property=\"article:modified_time\" content=\"2024-06-04T12:59:19+00:00\" \/>\n<meta property=\"og:image\" content=\"http:\/\/folhapopular.info\/wp-content\/uploads\/2024\/03\/4767564_828ede67da59b58-1.jpeg\" \/>\n\t<meta property=\"og:image:width\" content=\"1400\" \/>\n\t<meta property=\"og:image:height\" content=\"1050\" \/>\n\t<meta property=\"og:image:type\" content=\"image\/jpeg\" \/>\n<meta name=\"author\" content=\"Reda\u00e7\u00e3o Folha Popular\" \/>\n<meta name=\"twitter:card\" content=\"summary_large_image\" \/>\n<meta name=\"twitter:label1\" content=\"Escrito por\" \/>\n\t<meta name=\"twitter:data1\" content=\"Reda\u00e7\u00e3o Folha Popular\" \/>\n\t<meta name=\"twitter:label2\" content=\"Est. tempo de leitura\" \/>\n\t<meta name=\"twitter:data2\" content=\"2 minutos\" \/>\n<script type=\"application\/ld+json\" class=\"yoast-schema-graph\">{\"@context\":\"https:\\\/\\\/schema.org\",\"@graph\":[{\"@type\":\"Article\",\"@id\":\"https:\\\/\\\/folhapopular.info\\\/index.php\\\/2024\\\/06\\\/04\\\/somos-do-vale-promove-o-consumo-dos-produtos-locais\\\/#article\",\"isPartOf\":{\"@id\":\"https:\\\/\\\/folhapopular.info\\\/index.php\\\/2024\\\/06\\\/04\\\/somos-do-vale-promove-o-consumo-dos-produtos-locais\\\/\"},\"author\":{\"name\":\"Reda\u00e7\u00e3o Folha Popular\",\"@id\":\"https:\\\/\\\/folhapopular.info\\\/#\\\/schema\\\/person\\\/2814e8a0df7643585a9ca38bc6eb9d4b\"},\"headline\":\"&#8220;Somos do Vale&#8221; promove o consumo dos produtos locais\",\"datePublished\":\"2024-06-04T11:49:02+00:00\",\"dateModified\":\"2024-06-04T12:59:19+00:00\",\"mainEntityOfPage\":{\"@id\":\"https:\\\/\\\/folhapopular.info\\\/index.php\\\/2024\\\/06\\\/04\\\/somos-do-vale-promove-o-consumo-dos-produtos-locais\\\/\"},\"wordCount\":241,\"commentCount\":0,\"image\":{\"@id\":\"https:\\\/\\\/folhapopular.info\\\/index.php\\\/2024\\\/06\\\/04\\\/somos-do-vale-promove-o-consumo-dos-produtos-locais\\\/#primaryimage\"},\"thumbnailUrl\":\"https:\\\/\\\/folhapopular.info\\\/wp-content\\\/uploads\\\/2024\\\/03\\\/4767564_828ede67da59b58-1.jpeg\",\"keywords\":[\"Amturvales\",\"Sebrae\",\"Vale do Taquari\"],\"articleSection\":[\"Destaques\",\"Turismo\"],\"inLanguage\":\"pt-BR\",\"potentialAction\":[{\"@type\":\"CommentAction\",\"name\":\"Comment\",\"target\":[\"https:\\\/\\\/folhapopular.info\\\/index.php\\\/2024\\\/06\\\/04\\\/somos-do-vale-promove-o-consumo-dos-produtos-locais\\\/#respond\"]}]},{\"@type\":\"WebPage\",\"@id\":\"https:\\\/\\\/folhapopular.info\\\/index.php\\\/2024\\\/06\\\/04\\\/somos-do-vale-promove-o-consumo-dos-produtos-locais\\\/\",\"url\":\"https:\\\/\\\/folhapopular.info\\\/index.php\\\/2024\\\/06\\\/04\\\/somos-do-vale-promove-o-consumo-dos-produtos-locais\\\/\",\"name\":\"\\\"Somos do Vale\\\" promove o consumo dos produtos locais - Folha Popular\",\"isPartOf\":{\"@id\":\"https:\\\/\\\/folhapopular.info\\\/#website\"},\"primaryImageOfPage\":{\"@id\":\"https:\\\/\\\/folhapopular.info\\\/index.php\\\/2024\\\/06\\\/04\\\/somos-do-vale-promove-o-consumo-dos-produtos-locais\\\/#primaryimage\"},\"image\":{\"@id\":\"https:\\\/\\\/folhapopular.info\\\/index.php\\\/2024\\\/06\\\/04\\\/somos-do-vale-promove-o-consumo-dos-produtos-locais\\\/#primaryimage\"},\"thumbnailUrl\":\"https:\\\/\\\/folhapopular.info\\\/wp-content\\\/uploads\\\/2024\\\/03\\\/4767564_828ede67da59b58-1.jpeg\",\"datePublished\":\"2024-06-04T11:49:02+00:00\",\"dateModified\":\"2024-06-04T12:59:19+00:00\",\"author\":{\"@id\":\"https:\\\/\\\/folhapopular.info\\\/#\\\/schema\\\/person\\\/2814e8a0df7643585a9ca38bc6eb9d4b\"},\"breadcrumb\":{\"@id\":\"https:\\\/\\\/folhapopular.info\\\/index.php\\\/2024\\\/06\\\/04\\\/somos-do-vale-promove-o-consumo-dos-produtos-locais\\\/#breadcrumb\"},\"inLanguage\":\"pt-BR\",\"potentialAction\":[{\"@type\":\"ReadAction\",\"target\":[\"https:\\\/\\\/folhapopular.info\\\/index.php\\\/2024\\\/06\\\/04\\\/somos-do-vale-promove-o-consumo-dos-produtos-locais\\\/\"]}]},{\"@type\":\"ImageObject\",\"inLanguage\":\"pt-BR\",\"@id\":\"https:\\\/\\\/folhapopular.info\\\/index.php\\\/2024\\\/06\\\/04\\\/somos-do-vale-promove-o-consumo-dos-produtos-locais\\\/#primaryimage\",\"url\":\"https:\\\/\\\/folhapopular.info\\\/wp-content\\\/uploads\\\/2024\\\/03\\\/4767564_828ede67da59b58-1.jpeg\",\"contentUrl\":\"https:\\\/\\\/folhapopular.info\\\/wp-content\\\/uploads\\\/2024\\\/03\\\/4767564_828ede67da59b58-1.jpeg\",\"width\":1400,\"height\":1050,\"caption\":\"Cr\u00e9dito: Divulga\u00e7\u00e3o \\\/ Amturvales\"},{\"@type\":\"BreadcrumbList\",\"@id\":\"https:\\\/\\\/folhapopular.info\\\/index.php\\\/2024\\\/06\\\/04\\\/somos-do-vale-promove-o-consumo-dos-produtos-locais\\\/#breadcrumb\",\"itemListElement\":[{\"@type\":\"ListItem\",\"position\":1,\"name\":\"In\u00edcio\",\"item\":\"https:\\\/\\\/folhapopular.info\\\/\"},{\"@type\":\"ListItem\",\"position\":2,\"name\":\"&#8220;Somos do Vale&#8221; promove o consumo dos produtos locais\"}]},{\"@type\":\"WebSite\",\"@id\":\"https:\\\/\\\/folhapopular.info\\\/#website\",\"url\":\"https:\\\/\\\/folhapopular.info\\\/\",\"name\":\"Folha Popular\",\"description\":\"Onde voc\u00ea tem vez e voz\",\"potentialAction\":[{\"@type\":\"SearchAction\",\"target\":{\"@type\":\"EntryPoint\",\"urlTemplate\":\"https:\\\/\\\/folhapopular.info\\\/?s={search_term_string}\"},\"query-input\":{\"@type\":\"PropertyValueSpecification\",\"valueRequired\":true,\"valueName\":\"search_term_string\"}}],\"inLanguage\":\"pt-BR\"},{\"@type\":\"Person\",\"@id\":\"https:\\\/\\\/folhapopular.info\\\/#\\\/schema\\\/person\\\/2814e8a0df7643585a9ca38bc6eb9d4b\",\"name\":\"Reda\u00e7\u00e3o Folha Popular\",\"image\":{\"@type\":\"ImageObject\",\"inLanguage\":\"pt-BR\",\"@id\":\"https:\\\/\\\/folhapopular.info\\\/wp-content\\\/uploads\\\/2026\\\/04\\\/Folha-1.webp\",\"url\":\"https:\\\/\\\/folhapopular.info\\\/wp-content\\\/uploads\\\/2026\\\/04\\\/Folha-1.webp\",\"contentUrl\":\"https:\\\/\\\/folhapopular.info\\\/wp-content\\\/uploads\\\/2026\\\/04\\\/Folha-1.webp\",\"caption\":\"Reda\u00e7\u00e3o Folha Popular\"},\"url\":\"https:\\\/\\\/folhapopular.info\\\/index.php\\\/author\\\/redacao\\\/\"}]}<\/script>\n<!-- \/ Yoast SEO plugin. -->","yoast_head_json":{"title":"\"Somos do Vale\" promove o consumo dos produtos locais - Folha Popular","robots":{"index":"index","follow":"follow","max-snippet":"max-snippet:-1","max-image-preview":"max-image-preview:large","max-video-preview":"max-video-preview:-1"},"canonical":"https:\/\/folhapopular.info\/index.php\/2024\/06\/04\/somos-do-vale-promove-o-consumo-dos-produtos-locais\/","og_locale":"pt_BR","og_type":"article","og_title":"\"Somos do Vale\" promove o consumo dos produtos locais - Folha Popular","og_description":"O projeto \u201cSomos do Vale\u201d, lan\u00e7ado recentemente, tem como objetivo auxiliar os empreendimentos tur\u00edsticos da regi\u00e3o que foram amplamente afetados pelas cheias. Al\u00e9m do resgate da economia e neg\u00f3cios, que em sua maioria s\u00e3o geridos pelas fam\u00edlias, a iniciativa tem como prop\u00f3sito promover o senso de comunidade e divulga\u00e7\u00e3o do que \u00e9 feito na regi\u00e3o. [&hellip;]","og_url":"https:\/\/folhapopular.info\/index.php\/2024\/06\/04\/somos-do-vale-promove-o-consumo-dos-produtos-locais\/","og_site_name":"Folha Popular","article_published_time":"2024-06-04T11:49:02+00:00","article_modified_time":"2024-06-04T12:59:19+00:00","og_image":[{"width":1400,"height":1050,"url":"http:\/\/folhapopular.info\/wp-content\/uploads\/2024\/03\/4767564_828ede67da59b58-1.jpeg","type":"image\/jpeg"}],"author":"Reda\u00e7\u00e3o Folha Popular","twitter_card":"summary_large_image","twitter_misc":{"Escrito por":"Reda\u00e7\u00e3o Folha Popular","Est. tempo de leitura":"2 minutos"},"schema":{"@context":"https:\/\/schema.org","@graph":[{"@type":"Article","@id":"https:\/\/folhapopular.info\/index.php\/2024\/06\/04\/somos-do-vale-promove-o-consumo-dos-produtos-locais\/#article","isPartOf":{"@id":"https:\/\/folhapopular.info\/index.php\/2024\/06\/04\/somos-do-vale-promove-o-consumo-dos-produtos-locais\/"},"author":{"name":"Reda\u00e7\u00e3o Folha Popular","@id":"https:\/\/folhapopular.info\/#\/schema\/person\/2814e8a0df7643585a9ca38bc6eb9d4b"},"headline":"&#8220;Somos do Vale&#8221; promove o consumo dos produtos locais","datePublished":"2024-06-04T11:49:02+00:00","dateModified":"2024-06-04T12:59:19+00:00","mainEntityOfPage":{"@id":"https:\/\/folhapopular.info\/index.php\/2024\/06\/04\/somos-do-vale-promove-o-consumo-dos-produtos-locais\/"},"wordCount":241,"commentCount":0,"image":{"@id":"https:\/\/folhapopular.info\/index.php\/2024\/06\/04\/somos-do-vale-promove-o-consumo-dos-produtos-locais\/#primaryimage"},"thumbnailUrl":"https:\/\/folhapopular.info\/wp-content\/uploads\/2024\/03\/4767564_828ede67da59b58-1.jpeg","keywords":["Amturvales","Sebrae","Vale do Taquari"],"articleSection":["Destaques","Turismo"],"inLanguage":"pt-BR","potentialAction":[{"@type":"CommentAction","name":"Comment","target":["https:\/\/folhapopular.info\/index.php\/2024\/06\/04\/somos-do-vale-promove-o-consumo-dos-produtos-locais\/#respond"]}]},{"@type":"WebPage","@id":"https:\/\/folhapopular.info\/index.php\/2024\/06\/04\/somos-do-vale-promove-o-consumo-dos-produtos-locais\/","url":"https:\/\/folhapopular.info\/index.php\/2024\/06\/04\/somos-do-vale-promove-o-consumo-dos-produtos-locais\/","name":"\"Somos do Vale\" promove o consumo dos produtos locais - Folha Popular","isPartOf":{"@id":"https:\/\/folhapopular.info\/#website"},"primaryImageOfPage":{"@id":"https:\/\/folhapopular.info\/index.php\/2024\/06\/04\/somos-do-vale-promove-o-consumo-dos-produtos-locais\/#primaryimage"},"image":{"@id":"https:\/\/folhapopular.info\/index.php\/2024\/06\/04\/somos-do-vale-promove-o-consumo-dos-produtos-locais\/#primaryimage"},"thumbnailUrl":"https:\/\/folhapopular.info\/wp-content\/uploads\/2024\/03\/4767564_828ede67da59b58-1.jpeg","datePublished":"2024-06-04T11:49:02+00:00","dateModified":"2024-06-04T12:59:19+00:00","author":{"@id":"https:\/\/folhapopular.info\/#\/schema\/person\/2814e8a0df7643585a9ca38bc6eb9d4b"},"breadcrumb":{"@id":"https:\/\/folhapopular.info\/index.php\/2024\/06\/04\/somos-do-vale-promove-o-consumo-dos-produtos-locais\/#breadcrumb"},"inLanguage":"pt-BR","potentialAction":[{"@type":"ReadAction","target":["https:\/\/folhapopular.info\/index.php\/2024\/06\/04\/somos-do-vale-promove-o-consumo-dos-produtos-locais\/"]}]},{"@type":"ImageObject","inLanguage":"pt-BR","@id":"https:\/\/folhapopular.info\/index.php\/2024\/06\/04\/somos-do-vale-promove-o-consumo-dos-produtos-locais\/#primaryimage","url":"https:\/\/folhapopular.info\/wp-content\/uploads\/2024\/03\/4767564_828ede67da59b58-1.jpeg","contentUrl":"https:\/\/folhapopular.info\/wp-content\/uploads\/2024\/03\/4767564_828ede67da59b58-1.jpeg","width":1400,"height":1050,"caption":"Cr\u00e9dito: Divulga\u00e7\u00e3o \/ Amturvales"},{"@type":"BreadcrumbList","@id":"https:\/\/folhapopular.info\/index.php\/2024\/06\/04\/somos-do-vale-promove-o-consumo-dos-produtos-locais\/#breadcrumb","itemListElement":[{"@type":"ListItem","position":1,"name":"In\u00edcio","item":"https:\/\/folhapopular.info\/"},{"@type":"ListItem","position":2,"name":"&#8220;Somos do Vale&#8221; promove o consumo dos produtos locais"}]},{"@type":"WebSite","@id":"https:\/\/folhapopular.info\/#website","url":"https:\/\/folhapopular.info\/","name":"Folha Popular","description":"Onde voc\u00ea tem vez e voz","potentialAction":[{"@type":"SearchAction","target":{"@type":"EntryPoint","urlTemplate":"https:\/\/folhapopular.info\/?s={search_term_string}"},"query-input":{"@type":"PropertyValueSpecification","valueRequired":true,"valueName":"search_term_string"}}],"inLanguage":"pt-BR"},{"@type":"Person","@id":"https:\/\/folhapopular.info\/#\/schema\/person\/2814e8a0df7643585a9ca38bc6eb9d4b","name":"Reda\u00e7\u00e3o Folha Popular","image":{"@type":"ImageObject","inLanguage":"pt-BR","@id":"https:\/\/folhapopular.info\/wp-content\/uploads\/2026\/04\/Folha-1.webp","url":"https:\/\/folhapopular.info\/wp-content\/uploads\/2026\/04\/Folha-1.webp","contentUrl":"https:\/\/folhapopular.info\/wp-content\/uploads\/2026\/04\/Folha-1.webp","caption":"Reda\u00e7\u00e3o Folha Popular"},"url":"https:\/\/folhapopular.info\/index.php\/author\/redacao\/"}]}},"jetpack_featured_media_url":"https:\/\/folhapopular.info\/wp-content\/uploads\/2024\/03\/4767564_828ede67da59b58-1.jpeg","jetpack_sharing_enabled":true,"amp_enabled":true,"_links":{"self":[{"href":"https:\/\/folhapopular.info\/index.php\/wp-json\/wp\/v2\/posts\/159295","targetHints":{"allow":["GET"]}}],"collection":[{"href":"https:\/\/folhapopular.info\/index.php\/wp-json\/wp\/v2\/posts"}],"about":[{"href":"https:\/\/folhapopular.info\/index.php\/wp-json\/wp\/v2\/types\/post"}],"author":[{"embeddable":true,"href":"https:\/\/folhapopular.info\/index.php\/wp-json\/wp\/v2\/users\/8"}],"replies":[{"embeddable":true,"href":"https:\/\/folhapopular.info\/index.php\/wp-json\/wp\/v2\/comments?post=159295"}],"version-history":[{"count":0,"href":"https:\/\/folhapopular.info\/index.php\/wp-json\/wp\/v2\/posts\/159295\/revisions"}],"wp:featuredmedia":[{"embeddable":true,"href":"https:\/\/folhapopular.info\/index.php\/wp-json\/wp\/v2\/media\/153530"}],"wp:attachment":[{"href":"https:\/\/folhapopular.info\/index.php\/wp-json\/wp\/v2\/media?parent=159295"}],"wp:term":[{"taxonomy":"category","embeddable":true,"href":"https:\/\/folhapopular.info\/index.php\/wp-json\/wp\/v2\/categories?post=159295"},{"taxonomy":"post_tag","embeddable":true,"href":"https:\/\/folhapopular.info\/index.php\/wp-json\/wp\/v2\/tags?post=159295"}],"curies":[{"name":"wp","href":"https:\/\/api.w.org\/{rel}","templated":true}]}}