{"id":159397,"date":"2024-06-05T13:00:00","date_gmt":"2024-06-05T16:00:00","guid":{"rendered":"https:\/\/folhapopular.info\/?p=159397"},"modified":"2024-06-05T14:14:08","modified_gmt":"2024-06-05T17:14:08","slug":"pacote-agricola-2024-deve-auxiliar-mais-de-mil-produtores-rurais","status":"publish","type":"post","link":"https:\/\/folhapopular.info\/index.php\/2024\/06\/05\/pacote-agricola-2024-deve-auxiliar-mais-de-mil-produtores-rurais\/","title":{"rendered":"Pacote Agr\u00edcola 2024 deve auxiliar mais de mil produtores rurais"},"content":{"rendered":"\n<p>O setor prim\u00e1rio foi um dos mais afetados pelas \u00faltimas cheias no Vale do Taquari. Teut\u00f4nia n\u00e3o foi diretamente atingida pelas cheias como as cidades ao entorno. Por\u00e9m, com os impactos sofridos, a agricultura e pecu\u00e1ria acumulam as maiores perdas. O secret\u00e1rio de Agricultura e Meio Ambiente de Teut\u00f4nia, Luciano Carminatti, relata que as propriedades rurais do interior enfrentam desafios em rela\u00e7\u00e3o aos acessos que ainda est\u00e3o bloqueados. O levantamento feito junto \u00e0 Emater mostra que s\u00e3o mais de 200 quil\u00f4metros de acessos \u00e0s propriedades a serem recuperados. Linha Harmonia, Pontes Filho e Gamela s\u00e3o pontos ainda cr\u00edticos, diz o secret\u00e1rio. Os dados das colheitas ainda s\u00e3o iniciais, mas j\u00e1 \u00e9 poss\u00edvel contabilizar grandes perdas nas safras de soja e milho safrinha.<\/p>\n\n\n\n<p>Os preju\u00edzos v\u00e3o muito al\u00e9m. Na cidade h\u00e1, pelo menos, sete propriedades condenadas devido a rachaduras e deslizamentos na Linha Harmonia e Morro de Areia. A Administra\u00e7\u00e3o de Teut\u00f4nia ainda trabalha no levantamento das perdas destas propriedades. A movimenta\u00e7\u00e3o de camadas de solos \u00e9 o que mais preocupa nestes pontos cr\u00edticos, especialmente ap\u00f3s as an\u00e1lises dos ge\u00f3logos.<\/p>\n\n\n\n<p>No momento, a prefeitura planeja a realoca\u00e7\u00e3o destas propriedades que se encontram condenadas, todavia, ainda n\u00e3o h\u00e1 defini\u00e7\u00e3o dos espa\u00e7os alternativos para abrigar os moradores e suas estruturas de produ\u00e7\u00e3o.<\/p>\n\n\n\n<p>O secret\u00e1rio explica que o munic\u00edpio necessita tamb\u00e9m de recursos estaduais e federais para contornar os danos decorrentes de ciclos de estiagens e cheias. Foram praticamente quatro anos de instabilidades e adversidades clim\u00e1ticas, que acarretaram em uma situa\u00e7\u00e3o de desvantagem do primeiro setor. Somado a isso, Carminatti detalha que os solos est\u00e3o desgastados e inf\u00e9rteis, demandando recursos para a recupera\u00e7\u00e3o e futura fertilidade dos mesmos.<\/p>\n\n\n\n<p>\u201cVivemos os \u00faltimos quatro anos em que o setor prim\u00e1rio foi um dos mais atingidos. Passamos pela pandemia, quebra da Languiru e duas estiagens\u201d, detalha. Ainda, no in\u00edcio do ano o forte vendaval trouxe preju\u00edzos que se acumulam aos das cheias do m\u00eas de maio de 2024. Foram cerca de 50 mil aves (frangos, galinhas poedeiras e codornas) sacrificadas ou perdidas pelas fortes chuvas. O clima n\u00e3o tem ajudado a produ\u00e7\u00e3o agropecu\u00e1ria, que ainda est\u00e1 nadando a fortes bra\u00e7adas por essas correntezas de incertezas.<\/p>\n\n\n\n<p><strong>Pacote Agr\u00edcola 2024<\/strong><\/p>\n\n\n\n<p>Para auxiliar ou minimizar os sacrif\u00edcios dos produtores rurais, a prefeitura lan\u00e7ou, nesta segunda-feira (3\/6), o Pacote Agr\u00edcola 2024. O Programa de Incentivos \u00e0 Produ\u00e7\u00e3o Prim\u00e1ria deste ano contar\u00e1 com R$ 1,2 milh\u00e3o em subs\u00eddio a produtores rurais e agroind\u00fastrias familiares de Teut\u00f4nia, setor respons\u00e1vel por quase 40% da arrecada\u00e7\u00e3o do Munic\u00edpio. Para ter acesso ao aux\u00edlio, os produtores precisam do Tal\u00e3o de Notas de Produtor Rural cadastrado.<\/p>\n\n\n\n<p>Algumas adapta\u00e7\u00f5es foram implantadas em rela\u00e7\u00e3o a 2023: s\u00e3o R$ 100 mil acrescentados ao programa para atender aos produtores. Na data, foram apresentados os benef\u00edcios que a prefeitura concede aos agricultores, como o fornecimento de brita e saibro e servi\u00e7os de maquin\u00e1rio, ofertados a um custo menor que no ano passado.<\/p>\n\n\n\n<p>Carminatti afirma que o Pacote Agr\u00edcola vai beneficiar 1.041 produtores que se enquadram nas faixas de limites do programa. Para 2024, a Secretaria de Agricultura e Meio Ambiente realiza o pagamento dos subs\u00eddios atrav\u00e9s do cart\u00e3o magn\u00e9tico intitulado \u201cCart\u00e3o do Produtor Rural\u201d. Essa novidade facilita a compra e a presta\u00e7\u00e3o de contas dos beneficiados. Os materiais e servi\u00e7os adquiridos devem ser da cidade, incentivando assim o com\u00e9rcio local.<\/p>\n\n\n\n<p>Outros servi\u00e7os ofertados de forma gratuita pela prefeitura s\u00e3o o enterro de animais de grande porte; transporte de insumos para corre\u00e7\u00e3o do solo, quando s\u00e3o provenientes de outras cidades; transporte de brita pela dist\u00e2ncia de at\u00e9 80 quil\u00f4metros; e assist\u00eancia profissional para realiza\u00e7\u00e3o de inspe\u00e7\u00f5es sanit\u00e1rias em agroind\u00fastrias. Estas tamb\u00e9m t\u00eam direito a recursos para an\u00e1lise de produtos, que podem chegar a R$ 1 mil por ano.<\/p>\n\n\n\n<p><strong>Saiba mais<\/strong><\/p>\n\n\n\n<p>O valor do subs\u00eddio \u00e9 apurado com base no valor adicionado do exerc\u00edcio anterior ao da concess\u00e3o, conforme relat\u00f3rio apresentado pelo Setor de ICMS da Administra\u00e7\u00e3o Municipal, de acordo com o levantamento do exerc\u00edcio da concess\u00e3o efetuado at\u00e9 15 de mar\u00e7o, com base na seguinte rela\u00e7\u00e3o: produtores rurais que faturaram entre R$ 7 mil e R$ 80 mil em 2023 receber\u00e3o subs\u00eddio de R$ 1,15 mil; os que faturaram entre R$ 80 mil e R$ 400 mil, receber\u00e3o R$ 1,3 mil; j\u00e1 os produtores cujo faturamento ultrapassou os R$ 400 mil, receber\u00e3o subs\u00eddio de R$ 1,4 mil.<\/p>\n","protected":false},"excerpt":{"rendered":"<p>O setor prim\u00e1rio foi um dos mais afetados pelas \u00faltimas cheias no Vale do Taquari. Teut\u00f4nia n\u00e3o foi diretamente atingida pelas cheias como as cidades ao entorno. Por\u00e9m, com os impactos sofridos, a agricultura e pecu\u00e1ria acumulam as maiores perdas. O secret\u00e1rio de Agricultura e Meio Ambiente de Teut\u00f4nia, Luciano Carminatti, relata que as propriedades [&hellip;]<\/p>\n","protected":false},"author":707,"featured_media":159426,"comment_status":"open","ping_status":"open","sticky":false,"template":"","format":"standard","meta":{"pmpro_default_level":"","_jetpack_memberships_contains_paid_content":false,"footnotes":""},"categories":[2,10991,10994],"tags":[1133,11027,26],"class_list":{"0":"post-159397","1":"post","2":"type-post","3":"status-publish","4":"format-standard","5":"has-post-thumbnail","7":"category-featured","8":"category-economia","9":"category-rural","10":"tag-pacote-agricola","11":"tag-rural","12":"tag-teutonia","13":"pmpro-has-access"},"yoast_head":"<!-- This site is optimized with the Yoast SEO plugin v27.5 - https:\/\/yoast.com\/product\/yoast-seo-wordpress\/ -->\n<title>Pacote Agr\u00edcola 2024 deve auxiliar mais de mil produtores rurais - Folha Popular<\/title>\n<meta name=\"robots\" content=\"index, follow, max-snippet:-1, max-image-preview:large, max-video-preview:-1\" \/>\n<link rel=\"canonical\" href=\"https:\/\/folhapopular.info\/index.php\/2024\/06\/05\/pacote-agricola-2024-deve-auxiliar-mais-de-mil-produtores-rurais\/\" \/>\n<meta property=\"og:locale\" content=\"pt_BR\" \/>\n<meta property=\"og:type\" content=\"article\" \/>\n<meta property=\"og:title\" content=\"Pacote Agr\u00edcola 2024 deve auxiliar mais de mil produtores rurais - Folha Popular\" \/>\n<meta property=\"og:description\" content=\"O setor prim\u00e1rio foi um dos mais afetados pelas \u00faltimas cheias no Vale do Taquari. Teut\u00f4nia n\u00e3o foi diretamente atingida pelas cheias como as cidades ao entorno. Por\u00e9m, com os impactos sofridos, a agricultura e pecu\u00e1ria acumulam as maiores perdas. O secret\u00e1rio de Agricultura e Meio Ambiente de Teut\u00f4nia, Luciano Carminatti, relata que as propriedades [&hellip;]\" \/>\n<meta property=\"og:url\" content=\"https:\/\/folhapopular.info\/index.php\/2024\/06\/05\/pacote-agricola-2024-deve-auxiliar-mais-de-mil-produtores-rurais\/\" \/>\n<meta property=\"og:site_name\" content=\"Folha Popular\" \/>\n<meta property=\"article:published_time\" content=\"2024-06-05T16:00:00+00:00\" \/>\n<meta property=\"article:modified_time\" content=\"2024-06-05T17:14:08+00:00\" \/>\n<meta property=\"og:image\" content=\"http:\/\/folhapopular.info\/wp-content\/uploads\/2024\/06\/pexels-alejandro-barron-21404-96715-scaled.jpg\" \/>\n\t<meta property=\"og:image:width\" content=\"2560\" \/>\n\t<meta property=\"og:image:height\" content=\"1707\" \/>\n\t<meta property=\"og:image:type\" content=\"image\/jpeg\" \/>\n<meta name=\"author\" content=\"Ariana de Oliveira\" \/>\n<meta name=\"twitter:card\" content=\"summary_large_image\" \/>\n<meta name=\"twitter:label1\" content=\"Escrito por\" \/>\n\t<meta name=\"twitter:data1\" content=\"Ariana de Oliveira\" \/>\n\t<meta name=\"twitter:label2\" content=\"Est. tempo de leitura\" \/>\n\t<meta name=\"twitter:data2\" content=\"5 minutos\" \/>\n<script type=\"application\/ld+json\" class=\"yoast-schema-graph\">{\"@context\":\"https:\\\/\\\/schema.org\",\"@graph\":[{\"@type\":\"Article\",\"@id\":\"https:\\\/\\\/folhapopular.info\\\/index.php\\\/2024\\\/06\\\/05\\\/pacote-agricola-2024-deve-auxiliar-mais-de-mil-produtores-rurais\\\/#article\",\"isPartOf\":{\"@id\":\"https:\\\/\\\/folhapopular.info\\\/index.php\\\/2024\\\/06\\\/05\\\/pacote-agricola-2024-deve-auxiliar-mais-de-mil-produtores-rurais\\\/\"},\"author\":{\"name\":\"Ariana de Oliveira\",\"@id\":\"https:\\\/\\\/folhapopular.info\\\/#\\\/schema\\\/person\\\/e80d332e33633a6164933af03d7ee1b2\"},\"headline\":\"Pacote Agr\u00edcola 2024 deve auxiliar mais de mil produtores rurais\",\"datePublished\":\"2024-06-05T16:00:00+00:00\",\"dateModified\":\"2024-06-05T17:14:08+00:00\",\"mainEntityOfPage\":{\"@id\":\"https:\\\/\\\/folhapopular.info\\\/index.php\\\/2024\\\/06\\\/05\\\/pacote-agricola-2024-deve-auxiliar-mais-de-mil-produtores-rurais\\\/\"},\"wordCount\":800,\"commentCount\":0,\"image\":{\"@id\":\"https:\\\/\\\/folhapopular.info\\\/index.php\\\/2024\\\/06\\\/05\\\/pacote-agricola-2024-deve-auxiliar-mais-de-mil-produtores-rurais\\\/#primaryimage\"},\"thumbnailUrl\":\"https:\\\/\\\/folhapopular.info\\\/wp-content\\\/uploads\\\/2024\\\/06\\\/pexels-alejandro-barron-21404-96715-scaled.jpg\",\"keywords\":[\"Pacote Agr\u00edcola\",\"rural\",\"Teut\u00f4nia\"],\"articleSection\":[\"Destaques\",\"Economia\",\"Rural\"],\"inLanguage\":\"pt-BR\",\"potentialAction\":[{\"@type\":\"CommentAction\",\"name\":\"Comment\",\"target\":[\"https:\\\/\\\/folhapopular.info\\\/index.php\\\/2024\\\/06\\\/05\\\/pacote-agricola-2024-deve-auxiliar-mais-de-mil-produtores-rurais\\\/#respond\"]}]},{\"@type\":\"WebPage\",\"@id\":\"https:\\\/\\\/folhapopular.info\\\/index.php\\\/2024\\\/06\\\/05\\\/pacote-agricola-2024-deve-auxiliar-mais-de-mil-produtores-rurais\\\/\",\"url\":\"https:\\\/\\\/folhapopular.info\\\/index.php\\\/2024\\\/06\\\/05\\\/pacote-agricola-2024-deve-auxiliar-mais-de-mil-produtores-rurais\\\/\",\"name\":\"Pacote Agr\u00edcola 2024 deve auxiliar mais de mil produtores rurais - Folha Popular\",\"isPartOf\":{\"@id\":\"https:\\\/\\\/folhapopular.info\\\/#website\"},\"primaryImageOfPage\":{\"@id\":\"https:\\\/\\\/folhapopular.info\\\/index.php\\\/2024\\\/06\\\/05\\\/pacote-agricola-2024-deve-auxiliar-mais-de-mil-produtores-rurais\\\/#primaryimage\"},\"image\":{\"@id\":\"https:\\\/\\\/folhapopular.info\\\/index.php\\\/2024\\\/06\\\/05\\\/pacote-agricola-2024-deve-auxiliar-mais-de-mil-produtores-rurais\\\/#primaryimage\"},\"thumbnailUrl\":\"https:\\\/\\\/folhapopular.info\\\/wp-content\\\/uploads\\\/2024\\\/06\\\/pexels-alejandro-barron-21404-96715-scaled.jpg\",\"datePublished\":\"2024-06-05T16:00:00+00:00\",\"dateModified\":\"2024-06-05T17:14:08+00:00\",\"author\":{\"@id\":\"https:\\\/\\\/folhapopular.info\\\/#\\\/schema\\\/person\\\/e80d332e33633a6164933af03d7ee1b2\"},\"breadcrumb\":{\"@id\":\"https:\\\/\\\/folhapopular.info\\\/index.php\\\/2024\\\/06\\\/05\\\/pacote-agricola-2024-deve-auxiliar-mais-de-mil-produtores-rurais\\\/#breadcrumb\"},\"inLanguage\":\"pt-BR\",\"potentialAction\":[{\"@type\":\"ReadAction\",\"target\":[\"https:\\\/\\\/folhapopular.info\\\/index.php\\\/2024\\\/06\\\/05\\\/pacote-agricola-2024-deve-auxiliar-mais-de-mil-produtores-rurais\\\/\"]}]},{\"@type\":\"ImageObject\",\"inLanguage\":\"pt-BR\",\"@id\":\"https:\\\/\\\/folhapopular.info\\\/index.php\\\/2024\\\/06\\\/05\\\/pacote-agricola-2024-deve-auxiliar-mais-de-mil-produtores-rurais\\\/#primaryimage\",\"url\":\"https:\\\/\\\/folhapopular.info\\\/wp-content\\\/uploads\\\/2024\\\/06\\\/pexels-alejandro-barron-21404-96715-scaled.jpg\",\"contentUrl\":\"https:\\\/\\\/folhapopular.info\\\/wp-content\\\/uploads\\\/2024\\\/06\\\/pexels-alejandro-barron-21404-96715-scaled.jpg\",\"width\":2560,\"height\":1707,\"caption\":\"Cr\u00e9dito: Pexels\"},{\"@type\":\"BreadcrumbList\",\"@id\":\"https:\\\/\\\/folhapopular.info\\\/index.php\\\/2024\\\/06\\\/05\\\/pacote-agricola-2024-deve-auxiliar-mais-de-mil-produtores-rurais\\\/#breadcrumb\",\"itemListElement\":[{\"@type\":\"ListItem\",\"position\":1,\"name\":\"In\u00edcio\",\"item\":\"https:\\\/\\\/folhapopular.info\\\/\"},{\"@type\":\"ListItem\",\"position\":2,\"name\":\"Pacote Agr\u00edcola 2024 deve auxiliar mais de mil produtores rurais\"}]},{\"@type\":\"WebSite\",\"@id\":\"https:\\\/\\\/folhapopular.info\\\/#website\",\"url\":\"https:\\\/\\\/folhapopular.info\\\/\",\"name\":\"Folha Popular\",\"description\":\"Onde voc\u00ea tem vez e voz\",\"potentialAction\":[{\"@type\":\"SearchAction\",\"target\":{\"@type\":\"EntryPoint\",\"urlTemplate\":\"https:\\\/\\\/folhapopular.info\\\/?s={search_term_string}\"},\"query-input\":{\"@type\":\"PropertyValueSpecification\",\"valueRequired\":true,\"valueName\":\"search_term_string\"}}],\"inLanguage\":\"pt-BR\"},{\"@type\":\"Person\",\"@id\":\"https:\\\/\\\/folhapopular.info\\\/#\\\/schema\\\/person\\\/e80d332e33633a6164933af03d7ee1b2\",\"name\":\"Ariana de Oliveira\",\"image\":{\"@type\":\"ImageObject\",\"inLanguage\":\"pt-BR\",\"@id\":\"https:\\\/\\\/secure.gravatar.com\\\/avatar\\\/f41f85ba276460e0a04f6d5aca07e53f273efeee7e662d9ef431432a18216f59?s=96&d=mm&r=g\",\"url\":\"https:\\\/\\\/secure.gravatar.com\\\/avatar\\\/f41f85ba276460e0a04f6d5aca07e53f273efeee7e662d9ef431432a18216f59?s=96&d=mm&r=g\",\"contentUrl\":\"https:\\\/\\\/secure.gravatar.com\\\/avatar\\\/f41f85ba276460e0a04f6d5aca07e53f273efeee7e662d9ef431432a18216f59?s=96&d=mm&r=g\",\"caption\":\"Ariana de Oliveira\"},\"url\":\"https:\\\/\\\/folhapopular.info\\\/index.php\\\/author\\\/ariana-deoliveiragmail-com\\\/\"}]}<\/script>\n<!-- \/ Yoast SEO plugin. -->","yoast_head_json":{"title":"Pacote Agr\u00edcola 2024 deve auxiliar mais de mil produtores rurais - Folha Popular","robots":{"index":"index","follow":"follow","max-snippet":"max-snippet:-1","max-image-preview":"max-image-preview:large","max-video-preview":"max-video-preview:-1"},"canonical":"https:\/\/folhapopular.info\/index.php\/2024\/06\/05\/pacote-agricola-2024-deve-auxiliar-mais-de-mil-produtores-rurais\/","og_locale":"pt_BR","og_type":"article","og_title":"Pacote Agr\u00edcola 2024 deve auxiliar mais de mil produtores rurais - Folha Popular","og_description":"O setor prim\u00e1rio foi um dos mais afetados pelas \u00faltimas cheias no Vale do Taquari. Teut\u00f4nia n\u00e3o foi diretamente atingida pelas cheias como as cidades ao entorno. Por\u00e9m, com os impactos sofridos, a agricultura e pecu\u00e1ria acumulam as maiores perdas. O secret\u00e1rio de Agricultura e Meio Ambiente de Teut\u00f4nia, Luciano Carminatti, relata que as propriedades [&hellip;]","og_url":"https:\/\/folhapopular.info\/index.php\/2024\/06\/05\/pacote-agricola-2024-deve-auxiliar-mais-de-mil-produtores-rurais\/","og_site_name":"Folha Popular","article_published_time":"2024-06-05T16:00:00+00:00","article_modified_time":"2024-06-05T17:14:08+00:00","og_image":[{"width":2560,"height":1707,"url":"http:\/\/folhapopular.info\/wp-content\/uploads\/2024\/06\/pexels-alejandro-barron-21404-96715-scaled.jpg","type":"image\/jpeg"}],"author":"Ariana de Oliveira","twitter_card":"summary_large_image","twitter_misc":{"Escrito por":"Ariana de Oliveira","Est. tempo de leitura":"5 minutos"},"schema":{"@context":"https:\/\/schema.org","@graph":[{"@type":"Article","@id":"https:\/\/folhapopular.info\/index.php\/2024\/06\/05\/pacote-agricola-2024-deve-auxiliar-mais-de-mil-produtores-rurais\/#article","isPartOf":{"@id":"https:\/\/folhapopular.info\/index.php\/2024\/06\/05\/pacote-agricola-2024-deve-auxiliar-mais-de-mil-produtores-rurais\/"},"author":{"name":"Ariana de Oliveira","@id":"https:\/\/folhapopular.info\/#\/schema\/person\/e80d332e33633a6164933af03d7ee1b2"},"headline":"Pacote Agr\u00edcola 2024 deve auxiliar mais de mil produtores rurais","datePublished":"2024-06-05T16:00:00+00:00","dateModified":"2024-06-05T17:14:08+00:00","mainEntityOfPage":{"@id":"https:\/\/folhapopular.info\/index.php\/2024\/06\/05\/pacote-agricola-2024-deve-auxiliar-mais-de-mil-produtores-rurais\/"},"wordCount":800,"commentCount":0,"image":{"@id":"https:\/\/folhapopular.info\/index.php\/2024\/06\/05\/pacote-agricola-2024-deve-auxiliar-mais-de-mil-produtores-rurais\/#primaryimage"},"thumbnailUrl":"https:\/\/folhapopular.info\/wp-content\/uploads\/2024\/06\/pexels-alejandro-barron-21404-96715-scaled.jpg","keywords":["Pacote Agr\u00edcola","rural","Teut\u00f4nia"],"articleSection":["Destaques","Economia","Rural"],"inLanguage":"pt-BR","potentialAction":[{"@type":"CommentAction","name":"Comment","target":["https:\/\/folhapopular.info\/index.php\/2024\/06\/05\/pacote-agricola-2024-deve-auxiliar-mais-de-mil-produtores-rurais\/#respond"]}]},{"@type":"WebPage","@id":"https:\/\/folhapopular.info\/index.php\/2024\/06\/05\/pacote-agricola-2024-deve-auxiliar-mais-de-mil-produtores-rurais\/","url":"https:\/\/folhapopular.info\/index.php\/2024\/06\/05\/pacote-agricola-2024-deve-auxiliar-mais-de-mil-produtores-rurais\/","name":"Pacote Agr\u00edcola 2024 deve auxiliar mais de mil produtores rurais - Folha Popular","isPartOf":{"@id":"https:\/\/folhapopular.info\/#website"},"primaryImageOfPage":{"@id":"https:\/\/folhapopular.info\/index.php\/2024\/06\/05\/pacote-agricola-2024-deve-auxiliar-mais-de-mil-produtores-rurais\/#primaryimage"},"image":{"@id":"https:\/\/folhapopular.info\/index.php\/2024\/06\/05\/pacote-agricola-2024-deve-auxiliar-mais-de-mil-produtores-rurais\/#primaryimage"},"thumbnailUrl":"https:\/\/folhapopular.info\/wp-content\/uploads\/2024\/06\/pexels-alejandro-barron-21404-96715-scaled.jpg","datePublished":"2024-06-05T16:00:00+00:00","dateModified":"2024-06-05T17:14:08+00:00","author":{"@id":"https:\/\/folhapopular.info\/#\/schema\/person\/e80d332e33633a6164933af03d7ee1b2"},"breadcrumb":{"@id":"https:\/\/folhapopular.info\/index.php\/2024\/06\/05\/pacote-agricola-2024-deve-auxiliar-mais-de-mil-produtores-rurais\/#breadcrumb"},"inLanguage":"pt-BR","potentialAction":[{"@type":"ReadAction","target":["https:\/\/folhapopular.info\/index.php\/2024\/06\/05\/pacote-agricola-2024-deve-auxiliar-mais-de-mil-produtores-rurais\/"]}]},{"@type":"ImageObject","inLanguage":"pt-BR","@id":"https:\/\/folhapopular.info\/index.php\/2024\/06\/05\/pacote-agricola-2024-deve-auxiliar-mais-de-mil-produtores-rurais\/#primaryimage","url":"https:\/\/folhapopular.info\/wp-content\/uploads\/2024\/06\/pexels-alejandro-barron-21404-96715-scaled.jpg","contentUrl":"https:\/\/folhapopular.info\/wp-content\/uploads\/2024\/06\/pexels-alejandro-barron-21404-96715-scaled.jpg","width":2560,"height":1707,"caption":"Cr\u00e9dito: Pexels"},{"@type":"BreadcrumbList","@id":"https:\/\/folhapopular.info\/index.php\/2024\/06\/05\/pacote-agricola-2024-deve-auxiliar-mais-de-mil-produtores-rurais\/#breadcrumb","itemListElement":[{"@type":"ListItem","position":1,"name":"In\u00edcio","item":"https:\/\/folhapopular.info\/"},{"@type":"ListItem","position":2,"name":"Pacote Agr\u00edcola 2024 deve auxiliar mais de mil produtores rurais"}]},{"@type":"WebSite","@id":"https:\/\/folhapopular.info\/#website","url":"https:\/\/folhapopular.info\/","name":"Folha Popular","description":"Onde voc\u00ea tem vez e voz","potentialAction":[{"@type":"SearchAction","target":{"@type":"EntryPoint","urlTemplate":"https:\/\/folhapopular.info\/?s={search_term_string}"},"query-input":{"@type":"PropertyValueSpecification","valueRequired":true,"valueName":"search_term_string"}}],"inLanguage":"pt-BR"},{"@type":"Person","@id":"https:\/\/folhapopular.info\/#\/schema\/person\/e80d332e33633a6164933af03d7ee1b2","name":"Ariana de Oliveira","image":{"@type":"ImageObject","inLanguage":"pt-BR","@id":"https:\/\/secure.gravatar.com\/avatar\/f41f85ba276460e0a04f6d5aca07e53f273efeee7e662d9ef431432a18216f59?s=96&d=mm&r=g","url":"https:\/\/secure.gravatar.com\/avatar\/f41f85ba276460e0a04f6d5aca07e53f273efeee7e662d9ef431432a18216f59?s=96&d=mm&r=g","contentUrl":"https:\/\/secure.gravatar.com\/avatar\/f41f85ba276460e0a04f6d5aca07e53f273efeee7e662d9ef431432a18216f59?s=96&d=mm&r=g","caption":"Ariana de Oliveira"},"url":"https:\/\/folhapopular.info\/index.php\/author\/ariana-deoliveiragmail-com\/"}]}},"jetpack_featured_media_url":"https:\/\/folhapopular.info\/wp-content\/uploads\/2024\/06\/pexels-alejandro-barron-21404-96715-scaled.jpg","jetpack_sharing_enabled":true,"amp_enabled":true,"_links":{"self":[{"href":"https:\/\/folhapopular.info\/index.php\/wp-json\/wp\/v2\/posts\/159397","targetHints":{"allow":["GET"]}}],"collection":[{"href":"https:\/\/folhapopular.info\/index.php\/wp-json\/wp\/v2\/posts"}],"about":[{"href":"https:\/\/folhapopular.info\/index.php\/wp-json\/wp\/v2\/types\/post"}],"author":[{"embeddable":true,"href":"https:\/\/folhapopular.info\/index.php\/wp-json\/wp\/v2\/users\/707"}],"replies":[{"embeddable":true,"href":"https:\/\/folhapopular.info\/index.php\/wp-json\/wp\/v2\/comments?post=159397"}],"version-history":[{"count":0,"href":"https:\/\/folhapopular.info\/index.php\/wp-json\/wp\/v2\/posts\/159397\/revisions"}],"wp:featuredmedia":[{"embeddable":true,"href":"https:\/\/folhapopular.info\/index.php\/wp-json\/wp\/v2\/media\/159426"}],"wp:attachment":[{"href":"https:\/\/folhapopular.info\/index.php\/wp-json\/wp\/v2\/media?parent=159397"}],"wp:term":[{"taxonomy":"category","embeddable":true,"href":"https:\/\/folhapopular.info\/index.php\/wp-json\/wp\/v2\/categories?post=159397"},{"taxonomy":"post_tag","embeddable":true,"href":"https:\/\/folhapopular.info\/index.php\/wp-json\/wp\/v2\/tags?post=159397"}],"curies":[{"name":"wp","href":"https:\/\/api.w.org\/{rel}","templated":true}]}}