{"id":159527,"date":"2024-06-07T10:18:21","date_gmt":"2024-06-07T13:18:21","guid":{"rendered":"https:\/\/folhapopular.info\/?p=159527"},"modified":"2024-06-07T10:18:25","modified_gmt":"2024-06-07T13:18:25","slug":"empresa-de-santa-maria-adota-a-estrelat","status":"publish","type":"post","link":"https:\/\/folhapopular.info\/index.php\/2024\/06\/07\/empresa-de-santa-maria-adota-a-estrelat\/","title":{"rendered":"Empresa de Santa Maria adota a Estrelat"},"content":{"rendered":"\n<p>Com o objetivo de reconstruir e apoiar os empreendimentos afetados, direta ou indiretamente pela calamidade em que o Vale do Taquari\u00a0 est\u00e1 enfrentando, o projeto Somos do Vale iniciou a a\u00e7\u00e3o do \u201cadote um empreendimento\u201d de forma muito positiva. Prova disso \u00e9 a ado\u00e7\u00e3o realizada pela \u00d3tica Silvio Joalheiro de Santa Maria. Por meio do Arranjo Produtivo Local das Agroind\u00fastrias Familiares do Vale do Taquari, uma das nossas parceiras no projeto, a empresa da regi\u00e3o central do Rio Grande do Sul adotou a Estrelat de Estrela.\u00a0<\/p>\n\n\n\n<p>Para a s\u00f3cia propriet\u00e1ria da \u00d3tica, Tais Beuren, \u00e9 hora de fazer a diferen\u00e7a. \u201cNos encantamos com a trajet\u00f3ria de trabalho e dedica\u00e7\u00e3o destes produtores. Decidimos comprar um lote de seus doces de leite, ajudar a escoar a produ\u00e7\u00e3o e fazer a economia girar nesse local t\u00e3o atingido pela \u00faltima enchente. N\u00f3s somos orgulhosamente ga\u00fachos e abra\u00e7amos outras empresas ga\u00fachas. Dessa forma, queremos honrar e dar dignidade para que essas empresas possam refazer as suas vidas\u201d, conta.<\/p>\n\n\n\n<p>Segundo Tais, essa foi a maneira que encontraram para prestigiar a economia ga\u00facha e incentivar os amigos e clientes a consumirem de empresas do Rio Grande do Sul. A iniciativa foi compartilhada nas redes sociais da empresa e serve de exemplo para tantas outras que queiram fazer parte do projeto Somos do Vale. \u201cMais do que nunca precisamos nos unir e mostrar a for\u00e7a do povo ga\u00facho. Todos que comprarem nossos produtos ir\u00e3o ganhar de presente o doce de leite e far\u00e3o parte dessa corrente do bem \u201d, finaliza.&nbsp;<\/p>\n\n\n\n<p>A coordenadora do APL das agroind\u00fastrias familiares, Eliane Kolchinski, reitera a import\u00e2ncia de a\u00e7\u00f5es como essa na reconstru\u00e7\u00e3o e retomada da economia no Vale do Taquari. \u201cAgradecemos a \u00d3tica Silvio Joalheiros pela sensibilidade e por se engajar nesta campanha. V\u00e1rios empreendimentos vinham se recuperando das enchentes de 2023 e foram novamente impactados pelo desastre clim\u00e1tico deste ano e precisam deste tipo de apoio para a retomada de atividades. Juntamente com o doce de leite a \u00f3tica tamb\u00e9m disponibiliza o QRcode da loja online do APL para que as pessoas conhe\u00e7am e contribuam com as agroind\u00fastrias do Vale do Taquari\u201d, frisa.&nbsp;<\/p>\n\n\n\n<p>Ainda dentro das a\u00e7\u00f5es propostas pelo projeto Somos do Vale, est\u00e1 sendo realizado o levantamento das necessidades das empresas, empreendimentos e agroind\u00fastrias do Vale do Taquari. Voc\u00ea que queira adotar um empreendimento entre em contato conosco. O projeto Somos do Vale \u00e9 uma&nbsp; iniciativa da Associa\u00e7\u00e3o dos Munic\u00edpios de Turismo da Regi\u00e3o dos Vales, Amturvales, e conta com o apoio do Sebrae, do APL \u2013 Arranjo Produtivo Local das Agroind\u00fastrias Familiares do Vale do Taquari, Emater, Portal 365 Vezes no Vale, Portal Curta a Viagem.<\/p>\n","protected":false},"excerpt":{"rendered":"<p>Com o objetivo de reconstruir e apoiar os empreendimentos afetados, direta ou indiretamente pela calamidade em que o Vale do Taquari\u00a0 est\u00e1 enfrentando, o projeto Somos do Vale iniciou a a\u00e7\u00e3o do \u201cadote um empreendimento\u201d de forma muito positiva. Prova disso \u00e9 a ado\u00e7\u00e3o realizada pela \u00d3tica Silvio Joalheiro de Santa Maria. Por meio do [&hellip;]<\/p>\n","protected":false},"author":8,"featured_media":159528,"comment_status":"open","ping_status":"open","sticky":false,"template":"","format":"standard","meta":{"pmpro_default_level":"","_jetpack_memberships_contains_paid_content":false,"footnotes":""},"categories":[2,10991],"tags":[8,6896,3412],"class_list":{"0":"post-159527","1":"post","2":"type-post","3":"status-publish","4":"format-standard","5":"has-post-thumbnail","7":"category-featured","8":"category-economia","9":"tag-estrela","10":"tag-estrelat","11":"tag-santa-maria","12":"pmpro-has-access"},"yoast_head":"<!-- This site is optimized with the Yoast SEO plugin v27.5 - https:\/\/yoast.com\/product\/yoast-seo-wordpress\/ -->\n<title>Empresa de Santa Maria adota a Estrelat - Folha Popular<\/title>\n<meta name=\"robots\" content=\"index, follow, max-snippet:-1, max-image-preview:large, max-video-preview:-1\" \/>\n<link rel=\"canonical\" href=\"https:\/\/folhapopular.info\/index.php\/2024\/06\/07\/empresa-de-santa-maria-adota-a-estrelat\/\" \/>\n<meta property=\"og:locale\" content=\"pt_BR\" \/>\n<meta property=\"og:type\" content=\"article\" \/>\n<meta property=\"og:title\" content=\"Empresa de Santa Maria adota a Estrelat - Folha Popular\" \/>\n<meta property=\"og:description\" content=\"Com o objetivo de reconstruir e apoiar os empreendimentos afetados, direta ou indiretamente pela calamidade em que o Vale do Taquari\u00a0 est\u00e1 enfrentando, o projeto Somos do Vale iniciou a a\u00e7\u00e3o do \u201cadote um empreendimento\u201d de forma muito positiva. Prova disso \u00e9 a ado\u00e7\u00e3o realizada pela \u00d3tica Silvio Joalheiro de Santa Maria. Por meio do [&hellip;]\" \/>\n<meta property=\"og:url\" content=\"https:\/\/folhapopular.info\/index.php\/2024\/06\/07\/empresa-de-santa-maria-adota-a-estrelat\/\" \/>\n<meta property=\"og:site_name\" content=\"Folha Popular\" \/>\n<meta property=\"article:published_time\" content=\"2024-06-07T13:18:21+00:00\" \/>\n<meta property=\"article:modified_time\" content=\"2024-06-07T13:18:25+00:00\" \/>\n<meta property=\"og:image\" content=\"http:\/\/folhapopular.info\/wp-content\/uploads\/2024\/06\/images.jpg\" \/>\n\t<meta property=\"og:image:width\" content=\"225\" \/>\n\t<meta property=\"og:image:height\" content=\"225\" \/>\n\t<meta property=\"og:image:type\" content=\"image\/jpeg\" \/>\n<meta name=\"author\" content=\"Reda\u00e7\u00e3o Folha Popular\" \/>\n<meta name=\"twitter:card\" content=\"summary_large_image\" \/>\n<meta name=\"twitter:label1\" content=\"Escrito por\" \/>\n\t<meta name=\"twitter:data1\" content=\"Reda\u00e7\u00e3o Folha Popular\" \/>\n\t<meta name=\"twitter:label2\" content=\"Est. tempo de leitura\" \/>\n\t<meta name=\"twitter:data2\" content=\"3 minutos\" \/>\n<script type=\"application\/ld+json\" class=\"yoast-schema-graph\">{\"@context\":\"https:\\\/\\\/schema.org\",\"@graph\":[{\"@type\":\"Article\",\"@id\":\"https:\\\/\\\/folhapopular.info\\\/index.php\\\/2024\\\/06\\\/07\\\/empresa-de-santa-maria-adota-a-estrelat\\\/#article\",\"isPartOf\":{\"@id\":\"https:\\\/\\\/folhapopular.info\\\/index.php\\\/2024\\\/06\\\/07\\\/empresa-de-santa-maria-adota-a-estrelat\\\/\"},\"author\":{\"name\":\"Reda\u00e7\u00e3o Folha Popular\",\"@id\":\"https:\\\/\\\/folhapopular.info\\\/#\\\/schema\\\/person\\\/2814e8a0df7643585a9ca38bc6eb9d4b\"},\"headline\":\"Empresa de Santa Maria adota a Estrelat\",\"datePublished\":\"2024-06-07T13:18:21+00:00\",\"dateModified\":\"2024-06-07T13:18:25+00:00\",\"mainEntityOfPage\":{\"@id\":\"https:\\\/\\\/folhapopular.info\\\/index.php\\\/2024\\\/06\\\/07\\\/empresa-de-santa-maria-adota-a-estrelat\\\/\"},\"wordCount\":475,\"commentCount\":0,\"image\":{\"@id\":\"https:\\\/\\\/folhapopular.info\\\/index.php\\\/2024\\\/06\\\/07\\\/empresa-de-santa-maria-adota-a-estrelat\\\/#primaryimage\"},\"thumbnailUrl\":\"https:\\\/\\\/folhapopular.info\\\/wp-content\\\/uploads\\\/2024\\\/06\\\/images.jpg\",\"keywords\":[\"Estrela\",\"Estrelat\",\"Santa Maria\"],\"articleSection\":[\"Destaques\",\"Economia\"],\"inLanguage\":\"pt-BR\",\"potentialAction\":[{\"@type\":\"CommentAction\",\"name\":\"Comment\",\"target\":[\"https:\\\/\\\/folhapopular.info\\\/index.php\\\/2024\\\/06\\\/07\\\/empresa-de-santa-maria-adota-a-estrelat\\\/#respond\"]}]},{\"@type\":\"WebPage\",\"@id\":\"https:\\\/\\\/folhapopular.info\\\/index.php\\\/2024\\\/06\\\/07\\\/empresa-de-santa-maria-adota-a-estrelat\\\/\",\"url\":\"https:\\\/\\\/folhapopular.info\\\/index.php\\\/2024\\\/06\\\/07\\\/empresa-de-santa-maria-adota-a-estrelat\\\/\",\"name\":\"Empresa de Santa Maria adota a Estrelat - Folha Popular\",\"isPartOf\":{\"@id\":\"https:\\\/\\\/folhapopular.info\\\/#website\"},\"primaryImageOfPage\":{\"@id\":\"https:\\\/\\\/folhapopular.info\\\/index.php\\\/2024\\\/06\\\/07\\\/empresa-de-santa-maria-adota-a-estrelat\\\/#primaryimage\"},\"image\":{\"@id\":\"https:\\\/\\\/folhapopular.info\\\/index.php\\\/2024\\\/06\\\/07\\\/empresa-de-santa-maria-adota-a-estrelat\\\/#primaryimage\"},\"thumbnailUrl\":\"https:\\\/\\\/folhapopular.info\\\/wp-content\\\/uploads\\\/2024\\\/06\\\/images.jpg\",\"datePublished\":\"2024-06-07T13:18:21+00:00\",\"dateModified\":\"2024-06-07T13:18:25+00:00\",\"author\":{\"@id\":\"https:\\\/\\\/folhapopular.info\\\/#\\\/schema\\\/person\\\/2814e8a0df7643585a9ca38bc6eb9d4b\"},\"breadcrumb\":{\"@id\":\"https:\\\/\\\/folhapopular.info\\\/index.php\\\/2024\\\/06\\\/07\\\/empresa-de-santa-maria-adota-a-estrelat\\\/#breadcrumb\"},\"inLanguage\":\"pt-BR\",\"potentialAction\":[{\"@type\":\"ReadAction\",\"target\":[\"https:\\\/\\\/folhapopular.info\\\/index.php\\\/2024\\\/06\\\/07\\\/empresa-de-santa-maria-adota-a-estrelat\\\/\"]}]},{\"@type\":\"ImageObject\",\"inLanguage\":\"pt-BR\",\"@id\":\"https:\\\/\\\/folhapopular.info\\\/index.php\\\/2024\\\/06\\\/07\\\/empresa-de-santa-maria-adota-a-estrelat\\\/#primaryimage\",\"url\":\"https:\\\/\\\/folhapopular.info\\\/wp-content\\\/uploads\\\/2024\\\/06\\\/images.jpg\",\"contentUrl\":\"https:\\\/\\\/folhapopular.info\\\/wp-content\\\/uploads\\\/2024\\\/06\\\/images.jpg\",\"width\":225,\"height\":225,\"caption\":\"Cr\u00e9dito: Divulga\u00e7\u00e3o\"},{\"@type\":\"BreadcrumbList\",\"@id\":\"https:\\\/\\\/folhapopular.info\\\/index.php\\\/2024\\\/06\\\/07\\\/empresa-de-santa-maria-adota-a-estrelat\\\/#breadcrumb\",\"itemListElement\":[{\"@type\":\"ListItem\",\"position\":1,\"name\":\"In\u00edcio\",\"item\":\"https:\\\/\\\/folhapopular.info\\\/\"},{\"@type\":\"ListItem\",\"position\":2,\"name\":\"Empresa de Santa Maria adota a Estrelat\"}]},{\"@type\":\"WebSite\",\"@id\":\"https:\\\/\\\/folhapopular.info\\\/#website\",\"url\":\"https:\\\/\\\/folhapopular.info\\\/\",\"name\":\"Folha Popular\",\"description\":\"Onde voc\u00ea tem vez e voz\",\"potentialAction\":[{\"@type\":\"SearchAction\",\"target\":{\"@type\":\"EntryPoint\",\"urlTemplate\":\"https:\\\/\\\/folhapopular.info\\\/?s={search_term_string}\"},\"query-input\":{\"@type\":\"PropertyValueSpecification\",\"valueRequired\":true,\"valueName\":\"search_term_string\"}}],\"inLanguage\":\"pt-BR\"},{\"@type\":\"Person\",\"@id\":\"https:\\\/\\\/folhapopular.info\\\/#\\\/schema\\\/person\\\/2814e8a0df7643585a9ca38bc6eb9d4b\",\"name\":\"Reda\u00e7\u00e3o Folha Popular\",\"image\":{\"@type\":\"ImageObject\",\"inLanguage\":\"pt-BR\",\"@id\":\"https:\\\/\\\/folhapopular.info\\\/wp-content\\\/uploads\\\/2026\\\/04\\\/Folha-1.webp\",\"url\":\"https:\\\/\\\/folhapopular.info\\\/wp-content\\\/uploads\\\/2026\\\/04\\\/Folha-1.webp\",\"contentUrl\":\"https:\\\/\\\/folhapopular.info\\\/wp-content\\\/uploads\\\/2026\\\/04\\\/Folha-1.webp\",\"caption\":\"Reda\u00e7\u00e3o Folha Popular\"},\"url\":\"https:\\\/\\\/folhapopular.info\\\/index.php\\\/author\\\/redacao\\\/\"}]}<\/script>\n<!-- \/ Yoast SEO plugin. -->","yoast_head_json":{"title":"Empresa de Santa Maria adota a Estrelat - Folha Popular","robots":{"index":"index","follow":"follow","max-snippet":"max-snippet:-1","max-image-preview":"max-image-preview:large","max-video-preview":"max-video-preview:-1"},"canonical":"https:\/\/folhapopular.info\/index.php\/2024\/06\/07\/empresa-de-santa-maria-adota-a-estrelat\/","og_locale":"pt_BR","og_type":"article","og_title":"Empresa de Santa Maria adota a Estrelat - Folha Popular","og_description":"Com o objetivo de reconstruir e apoiar os empreendimentos afetados, direta ou indiretamente pela calamidade em que o Vale do Taquari\u00a0 est\u00e1 enfrentando, o projeto Somos do Vale iniciou a a\u00e7\u00e3o do \u201cadote um empreendimento\u201d de forma muito positiva. Prova disso \u00e9 a ado\u00e7\u00e3o realizada pela \u00d3tica Silvio Joalheiro de Santa Maria. Por meio do [&hellip;]","og_url":"https:\/\/folhapopular.info\/index.php\/2024\/06\/07\/empresa-de-santa-maria-adota-a-estrelat\/","og_site_name":"Folha Popular","article_published_time":"2024-06-07T13:18:21+00:00","article_modified_time":"2024-06-07T13:18:25+00:00","og_image":[{"width":225,"height":225,"url":"http:\/\/folhapopular.info\/wp-content\/uploads\/2024\/06\/images.jpg","type":"image\/jpeg"}],"author":"Reda\u00e7\u00e3o Folha Popular","twitter_card":"summary_large_image","twitter_misc":{"Escrito por":"Reda\u00e7\u00e3o Folha Popular","Est. tempo de leitura":"3 minutos"},"schema":{"@context":"https:\/\/schema.org","@graph":[{"@type":"Article","@id":"https:\/\/folhapopular.info\/index.php\/2024\/06\/07\/empresa-de-santa-maria-adota-a-estrelat\/#article","isPartOf":{"@id":"https:\/\/folhapopular.info\/index.php\/2024\/06\/07\/empresa-de-santa-maria-adota-a-estrelat\/"},"author":{"name":"Reda\u00e7\u00e3o Folha Popular","@id":"https:\/\/folhapopular.info\/#\/schema\/person\/2814e8a0df7643585a9ca38bc6eb9d4b"},"headline":"Empresa de Santa Maria adota a Estrelat","datePublished":"2024-06-07T13:18:21+00:00","dateModified":"2024-06-07T13:18:25+00:00","mainEntityOfPage":{"@id":"https:\/\/folhapopular.info\/index.php\/2024\/06\/07\/empresa-de-santa-maria-adota-a-estrelat\/"},"wordCount":475,"commentCount":0,"image":{"@id":"https:\/\/folhapopular.info\/index.php\/2024\/06\/07\/empresa-de-santa-maria-adota-a-estrelat\/#primaryimage"},"thumbnailUrl":"https:\/\/folhapopular.info\/wp-content\/uploads\/2024\/06\/images.jpg","keywords":["Estrela","Estrelat","Santa Maria"],"articleSection":["Destaques","Economia"],"inLanguage":"pt-BR","potentialAction":[{"@type":"CommentAction","name":"Comment","target":["https:\/\/folhapopular.info\/index.php\/2024\/06\/07\/empresa-de-santa-maria-adota-a-estrelat\/#respond"]}]},{"@type":"WebPage","@id":"https:\/\/folhapopular.info\/index.php\/2024\/06\/07\/empresa-de-santa-maria-adota-a-estrelat\/","url":"https:\/\/folhapopular.info\/index.php\/2024\/06\/07\/empresa-de-santa-maria-adota-a-estrelat\/","name":"Empresa de Santa Maria adota a Estrelat - Folha Popular","isPartOf":{"@id":"https:\/\/folhapopular.info\/#website"},"primaryImageOfPage":{"@id":"https:\/\/folhapopular.info\/index.php\/2024\/06\/07\/empresa-de-santa-maria-adota-a-estrelat\/#primaryimage"},"image":{"@id":"https:\/\/folhapopular.info\/index.php\/2024\/06\/07\/empresa-de-santa-maria-adota-a-estrelat\/#primaryimage"},"thumbnailUrl":"https:\/\/folhapopular.info\/wp-content\/uploads\/2024\/06\/images.jpg","datePublished":"2024-06-07T13:18:21+00:00","dateModified":"2024-06-07T13:18:25+00:00","author":{"@id":"https:\/\/folhapopular.info\/#\/schema\/person\/2814e8a0df7643585a9ca38bc6eb9d4b"},"breadcrumb":{"@id":"https:\/\/folhapopular.info\/index.php\/2024\/06\/07\/empresa-de-santa-maria-adota-a-estrelat\/#breadcrumb"},"inLanguage":"pt-BR","potentialAction":[{"@type":"ReadAction","target":["https:\/\/folhapopular.info\/index.php\/2024\/06\/07\/empresa-de-santa-maria-adota-a-estrelat\/"]}]},{"@type":"ImageObject","inLanguage":"pt-BR","@id":"https:\/\/folhapopular.info\/index.php\/2024\/06\/07\/empresa-de-santa-maria-adota-a-estrelat\/#primaryimage","url":"https:\/\/folhapopular.info\/wp-content\/uploads\/2024\/06\/images.jpg","contentUrl":"https:\/\/folhapopular.info\/wp-content\/uploads\/2024\/06\/images.jpg","width":225,"height":225,"caption":"Cr\u00e9dito: Divulga\u00e7\u00e3o"},{"@type":"BreadcrumbList","@id":"https:\/\/folhapopular.info\/index.php\/2024\/06\/07\/empresa-de-santa-maria-adota-a-estrelat\/#breadcrumb","itemListElement":[{"@type":"ListItem","position":1,"name":"In\u00edcio","item":"https:\/\/folhapopular.info\/"},{"@type":"ListItem","position":2,"name":"Empresa de Santa Maria adota a Estrelat"}]},{"@type":"WebSite","@id":"https:\/\/folhapopular.info\/#website","url":"https:\/\/folhapopular.info\/","name":"Folha Popular","description":"Onde voc\u00ea tem vez e voz","potentialAction":[{"@type":"SearchAction","target":{"@type":"EntryPoint","urlTemplate":"https:\/\/folhapopular.info\/?s={search_term_string}"},"query-input":{"@type":"PropertyValueSpecification","valueRequired":true,"valueName":"search_term_string"}}],"inLanguage":"pt-BR"},{"@type":"Person","@id":"https:\/\/folhapopular.info\/#\/schema\/person\/2814e8a0df7643585a9ca38bc6eb9d4b","name":"Reda\u00e7\u00e3o Folha Popular","image":{"@type":"ImageObject","inLanguage":"pt-BR","@id":"https:\/\/folhapopular.info\/wp-content\/uploads\/2026\/04\/Folha-1.webp","url":"https:\/\/folhapopular.info\/wp-content\/uploads\/2026\/04\/Folha-1.webp","contentUrl":"https:\/\/folhapopular.info\/wp-content\/uploads\/2026\/04\/Folha-1.webp","caption":"Reda\u00e7\u00e3o Folha Popular"},"url":"https:\/\/folhapopular.info\/index.php\/author\/redacao\/"}]}},"jetpack_featured_media_url":"https:\/\/folhapopular.info\/wp-content\/uploads\/2024\/06\/images.jpg","jetpack_sharing_enabled":true,"amp_enabled":true,"_links":{"self":[{"href":"https:\/\/folhapopular.info\/index.php\/wp-json\/wp\/v2\/posts\/159527","targetHints":{"allow":["GET"]}}],"collection":[{"href":"https:\/\/folhapopular.info\/index.php\/wp-json\/wp\/v2\/posts"}],"about":[{"href":"https:\/\/folhapopular.info\/index.php\/wp-json\/wp\/v2\/types\/post"}],"author":[{"embeddable":true,"href":"https:\/\/folhapopular.info\/index.php\/wp-json\/wp\/v2\/users\/8"}],"replies":[{"embeddable":true,"href":"https:\/\/folhapopular.info\/index.php\/wp-json\/wp\/v2\/comments?post=159527"}],"version-history":[{"count":0,"href":"https:\/\/folhapopular.info\/index.php\/wp-json\/wp\/v2\/posts\/159527\/revisions"}],"wp:featuredmedia":[{"embeddable":true,"href":"https:\/\/folhapopular.info\/index.php\/wp-json\/wp\/v2\/media\/159528"}],"wp:attachment":[{"href":"https:\/\/folhapopular.info\/index.php\/wp-json\/wp\/v2\/media?parent=159527"}],"wp:term":[{"taxonomy":"category","embeddable":true,"href":"https:\/\/folhapopular.info\/index.php\/wp-json\/wp\/v2\/categories?post=159527"},{"taxonomy":"post_tag","embeddable":true,"href":"https:\/\/folhapopular.info\/index.php\/wp-json\/wp\/v2\/tags?post=159527"}],"curies":[{"name":"wp","href":"https:\/\/api.w.org\/{rel}","templated":true}]}}