{"id":159544,"date":"2024-06-07T11:00:00","date_gmt":"2024-06-07T14:00:00","guid":{"rendered":"https:\/\/folhapopular.info\/?p=159544"},"modified":"2024-06-07T16:29:18","modified_gmt":"2024-06-07T19:29:18","slug":"ocergs-se-une-as-cooperativas-da-regiao-prejudicadas-pela-catastrofe-natural","status":"publish","type":"post","link":"https:\/\/folhapopular.info\/index.php\/2024\/06\/07\/ocergs-se-une-as-cooperativas-da-regiao-prejudicadas-pela-catastrofe-natural\/","title":{"rendered":"Ocergs se liga \u00e0s cooperativas da regi\u00e3o prejudicadas pela cat\u00e1strofe natural"},"content":{"rendered":"\n<p>As cooperativas dos ramos infraestrutura e agropecu\u00e1rio dos Vales do Taquari e Jacu\u00ed prejudicadas pela cat\u00e1strofe natural que atingiu o Estado estiveram reunidas na manh\u00e3 desta quinta-feira (6\/6) no audit\u00f3rio da sede administrativa da Certel, em Teut\u00f4nia. Idealizado pela Organiza\u00e7\u00e3o das Cooperativas do Estado do Rio Grande do Sul (Ocergs), com apoio das federa\u00e7\u00f5es das cooperativas de energia, telefonia, desenvolvimento rural e agropecu\u00e1rias do Estado (Fecoergs e Fecoagro), o evento debateu alternativas para mitigar os imensos preju\u00edzos causados, tanto \u00e0s cooperativas como aos milhares de associados. <\/p>\n\n\n\n<p>Entre as de infraestrutura, tamb\u00e9m estiveram a Certaja (Taquari), a Cerfox (Fontoura Xavier) e Celetro (Cachoeira do Sul). J\u00e1 as cooperativas Languiru e Cooperagri (Teut\u00f4nia), Arla (Lajeado), D\u00e1lia (Encantado) e Certaja Desenvolvimento (Taquari) representaram o ramo agropecu\u00e1rio.<\/p>\n\n\n\n<p>Em sua sauda\u00e7\u00e3o, o presidente da Ocergs, Darci Pedro Hartmann, enalteceu a necessidade da uni\u00e3o de esfor\u00e7os, at\u00e9 em raz\u00e3o de o Vale do Taquari ser a regi\u00e3o mais atingida. Disse haver uma s\u00e9rie de desafios a serem enfrentados para restabelecer o desenvolvimento econ\u00f4mico e social. \u201cO objetivo aqui foi ouvir, levantar informa\u00e7\u00f5es e ter o assunto sistematizado. Agora, os grupos t\u00e9cnicos v\u00e3o trabalhar nos projetos para que consigamos recursos dos governos estadual e federal e at\u00e9 de uma frente cooperativista da Alemanha. Vamos recolher todas as informa\u00e7\u00f5es e, provavelmente nos pr\u00f3ximos dias, nos reuniremos com os ministros de cada setor\u201d, afirma.<\/p>\n\n\n\n<p>Hartmann enfatizou o impacto dessa enchente hist\u00f3rica e os aprendizados que s\u00e3o necess\u00e1rios. \u00c9 preciso, segundo ele, uma solu\u00e7\u00e3o definitiva, com financiamentos para as cooperativas, alongamento de prazos para os produtores e recursos a fundo perdido. \u201cVamos trabalhar com muita for\u00e7a, vontade e f\u00e9 para realmente minimizar os problemas. Nunca vai se resolver tudo, porque o povo perdeu seu lugar, seu espa\u00e7o, seu grau de afetividade. Temos a obriga\u00e7\u00e3o de auxiliar nessa reconstru\u00e7\u00e3o para que os associados possam voltar a viver com tranquilidade e produzindo o que t\u00e3o bem sabem fazer. O cooperativismo tem essa capacidade de sempre buscar e ressurgir das cinzas. \u00c9 nos momentos mais dif\u00edceis que mostramos a nossa diferen\u00e7a, pois somos uma sociedade de pessoas\u201d, sublinhou.<\/p>\n\n\n\n<p>O presidente da Certel e da Fecoergs, Erineo Jos\u00e9 Hennemann, apresentou n\u00fameros e fotos dos preju\u00edzos causados. Somente a Certel teve duas torres, mais de 1.100 postes e 115 transformadores levados pelas \u00e1guas, al\u00e9m de outros equipamentos, como reguladores e religadores. Na gera\u00e7\u00e3o, foram danificadas as hidrel\u00e9tricas Salto Forqueta, Rastro de Auto e Boa Vista. As Lojas Certel tiveram perdas de estoque e danos ao imobilizado. Tamb\u00e9m foram prejudicadas a Certaja (Taquari), Cerfox (Fontoura Xavier), Celetro (Cachoeira do Sul), Creluz (Pinhal), Coprel (Ibirub\u00e1), Ceriluz (Iju\u00ed), Coopersul (Bag\u00e9), Coopernorte (Viam\u00e3o) e Cervale (Santa Maria). \u201cEste movimento, juntamente com o ramo agropecu\u00e1rio, as federa\u00e7\u00f5es e a Ocergs, \u00e9 salutar para que consigamos trazer de volta ao Estado a for\u00e7a do cooperativismo, um modelo de neg\u00f3cio diferenciado, dado seu humanismo, \u00e9tica e responsabilidade. Com toda certeza, iremos nos reerguer e, com o apoio de variadas esferas, recuperar o patamar de desenvolvimento e de qualidade de vida das nossas comunidades\u201d, ressaltou. <\/p>\n\n\n\n<p>Os presidentes e diretores das demais cooperativas tamb\u00e9m relacionaram os preju\u00edzos em decorr\u00eancia da cat\u00e1strofe e sinalizaram apoio ao movimento.<\/p>\n","protected":false},"excerpt":{"rendered":"<p>As cooperativas dos ramos infraestrutura e agropecu\u00e1rio dos Vales do Taquari e Jacu\u00ed prejudicadas pela cat\u00e1strofe natural que atingiu o Estado estiveram reunidas na manh\u00e3 desta quinta-feira (6\/6) no audit\u00f3rio da sede administrativa da Certel, em Teut\u00f4nia. Idealizado pela Organiza\u00e7\u00e3o das Cooperativas do Estado do Rio Grande do Sul (Ocergs), com apoio das federa\u00e7\u00f5es das [&hellip;]<\/p>\n","protected":false},"author":8,"featured_media":159545,"comment_status":"open","ping_status":"open","sticky":false,"template":"","format":"standard","meta":{"pmpro_default_level":"","_jetpack_memberships_contains_paid_content":false,"footnotes":""},"categories":[2],"tags":[5187,8784,26],"class_list":{"0":"post-159544","1":"post","2":"type-post","3":"status-publish","4":"format-standard","5":"has-post-thumbnail","7":"category-featured","8":"tag-cooperativas","9":"tag-ocergs","10":"tag-teutonia","11":"pmpro-has-access"},"yoast_head":"<!-- This site is optimized with the Yoast SEO plugin v27.5 - https:\/\/yoast.com\/product\/yoast-seo-wordpress\/ -->\n<title>Ocergs se liga \u00e0s cooperativas da regi\u00e3o prejudicadas pela cat\u00e1strofe natural - Folha Popular<\/title>\n<meta name=\"robots\" content=\"index, follow, max-snippet:-1, max-image-preview:large, max-video-preview:-1\" \/>\n<link rel=\"canonical\" href=\"https:\/\/folhapopular.info\/index.php\/2024\/06\/07\/ocergs-se-une-as-cooperativas-da-regiao-prejudicadas-pela-catastrofe-natural\/\" \/>\n<meta property=\"og:locale\" content=\"pt_BR\" \/>\n<meta property=\"og:type\" content=\"article\" \/>\n<meta property=\"og:title\" content=\"Ocergs se liga \u00e0s cooperativas da regi\u00e3o prejudicadas pela cat\u00e1strofe natural - Folha Popular\" \/>\n<meta property=\"og:description\" content=\"As cooperativas dos ramos infraestrutura e agropecu\u00e1rio dos Vales do Taquari e Jacu\u00ed prejudicadas pela cat\u00e1strofe natural que atingiu o Estado estiveram reunidas na manh\u00e3 desta quinta-feira (6\/6) no audit\u00f3rio da sede administrativa da Certel, em Teut\u00f4nia. Idealizado pela Organiza\u00e7\u00e3o das Cooperativas do Estado do Rio Grande do Sul (Ocergs), com apoio das federa\u00e7\u00f5es das [&hellip;]\" \/>\n<meta property=\"og:url\" content=\"https:\/\/folhapopular.info\/index.php\/2024\/06\/07\/ocergs-se-une-as-cooperativas-da-regiao-prejudicadas-pela-catastrofe-natural\/\" \/>\n<meta property=\"og:site_name\" content=\"Folha Popular\" \/>\n<meta property=\"article:published_time\" content=\"2024-06-07T14:00:00+00:00\" \/>\n<meta property=\"article:modified_time\" content=\"2024-06-07T19:29:18+00:00\" \/>\n<meta property=\"og:image\" content=\"http:\/\/folhapopular.info\/wp-content\/uploads\/2024\/06\/WhatsApp-Image-2024-06-07-at-10.04.21.jpeg\" \/>\n\t<meta property=\"og:image:width\" content=\"1600\" \/>\n\t<meta property=\"og:image:height\" content=\"1066\" \/>\n\t<meta property=\"og:image:type\" content=\"image\/jpeg\" \/>\n<meta name=\"author\" content=\"Reda\u00e7\u00e3o Folha Popular\" \/>\n<meta name=\"twitter:card\" content=\"summary_large_image\" \/>\n<meta name=\"twitter:label1\" content=\"Escrito por\" \/>\n\t<meta name=\"twitter:data1\" content=\"Reda\u00e7\u00e3o Folha Popular\" \/>\n\t<meta name=\"twitter:label2\" content=\"Est. tempo de leitura\" \/>\n\t<meta name=\"twitter:data2\" content=\"4 minutos\" \/>\n<script type=\"application\/ld+json\" class=\"yoast-schema-graph\">{\"@context\":\"https:\\\/\\\/schema.org\",\"@graph\":[{\"@type\":\"Article\",\"@id\":\"https:\\\/\\\/folhapopular.info\\\/index.php\\\/2024\\\/06\\\/07\\\/ocergs-se-une-as-cooperativas-da-regiao-prejudicadas-pela-catastrofe-natural\\\/#article\",\"isPartOf\":{\"@id\":\"https:\\\/\\\/folhapopular.info\\\/index.php\\\/2024\\\/06\\\/07\\\/ocergs-se-une-as-cooperativas-da-regiao-prejudicadas-pela-catastrofe-natural\\\/\"},\"author\":{\"name\":\"Reda\u00e7\u00e3o Folha Popular\",\"@id\":\"https:\\\/\\\/folhapopular.info\\\/#\\\/schema\\\/person\\\/2814e8a0df7643585a9ca38bc6eb9d4b\"},\"headline\":\"Ocergs se liga \u00e0s cooperativas da regi\u00e3o prejudicadas pela cat\u00e1strofe natural\",\"datePublished\":\"2024-06-07T14:00:00+00:00\",\"dateModified\":\"2024-06-07T19:29:18+00:00\",\"mainEntityOfPage\":{\"@id\":\"https:\\\/\\\/folhapopular.info\\\/index.php\\\/2024\\\/06\\\/07\\\/ocergs-se-une-as-cooperativas-da-regiao-prejudicadas-pela-catastrofe-natural\\\/\"},\"wordCount\":579,\"commentCount\":0,\"image\":{\"@id\":\"https:\\\/\\\/folhapopular.info\\\/index.php\\\/2024\\\/06\\\/07\\\/ocergs-se-une-as-cooperativas-da-regiao-prejudicadas-pela-catastrofe-natural\\\/#primaryimage\"},\"thumbnailUrl\":\"https:\\\/\\\/folhapopular.info\\\/wp-content\\\/uploads\\\/2024\\\/06\\\/WhatsApp-Image-2024-06-07-at-10.04.21.jpeg\",\"keywords\":[\"cooperativas\",\"Ocergs\",\"Teut\u00f4nia\"],\"articleSection\":[\"Destaques\"],\"inLanguage\":\"pt-BR\",\"potentialAction\":[{\"@type\":\"CommentAction\",\"name\":\"Comment\",\"target\":[\"https:\\\/\\\/folhapopular.info\\\/index.php\\\/2024\\\/06\\\/07\\\/ocergs-se-une-as-cooperativas-da-regiao-prejudicadas-pela-catastrofe-natural\\\/#respond\"]}]},{\"@type\":\"WebPage\",\"@id\":\"https:\\\/\\\/folhapopular.info\\\/index.php\\\/2024\\\/06\\\/07\\\/ocergs-se-une-as-cooperativas-da-regiao-prejudicadas-pela-catastrofe-natural\\\/\",\"url\":\"https:\\\/\\\/folhapopular.info\\\/index.php\\\/2024\\\/06\\\/07\\\/ocergs-se-une-as-cooperativas-da-regiao-prejudicadas-pela-catastrofe-natural\\\/\",\"name\":\"Ocergs se liga \u00e0s cooperativas da regi\u00e3o prejudicadas pela cat\u00e1strofe natural - Folha Popular\",\"isPartOf\":{\"@id\":\"https:\\\/\\\/folhapopular.info\\\/#website\"},\"primaryImageOfPage\":{\"@id\":\"https:\\\/\\\/folhapopular.info\\\/index.php\\\/2024\\\/06\\\/07\\\/ocergs-se-une-as-cooperativas-da-regiao-prejudicadas-pela-catastrofe-natural\\\/#primaryimage\"},\"image\":{\"@id\":\"https:\\\/\\\/folhapopular.info\\\/index.php\\\/2024\\\/06\\\/07\\\/ocergs-se-une-as-cooperativas-da-regiao-prejudicadas-pela-catastrofe-natural\\\/#primaryimage\"},\"thumbnailUrl\":\"https:\\\/\\\/folhapopular.info\\\/wp-content\\\/uploads\\\/2024\\\/06\\\/WhatsApp-Image-2024-06-07-at-10.04.21.jpeg\",\"datePublished\":\"2024-06-07T14:00:00+00:00\",\"dateModified\":\"2024-06-07T19:29:18+00:00\",\"author\":{\"@id\":\"https:\\\/\\\/folhapopular.info\\\/#\\\/schema\\\/person\\\/2814e8a0df7643585a9ca38bc6eb9d4b\"},\"breadcrumb\":{\"@id\":\"https:\\\/\\\/folhapopular.info\\\/index.php\\\/2024\\\/06\\\/07\\\/ocergs-se-une-as-cooperativas-da-regiao-prejudicadas-pela-catastrofe-natural\\\/#breadcrumb\"},\"inLanguage\":\"pt-BR\",\"potentialAction\":[{\"@type\":\"ReadAction\",\"target\":[\"https:\\\/\\\/folhapopular.info\\\/index.php\\\/2024\\\/06\\\/07\\\/ocergs-se-une-as-cooperativas-da-regiao-prejudicadas-pela-catastrofe-natural\\\/\"]}]},{\"@type\":\"ImageObject\",\"inLanguage\":\"pt-BR\",\"@id\":\"https:\\\/\\\/folhapopular.info\\\/index.php\\\/2024\\\/06\\\/07\\\/ocergs-se-une-as-cooperativas-da-regiao-prejudicadas-pela-catastrofe-natural\\\/#primaryimage\",\"url\":\"https:\\\/\\\/folhapopular.info\\\/wp-content\\\/uploads\\\/2024\\\/06\\\/WhatsApp-Image-2024-06-07-at-10.04.21.jpeg\",\"contentUrl\":\"https:\\\/\\\/folhapopular.info\\\/wp-content\\\/uploads\\\/2024\\\/06\\\/WhatsApp-Image-2024-06-07-at-10.04.21.jpeg\",\"width\":1600,\"height\":1066,\"caption\":\"Cr\u00e9dito: Divulga\u00e7\u00e3o\"},{\"@type\":\"BreadcrumbList\",\"@id\":\"https:\\\/\\\/folhapopular.info\\\/index.php\\\/2024\\\/06\\\/07\\\/ocergs-se-une-as-cooperativas-da-regiao-prejudicadas-pela-catastrofe-natural\\\/#breadcrumb\",\"itemListElement\":[{\"@type\":\"ListItem\",\"position\":1,\"name\":\"In\u00edcio\",\"item\":\"https:\\\/\\\/folhapopular.info\\\/\"},{\"@type\":\"ListItem\",\"position\":2,\"name\":\"Ocergs se liga \u00e0s cooperativas da regi\u00e3o prejudicadas pela cat\u00e1strofe natural\"}]},{\"@type\":\"WebSite\",\"@id\":\"https:\\\/\\\/folhapopular.info\\\/#website\",\"url\":\"https:\\\/\\\/folhapopular.info\\\/\",\"name\":\"Folha Popular\",\"description\":\"Onde voc\u00ea tem vez e voz\",\"potentialAction\":[{\"@type\":\"SearchAction\",\"target\":{\"@type\":\"EntryPoint\",\"urlTemplate\":\"https:\\\/\\\/folhapopular.info\\\/?s={search_term_string}\"},\"query-input\":{\"@type\":\"PropertyValueSpecification\",\"valueRequired\":true,\"valueName\":\"search_term_string\"}}],\"inLanguage\":\"pt-BR\"},{\"@type\":\"Person\",\"@id\":\"https:\\\/\\\/folhapopular.info\\\/#\\\/schema\\\/person\\\/2814e8a0df7643585a9ca38bc6eb9d4b\",\"name\":\"Reda\u00e7\u00e3o Folha Popular\",\"image\":{\"@type\":\"ImageObject\",\"inLanguage\":\"pt-BR\",\"@id\":\"https:\\\/\\\/folhapopular.info\\\/wp-content\\\/uploads\\\/2026\\\/04\\\/Folha-1.webp\",\"url\":\"https:\\\/\\\/folhapopular.info\\\/wp-content\\\/uploads\\\/2026\\\/04\\\/Folha-1.webp\",\"contentUrl\":\"https:\\\/\\\/folhapopular.info\\\/wp-content\\\/uploads\\\/2026\\\/04\\\/Folha-1.webp\",\"caption\":\"Reda\u00e7\u00e3o Folha Popular\"},\"url\":\"https:\\\/\\\/folhapopular.info\\\/index.php\\\/author\\\/redacao\\\/\"}]}<\/script>\n<!-- \/ Yoast SEO plugin. -->","yoast_head_json":{"title":"Ocergs se liga \u00e0s cooperativas da regi\u00e3o prejudicadas pela cat\u00e1strofe natural - Folha Popular","robots":{"index":"index","follow":"follow","max-snippet":"max-snippet:-1","max-image-preview":"max-image-preview:large","max-video-preview":"max-video-preview:-1"},"canonical":"https:\/\/folhapopular.info\/index.php\/2024\/06\/07\/ocergs-se-une-as-cooperativas-da-regiao-prejudicadas-pela-catastrofe-natural\/","og_locale":"pt_BR","og_type":"article","og_title":"Ocergs se liga \u00e0s cooperativas da regi\u00e3o prejudicadas pela cat\u00e1strofe natural - Folha Popular","og_description":"As cooperativas dos ramos infraestrutura e agropecu\u00e1rio dos Vales do Taquari e Jacu\u00ed prejudicadas pela cat\u00e1strofe natural que atingiu o Estado estiveram reunidas na manh\u00e3 desta quinta-feira (6\/6) no audit\u00f3rio da sede administrativa da Certel, em Teut\u00f4nia. Idealizado pela Organiza\u00e7\u00e3o das Cooperativas do Estado do Rio Grande do Sul (Ocergs), com apoio das federa\u00e7\u00f5es das [&hellip;]","og_url":"https:\/\/folhapopular.info\/index.php\/2024\/06\/07\/ocergs-se-une-as-cooperativas-da-regiao-prejudicadas-pela-catastrofe-natural\/","og_site_name":"Folha Popular","article_published_time":"2024-06-07T14:00:00+00:00","article_modified_time":"2024-06-07T19:29:18+00:00","og_image":[{"width":1600,"height":1066,"url":"http:\/\/folhapopular.info\/wp-content\/uploads\/2024\/06\/WhatsApp-Image-2024-06-07-at-10.04.21.jpeg","type":"image\/jpeg"}],"author":"Reda\u00e7\u00e3o Folha Popular","twitter_card":"summary_large_image","twitter_misc":{"Escrito por":"Reda\u00e7\u00e3o Folha Popular","Est. tempo de leitura":"4 minutos"},"schema":{"@context":"https:\/\/schema.org","@graph":[{"@type":"Article","@id":"https:\/\/folhapopular.info\/index.php\/2024\/06\/07\/ocergs-se-une-as-cooperativas-da-regiao-prejudicadas-pela-catastrofe-natural\/#article","isPartOf":{"@id":"https:\/\/folhapopular.info\/index.php\/2024\/06\/07\/ocergs-se-une-as-cooperativas-da-regiao-prejudicadas-pela-catastrofe-natural\/"},"author":{"name":"Reda\u00e7\u00e3o Folha Popular","@id":"https:\/\/folhapopular.info\/#\/schema\/person\/2814e8a0df7643585a9ca38bc6eb9d4b"},"headline":"Ocergs se liga \u00e0s cooperativas da regi\u00e3o prejudicadas pela cat\u00e1strofe natural","datePublished":"2024-06-07T14:00:00+00:00","dateModified":"2024-06-07T19:29:18+00:00","mainEntityOfPage":{"@id":"https:\/\/folhapopular.info\/index.php\/2024\/06\/07\/ocergs-se-une-as-cooperativas-da-regiao-prejudicadas-pela-catastrofe-natural\/"},"wordCount":579,"commentCount":0,"image":{"@id":"https:\/\/folhapopular.info\/index.php\/2024\/06\/07\/ocergs-se-une-as-cooperativas-da-regiao-prejudicadas-pela-catastrofe-natural\/#primaryimage"},"thumbnailUrl":"https:\/\/folhapopular.info\/wp-content\/uploads\/2024\/06\/WhatsApp-Image-2024-06-07-at-10.04.21.jpeg","keywords":["cooperativas","Ocergs","Teut\u00f4nia"],"articleSection":["Destaques"],"inLanguage":"pt-BR","potentialAction":[{"@type":"CommentAction","name":"Comment","target":["https:\/\/folhapopular.info\/index.php\/2024\/06\/07\/ocergs-se-une-as-cooperativas-da-regiao-prejudicadas-pela-catastrofe-natural\/#respond"]}]},{"@type":"WebPage","@id":"https:\/\/folhapopular.info\/index.php\/2024\/06\/07\/ocergs-se-une-as-cooperativas-da-regiao-prejudicadas-pela-catastrofe-natural\/","url":"https:\/\/folhapopular.info\/index.php\/2024\/06\/07\/ocergs-se-une-as-cooperativas-da-regiao-prejudicadas-pela-catastrofe-natural\/","name":"Ocergs se liga \u00e0s cooperativas da regi\u00e3o prejudicadas pela cat\u00e1strofe natural - Folha Popular","isPartOf":{"@id":"https:\/\/folhapopular.info\/#website"},"primaryImageOfPage":{"@id":"https:\/\/folhapopular.info\/index.php\/2024\/06\/07\/ocergs-se-une-as-cooperativas-da-regiao-prejudicadas-pela-catastrofe-natural\/#primaryimage"},"image":{"@id":"https:\/\/folhapopular.info\/index.php\/2024\/06\/07\/ocergs-se-une-as-cooperativas-da-regiao-prejudicadas-pela-catastrofe-natural\/#primaryimage"},"thumbnailUrl":"https:\/\/folhapopular.info\/wp-content\/uploads\/2024\/06\/WhatsApp-Image-2024-06-07-at-10.04.21.jpeg","datePublished":"2024-06-07T14:00:00+00:00","dateModified":"2024-06-07T19:29:18+00:00","author":{"@id":"https:\/\/folhapopular.info\/#\/schema\/person\/2814e8a0df7643585a9ca38bc6eb9d4b"},"breadcrumb":{"@id":"https:\/\/folhapopular.info\/index.php\/2024\/06\/07\/ocergs-se-une-as-cooperativas-da-regiao-prejudicadas-pela-catastrofe-natural\/#breadcrumb"},"inLanguage":"pt-BR","potentialAction":[{"@type":"ReadAction","target":["https:\/\/folhapopular.info\/index.php\/2024\/06\/07\/ocergs-se-une-as-cooperativas-da-regiao-prejudicadas-pela-catastrofe-natural\/"]}]},{"@type":"ImageObject","inLanguage":"pt-BR","@id":"https:\/\/folhapopular.info\/index.php\/2024\/06\/07\/ocergs-se-une-as-cooperativas-da-regiao-prejudicadas-pela-catastrofe-natural\/#primaryimage","url":"https:\/\/folhapopular.info\/wp-content\/uploads\/2024\/06\/WhatsApp-Image-2024-06-07-at-10.04.21.jpeg","contentUrl":"https:\/\/folhapopular.info\/wp-content\/uploads\/2024\/06\/WhatsApp-Image-2024-06-07-at-10.04.21.jpeg","width":1600,"height":1066,"caption":"Cr\u00e9dito: Divulga\u00e7\u00e3o"},{"@type":"BreadcrumbList","@id":"https:\/\/folhapopular.info\/index.php\/2024\/06\/07\/ocergs-se-une-as-cooperativas-da-regiao-prejudicadas-pela-catastrofe-natural\/#breadcrumb","itemListElement":[{"@type":"ListItem","position":1,"name":"In\u00edcio","item":"https:\/\/folhapopular.info\/"},{"@type":"ListItem","position":2,"name":"Ocergs se liga \u00e0s cooperativas da regi\u00e3o prejudicadas pela cat\u00e1strofe natural"}]},{"@type":"WebSite","@id":"https:\/\/folhapopular.info\/#website","url":"https:\/\/folhapopular.info\/","name":"Folha Popular","description":"Onde voc\u00ea tem vez e voz","potentialAction":[{"@type":"SearchAction","target":{"@type":"EntryPoint","urlTemplate":"https:\/\/folhapopular.info\/?s={search_term_string}"},"query-input":{"@type":"PropertyValueSpecification","valueRequired":true,"valueName":"search_term_string"}}],"inLanguage":"pt-BR"},{"@type":"Person","@id":"https:\/\/folhapopular.info\/#\/schema\/person\/2814e8a0df7643585a9ca38bc6eb9d4b","name":"Reda\u00e7\u00e3o Folha Popular","image":{"@type":"ImageObject","inLanguage":"pt-BR","@id":"https:\/\/folhapopular.info\/wp-content\/uploads\/2026\/04\/Folha-1.webp","url":"https:\/\/folhapopular.info\/wp-content\/uploads\/2026\/04\/Folha-1.webp","contentUrl":"https:\/\/folhapopular.info\/wp-content\/uploads\/2026\/04\/Folha-1.webp","caption":"Reda\u00e7\u00e3o Folha Popular"},"url":"https:\/\/folhapopular.info\/index.php\/author\/redacao\/"}]}},"jetpack_featured_media_url":"https:\/\/folhapopular.info\/wp-content\/uploads\/2024\/06\/WhatsApp-Image-2024-06-07-at-10.04.21.jpeg","jetpack_sharing_enabled":true,"amp_enabled":true,"_links":{"self":[{"href":"https:\/\/folhapopular.info\/index.php\/wp-json\/wp\/v2\/posts\/159544","targetHints":{"allow":["GET"]}}],"collection":[{"href":"https:\/\/folhapopular.info\/index.php\/wp-json\/wp\/v2\/posts"}],"about":[{"href":"https:\/\/folhapopular.info\/index.php\/wp-json\/wp\/v2\/types\/post"}],"author":[{"embeddable":true,"href":"https:\/\/folhapopular.info\/index.php\/wp-json\/wp\/v2\/users\/8"}],"replies":[{"embeddable":true,"href":"https:\/\/folhapopular.info\/index.php\/wp-json\/wp\/v2\/comments?post=159544"}],"version-history":[{"count":0,"href":"https:\/\/folhapopular.info\/index.php\/wp-json\/wp\/v2\/posts\/159544\/revisions"}],"wp:featuredmedia":[{"embeddable":true,"href":"https:\/\/folhapopular.info\/index.php\/wp-json\/wp\/v2\/media\/159545"}],"wp:attachment":[{"href":"https:\/\/folhapopular.info\/index.php\/wp-json\/wp\/v2\/media?parent=159544"}],"wp:term":[{"taxonomy":"category","embeddable":true,"href":"https:\/\/folhapopular.info\/index.php\/wp-json\/wp\/v2\/categories?post=159544"},{"taxonomy":"post_tag","embeddable":true,"href":"https:\/\/folhapopular.info\/index.php\/wp-json\/wp\/v2\/tags?post=159544"}],"curies":[{"name":"wp","href":"https:\/\/api.w.org\/{rel}","templated":true}]}}