{"id":159587,"date":"2024-06-08T19:00:00","date_gmt":"2024-06-08T22:00:00","guid":{"rendered":"https:\/\/folhapopular.info\/?p=159587"},"modified":"2024-06-08T09:19:57","modified_gmt":"2024-06-08T12:19:57","slug":"sebrae-realiza-capacitacao-aos-parceiros-do-projeto-somos-do-vale","status":"publish","type":"post","link":"https:\/\/folhapopular.info\/index.php\/2024\/06\/08\/sebrae-realiza-capacitacao-aos-parceiros-do-projeto-somos-do-vale\/","title":{"rendered":"Sebrae realiza capacita\u00e7\u00e3o aos parceiros do Projeto Somos do Vale"},"content":{"rendered":"\n<p>Um dos pilares do projeto &#8220;Somos do Vale&#8221; \u00e9 o treinamento dos empreendedores locais para que eles possam dar continuidade aos seus neg\u00f3cios de forma sustent\u00e1vel, com foco no orgulho de pertencimento e na busca de informa\u00e7\u00f5es. Pensando nisso, o Sebrae, um dos parceiros do projeto, promove, de forma online, nos dias 11 e 13 de junho, alguns encontros de capacita\u00e7\u00e3o para empreendedores do turismo e agroind\u00fastrias.\u00a0<\/p>\n\n\n\n<p>Segundo o&nbsp;analista territorial do Sebrae RS,&nbsp;Diego Zenker, as a\u00e7\u00f5es s\u00e3o voltadas para esses dois grupos que precisam de uma aten\u00e7\u00e3o maior nesse momento.\u201d Enquanto um \u00e9 voltado para empreendedores do turismo incentivando promo\u00e7\u00f5es e parcerias, o outro tem como principal finalidade auxiliar com dicas as agroind\u00fastrias que possuem produtos estocados&nbsp; e precisam vender e n\u00e3o sabem como se posicionar\u201d, explica.&nbsp;<\/p>\n\n\n\n<p>Os dois encontros ser\u00e3o realizados \u00e0s 19h.<strong> Na ter\u00e7a-feira (11\/6)<\/strong> o tema ser\u00e1 a\u00e7\u00f5es de incentivo ao consumo nos empreendimentos tur\u00edsticos, voltados aos empreendedores que recebem turistas. J\u00e1 no <strong>dia 13 de junho<\/strong>, o foco s\u00e3o as agroind\u00fastrias que precisam vender os seus produtos\u00a0 e como se posicionar no digital neste momento.\u00a0 A consultora nos dois eventos online ser\u00e1 a especialista em projetos de experi\u00eancias de compras mais prazerosas e inovadoras, Tatiane Alves. As inscri\u00e7\u00f5es s\u00e3o gratuitas e\u00a0 devem ser realizadas por meio do link:\u00a0<a href=\"https:\/\/chat.whatsapp.com\/E623GnCPt5t8a1CGkyWg3O\" target=\"_blank\" rel=\"noreferrer noopener\">https:\/\/chat.whatsapp.com\/E623GnCPt5t8a1CGkyWg3O<\/a>\u00a0\u00a0<\/p>\n\n\n\n<p>O projeto Somos do Vale \u00e9 uma\u00a0 iniciativa da Associa\u00e7\u00e3o dos Munic\u00edpios de Turismo da Regi\u00e3o dos Vales, Amturvales, e conta com o apoio do Sebrae, do Arranjo Produtivo Local (APL) das Agroind\u00fastrias Familiares do Vale do Taquari, Emater, Portal 365 Vezes no Vale, Portal Curta a Viagem.<\/p>\n\n\n\n<p><strong>Conhe\u00e7a Tatiane Alves<\/strong><\/p>\n\n\n\n<p>Tatiane sempre se interessou por moda, gastronomia e comportamento e sua experi\u00eancia mostrou o caminho da empresa Compassing: buscar o conhecimento de uma \u00e1rea extremamente necess\u00e1ria para o sucesso das marcas, desenvolvendo pesquisas e criando alternativas para um mercado competitivo e mutante.&nbsp;<\/p>\n\n\n\n<p>Ao longo destes anos realizou projetos de experi\u00eancias, pesquisas, gest\u00e3o visual de produtos e implementa\u00e7\u00f5es de curadorias de marcas. Seu trabalho \u00e9 projetar o neg\u00f3cio do cliente pensando no resultado final, nas escolhas dos consumidores, levando sua expertise para a constru\u00e7\u00e3o de uma experi\u00eancia de compra.&nbsp;<\/p>\n\n\n\n<p>Segundo Tatiane, o principal objetivo da mentoria oferecida \u00e9 compartilhar experi\u00eancia. \u201cO conte\u00fado apresenta dicas pr\u00e1ticas para exibi\u00e7\u00e3o e divulga\u00e7\u00e3o de produtos e servi\u00e7os. Elas podem ser muito \u00fateis neste momento, onde \u00e9 crucial estimular a retomada da atividade econ\u00f4mica para que n\u00e3o s\u00f3 os empreendedores presentes no evento, mas toda a regi\u00e3o possa se reerguer. Neste sentido, o conte\u00fado \u00e9 preparado de forma que possa ser facilmente compartilhado, permitindo que seu alcance seja muito maior\u201d, conta.<\/p>\n\n\n\n<p>Para ela, em qualquer momento da vida \u00e9 importante aprender coisas novas e reciclar ideias. \u201cEm virtude dos acontecimentos no nosso estado, poder compartilhar conhecimento que seja relevante para os empreendedores atingidos \u00e9 fundamental. Muitas vezes, a retomada se d\u00e1 aos poucos, com cada um filtrando o que mais lhe interessa e aplicando esses conhecimentos conforme suas possibilidades\u201d, finaliza.&nbsp;<\/p>\n\n\n\n<p>A Compassing d\u00e1 a dire\u00e7\u00e3o com solu\u00e7\u00f5es inovadoras e criativas em desenvolvimento de produtos, ativa\u00e7\u00f5es sustent\u00e1veis, dire\u00e7\u00e3o de arte, branding, desenvolvimento de e-books, desenvolvimento de manual de merchandising, pesquisa de tend\u00eancias e comportamento, estudos e cria\u00e7\u00e3o de experi\u00eancias de consumo, viagens guiadas de aprendizado, styleguide, programa\u00e7\u00e3o visual de lojas e showrooms, al\u00e9m de projetos de conceito para internacionaliza\u00e7\u00e3o de marcas.&nbsp;<\/p>\n\n\n\n<p><\/p>\n","protected":false},"excerpt":{"rendered":"<p>Um dos pilares do projeto &#8220;Somos do Vale&#8221; \u00e9 o treinamento dos empreendedores locais para que eles possam dar continuidade aos seus neg\u00f3cios de forma sustent\u00e1vel, com foco no orgulho de pertencimento e na busca de informa\u00e7\u00f5es. Pensando nisso, o Sebrae, um dos parceiros do projeto, promove, de forma online, nos dias 11 e 13 [&hellip;]<\/p>\n","protected":false},"author":8,"featured_media":159588,"comment_status":"open","ping_status":"open","sticky":false,"template":"","format":"standard","meta":{"pmpro_default_level":"","_jetpack_memberships_contains_paid_content":false,"footnotes":""},"categories":[2,10991,10994,11000],"tags":[12338,3123,15190,82,156],"class_list":{"0":"post-159587","1":"post","2":"type-post","3":"status-publish","4":"format-standard","5":"has-post-thumbnail","7":"category-featured","8":"category-economia","9":"category-rural","10":"category-turismo","11":"tag-agroindustria-2","12":"tag-sebrae","13":"tag-somos-do-vale","14":"tag-turismo","15":"tag-vale-do-taquari","16":"pmpro-has-access"},"yoast_head":"<!-- This site is optimized with the Yoast SEO plugin v27.5 - https:\/\/yoast.com\/product\/yoast-seo-wordpress\/ -->\n<title>Sebrae realiza capacita\u00e7\u00e3o aos parceiros do Projeto Somos do Vale - Folha Popular<\/title>\n<meta name=\"robots\" content=\"index, follow, max-snippet:-1, max-image-preview:large, max-video-preview:-1\" \/>\n<link rel=\"canonical\" href=\"https:\/\/folhapopular.info\/index.php\/2024\/06\/08\/sebrae-realiza-capacitacao-aos-parceiros-do-projeto-somos-do-vale\/\" \/>\n<meta property=\"og:locale\" content=\"pt_BR\" \/>\n<meta property=\"og:type\" content=\"article\" \/>\n<meta property=\"og:title\" content=\"Sebrae realiza capacita\u00e7\u00e3o aos parceiros do Projeto Somos do Vale - Folha Popular\" \/>\n<meta property=\"og:description\" content=\"Um dos pilares do projeto &#8220;Somos do Vale&#8221; \u00e9 o treinamento dos empreendedores locais para que eles possam dar continuidade aos seus neg\u00f3cios de forma sustent\u00e1vel, com foco no orgulho de pertencimento e na busca de informa\u00e7\u00f5es. Pensando nisso, o Sebrae, um dos parceiros do projeto, promove, de forma online, nos dias 11 e 13 [&hellip;]\" \/>\n<meta property=\"og:url\" content=\"https:\/\/folhapopular.info\/index.php\/2024\/06\/08\/sebrae-realiza-capacitacao-aos-parceiros-do-projeto-somos-do-vale\/\" \/>\n<meta property=\"og:site_name\" content=\"Folha Popular\" \/>\n<meta property=\"article:published_time\" content=\"2024-06-08T22:00:00+00:00\" \/>\n<meta property=\"og:image\" content=\"https:\/\/folhapopular.info\/wp-content\/uploads\/2024\/06\/Somos-do-Vale-Tatiana-Alves.jpg\" \/>\n\t<meta property=\"og:image:width\" content=\"1080\" \/>\n\t<meta property=\"og:image:height\" content=\"1080\" \/>\n\t<meta property=\"og:image:type\" content=\"image\/jpeg\" \/>\n<meta name=\"author\" content=\"Reda\u00e7\u00e3o Folha Popular\" \/>\n<meta name=\"twitter:card\" content=\"summary_large_image\" \/>\n<meta name=\"twitter:label1\" content=\"Escrito por\" \/>\n\t<meta name=\"twitter:data1\" content=\"Reda\u00e7\u00e3o Folha Popular\" \/>\n\t<meta name=\"twitter:label2\" content=\"Est. tempo de leitura\" \/>\n\t<meta name=\"twitter:data2\" content=\"4 minutos\" \/>\n<script type=\"application\/ld+json\" class=\"yoast-schema-graph\">{\"@context\":\"https:\\\/\\\/schema.org\",\"@graph\":[{\"@type\":\"Article\",\"@id\":\"https:\\\/\\\/folhapopular.info\\\/index.php\\\/2024\\\/06\\\/08\\\/sebrae-realiza-capacitacao-aos-parceiros-do-projeto-somos-do-vale\\\/#article\",\"isPartOf\":{\"@id\":\"https:\\\/\\\/folhapopular.info\\\/index.php\\\/2024\\\/06\\\/08\\\/sebrae-realiza-capacitacao-aos-parceiros-do-projeto-somos-do-vale\\\/\"},\"author\":{\"name\":\"Reda\u00e7\u00e3o Folha Popular\",\"@id\":\"https:\\\/\\\/folhapopular.info\\\/#\\\/schema\\\/person\\\/2814e8a0df7643585a9ca38bc6eb9d4b\"},\"headline\":\"Sebrae realiza capacita\u00e7\u00e3o aos parceiros do Projeto Somos do Vale\",\"datePublished\":\"2024-06-08T22:00:00+00:00\",\"mainEntityOfPage\":{\"@id\":\"https:\\\/\\\/folhapopular.info\\\/index.php\\\/2024\\\/06\\\/08\\\/sebrae-realiza-capacitacao-aos-parceiros-do-projeto-somos-do-vale\\\/\"},\"wordCount\":618,\"commentCount\":0,\"image\":{\"@id\":\"https:\\\/\\\/folhapopular.info\\\/index.php\\\/2024\\\/06\\\/08\\\/sebrae-realiza-capacitacao-aos-parceiros-do-projeto-somos-do-vale\\\/#primaryimage\"},\"thumbnailUrl\":\"https:\\\/\\\/folhapopular.info\\\/wp-content\\\/uploads\\\/2024\\\/06\\\/Somos-do-Vale-Tatiana-Alves.jpg\",\"keywords\":[\"agroind\u00fastria\",\"Sebrae\",\"Somos do Vale\",\"Turismo\",\"Vale do Taquari\"],\"articleSection\":[\"Destaques\",\"Economia\",\"Rural\",\"Turismo\"],\"inLanguage\":\"pt-BR\",\"potentialAction\":[{\"@type\":\"CommentAction\",\"name\":\"Comment\",\"target\":[\"https:\\\/\\\/folhapopular.info\\\/index.php\\\/2024\\\/06\\\/08\\\/sebrae-realiza-capacitacao-aos-parceiros-do-projeto-somos-do-vale\\\/#respond\"]}]},{\"@type\":\"WebPage\",\"@id\":\"https:\\\/\\\/folhapopular.info\\\/index.php\\\/2024\\\/06\\\/08\\\/sebrae-realiza-capacitacao-aos-parceiros-do-projeto-somos-do-vale\\\/\",\"url\":\"https:\\\/\\\/folhapopular.info\\\/index.php\\\/2024\\\/06\\\/08\\\/sebrae-realiza-capacitacao-aos-parceiros-do-projeto-somos-do-vale\\\/\",\"name\":\"Sebrae realiza capacita\u00e7\u00e3o aos parceiros do Projeto Somos do Vale - Folha Popular\",\"isPartOf\":{\"@id\":\"https:\\\/\\\/folhapopular.info\\\/#website\"},\"primaryImageOfPage\":{\"@id\":\"https:\\\/\\\/folhapopular.info\\\/index.php\\\/2024\\\/06\\\/08\\\/sebrae-realiza-capacitacao-aos-parceiros-do-projeto-somos-do-vale\\\/#primaryimage\"},\"image\":{\"@id\":\"https:\\\/\\\/folhapopular.info\\\/index.php\\\/2024\\\/06\\\/08\\\/sebrae-realiza-capacitacao-aos-parceiros-do-projeto-somos-do-vale\\\/#primaryimage\"},\"thumbnailUrl\":\"https:\\\/\\\/folhapopular.info\\\/wp-content\\\/uploads\\\/2024\\\/06\\\/Somos-do-Vale-Tatiana-Alves.jpg\",\"datePublished\":\"2024-06-08T22:00:00+00:00\",\"author\":{\"@id\":\"https:\\\/\\\/folhapopular.info\\\/#\\\/schema\\\/person\\\/2814e8a0df7643585a9ca38bc6eb9d4b\"},\"breadcrumb\":{\"@id\":\"https:\\\/\\\/folhapopular.info\\\/index.php\\\/2024\\\/06\\\/08\\\/sebrae-realiza-capacitacao-aos-parceiros-do-projeto-somos-do-vale\\\/#breadcrumb\"},\"inLanguage\":\"pt-BR\",\"potentialAction\":[{\"@type\":\"ReadAction\",\"target\":[\"https:\\\/\\\/folhapopular.info\\\/index.php\\\/2024\\\/06\\\/08\\\/sebrae-realiza-capacitacao-aos-parceiros-do-projeto-somos-do-vale\\\/\"]}]},{\"@type\":\"ImageObject\",\"inLanguage\":\"pt-BR\",\"@id\":\"https:\\\/\\\/folhapopular.info\\\/index.php\\\/2024\\\/06\\\/08\\\/sebrae-realiza-capacitacao-aos-parceiros-do-projeto-somos-do-vale\\\/#primaryimage\",\"url\":\"https:\\\/\\\/folhapopular.info\\\/wp-content\\\/uploads\\\/2024\\\/06\\\/Somos-do-Vale-Tatiana-Alves.jpg\",\"contentUrl\":\"https:\\\/\\\/folhapopular.info\\\/wp-content\\\/uploads\\\/2024\\\/06\\\/Somos-do-Vale-Tatiana-Alves.jpg\",\"width\":1080,\"height\":1080,\"caption\":\"Cr\u00e9dito: Divulga\u00e7\u00e3o\\\/AI Amturvales\"},{\"@type\":\"BreadcrumbList\",\"@id\":\"https:\\\/\\\/folhapopular.info\\\/index.php\\\/2024\\\/06\\\/08\\\/sebrae-realiza-capacitacao-aos-parceiros-do-projeto-somos-do-vale\\\/#breadcrumb\",\"itemListElement\":[{\"@type\":\"ListItem\",\"position\":1,\"name\":\"In\u00edcio\",\"item\":\"https:\\\/\\\/folhapopular.info\\\/\"},{\"@type\":\"ListItem\",\"position\":2,\"name\":\"Sebrae realiza capacita\u00e7\u00e3o aos parceiros do Projeto Somos do Vale\"}]},{\"@type\":\"WebSite\",\"@id\":\"https:\\\/\\\/folhapopular.info\\\/#website\",\"url\":\"https:\\\/\\\/folhapopular.info\\\/\",\"name\":\"Folha Popular\",\"description\":\"Onde voc\u00ea tem vez e voz\",\"potentialAction\":[{\"@type\":\"SearchAction\",\"target\":{\"@type\":\"EntryPoint\",\"urlTemplate\":\"https:\\\/\\\/folhapopular.info\\\/?s={search_term_string}\"},\"query-input\":{\"@type\":\"PropertyValueSpecification\",\"valueRequired\":true,\"valueName\":\"search_term_string\"}}],\"inLanguage\":\"pt-BR\"},{\"@type\":\"Person\",\"@id\":\"https:\\\/\\\/folhapopular.info\\\/#\\\/schema\\\/person\\\/2814e8a0df7643585a9ca38bc6eb9d4b\",\"name\":\"Reda\u00e7\u00e3o Folha Popular\",\"image\":{\"@type\":\"ImageObject\",\"inLanguage\":\"pt-BR\",\"@id\":\"https:\\\/\\\/folhapopular.info\\\/wp-content\\\/uploads\\\/2026\\\/04\\\/Folha-1.webp\",\"url\":\"https:\\\/\\\/folhapopular.info\\\/wp-content\\\/uploads\\\/2026\\\/04\\\/Folha-1.webp\",\"contentUrl\":\"https:\\\/\\\/folhapopular.info\\\/wp-content\\\/uploads\\\/2026\\\/04\\\/Folha-1.webp\",\"caption\":\"Reda\u00e7\u00e3o Folha Popular\"},\"url\":\"https:\\\/\\\/folhapopular.info\\\/index.php\\\/author\\\/redacao\\\/\"}]}<\/script>\n<!-- \/ Yoast SEO plugin. -->","yoast_head_json":{"title":"Sebrae realiza capacita\u00e7\u00e3o aos parceiros do Projeto Somos do Vale - Folha Popular","robots":{"index":"index","follow":"follow","max-snippet":"max-snippet:-1","max-image-preview":"max-image-preview:large","max-video-preview":"max-video-preview:-1"},"canonical":"https:\/\/folhapopular.info\/index.php\/2024\/06\/08\/sebrae-realiza-capacitacao-aos-parceiros-do-projeto-somos-do-vale\/","og_locale":"pt_BR","og_type":"article","og_title":"Sebrae realiza capacita\u00e7\u00e3o aos parceiros do Projeto Somos do Vale - Folha Popular","og_description":"Um dos pilares do projeto &#8220;Somos do Vale&#8221; \u00e9 o treinamento dos empreendedores locais para que eles possam dar continuidade aos seus neg\u00f3cios de forma sustent\u00e1vel, com foco no orgulho de pertencimento e na busca de informa\u00e7\u00f5es. Pensando nisso, o Sebrae, um dos parceiros do projeto, promove, de forma online, nos dias 11 e 13 [&hellip;]","og_url":"https:\/\/folhapopular.info\/index.php\/2024\/06\/08\/sebrae-realiza-capacitacao-aos-parceiros-do-projeto-somos-do-vale\/","og_site_name":"Folha Popular","article_published_time":"2024-06-08T22:00:00+00:00","og_image":[{"width":1080,"height":1080,"url":"https:\/\/folhapopular.info\/wp-content\/uploads\/2024\/06\/Somos-do-Vale-Tatiana-Alves.jpg","type":"image\/jpeg"}],"author":"Reda\u00e7\u00e3o Folha Popular","twitter_card":"summary_large_image","twitter_misc":{"Escrito por":"Reda\u00e7\u00e3o Folha Popular","Est. tempo de leitura":"4 minutos"},"schema":{"@context":"https:\/\/schema.org","@graph":[{"@type":"Article","@id":"https:\/\/folhapopular.info\/index.php\/2024\/06\/08\/sebrae-realiza-capacitacao-aos-parceiros-do-projeto-somos-do-vale\/#article","isPartOf":{"@id":"https:\/\/folhapopular.info\/index.php\/2024\/06\/08\/sebrae-realiza-capacitacao-aos-parceiros-do-projeto-somos-do-vale\/"},"author":{"name":"Reda\u00e7\u00e3o Folha Popular","@id":"https:\/\/folhapopular.info\/#\/schema\/person\/2814e8a0df7643585a9ca38bc6eb9d4b"},"headline":"Sebrae realiza capacita\u00e7\u00e3o aos parceiros do Projeto Somos do Vale","datePublished":"2024-06-08T22:00:00+00:00","mainEntityOfPage":{"@id":"https:\/\/folhapopular.info\/index.php\/2024\/06\/08\/sebrae-realiza-capacitacao-aos-parceiros-do-projeto-somos-do-vale\/"},"wordCount":618,"commentCount":0,"image":{"@id":"https:\/\/folhapopular.info\/index.php\/2024\/06\/08\/sebrae-realiza-capacitacao-aos-parceiros-do-projeto-somos-do-vale\/#primaryimage"},"thumbnailUrl":"https:\/\/folhapopular.info\/wp-content\/uploads\/2024\/06\/Somos-do-Vale-Tatiana-Alves.jpg","keywords":["agroind\u00fastria","Sebrae","Somos do Vale","Turismo","Vale do Taquari"],"articleSection":["Destaques","Economia","Rural","Turismo"],"inLanguage":"pt-BR","potentialAction":[{"@type":"CommentAction","name":"Comment","target":["https:\/\/folhapopular.info\/index.php\/2024\/06\/08\/sebrae-realiza-capacitacao-aos-parceiros-do-projeto-somos-do-vale\/#respond"]}]},{"@type":"WebPage","@id":"https:\/\/folhapopular.info\/index.php\/2024\/06\/08\/sebrae-realiza-capacitacao-aos-parceiros-do-projeto-somos-do-vale\/","url":"https:\/\/folhapopular.info\/index.php\/2024\/06\/08\/sebrae-realiza-capacitacao-aos-parceiros-do-projeto-somos-do-vale\/","name":"Sebrae realiza capacita\u00e7\u00e3o aos parceiros do Projeto Somos do Vale - Folha Popular","isPartOf":{"@id":"https:\/\/folhapopular.info\/#website"},"primaryImageOfPage":{"@id":"https:\/\/folhapopular.info\/index.php\/2024\/06\/08\/sebrae-realiza-capacitacao-aos-parceiros-do-projeto-somos-do-vale\/#primaryimage"},"image":{"@id":"https:\/\/folhapopular.info\/index.php\/2024\/06\/08\/sebrae-realiza-capacitacao-aos-parceiros-do-projeto-somos-do-vale\/#primaryimage"},"thumbnailUrl":"https:\/\/folhapopular.info\/wp-content\/uploads\/2024\/06\/Somos-do-Vale-Tatiana-Alves.jpg","datePublished":"2024-06-08T22:00:00+00:00","author":{"@id":"https:\/\/folhapopular.info\/#\/schema\/person\/2814e8a0df7643585a9ca38bc6eb9d4b"},"breadcrumb":{"@id":"https:\/\/folhapopular.info\/index.php\/2024\/06\/08\/sebrae-realiza-capacitacao-aos-parceiros-do-projeto-somos-do-vale\/#breadcrumb"},"inLanguage":"pt-BR","potentialAction":[{"@type":"ReadAction","target":["https:\/\/folhapopular.info\/index.php\/2024\/06\/08\/sebrae-realiza-capacitacao-aos-parceiros-do-projeto-somos-do-vale\/"]}]},{"@type":"ImageObject","inLanguage":"pt-BR","@id":"https:\/\/folhapopular.info\/index.php\/2024\/06\/08\/sebrae-realiza-capacitacao-aos-parceiros-do-projeto-somos-do-vale\/#primaryimage","url":"https:\/\/folhapopular.info\/wp-content\/uploads\/2024\/06\/Somos-do-Vale-Tatiana-Alves.jpg","contentUrl":"https:\/\/folhapopular.info\/wp-content\/uploads\/2024\/06\/Somos-do-Vale-Tatiana-Alves.jpg","width":1080,"height":1080,"caption":"Cr\u00e9dito: Divulga\u00e7\u00e3o\/AI Amturvales"},{"@type":"BreadcrumbList","@id":"https:\/\/folhapopular.info\/index.php\/2024\/06\/08\/sebrae-realiza-capacitacao-aos-parceiros-do-projeto-somos-do-vale\/#breadcrumb","itemListElement":[{"@type":"ListItem","position":1,"name":"In\u00edcio","item":"https:\/\/folhapopular.info\/"},{"@type":"ListItem","position":2,"name":"Sebrae realiza capacita\u00e7\u00e3o aos parceiros do Projeto Somos do Vale"}]},{"@type":"WebSite","@id":"https:\/\/folhapopular.info\/#website","url":"https:\/\/folhapopular.info\/","name":"Folha Popular","description":"Onde voc\u00ea tem vez e voz","potentialAction":[{"@type":"SearchAction","target":{"@type":"EntryPoint","urlTemplate":"https:\/\/folhapopular.info\/?s={search_term_string}"},"query-input":{"@type":"PropertyValueSpecification","valueRequired":true,"valueName":"search_term_string"}}],"inLanguage":"pt-BR"},{"@type":"Person","@id":"https:\/\/folhapopular.info\/#\/schema\/person\/2814e8a0df7643585a9ca38bc6eb9d4b","name":"Reda\u00e7\u00e3o Folha Popular","image":{"@type":"ImageObject","inLanguage":"pt-BR","@id":"https:\/\/folhapopular.info\/wp-content\/uploads\/2026\/04\/Folha-1.webp","url":"https:\/\/folhapopular.info\/wp-content\/uploads\/2026\/04\/Folha-1.webp","contentUrl":"https:\/\/folhapopular.info\/wp-content\/uploads\/2026\/04\/Folha-1.webp","caption":"Reda\u00e7\u00e3o Folha Popular"},"url":"https:\/\/folhapopular.info\/index.php\/author\/redacao\/"}]}},"jetpack_featured_media_url":"https:\/\/folhapopular.info\/wp-content\/uploads\/2024\/06\/Somos-do-Vale-Tatiana-Alves.jpg","jetpack_sharing_enabled":true,"amp_enabled":true,"_links":{"self":[{"href":"https:\/\/folhapopular.info\/index.php\/wp-json\/wp\/v2\/posts\/159587","targetHints":{"allow":["GET"]}}],"collection":[{"href":"https:\/\/folhapopular.info\/index.php\/wp-json\/wp\/v2\/posts"}],"about":[{"href":"https:\/\/folhapopular.info\/index.php\/wp-json\/wp\/v2\/types\/post"}],"author":[{"embeddable":true,"href":"https:\/\/folhapopular.info\/index.php\/wp-json\/wp\/v2\/users\/8"}],"replies":[{"embeddable":true,"href":"https:\/\/folhapopular.info\/index.php\/wp-json\/wp\/v2\/comments?post=159587"}],"version-history":[{"count":0,"href":"https:\/\/folhapopular.info\/index.php\/wp-json\/wp\/v2\/posts\/159587\/revisions"}],"wp:featuredmedia":[{"embeddable":true,"href":"https:\/\/folhapopular.info\/index.php\/wp-json\/wp\/v2\/media\/159588"}],"wp:attachment":[{"href":"https:\/\/folhapopular.info\/index.php\/wp-json\/wp\/v2\/media?parent=159587"}],"wp:term":[{"taxonomy":"category","embeddable":true,"href":"https:\/\/folhapopular.info\/index.php\/wp-json\/wp\/v2\/categories?post=159587"},{"taxonomy":"post_tag","embeddable":true,"href":"https:\/\/folhapopular.info\/index.php\/wp-json\/wp\/v2\/tags?post=159587"}],"curies":[{"name":"wp","href":"https:\/\/api.w.org\/{rel}","templated":true}]}}