{"id":159590,"date":"2024-06-09T16:00:00","date_gmt":"2024-06-09T19:00:00","guid":{"rendered":"https:\/\/folhapopular.info\/?p=159590"},"modified":"2024-06-07T16:24:05","modified_gmt":"2024-06-07T19:24:05","slug":"peca-teatral-fuga-o-submundo-das-drogas-debate-a-prevencao-ao-uso-de-drogas-em-westfalia","status":"publish","type":"post","link":"https:\/\/folhapopular.info\/index.php\/2024\/06\/09\/peca-teatral-fuga-o-submundo-das-drogas-debate-a-prevencao-ao-uso-de-drogas-em-westfalia\/","title":{"rendered":"Pe\u00e7a teatral \u201cFuga: o submundo das drogas\u201d debate a\u00a0 preven\u00e7\u00e3o ao uso de drogas em Westf\u00e1lia"},"content":{"rendered":"\n<p>O Conselho Municipal dos Direitos da Crian\u00e7a e do Adolescente (Comdica) e Conselho Tutelar de Westf\u00e1lia promovem atividades relacionadas \u00e0 preven\u00e7\u00e3o e combate ao uso de drogas. A a\u00e7\u00e3o est\u00e1 programada para segunda-feira (10\/6), \u00e0s&nbsp; 9h30, na Casa da OASE, no munic\u00edpio de Westf\u00e1lia. A programa\u00e7\u00e3o contar\u00e1 com diversas palestras informativas sobre os perigos e as consequ\u00eancias do envolvimento com drogas.&nbsp;<\/p>\n\n\n\n<p>O auge das atividades ser\u00e1 a apresenta\u00e7\u00e3o da pe\u00e7a \u201cFuga: o submundo das drogas\u201d, que ser\u00e1 exibida em dois momentos. Pela manh\u00e3, \u00e0s 9h30, a programa\u00e7\u00e3o \u00e9 voltada aos estudantes dos anos finais da Escola Municipal de Ensino Fundamental (EMEF) Vila Schmidt. J\u00e1 no turno da noite as a\u00e7\u00f5es s\u00e3o voltadas aos alunos do Ensino M\u00e9dio. Em ambos hor\u00e1rios a apresenta\u00e7\u00e3o tamb\u00e9m ser\u00e1 aberta \u00e0 comunidade.<\/p>\n\n\n\n<p>A pe\u00e7a conta com uma abordagem que visa promover a preven\u00e7\u00e3o, representando um importante passo na promo\u00e7\u00e3o da sa\u00fade e do bem-estar de toda a sociedade. A apresenta\u00e7\u00e3o ser\u00e1 um momento de reflex\u00e3o sobre as diferentes facetas do mundo das drogas, explorando os impactos que ele pode causar.<\/p>\n\n\n\n<p>Os recursos para a realiza\u00e7\u00e3o do evento prov\u00eam de doa\u00e7\u00f5es da Declara\u00e7\u00e3o do Imposto de Renda ao Fundo Municipal da Crian\u00e7a e do Adolescente de Westf\u00e1lia (FMCA). Estas doa\u00e7\u00f5es permitem a qualifica\u00e7\u00e3o da rede de atendimento e auxiliam o munic\u00edpio no processo de preven\u00e7\u00e3o e inclus\u00e3o social de crian\u00e7as e adolescentes.<\/p>\n","protected":false},"excerpt":{"rendered":"<p>O Conselho Municipal dos Direitos da Crian\u00e7a e do Adolescente (Comdica) e Conselho Tutelar de Westf\u00e1lia promovem atividades relacionadas \u00e0 preven\u00e7\u00e3o e combate ao uso de drogas. A a\u00e7\u00e3o est\u00e1 programada para segunda-feira (10\/6), \u00e0s&nbsp; 9h30, na Casa da OASE, no munic\u00edpio de Westf\u00e1lia. A programa\u00e7\u00e3o contar\u00e1 com diversas palestras informativas sobre os perigos e [&hellip;]<\/p>\n","protected":false},"author":8,"featured_media":159591,"comment_status":"open","ping_status":"open","sticky":false,"template":"","format":"standard","meta":{"pmpro_default_level":"","_jetpack_memberships_contains_paid_content":false,"footnotes":""},"categories":[2,10988,10999,6],"tags":[344,167,25],"class_list":{"0":"post-159590","1":"post","2":"type-post","3":"status-publish","4":"format-standard","5":"has-post-thumbnail","7":"category-featured","8":"category-educacao","9":"category-entretenimento","10":"category-inclusive","11":"tag-cultura","12":"tag-prevencao","13":"tag-westfalia","14":"pmpro-has-access"},"yoast_head":"<!-- This site is optimized with the Yoast SEO plugin v27.5 - https:\/\/yoast.com\/product\/yoast-seo-wordpress\/ -->\n<title>Pe\u00e7a teatral \u201cFuga: o submundo das drogas\u201d debate a\u00a0 preven\u00e7\u00e3o ao uso de drogas em Westf\u00e1lia - Folha Popular<\/title>\n<meta name=\"robots\" content=\"index, follow, max-snippet:-1, max-image-preview:large, max-video-preview:-1\" \/>\n<link rel=\"canonical\" href=\"https:\/\/folhapopular.info\/index.php\/2024\/06\/09\/peca-teatral-fuga-o-submundo-das-drogas-debate-a-prevencao-ao-uso-de-drogas-em-westfalia\/\" \/>\n<meta property=\"og:locale\" content=\"pt_BR\" \/>\n<meta property=\"og:type\" content=\"article\" \/>\n<meta property=\"og:title\" content=\"Pe\u00e7a teatral \u201cFuga: o submundo das drogas\u201d debate a\u00a0 preven\u00e7\u00e3o ao uso de drogas em Westf\u00e1lia - Folha Popular\" \/>\n<meta property=\"og:description\" content=\"O Conselho Municipal dos Direitos da Crian\u00e7a e do Adolescente (Comdica) e Conselho Tutelar de Westf\u00e1lia promovem atividades relacionadas \u00e0 preven\u00e7\u00e3o e combate ao uso de drogas. A a\u00e7\u00e3o est\u00e1 programada para segunda-feira (10\/6), \u00e0s&nbsp; 9h30, na Casa da OASE, no munic\u00edpio de Westf\u00e1lia. A programa\u00e7\u00e3o contar\u00e1 com diversas palestras informativas sobre os perigos e [&hellip;]\" \/>\n<meta property=\"og:url\" content=\"https:\/\/folhapopular.info\/index.php\/2024\/06\/09\/peca-teatral-fuga-o-submundo-das-drogas-debate-a-prevencao-ao-uso-de-drogas-em-westfalia\/\" \/>\n<meta property=\"og:site_name\" content=\"Folha Popular\" \/>\n<meta property=\"article:published_time\" content=\"2024-06-09T19:00:00+00:00\" \/>\n<meta property=\"og:image\" content=\"https:\/\/folhapopular.info\/wp-content\/uploads\/2024\/06\/Peca-sera-apresentada-no-Municipio-na-segunda-feira-dia-10_Divulgacao.png\" \/>\n\t<meta property=\"og:image:width\" content=\"1059\" \/>\n\t<meta property=\"og:image:height\" content=\"701\" \/>\n\t<meta property=\"og:image:type\" content=\"image\/png\" \/>\n<meta name=\"author\" content=\"Reda\u00e7\u00e3o Folha Popular\" \/>\n<meta name=\"twitter:card\" content=\"summary_large_image\" \/>\n<meta name=\"twitter:label1\" content=\"Escrito por\" \/>\n\t<meta name=\"twitter:data1\" content=\"Reda\u00e7\u00e3o Folha Popular\" \/>\n\t<meta name=\"twitter:label2\" content=\"Est. tempo de leitura\" \/>\n\t<meta name=\"twitter:data2\" content=\"2 minutos\" \/>\n<script type=\"application\/ld+json\" class=\"yoast-schema-graph\">{\"@context\":\"https:\\\/\\\/schema.org\",\"@graph\":[{\"@type\":\"Article\",\"@id\":\"https:\\\/\\\/folhapopular.info\\\/index.php\\\/2024\\\/06\\\/09\\\/peca-teatral-fuga-o-submundo-das-drogas-debate-a-prevencao-ao-uso-de-drogas-em-westfalia\\\/#article\",\"isPartOf\":{\"@id\":\"https:\\\/\\\/folhapopular.info\\\/index.php\\\/2024\\\/06\\\/09\\\/peca-teatral-fuga-o-submundo-das-drogas-debate-a-prevencao-ao-uso-de-drogas-em-westfalia\\\/\"},\"author\":{\"name\":\"Reda\u00e7\u00e3o Folha Popular\",\"@id\":\"https:\\\/\\\/folhapopular.info\\\/#\\\/schema\\\/person\\\/2814e8a0df7643585a9ca38bc6eb9d4b\"},\"headline\":\"Pe\u00e7a teatral \u201cFuga: o submundo das drogas\u201d debate a\u00a0 preven\u00e7\u00e3o ao uso de drogas em Westf\u00e1lia\",\"datePublished\":\"2024-06-09T19:00:00+00:00\",\"mainEntityOfPage\":{\"@id\":\"https:\\\/\\\/folhapopular.info\\\/index.php\\\/2024\\\/06\\\/09\\\/peca-teatral-fuga-o-submundo-das-drogas-debate-a-prevencao-ao-uso-de-drogas-em-westfalia\\\/\"},\"wordCount\":278,\"commentCount\":0,\"image\":{\"@id\":\"https:\\\/\\\/folhapopular.info\\\/index.php\\\/2024\\\/06\\\/09\\\/peca-teatral-fuga-o-submundo-das-drogas-debate-a-prevencao-ao-uso-de-drogas-em-westfalia\\\/#primaryimage\"},\"thumbnailUrl\":\"https:\\\/\\\/folhapopular.info\\\/wp-content\\\/uploads\\\/2024\\\/06\\\/Peca-sera-apresentada-no-Municipio-na-segunda-feira-dia-10_Divulgacao.png\",\"keywords\":[\"Cultura\",\"Preven\u00e7\u00e3o\",\"Westf\u00e1lia\"],\"articleSection\":[\"Destaques\",\"Educa\u00e7\u00e3o\",\"Entretenimento\",\"Inclusive\"],\"inLanguage\":\"pt-BR\",\"potentialAction\":[{\"@type\":\"CommentAction\",\"name\":\"Comment\",\"target\":[\"https:\\\/\\\/folhapopular.info\\\/index.php\\\/2024\\\/06\\\/09\\\/peca-teatral-fuga-o-submundo-das-drogas-debate-a-prevencao-ao-uso-de-drogas-em-westfalia\\\/#respond\"]}]},{\"@type\":\"WebPage\",\"@id\":\"https:\\\/\\\/folhapopular.info\\\/index.php\\\/2024\\\/06\\\/09\\\/peca-teatral-fuga-o-submundo-das-drogas-debate-a-prevencao-ao-uso-de-drogas-em-westfalia\\\/\",\"url\":\"https:\\\/\\\/folhapopular.info\\\/index.php\\\/2024\\\/06\\\/09\\\/peca-teatral-fuga-o-submundo-das-drogas-debate-a-prevencao-ao-uso-de-drogas-em-westfalia\\\/\",\"name\":\"Pe\u00e7a teatral \u201cFuga: o submundo das drogas\u201d debate a\u00a0 preven\u00e7\u00e3o ao uso de drogas em Westf\u00e1lia - Folha Popular\",\"isPartOf\":{\"@id\":\"https:\\\/\\\/folhapopular.info\\\/#website\"},\"primaryImageOfPage\":{\"@id\":\"https:\\\/\\\/folhapopular.info\\\/index.php\\\/2024\\\/06\\\/09\\\/peca-teatral-fuga-o-submundo-das-drogas-debate-a-prevencao-ao-uso-de-drogas-em-westfalia\\\/#primaryimage\"},\"image\":{\"@id\":\"https:\\\/\\\/folhapopular.info\\\/index.php\\\/2024\\\/06\\\/09\\\/peca-teatral-fuga-o-submundo-das-drogas-debate-a-prevencao-ao-uso-de-drogas-em-westfalia\\\/#primaryimage\"},\"thumbnailUrl\":\"https:\\\/\\\/folhapopular.info\\\/wp-content\\\/uploads\\\/2024\\\/06\\\/Peca-sera-apresentada-no-Municipio-na-segunda-feira-dia-10_Divulgacao.png\",\"datePublished\":\"2024-06-09T19:00:00+00:00\",\"author\":{\"@id\":\"https:\\\/\\\/folhapopular.info\\\/#\\\/schema\\\/person\\\/2814e8a0df7643585a9ca38bc6eb9d4b\"},\"breadcrumb\":{\"@id\":\"https:\\\/\\\/folhapopular.info\\\/index.php\\\/2024\\\/06\\\/09\\\/peca-teatral-fuga-o-submundo-das-drogas-debate-a-prevencao-ao-uso-de-drogas-em-westfalia\\\/#breadcrumb\"},\"inLanguage\":\"pt-BR\",\"potentialAction\":[{\"@type\":\"ReadAction\",\"target\":[\"https:\\\/\\\/folhapopular.info\\\/index.php\\\/2024\\\/06\\\/09\\\/peca-teatral-fuga-o-submundo-das-drogas-debate-a-prevencao-ao-uso-de-drogas-em-westfalia\\\/\"]}]},{\"@type\":\"ImageObject\",\"inLanguage\":\"pt-BR\",\"@id\":\"https:\\\/\\\/folhapopular.info\\\/index.php\\\/2024\\\/06\\\/09\\\/peca-teatral-fuga-o-submundo-das-drogas-debate-a-prevencao-ao-uso-de-drogas-em-westfalia\\\/#primaryimage\",\"url\":\"https:\\\/\\\/folhapopular.info\\\/wp-content\\\/uploads\\\/2024\\\/06\\\/Peca-sera-apresentada-no-Municipio-na-segunda-feira-dia-10_Divulgacao.png\",\"contentUrl\":\"https:\\\/\\\/folhapopular.info\\\/wp-content\\\/uploads\\\/2024\\\/06\\\/Peca-sera-apresentada-no-Municipio-na-segunda-feira-dia-10_Divulgacao.png\",\"width\":1059,\"height\":701,\"caption\":\"Cr\u00e9ditos: Divulga\u00e7\u00e3o \\\/ AI Westf\u00e1lia\"},{\"@type\":\"BreadcrumbList\",\"@id\":\"https:\\\/\\\/folhapopular.info\\\/index.php\\\/2024\\\/06\\\/09\\\/peca-teatral-fuga-o-submundo-das-drogas-debate-a-prevencao-ao-uso-de-drogas-em-westfalia\\\/#breadcrumb\",\"itemListElement\":[{\"@type\":\"ListItem\",\"position\":1,\"name\":\"In\u00edcio\",\"item\":\"https:\\\/\\\/folhapopular.info\\\/\"},{\"@type\":\"ListItem\",\"position\":2,\"name\":\"Pe\u00e7a teatral \u201cFuga: o submundo das drogas\u201d debate a\u00a0 preven\u00e7\u00e3o ao uso de drogas em Westf\u00e1lia\"}]},{\"@type\":\"WebSite\",\"@id\":\"https:\\\/\\\/folhapopular.info\\\/#website\",\"url\":\"https:\\\/\\\/folhapopular.info\\\/\",\"name\":\"Folha Popular\",\"description\":\"Onde voc\u00ea tem vez e voz\",\"potentialAction\":[{\"@type\":\"SearchAction\",\"target\":{\"@type\":\"EntryPoint\",\"urlTemplate\":\"https:\\\/\\\/folhapopular.info\\\/?s={search_term_string}\"},\"query-input\":{\"@type\":\"PropertyValueSpecification\",\"valueRequired\":true,\"valueName\":\"search_term_string\"}}],\"inLanguage\":\"pt-BR\"},{\"@type\":\"Person\",\"@id\":\"https:\\\/\\\/folhapopular.info\\\/#\\\/schema\\\/person\\\/2814e8a0df7643585a9ca38bc6eb9d4b\",\"name\":\"Reda\u00e7\u00e3o Folha Popular\",\"image\":{\"@type\":\"ImageObject\",\"inLanguage\":\"pt-BR\",\"@id\":\"https:\\\/\\\/folhapopular.info\\\/wp-content\\\/uploads\\\/2026\\\/04\\\/Folha-1.webp\",\"url\":\"https:\\\/\\\/folhapopular.info\\\/wp-content\\\/uploads\\\/2026\\\/04\\\/Folha-1.webp\",\"contentUrl\":\"https:\\\/\\\/folhapopular.info\\\/wp-content\\\/uploads\\\/2026\\\/04\\\/Folha-1.webp\",\"caption\":\"Reda\u00e7\u00e3o Folha Popular\"},\"url\":\"https:\\\/\\\/folhapopular.info\\\/index.php\\\/author\\\/redacao\\\/\"}]}<\/script>\n<!-- \/ Yoast SEO plugin. -->","yoast_head_json":{"title":"Pe\u00e7a teatral \u201cFuga: o submundo das drogas\u201d debate a\u00a0 preven\u00e7\u00e3o ao uso de drogas em Westf\u00e1lia - Folha Popular","robots":{"index":"index","follow":"follow","max-snippet":"max-snippet:-1","max-image-preview":"max-image-preview:large","max-video-preview":"max-video-preview:-1"},"canonical":"https:\/\/folhapopular.info\/index.php\/2024\/06\/09\/peca-teatral-fuga-o-submundo-das-drogas-debate-a-prevencao-ao-uso-de-drogas-em-westfalia\/","og_locale":"pt_BR","og_type":"article","og_title":"Pe\u00e7a teatral \u201cFuga: o submundo das drogas\u201d debate a\u00a0 preven\u00e7\u00e3o ao uso de drogas em Westf\u00e1lia - Folha Popular","og_description":"O Conselho Municipal dos Direitos da Crian\u00e7a e do Adolescente (Comdica) e Conselho Tutelar de Westf\u00e1lia promovem atividades relacionadas \u00e0 preven\u00e7\u00e3o e combate ao uso de drogas. A a\u00e7\u00e3o est\u00e1 programada para segunda-feira (10\/6), \u00e0s&nbsp; 9h30, na Casa da OASE, no munic\u00edpio de Westf\u00e1lia. A programa\u00e7\u00e3o contar\u00e1 com diversas palestras informativas sobre os perigos e [&hellip;]","og_url":"https:\/\/folhapopular.info\/index.php\/2024\/06\/09\/peca-teatral-fuga-o-submundo-das-drogas-debate-a-prevencao-ao-uso-de-drogas-em-westfalia\/","og_site_name":"Folha Popular","article_published_time":"2024-06-09T19:00:00+00:00","og_image":[{"width":1059,"height":701,"url":"https:\/\/folhapopular.info\/wp-content\/uploads\/2024\/06\/Peca-sera-apresentada-no-Municipio-na-segunda-feira-dia-10_Divulgacao.png","type":"image\/png"}],"author":"Reda\u00e7\u00e3o Folha Popular","twitter_card":"summary_large_image","twitter_misc":{"Escrito por":"Reda\u00e7\u00e3o Folha Popular","Est. tempo de leitura":"2 minutos"},"schema":{"@context":"https:\/\/schema.org","@graph":[{"@type":"Article","@id":"https:\/\/folhapopular.info\/index.php\/2024\/06\/09\/peca-teatral-fuga-o-submundo-das-drogas-debate-a-prevencao-ao-uso-de-drogas-em-westfalia\/#article","isPartOf":{"@id":"https:\/\/folhapopular.info\/index.php\/2024\/06\/09\/peca-teatral-fuga-o-submundo-das-drogas-debate-a-prevencao-ao-uso-de-drogas-em-westfalia\/"},"author":{"name":"Reda\u00e7\u00e3o Folha Popular","@id":"https:\/\/folhapopular.info\/#\/schema\/person\/2814e8a0df7643585a9ca38bc6eb9d4b"},"headline":"Pe\u00e7a teatral \u201cFuga: o submundo das drogas\u201d debate a\u00a0 preven\u00e7\u00e3o ao uso de drogas em Westf\u00e1lia","datePublished":"2024-06-09T19:00:00+00:00","mainEntityOfPage":{"@id":"https:\/\/folhapopular.info\/index.php\/2024\/06\/09\/peca-teatral-fuga-o-submundo-das-drogas-debate-a-prevencao-ao-uso-de-drogas-em-westfalia\/"},"wordCount":278,"commentCount":0,"image":{"@id":"https:\/\/folhapopular.info\/index.php\/2024\/06\/09\/peca-teatral-fuga-o-submundo-das-drogas-debate-a-prevencao-ao-uso-de-drogas-em-westfalia\/#primaryimage"},"thumbnailUrl":"https:\/\/folhapopular.info\/wp-content\/uploads\/2024\/06\/Peca-sera-apresentada-no-Municipio-na-segunda-feira-dia-10_Divulgacao.png","keywords":["Cultura","Preven\u00e7\u00e3o","Westf\u00e1lia"],"articleSection":["Destaques","Educa\u00e7\u00e3o","Entretenimento","Inclusive"],"inLanguage":"pt-BR","potentialAction":[{"@type":"CommentAction","name":"Comment","target":["https:\/\/folhapopular.info\/index.php\/2024\/06\/09\/peca-teatral-fuga-o-submundo-das-drogas-debate-a-prevencao-ao-uso-de-drogas-em-westfalia\/#respond"]}]},{"@type":"WebPage","@id":"https:\/\/folhapopular.info\/index.php\/2024\/06\/09\/peca-teatral-fuga-o-submundo-das-drogas-debate-a-prevencao-ao-uso-de-drogas-em-westfalia\/","url":"https:\/\/folhapopular.info\/index.php\/2024\/06\/09\/peca-teatral-fuga-o-submundo-das-drogas-debate-a-prevencao-ao-uso-de-drogas-em-westfalia\/","name":"Pe\u00e7a teatral \u201cFuga: o submundo das drogas\u201d debate a\u00a0 preven\u00e7\u00e3o ao uso de drogas em Westf\u00e1lia - Folha Popular","isPartOf":{"@id":"https:\/\/folhapopular.info\/#website"},"primaryImageOfPage":{"@id":"https:\/\/folhapopular.info\/index.php\/2024\/06\/09\/peca-teatral-fuga-o-submundo-das-drogas-debate-a-prevencao-ao-uso-de-drogas-em-westfalia\/#primaryimage"},"image":{"@id":"https:\/\/folhapopular.info\/index.php\/2024\/06\/09\/peca-teatral-fuga-o-submundo-das-drogas-debate-a-prevencao-ao-uso-de-drogas-em-westfalia\/#primaryimage"},"thumbnailUrl":"https:\/\/folhapopular.info\/wp-content\/uploads\/2024\/06\/Peca-sera-apresentada-no-Municipio-na-segunda-feira-dia-10_Divulgacao.png","datePublished":"2024-06-09T19:00:00+00:00","author":{"@id":"https:\/\/folhapopular.info\/#\/schema\/person\/2814e8a0df7643585a9ca38bc6eb9d4b"},"breadcrumb":{"@id":"https:\/\/folhapopular.info\/index.php\/2024\/06\/09\/peca-teatral-fuga-o-submundo-das-drogas-debate-a-prevencao-ao-uso-de-drogas-em-westfalia\/#breadcrumb"},"inLanguage":"pt-BR","potentialAction":[{"@type":"ReadAction","target":["https:\/\/folhapopular.info\/index.php\/2024\/06\/09\/peca-teatral-fuga-o-submundo-das-drogas-debate-a-prevencao-ao-uso-de-drogas-em-westfalia\/"]}]},{"@type":"ImageObject","inLanguage":"pt-BR","@id":"https:\/\/folhapopular.info\/index.php\/2024\/06\/09\/peca-teatral-fuga-o-submundo-das-drogas-debate-a-prevencao-ao-uso-de-drogas-em-westfalia\/#primaryimage","url":"https:\/\/folhapopular.info\/wp-content\/uploads\/2024\/06\/Peca-sera-apresentada-no-Municipio-na-segunda-feira-dia-10_Divulgacao.png","contentUrl":"https:\/\/folhapopular.info\/wp-content\/uploads\/2024\/06\/Peca-sera-apresentada-no-Municipio-na-segunda-feira-dia-10_Divulgacao.png","width":1059,"height":701,"caption":"Cr\u00e9ditos: Divulga\u00e7\u00e3o \/ AI Westf\u00e1lia"},{"@type":"BreadcrumbList","@id":"https:\/\/folhapopular.info\/index.php\/2024\/06\/09\/peca-teatral-fuga-o-submundo-das-drogas-debate-a-prevencao-ao-uso-de-drogas-em-westfalia\/#breadcrumb","itemListElement":[{"@type":"ListItem","position":1,"name":"In\u00edcio","item":"https:\/\/folhapopular.info\/"},{"@type":"ListItem","position":2,"name":"Pe\u00e7a teatral \u201cFuga: o submundo das drogas\u201d debate a\u00a0 preven\u00e7\u00e3o ao uso de drogas em Westf\u00e1lia"}]},{"@type":"WebSite","@id":"https:\/\/folhapopular.info\/#website","url":"https:\/\/folhapopular.info\/","name":"Folha Popular","description":"Onde voc\u00ea tem vez e voz","potentialAction":[{"@type":"SearchAction","target":{"@type":"EntryPoint","urlTemplate":"https:\/\/folhapopular.info\/?s={search_term_string}"},"query-input":{"@type":"PropertyValueSpecification","valueRequired":true,"valueName":"search_term_string"}}],"inLanguage":"pt-BR"},{"@type":"Person","@id":"https:\/\/folhapopular.info\/#\/schema\/person\/2814e8a0df7643585a9ca38bc6eb9d4b","name":"Reda\u00e7\u00e3o Folha Popular","image":{"@type":"ImageObject","inLanguage":"pt-BR","@id":"https:\/\/folhapopular.info\/wp-content\/uploads\/2026\/04\/Folha-1.webp","url":"https:\/\/folhapopular.info\/wp-content\/uploads\/2026\/04\/Folha-1.webp","contentUrl":"https:\/\/folhapopular.info\/wp-content\/uploads\/2026\/04\/Folha-1.webp","caption":"Reda\u00e7\u00e3o Folha Popular"},"url":"https:\/\/folhapopular.info\/index.php\/author\/redacao\/"}]}},"jetpack_featured_media_url":"https:\/\/folhapopular.info\/wp-content\/uploads\/2024\/06\/Peca-sera-apresentada-no-Municipio-na-segunda-feira-dia-10_Divulgacao.png","jetpack_sharing_enabled":true,"amp_enabled":true,"_links":{"self":[{"href":"https:\/\/folhapopular.info\/index.php\/wp-json\/wp\/v2\/posts\/159590","targetHints":{"allow":["GET"]}}],"collection":[{"href":"https:\/\/folhapopular.info\/index.php\/wp-json\/wp\/v2\/posts"}],"about":[{"href":"https:\/\/folhapopular.info\/index.php\/wp-json\/wp\/v2\/types\/post"}],"author":[{"embeddable":true,"href":"https:\/\/folhapopular.info\/index.php\/wp-json\/wp\/v2\/users\/8"}],"replies":[{"embeddable":true,"href":"https:\/\/folhapopular.info\/index.php\/wp-json\/wp\/v2\/comments?post=159590"}],"version-history":[{"count":0,"href":"https:\/\/folhapopular.info\/index.php\/wp-json\/wp\/v2\/posts\/159590\/revisions"}],"wp:featuredmedia":[{"embeddable":true,"href":"https:\/\/folhapopular.info\/index.php\/wp-json\/wp\/v2\/media\/159591"}],"wp:attachment":[{"href":"https:\/\/folhapopular.info\/index.php\/wp-json\/wp\/v2\/media?parent=159590"}],"wp:term":[{"taxonomy":"category","embeddable":true,"href":"https:\/\/folhapopular.info\/index.php\/wp-json\/wp\/v2\/categories?post=159590"},{"taxonomy":"post_tag","embeddable":true,"href":"https:\/\/folhapopular.info\/index.php\/wp-json\/wp\/v2\/tags?post=159590"}],"curies":[{"name":"wp","href":"https:\/\/api.w.org\/{rel}","templated":true}]}}