{"id":159910,"date":"2024-06-12T10:52:15","date_gmt":"2024-06-12T13:52:15","guid":{"rendered":"https:\/\/folhapopular.info\/?p=159910"},"modified":"2024-06-12T10:52:18","modified_gmt":"2024-06-12T13:52:18","slug":"alunos-de-imigrante-realizam-entrega-de-mudas-em-acao-alusiva-a-semana-do-meio-ambiente","status":"publish","type":"post","link":"https:\/\/folhapopular.info\/index.php\/2024\/06\/12\/alunos-de-imigrante-realizam-entrega-de-mudas-em-acao-alusiva-a-semana-do-meio-ambiente\/","title":{"rendered":"Alunos de Imigrante realizam entrega de mudas em a\u00e7\u00e3o alusiva a Semana do Meio Ambiente"},"content":{"rendered":"\n<p>A Secretaria da Agricultura, Meio Ambiente e Desenvolvimento Econ\u00f4mico e os alunos das escolas realizaram uma a\u00e7\u00e3o com entrega de mudas na avenida Ito Jo\u00e3o Snel, na sexta-feira (7\/6). A a\u00e7\u00e3o foi em alus\u00e3o \u00e0 Semana do Meio Ambiente (3\/6 a 7\/6) e ao Mundial do Meio Ambiente, comemorado no dia 5 de junho. O tema deste ano foi \u201cAcelerar a restaura\u00e7\u00e3o da terra, a resili\u00eancia \u00e0 seca e o progresso de desertifica\u00e7\u00e3o\u201d.<\/p>\n\n\n\n<p>A atividade envolveu os servidores da Secretaria da Agricultura, alunos e professores. \u201cForam realizadas duas etapas de distribui\u00e7\u00e3o de mudas para motoristas e pedestres. Al\u00e9m das mudas, foram entregues folders com pequenas a\u00e7\u00f5es que podemos realizar para a preserva\u00e7\u00e3o do meio ambiente\u201d, disse o secret\u00e1rio da Agricultura, Gilnei Dahmer.<\/p>\n\n\n\n<p>Uma das professoras envolvidas foi Tailita Tirp, que cobrou dos alunos algumas informa\u00e7\u00f5es repassadas em aula durante a Semana do Meio Ambiente. Os alunos responderam pequenas quest\u00f5es quanto \u00e0 preserva\u00e7\u00e3o do meio ambiente, muitas vezes questionadas pelos motoristas.<\/p>\n\n\n\n<p>Um dos motoristas abordados foi Ernani Birkheuer, propriet\u00e1rio da empresa de reciclagem Ciclo S. Ernani, fez quest\u00e3o de tirar uma fotografia com um dos alunos que lhe entregou uma das mudas. \u201cQue linda a\u00e7\u00e3o, que conscientiza\u00e7\u00e3o que nossos alunos est\u00e3o realizando. S\u00e3o pequenas atitudes como estas que provocam reflex\u00e3o sobre como estamos tratando o nosso planeta. Se cada um fizer a sua parte, deixaremos um planeta muito melhor para nossos filhos e netos\u201d, destacou Ernani<\/p>\n\n\n\n<p>Segundo a fiscal ambiental, \u00c9dina Thom\u00e9, os alunos do 5\u00ba ano da Emef Santo Ant\u00f4nio e da Emef Arco-\u00cdris distribu\u00edram no total 200 mudas, dentre elas ornamentais e de \u00e1rvores nativas doadas pelo Viveiro de Mudas Certel. Dentre as plantas nativas, foram entregues mudas de Ara\u00e7\u00e1, Pitangueira, Ing\u00e1-Macaco, Chal-Chal, Goiaba, Serrana e Guamirim.<\/p>\n","protected":false},"excerpt":{"rendered":"<p>A Secretaria da Agricultura, Meio Ambiente e Desenvolvimento Econ\u00f4mico e os alunos das escolas realizaram uma a\u00e7\u00e3o com entrega de mudas na avenida Ito Jo\u00e3o Snel, na sexta-feira (7\/6). A a\u00e7\u00e3o foi em alus\u00e3o \u00e0 Semana do Meio Ambiente (3\/6 a 7\/6) e ao Mundial do Meio Ambiente, comemorado no dia 5 de junho. O [&hellip;]<\/p>\n","protected":false},"author":8,"featured_media":159911,"comment_status":"open","ping_status":"open","sticky":false,"template":"","format":"standard","meta":{"pmpro_default_level":"","_jetpack_memberships_contains_paid_content":false,"footnotes":""},"categories":[3,11025],"tags":[15224,34,2870],"class_list":{"0":"post-159910","1":"post","2":"type-post","3":"status-publish","4":"format-standard","5":"has-post-thumbnail","7":"category-geral","8":"category-meio-ambiente","9":"tag-acao-inclusiva","10":"tag-imigrante","11":"tag-semana-do-meio-ambiente","12":"pmpro-has-access"},"yoast_head":"<!-- This site is optimized with the Yoast SEO plugin v27.5 - https:\/\/yoast.com\/product\/yoast-seo-wordpress\/ -->\n<title>Alunos de Imigrante realizam entrega de mudas em a\u00e7\u00e3o alusiva a Semana do Meio Ambiente - Folha Popular<\/title>\n<meta name=\"robots\" content=\"index, follow, max-snippet:-1, max-image-preview:large, max-video-preview:-1\" \/>\n<link rel=\"canonical\" href=\"https:\/\/folhapopular.info\/index.php\/2024\/06\/12\/alunos-de-imigrante-realizam-entrega-de-mudas-em-acao-alusiva-a-semana-do-meio-ambiente\/\" \/>\n<meta property=\"og:locale\" content=\"pt_BR\" \/>\n<meta property=\"og:type\" content=\"article\" \/>\n<meta property=\"og:title\" content=\"Alunos de Imigrante realizam entrega de mudas em a\u00e7\u00e3o alusiva a Semana do Meio Ambiente - Folha Popular\" \/>\n<meta property=\"og:description\" content=\"A Secretaria da Agricultura, Meio Ambiente e Desenvolvimento Econ\u00f4mico e os alunos das escolas realizaram uma a\u00e7\u00e3o com entrega de mudas na avenida Ito Jo\u00e3o Snel, na sexta-feira (7\/6). A a\u00e7\u00e3o foi em alus\u00e3o \u00e0 Semana do Meio Ambiente (3\/6 a 7\/6) e ao Mundial do Meio Ambiente, comemorado no dia 5 de junho. O [&hellip;]\" \/>\n<meta property=\"og:url\" content=\"https:\/\/folhapopular.info\/index.php\/2024\/06\/12\/alunos-de-imigrante-realizam-entrega-de-mudas-em-acao-alusiva-a-semana-do-meio-ambiente\/\" \/>\n<meta property=\"og:site_name\" content=\"Folha Popular\" \/>\n<meta property=\"article:published_time\" content=\"2024-06-12T13:52:15+00:00\" \/>\n<meta property=\"article:modified_time\" content=\"2024-06-12T13:52:18+00:00\" \/>\n<meta property=\"og:image\" content=\"http:\/\/folhapopular.info\/wp-content\/uploads\/2024\/06\/imigrANTE.png\" \/>\n\t<meta property=\"og:image:width\" content=\"525\" \/>\n\t<meta property=\"og:image:height\" content=\"370\" \/>\n\t<meta property=\"og:image:type\" content=\"image\/png\" \/>\n<meta name=\"author\" content=\"Reda\u00e7\u00e3o Folha Popular\" \/>\n<meta name=\"twitter:card\" content=\"summary_large_image\" \/>\n<meta name=\"twitter:label1\" content=\"Escrito por\" \/>\n\t<meta name=\"twitter:data1\" content=\"Reda\u00e7\u00e3o Folha Popular\" \/>\n\t<meta name=\"twitter:label2\" content=\"Est. tempo de leitura\" \/>\n\t<meta name=\"twitter:data2\" content=\"2 minutos\" \/>\n<script type=\"application\/ld+json\" class=\"yoast-schema-graph\">{\"@context\":\"https:\\\/\\\/schema.org\",\"@graph\":[{\"@type\":\"Article\",\"@id\":\"https:\\\/\\\/folhapopular.info\\\/index.php\\\/2024\\\/06\\\/12\\\/alunos-de-imigrante-realizam-entrega-de-mudas-em-acao-alusiva-a-semana-do-meio-ambiente\\\/#article\",\"isPartOf\":{\"@id\":\"https:\\\/\\\/folhapopular.info\\\/index.php\\\/2024\\\/06\\\/12\\\/alunos-de-imigrante-realizam-entrega-de-mudas-em-acao-alusiva-a-semana-do-meio-ambiente\\\/\"},\"author\":{\"name\":\"Reda\u00e7\u00e3o Folha Popular\",\"@id\":\"https:\\\/\\\/folhapopular.info\\\/#\\\/schema\\\/person\\\/2814e8a0df7643585a9ca38bc6eb9d4b\"},\"headline\":\"Alunos de Imigrante realizam entrega de mudas em a\u00e7\u00e3o alusiva a Semana do Meio Ambiente\",\"datePublished\":\"2024-06-12T13:52:15+00:00\",\"dateModified\":\"2024-06-12T13:52:18+00:00\",\"mainEntityOfPage\":{\"@id\":\"https:\\\/\\\/folhapopular.info\\\/index.php\\\/2024\\\/06\\\/12\\\/alunos-de-imigrante-realizam-entrega-de-mudas-em-acao-alusiva-a-semana-do-meio-ambiente\\\/\"},\"wordCount\":322,\"commentCount\":0,\"image\":{\"@id\":\"https:\\\/\\\/folhapopular.info\\\/index.php\\\/2024\\\/06\\\/12\\\/alunos-de-imigrante-realizam-entrega-de-mudas-em-acao-alusiva-a-semana-do-meio-ambiente\\\/#primaryimage\"},\"thumbnailUrl\":\"https:\\\/\\\/folhapopular.info\\\/wp-content\\\/uploads\\\/2024\\\/06\\\/imigrANTE.png\",\"keywords\":[\"A\u00e7\u00e3o inclusiva\",\"Imigrante\",\"Semana do Meio Ambiente\"],\"articleSection\":[\"Geral\",\"Meio Ambiente\"],\"inLanguage\":\"pt-BR\",\"potentialAction\":[{\"@type\":\"CommentAction\",\"name\":\"Comment\",\"target\":[\"https:\\\/\\\/folhapopular.info\\\/index.php\\\/2024\\\/06\\\/12\\\/alunos-de-imigrante-realizam-entrega-de-mudas-em-acao-alusiva-a-semana-do-meio-ambiente\\\/#respond\"]}]},{\"@type\":\"WebPage\",\"@id\":\"https:\\\/\\\/folhapopular.info\\\/index.php\\\/2024\\\/06\\\/12\\\/alunos-de-imigrante-realizam-entrega-de-mudas-em-acao-alusiva-a-semana-do-meio-ambiente\\\/\",\"url\":\"https:\\\/\\\/folhapopular.info\\\/index.php\\\/2024\\\/06\\\/12\\\/alunos-de-imigrante-realizam-entrega-de-mudas-em-acao-alusiva-a-semana-do-meio-ambiente\\\/\",\"name\":\"Alunos de Imigrante realizam entrega de mudas em a\u00e7\u00e3o alusiva a Semana do Meio Ambiente - Folha Popular\",\"isPartOf\":{\"@id\":\"https:\\\/\\\/folhapopular.info\\\/#website\"},\"primaryImageOfPage\":{\"@id\":\"https:\\\/\\\/folhapopular.info\\\/index.php\\\/2024\\\/06\\\/12\\\/alunos-de-imigrante-realizam-entrega-de-mudas-em-acao-alusiva-a-semana-do-meio-ambiente\\\/#primaryimage\"},\"image\":{\"@id\":\"https:\\\/\\\/folhapopular.info\\\/index.php\\\/2024\\\/06\\\/12\\\/alunos-de-imigrante-realizam-entrega-de-mudas-em-acao-alusiva-a-semana-do-meio-ambiente\\\/#primaryimage\"},\"thumbnailUrl\":\"https:\\\/\\\/folhapopular.info\\\/wp-content\\\/uploads\\\/2024\\\/06\\\/imigrANTE.png\",\"datePublished\":\"2024-06-12T13:52:15+00:00\",\"dateModified\":\"2024-06-12T13:52:18+00:00\",\"author\":{\"@id\":\"https:\\\/\\\/folhapopular.info\\\/#\\\/schema\\\/person\\\/2814e8a0df7643585a9ca38bc6eb9d4b\"},\"breadcrumb\":{\"@id\":\"https:\\\/\\\/folhapopular.info\\\/index.php\\\/2024\\\/06\\\/12\\\/alunos-de-imigrante-realizam-entrega-de-mudas-em-acao-alusiva-a-semana-do-meio-ambiente\\\/#breadcrumb\"},\"inLanguage\":\"pt-BR\",\"potentialAction\":[{\"@type\":\"ReadAction\",\"target\":[\"https:\\\/\\\/folhapopular.info\\\/index.php\\\/2024\\\/06\\\/12\\\/alunos-de-imigrante-realizam-entrega-de-mudas-em-acao-alusiva-a-semana-do-meio-ambiente\\\/\"]}]},{\"@type\":\"ImageObject\",\"inLanguage\":\"pt-BR\",\"@id\":\"https:\\\/\\\/folhapopular.info\\\/index.php\\\/2024\\\/06\\\/12\\\/alunos-de-imigrante-realizam-entrega-de-mudas-em-acao-alusiva-a-semana-do-meio-ambiente\\\/#primaryimage\",\"url\":\"https:\\\/\\\/folhapopular.info\\\/wp-content\\\/uploads\\\/2024\\\/06\\\/imigrANTE.png\",\"contentUrl\":\"https:\\\/\\\/folhapopular.info\\\/wp-content\\\/uploads\\\/2024\\\/06\\\/imigrANTE.png\",\"width\":525,\"height\":370,\"caption\":\"Cr\u00e9dito: Cris Thom\u00e9\\\/AI Imigrante\"},{\"@type\":\"BreadcrumbList\",\"@id\":\"https:\\\/\\\/folhapopular.info\\\/index.php\\\/2024\\\/06\\\/12\\\/alunos-de-imigrante-realizam-entrega-de-mudas-em-acao-alusiva-a-semana-do-meio-ambiente\\\/#breadcrumb\",\"itemListElement\":[{\"@type\":\"ListItem\",\"position\":1,\"name\":\"In\u00edcio\",\"item\":\"https:\\\/\\\/folhapopular.info\\\/\"},{\"@type\":\"ListItem\",\"position\":2,\"name\":\"Alunos de Imigrante realizam entrega de mudas em a\u00e7\u00e3o alusiva a Semana do Meio Ambiente\"}]},{\"@type\":\"WebSite\",\"@id\":\"https:\\\/\\\/folhapopular.info\\\/#website\",\"url\":\"https:\\\/\\\/folhapopular.info\\\/\",\"name\":\"Folha Popular\",\"description\":\"Onde voc\u00ea tem vez e voz\",\"potentialAction\":[{\"@type\":\"SearchAction\",\"target\":{\"@type\":\"EntryPoint\",\"urlTemplate\":\"https:\\\/\\\/folhapopular.info\\\/?s={search_term_string}\"},\"query-input\":{\"@type\":\"PropertyValueSpecification\",\"valueRequired\":true,\"valueName\":\"search_term_string\"}}],\"inLanguage\":\"pt-BR\"},{\"@type\":\"Person\",\"@id\":\"https:\\\/\\\/folhapopular.info\\\/#\\\/schema\\\/person\\\/2814e8a0df7643585a9ca38bc6eb9d4b\",\"name\":\"Reda\u00e7\u00e3o Folha Popular\",\"image\":{\"@type\":\"ImageObject\",\"inLanguage\":\"pt-BR\",\"@id\":\"https:\\\/\\\/folhapopular.info\\\/wp-content\\\/uploads\\\/2026\\\/04\\\/Folha-1.webp\",\"url\":\"https:\\\/\\\/folhapopular.info\\\/wp-content\\\/uploads\\\/2026\\\/04\\\/Folha-1.webp\",\"contentUrl\":\"https:\\\/\\\/folhapopular.info\\\/wp-content\\\/uploads\\\/2026\\\/04\\\/Folha-1.webp\",\"caption\":\"Reda\u00e7\u00e3o Folha Popular\"},\"url\":\"https:\\\/\\\/folhapopular.info\\\/index.php\\\/author\\\/redacao\\\/\"}]}<\/script>\n<!-- \/ Yoast SEO plugin. -->","yoast_head_json":{"title":"Alunos de Imigrante realizam entrega de mudas em a\u00e7\u00e3o alusiva a Semana do Meio Ambiente - Folha Popular","robots":{"index":"index","follow":"follow","max-snippet":"max-snippet:-1","max-image-preview":"max-image-preview:large","max-video-preview":"max-video-preview:-1"},"canonical":"https:\/\/folhapopular.info\/index.php\/2024\/06\/12\/alunos-de-imigrante-realizam-entrega-de-mudas-em-acao-alusiva-a-semana-do-meio-ambiente\/","og_locale":"pt_BR","og_type":"article","og_title":"Alunos de Imigrante realizam entrega de mudas em a\u00e7\u00e3o alusiva a Semana do Meio Ambiente - Folha Popular","og_description":"A Secretaria da Agricultura, Meio Ambiente e Desenvolvimento Econ\u00f4mico e os alunos das escolas realizaram uma a\u00e7\u00e3o com entrega de mudas na avenida Ito Jo\u00e3o Snel, na sexta-feira (7\/6). A a\u00e7\u00e3o foi em alus\u00e3o \u00e0 Semana do Meio Ambiente (3\/6 a 7\/6) e ao Mundial do Meio Ambiente, comemorado no dia 5 de junho. O [&hellip;]","og_url":"https:\/\/folhapopular.info\/index.php\/2024\/06\/12\/alunos-de-imigrante-realizam-entrega-de-mudas-em-acao-alusiva-a-semana-do-meio-ambiente\/","og_site_name":"Folha Popular","article_published_time":"2024-06-12T13:52:15+00:00","article_modified_time":"2024-06-12T13:52:18+00:00","og_image":[{"width":525,"height":370,"url":"http:\/\/folhapopular.info\/wp-content\/uploads\/2024\/06\/imigrANTE.png","type":"image\/png"}],"author":"Reda\u00e7\u00e3o Folha Popular","twitter_card":"summary_large_image","twitter_misc":{"Escrito por":"Reda\u00e7\u00e3o Folha Popular","Est. tempo de leitura":"2 minutos"},"schema":{"@context":"https:\/\/schema.org","@graph":[{"@type":"Article","@id":"https:\/\/folhapopular.info\/index.php\/2024\/06\/12\/alunos-de-imigrante-realizam-entrega-de-mudas-em-acao-alusiva-a-semana-do-meio-ambiente\/#article","isPartOf":{"@id":"https:\/\/folhapopular.info\/index.php\/2024\/06\/12\/alunos-de-imigrante-realizam-entrega-de-mudas-em-acao-alusiva-a-semana-do-meio-ambiente\/"},"author":{"name":"Reda\u00e7\u00e3o Folha Popular","@id":"https:\/\/folhapopular.info\/#\/schema\/person\/2814e8a0df7643585a9ca38bc6eb9d4b"},"headline":"Alunos de Imigrante realizam entrega de mudas em a\u00e7\u00e3o alusiva a Semana do Meio Ambiente","datePublished":"2024-06-12T13:52:15+00:00","dateModified":"2024-06-12T13:52:18+00:00","mainEntityOfPage":{"@id":"https:\/\/folhapopular.info\/index.php\/2024\/06\/12\/alunos-de-imigrante-realizam-entrega-de-mudas-em-acao-alusiva-a-semana-do-meio-ambiente\/"},"wordCount":322,"commentCount":0,"image":{"@id":"https:\/\/folhapopular.info\/index.php\/2024\/06\/12\/alunos-de-imigrante-realizam-entrega-de-mudas-em-acao-alusiva-a-semana-do-meio-ambiente\/#primaryimage"},"thumbnailUrl":"https:\/\/folhapopular.info\/wp-content\/uploads\/2024\/06\/imigrANTE.png","keywords":["A\u00e7\u00e3o inclusiva","Imigrante","Semana do Meio Ambiente"],"articleSection":["Geral","Meio Ambiente"],"inLanguage":"pt-BR","potentialAction":[{"@type":"CommentAction","name":"Comment","target":["https:\/\/folhapopular.info\/index.php\/2024\/06\/12\/alunos-de-imigrante-realizam-entrega-de-mudas-em-acao-alusiva-a-semana-do-meio-ambiente\/#respond"]}]},{"@type":"WebPage","@id":"https:\/\/folhapopular.info\/index.php\/2024\/06\/12\/alunos-de-imigrante-realizam-entrega-de-mudas-em-acao-alusiva-a-semana-do-meio-ambiente\/","url":"https:\/\/folhapopular.info\/index.php\/2024\/06\/12\/alunos-de-imigrante-realizam-entrega-de-mudas-em-acao-alusiva-a-semana-do-meio-ambiente\/","name":"Alunos de Imigrante realizam entrega de mudas em a\u00e7\u00e3o alusiva a Semana do Meio Ambiente - Folha Popular","isPartOf":{"@id":"https:\/\/folhapopular.info\/#website"},"primaryImageOfPage":{"@id":"https:\/\/folhapopular.info\/index.php\/2024\/06\/12\/alunos-de-imigrante-realizam-entrega-de-mudas-em-acao-alusiva-a-semana-do-meio-ambiente\/#primaryimage"},"image":{"@id":"https:\/\/folhapopular.info\/index.php\/2024\/06\/12\/alunos-de-imigrante-realizam-entrega-de-mudas-em-acao-alusiva-a-semana-do-meio-ambiente\/#primaryimage"},"thumbnailUrl":"https:\/\/folhapopular.info\/wp-content\/uploads\/2024\/06\/imigrANTE.png","datePublished":"2024-06-12T13:52:15+00:00","dateModified":"2024-06-12T13:52:18+00:00","author":{"@id":"https:\/\/folhapopular.info\/#\/schema\/person\/2814e8a0df7643585a9ca38bc6eb9d4b"},"breadcrumb":{"@id":"https:\/\/folhapopular.info\/index.php\/2024\/06\/12\/alunos-de-imigrante-realizam-entrega-de-mudas-em-acao-alusiva-a-semana-do-meio-ambiente\/#breadcrumb"},"inLanguage":"pt-BR","potentialAction":[{"@type":"ReadAction","target":["https:\/\/folhapopular.info\/index.php\/2024\/06\/12\/alunos-de-imigrante-realizam-entrega-de-mudas-em-acao-alusiva-a-semana-do-meio-ambiente\/"]}]},{"@type":"ImageObject","inLanguage":"pt-BR","@id":"https:\/\/folhapopular.info\/index.php\/2024\/06\/12\/alunos-de-imigrante-realizam-entrega-de-mudas-em-acao-alusiva-a-semana-do-meio-ambiente\/#primaryimage","url":"https:\/\/folhapopular.info\/wp-content\/uploads\/2024\/06\/imigrANTE.png","contentUrl":"https:\/\/folhapopular.info\/wp-content\/uploads\/2024\/06\/imigrANTE.png","width":525,"height":370,"caption":"Cr\u00e9dito: Cris Thom\u00e9\/AI Imigrante"},{"@type":"BreadcrumbList","@id":"https:\/\/folhapopular.info\/index.php\/2024\/06\/12\/alunos-de-imigrante-realizam-entrega-de-mudas-em-acao-alusiva-a-semana-do-meio-ambiente\/#breadcrumb","itemListElement":[{"@type":"ListItem","position":1,"name":"In\u00edcio","item":"https:\/\/folhapopular.info\/"},{"@type":"ListItem","position":2,"name":"Alunos de Imigrante realizam entrega de mudas em a\u00e7\u00e3o alusiva a Semana do Meio Ambiente"}]},{"@type":"WebSite","@id":"https:\/\/folhapopular.info\/#website","url":"https:\/\/folhapopular.info\/","name":"Folha Popular","description":"Onde voc\u00ea tem vez e voz","potentialAction":[{"@type":"SearchAction","target":{"@type":"EntryPoint","urlTemplate":"https:\/\/folhapopular.info\/?s={search_term_string}"},"query-input":{"@type":"PropertyValueSpecification","valueRequired":true,"valueName":"search_term_string"}}],"inLanguage":"pt-BR"},{"@type":"Person","@id":"https:\/\/folhapopular.info\/#\/schema\/person\/2814e8a0df7643585a9ca38bc6eb9d4b","name":"Reda\u00e7\u00e3o Folha Popular","image":{"@type":"ImageObject","inLanguage":"pt-BR","@id":"https:\/\/folhapopular.info\/wp-content\/uploads\/2026\/04\/Folha-1.webp","url":"https:\/\/folhapopular.info\/wp-content\/uploads\/2026\/04\/Folha-1.webp","contentUrl":"https:\/\/folhapopular.info\/wp-content\/uploads\/2026\/04\/Folha-1.webp","caption":"Reda\u00e7\u00e3o Folha Popular"},"url":"https:\/\/folhapopular.info\/index.php\/author\/redacao\/"}]}},"jetpack_featured_media_url":"https:\/\/folhapopular.info\/wp-content\/uploads\/2024\/06\/imigrANTE.png","jetpack_sharing_enabled":true,"amp_enabled":true,"_links":{"self":[{"href":"https:\/\/folhapopular.info\/index.php\/wp-json\/wp\/v2\/posts\/159910","targetHints":{"allow":["GET"]}}],"collection":[{"href":"https:\/\/folhapopular.info\/index.php\/wp-json\/wp\/v2\/posts"}],"about":[{"href":"https:\/\/folhapopular.info\/index.php\/wp-json\/wp\/v2\/types\/post"}],"author":[{"embeddable":true,"href":"https:\/\/folhapopular.info\/index.php\/wp-json\/wp\/v2\/users\/8"}],"replies":[{"embeddable":true,"href":"https:\/\/folhapopular.info\/index.php\/wp-json\/wp\/v2\/comments?post=159910"}],"version-history":[{"count":0,"href":"https:\/\/folhapopular.info\/index.php\/wp-json\/wp\/v2\/posts\/159910\/revisions"}],"wp:featuredmedia":[{"embeddable":true,"href":"https:\/\/folhapopular.info\/index.php\/wp-json\/wp\/v2\/media\/159911"}],"wp:attachment":[{"href":"https:\/\/folhapopular.info\/index.php\/wp-json\/wp\/v2\/media?parent=159910"}],"wp:term":[{"taxonomy":"category","embeddable":true,"href":"https:\/\/folhapopular.info\/index.php\/wp-json\/wp\/v2\/categories?post=159910"},{"taxonomy":"post_tag","embeddable":true,"href":"https:\/\/folhapopular.info\/index.php\/wp-json\/wp\/v2\/tags?post=159910"}],"curies":[{"name":"wp","href":"https:\/\/api.w.org\/{rel}","templated":true}]}}