{"id":159944,"date":"2024-06-12T17:20:10","date_gmt":"2024-06-12T20:20:10","guid":{"rendered":"https:\/\/folhapopular.info\/?p=159944"},"modified":"2024-06-12T17:20:16","modified_gmt":"2024-06-12T20:20:16","slug":"jovem-e-preso-por-trafico-de-drogas-em-estrela-3","status":"publish","type":"post","link":"https:\/\/folhapopular.info\/index.php\/2024\/06\/12\/jovem-e-preso-por-trafico-de-drogas-em-estrela-3\/","title":{"rendered":"Jovem \u00e9 preso por tr\u00e1fico de drogas em Estrela"},"content":{"rendered":"\n<p>Na noite desta ter\u00e7a-feira (11\/6), a Brigada Militar realizou a pris\u00e3o de um jovem por tr\u00e1fico de drogas no Bairro dos Estados, em Estrela. <\/p>\n\n\n\n<p>Policiais militares visualizaram um indiv\u00edduo alcan\u00e7ando um pacote para outro homem, que estava conduzindo um ve\u00edculo VW\/Gol. O ve\u00edculo foi abordado e localizado em seu interior o pacote contendo 14 por\u00e7\u00f5es de crack, uma por\u00e7\u00e3o de coca\u00edna e R$ 580,00 em esp\u00e9cie.<\/p>\n\n\n\n<p>O jovem de 21 anos, que possu\u00eda antecedentes por posse de entorpecentes e exerc\u00edcio ilegal da profiss\u00e3o, foi preso e encaminhado \u00e0 Delegacia de Pol\u00edcia de Pronto Atendimento de Lajeado para provid\u00eancias legais.<\/p>\n","protected":false},"excerpt":{"rendered":"<p>Na noite desta ter\u00e7a-feira (11\/6), a Brigada Militar realizou a pris\u00e3o de um jovem por tr\u00e1fico de drogas no Bairro dos Estados, em Estrela. Policiais militares visualizaram um indiv\u00edduo alcan\u00e7ando um pacote para outro homem, que estava conduzindo um ve\u00edculo VW\/Gol. O ve\u00edculo foi abordado e localizado em seu interior o pacote contendo 14 por\u00e7\u00f5es [&hellip;]<\/p>\n","protected":false},"author":8,"featured_media":159945,"comment_status":"open","ping_status":"open","sticky":false,"template":"","format":"standard","meta":{"pmpro_default_level":"","_jetpack_memberships_contains_paid_content":false,"footnotes":""},"categories":[10982,7],"tags":[251,8,107],"class_list":{"0":"post-159944","1":"post","2":"type-post","3":"status-publish","4":"format-standard","5":"has-post-thumbnail","7":"category-policia","8":"category-seguranca","9":"tag-brigada-militar","10":"tag-estrela","11":"tag-prisao","12":"pmpro-has-access"},"yoast_head":"<!-- This site is optimized with the Yoast SEO plugin v27.5 - https:\/\/yoast.com\/product\/yoast-seo-wordpress\/ -->\n<title>Jovem \u00e9 preso por tr\u00e1fico de drogas em Estrela - Folha Popular<\/title>\n<meta name=\"robots\" content=\"index, follow, max-snippet:-1, max-image-preview:large, max-video-preview:-1\" \/>\n<link rel=\"canonical\" href=\"https:\/\/folhapopular.info\/index.php\/2024\/06\/12\/jovem-e-preso-por-trafico-de-drogas-em-estrela-3\/\" \/>\n<meta property=\"og:locale\" content=\"pt_BR\" \/>\n<meta property=\"og:type\" content=\"article\" \/>\n<meta property=\"og:title\" content=\"Jovem \u00e9 preso por tr\u00e1fico de drogas em Estrela - Folha Popular\" \/>\n<meta property=\"og:description\" content=\"Na noite desta ter\u00e7a-feira (11\/6), a Brigada Militar realizou a pris\u00e3o de um jovem por tr\u00e1fico de drogas no Bairro dos Estados, em Estrela. Policiais militares visualizaram um indiv\u00edduo alcan\u00e7ando um pacote para outro homem, que estava conduzindo um ve\u00edculo VW\/Gol. O ve\u00edculo foi abordado e localizado em seu interior o pacote contendo 14 por\u00e7\u00f5es [&hellip;]\" \/>\n<meta property=\"og:url\" content=\"https:\/\/folhapopular.info\/index.php\/2024\/06\/12\/jovem-e-preso-por-trafico-de-drogas-em-estrela-3\/\" \/>\n<meta property=\"og:site_name\" content=\"Folha Popular\" \/>\n<meta property=\"article:published_time\" content=\"2024-06-12T20:20:10+00:00\" \/>\n<meta property=\"article:modified_time\" content=\"2024-06-12T20:20:16+00:00\" \/>\n<meta property=\"og:image\" content=\"http:\/\/folhapopular.info\/wp-content\/uploads\/2024\/06\/WhatsApp-Image-2024-06-12-at-11.26.31.jpeg\" \/>\n\t<meta property=\"og:image:width\" content=\"1440\" \/>\n\t<meta property=\"og:image:height\" content=\"960\" \/>\n\t<meta property=\"og:image:type\" content=\"image\/jpeg\" \/>\n<meta name=\"author\" content=\"Reda\u00e7\u00e3o Folha Popular\" \/>\n<meta name=\"twitter:card\" content=\"summary_large_image\" \/>\n<meta name=\"twitter:label1\" content=\"Escrito por\" \/>\n\t<meta name=\"twitter:data1\" content=\"Reda\u00e7\u00e3o Folha Popular\" \/>\n\t<meta name=\"twitter:label2\" content=\"Est. tempo de leitura\" \/>\n\t<meta name=\"twitter:data2\" content=\"1 minuto\" \/>\n<script type=\"application\/ld+json\" class=\"yoast-schema-graph\">{\"@context\":\"https:\\\/\\\/schema.org\",\"@graph\":[{\"@type\":\"Article\",\"@id\":\"https:\\\/\\\/folhapopular.info\\\/index.php\\\/2024\\\/06\\\/12\\\/jovem-e-preso-por-trafico-de-drogas-em-estrela-3\\\/#article\",\"isPartOf\":{\"@id\":\"https:\\\/\\\/folhapopular.info\\\/index.php\\\/2024\\\/06\\\/12\\\/jovem-e-preso-por-trafico-de-drogas-em-estrela-3\\\/\"},\"author\":{\"name\":\"Reda\u00e7\u00e3o Folha Popular\",\"@id\":\"https:\\\/\\\/folhapopular.info\\\/#\\\/schema\\\/person\\\/2814e8a0df7643585a9ca38bc6eb9d4b\"},\"headline\":\"Jovem \u00e9 preso por tr\u00e1fico de drogas em Estrela\",\"datePublished\":\"2024-06-12T20:20:10+00:00\",\"dateModified\":\"2024-06-12T20:20:16+00:00\",\"mainEntityOfPage\":{\"@id\":\"https:\\\/\\\/folhapopular.info\\\/index.php\\\/2024\\\/06\\\/12\\\/jovem-e-preso-por-trafico-de-drogas-em-estrela-3\\\/\"},\"wordCount\":120,\"commentCount\":0,\"image\":{\"@id\":\"https:\\\/\\\/folhapopular.info\\\/index.php\\\/2024\\\/06\\\/12\\\/jovem-e-preso-por-trafico-de-drogas-em-estrela-3\\\/#primaryimage\"},\"thumbnailUrl\":\"https:\\\/\\\/folhapopular.info\\\/wp-content\\\/uploads\\\/2024\\\/06\\\/WhatsApp-Image-2024-06-12-at-11.26.31.jpeg\",\"keywords\":[\"Brigada Militar\",\"Estrela\",\"Pris\u00e3o\"],\"articleSection\":[\"Pol\u00edcia\",\"Seguran\u00e7a\"],\"inLanguage\":\"pt-BR\",\"potentialAction\":[{\"@type\":\"CommentAction\",\"name\":\"Comment\",\"target\":[\"https:\\\/\\\/folhapopular.info\\\/index.php\\\/2024\\\/06\\\/12\\\/jovem-e-preso-por-trafico-de-drogas-em-estrela-3\\\/#respond\"]}]},{\"@type\":\"WebPage\",\"@id\":\"https:\\\/\\\/folhapopular.info\\\/index.php\\\/2024\\\/06\\\/12\\\/jovem-e-preso-por-trafico-de-drogas-em-estrela-3\\\/\",\"url\":\"https:\\\/\\\/folhapopular.info\\\/index.php\\\/2024\\\/06\\\/12\\\/jovem-e-preso-por-trafico-de-drogas-em-estrela-3\\\/\",\"name\":\"Jovem \u00e9 preso por tr\u00e1fico de drogas em Estrela - Folha Popular\",\"isPartOf\":{\"@id\":\"https:\\\/\\\/folhapopular.info\\\/#website\"},\"primaryImageOfPage\":{\"@id\":\"https:\\\/\\\/folhapopular.info\\\/index.php\\\/2024\\\/06\\\/12\\\/jovem-e-preso-por-trafico-de-drogas-em-estrela-3\\\/#primaryimage\"},\"image\":{\"@id\":\"https:\\\/\\\/folhapopular.info\\\/index.php\\\/2024\\\/06\\\/12\\\/jovem-e-preso-por-trafico-de-drogas-em-estrela-3\\\/#primaryimage\"},\"thumbnailUrl\":\"https:\\\/\\\/folhapopular.info\\\/wp-content\\\/uploads\\\/2024\\\/06\\\/WhatsApp-Image-2024-06-12-at-11.26.31.jpeg\",\"datePublished\":\"2024-06-12T20:20:10+00:00\",\"dateModified\":\"2024-06-12T20:20:16+00:00\",\"author\":{\"@id\":\"https:\\\/\\\/folhapopular.info\\\/#\\\/schema\\\/person\\\/2814e8a0df7643585a9ca38bc6eb9d4b\"},\"breadcrumb\":{\"@id\":\"https:\\\/\\\/folhapopular.info\\\/index.php\\\/2024\\\/06\\\/12\\\/jovem-e-preso-por-trafico-de-drogas-em-estrela-3\\\/#breadcrumb\"},\"inLanguage\":\"pt-BR\",\"potentialAction\":[{\"@type\":\"ReadAction\",\"target\":[\"https:\\\/\\\/folhapopular.info\\\/index.php\\\/2024\\\/06\\\/12\\\/jovem-e-preso-por-trafico-de-drogas-em-estrela-3\\\/\"]}]},{\"@type\":\"ImageObject\",\"inLanguage\":\"pt-BR\",\"@id\":\"https:\\\/\\\/folhapopular.info\\\/index.php\\\/2024\\\/06\\\/12\\\/jovem-e-preso-por-trafico-de-drogas-em-estrela-3\\\/#primaryimage\",\"url\":\"https:\\\/\\\/folhapopular.info\\\/wp-content\\\/uploads\\\/2024\\\/06\\\/WhatsApp-Image-2024-06-12-at-11.26.31.jpeg\",\"contentUrl\":\"https:\\\/\\\/folhapopular.info\\\/wp-content\\\/uploads\\\/2024\\\/06\\\/WhatsApp-Image-2024-06-12-at-11.26.31.jpeg\",\"width\":1440,\"height\":960,\"caption\":\"Cr\u00e9dito: BM \\\/ Divulga\u00e7\u00e3o\"},{\"@type\":\"BreadcrumbList\",\"@id\":\"https:\\\/\\\/folhapopular.info\\\/index.php\\\/2024\\\/06\\\/12\\\/jovem-e-preso-por-trafico-de-drogas-em-estrela-3\\\/#breadcrumb\",\"itemListElement\":[{\"@type\":\"ListItem\",\"position\":1,\"name\":\"In\u00edcio\",\"item\":\"https:\\\/\\\/folhapopular.info\\\/\"},{\"@type\":\"ListItem\",\"position\":2,\"name\":\"Jovem \u00e9 preso por tr\u00e1fico de drogas em Estrela\"}]},{\"@type\":\"WebSite\",\"@id\":\"https:\\\/\\\/folhapopular.info\\\/#website\",\"url\":\"https:\\\/\\\/folhapopular.info\\\/\",\"name\":\"Folha Popular\",\"description\":\"Onde voc\u00ea tem vez e voz\",\"potentialAction\":[{\"@type\":\"SearchAction\",\"target\":{\"@type\":\"EntryPoint\",\"urlTemplate\":\"https:\\\/\\\/folhapopular.info\\\/?s={search_term_string}\"},\"query-input\":{\"@type\":\"PropertyValueSpecification\",\"valueRequired\":true,\"valueName\":\"search_term_string\"}}],\"inLanguage\":\"pt-BR\"},{\"@type\":\"Person\",\"@id\":\"https:\\\/\\\/folhapopular.info\\\/#\\\/schema\\\/person\\\/2814e8a0df7643585a9ca38bc6eb9d4b\",\"name\":\"Reda\u00e7\u00e3o Folha Popular\",\"image\":{\"@type\":\"ImageObject\",\"inLanguage\":\"pt-BR\",\"@id\":\"https:\\\/\\\/folhapopular.info\\\/wp-content\\\/uploads\\\/2026\\\/04\\\/Folha-1.webp\",\"url\":\"https:\\\/\\\/folhapopular.info\\\/wp-content\\\/uploads\\\/2026\\\/04\\\/Folha-1.webp\",\"contentUrl\":\"https:\\\/\\\/folhapopular.info\\\/wp-content\\\/uploads\\\/2026\\\/04\\\/Folha-1.webp\",\"caption\":\"Reda\u00e7\u00e3o Folha Popular\"},\"url\":\"https:\\\/\\\/folhapopular.info\\\/index.php\\\/author\\\/redacao\\\/\"}]}<\/script>\n<!-- \/ Yoast SEO plugin. -->","yoast_head_json":{"title":"Jovem \u00e9 preso por tr\u00e1fico de drogas em Estrela - Folha Popular","robots":{"index":"index","follow":"follow","max-snippet":"max-snippet:-1","max-image-preview":"max-image-preview:large","max-video-preview":"max-video-preview:-1"},"canonical":"https:\/\/folhapopular.info\/index.php\/2024\/06\/12\/jovem-e-preso-por-trafico-de-drogas-em-estrela-3\/","og_locale":"pt_BR","og_type":"article","og_title":"Jovem \u00e9 preso por tr\u00e1fico de drogas em Estrela - Folha Popular","og_description":"Na noite desta ter\u00e7a-feira (11\/6), a Brigada Militar realizou a pris\u00e3o de um jovem por tr\u00e1fico de drogas no Bairro dos Estados, em Estrela. Policiais militares visualizaram um indiv\u00edduo alcan\u00e7ando um pacote para outro homem, que estava conduzindo um ve\u00edculo VW\/Gol. O ve\u00edculo foi abordado e localizado em seu interior o pacote contendo 14 por\u00e7\u00f5es [&hellip;]","og_url":"https:\/\/folhapopular.info\/index.php\/2024\/06\/12\/jovem-e-preso-por-trafico-de-drogas-em-estrela-3\/","og_site_name":"Folha Popular","article_published_time":"2024-06-12T20:20:10+00:00","article_modified_time":"2024-06-12T20:20:16+00:00","og_image":[{"width":1440,"height":960,"url":"http:\/\/folhapopular.info\/wp-content\/uploads\/2024\/06\/WhatsApp-Image-2024-06-12-at-11.26.31.jpeg","type":"image\/jpeg"}],"author":"Reda\u00e7\u00e3o Folha Popular","twitter_card":"summary_large_image","twitter_misc":{"Escrito por":"Reda\u00e7\u00e3o Folha Popular","Est. tempo de leitura":"1 minuto"},"schema":{"@context":"https:\/\/schema.org","@graph":[{"@type":"Article","@id":"https:\/\/folhapopular.info\/index.php\/2024\/06\/12\/jovem-e-preso-por-trafico-de-drogas-em-estrela-3\/#article","isPartOf":{"@id":"https:\/\/folhapopular.info\/index.php\/2024\/06\/12\/jovem-e-preso-por-trafico-de-drogas-em-estrela-3\/"},"author":{"name":"Reda\u00e7\u00e3o Folha Popular","@id":"https:\/\/folhapopular.info\/#\/schema\/person\/2814e8a0df7643585a9ca38bc6eb9d4b"},"headline":"Jovem \u00e9 preso por tr\u00e1fico de drogas em Estrela","datePublished":"2024-06-12T20:20:10+00:00","dateModified":"2024-06-12T20:20:16+00:00","mainEntityOfPage":{"@id":"https:\/\/folhapopular.info\/index.php\/2024\/06\/12\/jovem-e-preso-por-trafico-de-drogas-em-estrela-3\/"},"wordCount":120,"commentCount":0,"image":{"@id":"https:\/\/folhapopular.info\/index.php\/2024\/06\/12\/jovem-e-preso-por-trafico-de-drogas-em-estrela-3\/#primaryimage"},"thumbnailUrl":"https:\/\/folhapopular.info\/wp-content\/uploads\/2024\/06\/WhatsApp-Image-2024-06-12-at-11.26.31.jpeg","keywords":["Brigada Militar","Estrela","Pris\u00e3o"],"articleSection":["Pol\u00edcia","Seguran\u00e7a"],"inLanguage":"pt-BR","potentialAction":[{"@type":"CommentAction","name":"Comment","target":["https:\/\/folhapopular.info\/index.php\/2024\/06\/12\/jovem-e-preso-por-trafico-de-drogas-em-estrela-3\/#respond"]}]},{"@type":"WebPage","@id":"https:\/\/folhapopular.info\/index.php\/2024\/06\/12\/jovem-e-preso-por-trafico-de-drogas-em-estrela-3\/","url":"https:\/\/folhapopular.info\/index.php\/2024\/06\/12\/jovem-e-preso-por-trafico-de-drogas-em-estrela-3\/","name":"Jovem \u00e9 preso por tr\u00e1fico de drogas em Estrela - Folha Popular","isPartOf":{"@id":"https:\/\/folhapopular.info\/#website"},"primaryImageOfPage":{"@id":"https:\/\/folhapopular.info\/index.php\/2024\/06\/12\/jovem-e-preso-por-trafico-de-drogas-em-estrela-3\/#primaryimage"},"image":{"@id":"https:\/\/folhapopular.info\/index.php\/2024\/06\/12\/jovem-e-preso-por-trafico-de-drogas-em-estrela-3\/#primaryimage"},"thumbnailUrl":"https:\/\/folhapopular.info\/wp-content\/uploads\/2024\/06\/WhatsApp-Image-2024-06-12-at-11.26.31.jpeg","datePublished":"2024-06-12T20:20:10+00:00","dateModified":"2024-06-12T20:20:16+00:00","author":{"@id":"https:\/\/folhapopular.info\/#\/schema\/person\/2814e8a0df7643585a9ca38bc6eb9d4b"},"breadcrumb":{"@id":"https:\/\/folhapopular.info\/index.php\/2024\/06\/12\/jovem-e-preso-por-trafico-de-drogas-em-estrela-3\/#breadcrumb"},"inLanguage":"pt-BR","potentialAction":[{"@type":"ReadAction","target":["https:\/\/folhapopular.info\/index.php\/2024\/06\/12\/jovem-e-preso-por-trafico-de-drogas-em-estrela-3\/"]}]},{"@type":"ImageObject","inLanguage":"pt-BR","@id":"https:\/\/folhapopular.info\/index.php\/2024\/06\/12\/jovem-e-preso-por-trafico-de-drogas-em-estrela-3\/#primaryimage","url":"https:\/\/folhapopular.info\/wp-content\/uploads\/2024\/06\/WhatsApp-Image-2024-06-12-at-11.26.31.jpeg","contentUrl":"https:\/\/folhapopular.info\/wp-content\/uploads\/2024\/06\/WhatsApp-Image-2024-06-12-at-11.26.31.jpeg","width":1440,"height":960,"caption":"Cr\u00e9dito: BM \/ Divulga\u00e7\u00e3o"},{"@type":"BreadcrumbList","@id":"https:\/\/folhapopular.info\/index.php\/2024\/06\/12\/jovem-e-preso-por-trafico-de-drogas-em-estrela-3\/#breadcrumb","itemListElement":[{"@type":"ListItem","position":1,"name":"In\u00edcio","item":"https:\/\/folhapopular.info\/"},{"@type":"ListItem","position":2,"name":"Jovem \u00e9 preso por tr\u00e1fico de drogas em Estrela"}]},{"@type":"WebSite","@id":"https:\/\/folhapopular.info\/#website","url":"https:\/\/folhapopular.info\/","name":"Folha Popular","description":"Onde voc\u00ea tem vez e voz","potentialAction":[{"@type":"SearchAction","target":{"@type":"EntryPoint","urlTemplate":"https:\/\/folhapopular.info\/?s={search_term_string}"},"query-input":{"@type":"PropertyValueSpecification","valueRequired":true,"valueName":"search_term_string"}}],"inLanguage":"pt-BR"},{"@type":"Person","@id":"https:\/\/folhapopular.info\/#\/schema\/person\/2814e8a0df7643585a9ca38bc6eb9d4b","name":"Reda\u00e7\u00e3o Folha Popular","image":{"@type":"ImageObject","inLanguage":"pt-BR","@id":"https:\/\/folhapopular.info\/wp-content\/uploads\/2026\/04\/Folha-1.webp","url":"https:\/\/folhapopular.info\/wp-content\/uploads\/2026\/04\/Folha-1.webp","contentUrl":"https:\/\/folhapopular.info\/wp-content\/uploads\/2026\/04\/Folha-1.webp","caption":"Reda\u00e7\u00e3o Folha Popular"},"url":"https:\/\/folhapopular.info\/index.php\/author\/redacao\/"}]}},"jetpack_featured_media_url":"https:\/\/folhapopular.info\/wp-content\/uploads\/2024\/06\/WhatsApp-Image-2024-06-12-at-11.26.31.jpeg","jetpack_sharing_enabled":true,"amp_enabled":true,"_links":{"self":[{"href":"https:\/\/folhapopular.info\/index.php\/wp-json\/wp\/v2\/posts\/159944","targetHints":{"allow":["GET"]}}],"collection":[{"href":"https:\/\/folhapopular.info\/index.php\/wp-json\/wp\/v2\/posts"}],"about":[{"href":"https:\/\/folhapopular.info\/index.php\/wp-json\/wp\/v2\/types\/post"}],"author":[{"embeddable":true,"href":"https:\/\/folhapopular.info\/index.php\/wp-json\/wp\/v2\/users\/8"}],"replies":[{"embeddable":true,"href":"https:\/\/folhapopular.info\/index.php\/wp-json\/wp\/v2\/comments?post=159944"}],"version-history":[{"count":0,"href":"https:\/\/folhapopular.info\/index.php\/wp-json\/wp\/v2\/posts\/159944\/revisions"}],"wp:featuredmedia":[{"embeddable":true,"href":"https:\/\/folhapopular.info\/index.php\/wp-json\/wp\/v2\/media\/159945"}],"wp:attachment":[{"href":"https:\/\/folhapopular.info\/index.php\/wp-json\/wp\/v2\/media?parent=159944"}],"wp:term":[{"taxonomy":"category","embeddable":true,"href":"https:\/\/folhapopular.info\/index.php\/wp-json\/wp\/v2\/categories?post=159944"},{"taxonomy":"post_tag","embeddable":true,"href":"https:\/\/folhapopular.info\/index.php\/wp-json\/wp\/v2\/tags?post=159944"}],"curies":[{"name":"wp","href":"https:\/\/api.w.org\/{rel}","templated":true}]}}