{"id":160012,"date":"2024-06-13T18:00:00","date_gmt":"2024-06-13T21:00:00","guid":{"rendered":"https:\/\/folhapopular.info\/?p=160012"},"modified":"2024-06-13T14:40:53","modified_gmt":"2024-06-13T17:40:53","slug":"emater-indica-2-milhoes-de-hectares-atingidos-pelas-cheias","status":"publish","type":"post","link":"https:\/\/folhapopular.info\/index.php\/2024\/06\/13\/emater-indica-2-milhoes-de-hectares-atingidos-pelas-cheias\/","title":{"rendered":"Emater indica 2 milh\u00f5es de hectares atingidos pelas cheias"},"content":{"rendered":"\n<p class=\"has-text-align-left\">A presidente da Emater\/ASCAR, Mara Helena Saafeld, e o diretor t\u00e9cnico da empresa, Claudinei Baldissera, apresentaram na manh\u00e3 desta quinta-feira (13\/6) na Comiss\u00e3o de Agricultura, Pecu\u00e1ria, Pesca e Cooperativismo da Assembleia, o relat\u00f3rio dos preju\u00edzos sofridos pelos produtores ga\u00fachos, durante as cheias do m\u00eas de maio. Cerca de 1,7 mil colaboradores foram a campo\u00a0quantificar as perdas verificadas na parte do territ\u00f3rio ga\u00facho atingida pelas enchentes. <\/p>\n\n\n\n<p class=\"has-text-align-left\">\u201cFoi um per\u00edodo muito dif\u00edcil. Sequer t\u00ednhamos acesso a algumas propriedades. Nossa prioridade era salvar as pessoas. Salvar as propriedades. A pr\u00f3pria defesa civil usou nosso trabalho pela capilaridade que temos\u201d, explicou Saafeld.<\/p>\n\n\n\n<p><strong>Mais de 206 mil propriedades tiveram registros de perdas, sendo 19 mil com preju\u00edzos \u00e0s moradias e estruturas<\/strong>. Em termos territoriais, o dano atingiu mais de dois milh\u00f5es de hectares e cerca de 6,5 milh\u00f5es de toneladas de soja deixaram de ser colhidas, cerca de um quarto do total. \u201cN\u00f3s precisamos ajudar nosso produtor, porque ele n\u00e3o est\u00e1 sendo atingido pelas pol\u00edticas p\u00fablicas. Ele n\u00e3o pega os R$ 6.600 do FGTS. Ele n\u00e3o integra o CAD \u00danico. Perdemos escrit\u00f3rios. Tivemos colegas, pelo menos 30, que perderam tudo. Ent\u00e3o, as medidas s\u00e3o emergenciais e urgentes\u201d, desabafou a presidente da Emater\/ASCAR.<\/p>\n\n\n\n<p>O chamado\u00a0<strong>Boletim Adverso\u00a0<\/strong>contempla apenas o per\u00edodo de 30 de abril a 24 de maio, o que faz com que alguns n\u00fameros n\u00e3o sejam definitivos. Os laudos circunstanciados indicam 95 munic\u00edpios com decretos de calamidade e 235 em estado de emerg\u00eancia. <strong>Ao todo, 456 munic\u00edpios registraram danos. Cerca de 10 milh\u00f5es de litros de leite deixaram de ser coletados e mais de 1 milh\u00e3o de aves foram levadas pela \u00e1gua. <\/strong><\/p>\n\n\n\n<p>Ap\u00f3s ouvir o relato, o deputado Luciano Silveira, presidente da Comiss\u00e3o, apelou mais uma vez aos governos Federal e Estadual para que socorram o setor o mais r\u00e1pido poss\u00edvel. \u201cN\u00e3o podemos vender a imagem de que tem recursos, enquanto o produtor, que perdeu o galp\u00e3o, perdeu a vaca de leite, perdeu a casa onde morava, quer buscar o recurso e o recurso n\u00e3o chega e ele n\u00e3o tem a linha de cr\u00e9dito para ele\u201d, alertou o parlamentar.<\/p>\n","protected":false},"excerpt":{"rendered":"<p>A presidente da Emater\/ASCAR, Mara Helena Saafeld, e o diretor t\u00e9cnico da empresa, Claudinei Baldissera, apresentaram na manh\u00e3 desta quinta-feira (13\/6) na Comiss\u00e3o de Agricultura, Pecu\u00e1ria, Pesca e Cooperativismo da Assembleia, o relat\u00f3rio dos preju\u00edzos sofridos pelos produtores ga\u00fachos, durante as cheias do m\u00eas de maio. Cerca de 1,7 mil colaboradores foram a campo\u00a0quantificar as [&hellip;]<\/p>\n","protected":false},"author":8,"featured_media":160013,"comment_status":"open","ping_status":"open","sticky":false,"template":"","format":"standard","meta":{"pmpro_default_level":"","_jetpack_memberships_contains_paid_content":false,"footnotes":""},"categories":[2,10991,10994],"tags":[173,11027],"class_list":{"0":"post-160012","1":"post","2":"type-post","3":"status-publish","4":"format-standard","5":"has-post-thumbnail","7":"category-featured","8":"category-economia","9":"category-rural","10":"tag-emater","11":"tag-rural","12":"pmpro-has-access"},"yoast_head":"<!-- This site is optimized with the Yoast SEO plugin v27.5 - https:\/\/yoast.com\/product\/yoast-seo-wordpress\/ -->\n<title>Emater indica 2 milh\u00f5es de hectares atingidos pelas cheias - Folha Popular<\/title>\n<meta name=\"robots\" content=\"index, follow, max-snippet:-1, max-image-preview:large, max-video-preview:-1\" \/>\n<link rel=\"canonical\" href=\"https:\/\/folhapopular.info\/index.php\/2024\/06\/13\/emater-indica-2-milhoes-de-hectares-atingidos-pelas-cheias\/\" \/>\n<meta property=\"og:locale\" content=\"pt_BR\" \/>\n<meta property=\"og:type\" content=\"article\" \/>\n<meta property=\"og:title\" content=\"Emater indica 2 milh\u00f5es de hectares atingidos pelas cheias - Folha Popular\" \/>\n<meta property=\"og:description\" content=\"A presidente da Emater\/ASCAR, Mara Helena Saafeld, e o diretor t\u00e9cnico da empresa, Claudinei Baldissera, apresentaram na manh\u00e3 desta quinta-feira (13\/6) na Comiss\u00e3o de Agricultura, Pecu\u00e1ria, Pesca e Cooperativismo da Assembleia, o relat\u00f3rio dos preju\u00edzos sofridos pelos produtores ga\u00fachos, durante as cheias do m\u00eas de maio. Cerca de 1,7 mil colaboradores foram a campo\u00a0quantificar as [&hellip;]\" \/>\n<meta property=\"og:url\" content=\"https:\/\/folhapopular.info\/index.php\/2024\/06\/13\/emater-indica-2-milhoes-de-hectares-atingidos-pelas-cheias\/\" \/>\n<meta property=\"og:site_name\" content=\"Folha Popular\" \/>\n<meta property=\"article:published_time\" content=\"2024-06-13T21:00:00+00:00\" \/>\n<meta property=\"og:image\" content=\"https:\/\/folhapopular.info\/wp-content\/uploads\/2024\/06\/image_50451201-scaled.jpg\" \/>\n\t<meta property=\"og:image:width\" content=\"2560\" \/>\n\t<meta property=\"og:image:height\" content=\"1920\" \/>\n\t<meta property=\"og:image:type\" content=\"image\/jpeg\" \/>\n<meta name=\"author\" content=\"Reda\u00e7\u00e3o Folha Popular\" \/>\n<meta name=\"twitter:card\" content=\"summary_large_image\" \/>\n<meta name=\"twitter:label1\" content=\"Escrito por\" \/>\n\t<meta name=\"twitter:data1\" content=\"Reda\u00e7\u00e3o Folha Popular\" \/>\n\t<meta name=\"twitter:label2\" content=\"Est. tempo de leitura\" \/>\n\t<meta name=\"twitter:data2\" content=\"3 minutos\" \/>\n<script type=\"application\/ld+json\" class=\"yoast-schema-graph\">{\"@context\":\"https:\\\/\\\/schema.org\",\"@graph\":[{\"@type\":\"Article\",\"@id\":\"https:\\\/\\\/folhapopular.info\\\/index.php\\\/2024\\\/06\\\/13\\\/emater-indica-2-milhoes-de-hectares-atingidos-pelas-cheias\\\/#article\",\"isPartOf\":{\"@id\":\"https:\\\/\\\/folhapopular.info\\\/index.php\\\/2024\\\/06\\\/13\\\/emater-indica-2-milhoes-de-hectares-atingidos-pelas-cheias\\\/\"},\"author\":{\"name\":\"Reda\u00e7\u00e3o Folha Popular\",\"@id\":\"https:\\\/\\\/folhapopular.info\\\/#\\\/schema\\\/person\\\/2814e8a0df7643585a9ca38bc6eb9d4b\"},\"headline\":\"Emater indica 2 milh\u00f5es de hectares atingidos pelas cheias\",\"datePublished\":\"2024-06-13T21:00:00+00:00\",\"mainEntityOfPage\":{\"@id\":\"https:\\\/\\\/folhapopular.info\\\/index.php\\\/2024\\\/06\\\/13\\\/emater-indica-2-milhoes-de-hectares-atingidos-pelas-cheias\\\/\"},\"wordCount\":385,\"commentCount\":0,\"image\":{\"@id\":\"https:\\\/\\\/folhapopular.info\\\/index.php\\\/2024\\\/06\\\/13\\\/emater-indica-2-milhoes-de-hectares-atingidos-pelas-cheias\\\/#primaryimage\"},\"thumbnailUrl\":\"https:\\\/\\\/folhapopular.info\\\/wp-content\\\/uploads\\\/2024\\\/06\\\/image_50451201-scaled.jpg\",\"keywords\":[\"Emater\",\"rural\"],\"articleSection\":[\"Destaques\",\"Economia\",\"Rural\"],\"inLanguage\":\"pt-BR\",\"potentialAction\":[{\"@type\":\"CommentAction\",\"name\":\"Comment\",\"target\":[\"https:\\\/\\\/folhapopular.info\\\/index.php\\\/2024\\\/06\\\/13\\\/emater-indica-2-milhoes-de-hectares-atingidos-pelas-cheias\\\/#respond\"]}]},{\"@type\":\"WebPage\",\"@id\":\"https:\\\/\\\/folhapopular.info\\\/index.php\\\/2024\\\/06\\\/13\\\/emater-indica-2-milhoes-de-hectares-atingidos-pelas-cheias\\\/\",\"url\":\"https:\\\/\\\/folhapopular.info\\\/index.php\\\/2024\\\/06\\\/13\\\/emater-indica-2-milhoes-de-hectares-atingidos-pelas-cheias\\\/\",\"name\":\"Emater indica 2 milh\u00f5es de hectares atingidos pelas cheias - Folha Popular\",\"isPartOf\":{\"@id\":\"https:\\\/\\\/folhapopular.info\\\/#website\"},\"primaryImageOfPage\":{\"@id\":\"https:\\\/\\\/folhapopular.info\\\/index.php\\\/2024\\\/06\\\/13\\\/emater-indica-2-milhoes-de-hectares-atingidos-pelas-cheias\\\/#primaryimage\"},\"image\":{\"@id\":\"https:\\\/\\\/folhapopular.info\\\/index.php\\\/2024\\\/06\\\/13\\\/emater-indica-2-milhoes-de-hectares-atingidos-pelas-cheias\\\/#primaryimage\"},\"thumbnailUrl\":\"https:\\\/\\\/folhapopular.info\\\/wp-content\\\/uploads\\\/2024\\\/06\\\/image_50451201-scaled.jpg\",\"datePublished\":\"2024-06-13T21:00:00+00:00\",\"author\":{\"@id\":\"https:\\\/\\\/folhapopular.info\\\/#\\\/schema\\\/person\\\/2814e8a0df7643585a9ca38bc6eb9d4b\"},\"breadcrumb\":{\"@id\":\"https:\\\/\\\/folhapopular.info\\\/index.php\\\/2024\\\/06\\\/13\\\/emater-indica-2-milhoes-de-hectares-atingidos-pelas-cheias\\\/#breadcrumb\"},\"inLanguage\":\"pt-BR\",\"potentialAction\":[{\"@type\":\"ReadAction\",\"target\":[\"https:\\\/\\\/folhapopular.info\\\/index.php\\\/2024\\\/06\\\/13\\\/emater-indica-2-milhoes-de-hectares-atingidos-pelas-cheias\\\/\"]}]},{\"@type\":\"ImageObject\",\"inLanguage\":\"pt-BR\",\"@id\":\"https:\\\/\\\/folhapopular.info\\\/index.php\\\/2024\\\/06\\\/13\\\/emater-indica-2-milhoes-de-hectares-atingidos-pelas-cheias\\\/#primaryimage\",\"url\":\"https:\\\/\\\/folhapopular.info\\\/wp-content\\\/uploads\\\/2024\\\/06\\\/image_50451201-scaled.jpg\",\"contentUrl\":\"https:\\\/\\\/folhapopular.info\\\/wp-content\\\/uploads\\\/2024\\\/06\\\/image_50451201-scaled.jpg\",\"width\":2560,\"height\":1920,\"caption\":\"Cr\u00e9dito: Divulga\u00e7\u00e3o\"},{\"@type\":\"BreadcrumbList\",\"@id\":\"https:\\\/\\\/folhapopular.info\\\/index.php\\\/2024\\\/06\\\/13\\\/emater-indica-2-milhoes-de-hectares-atingidos-pelas-cheias\\\/#breadcrumb\",\"itemListElement\":[{\"@type\":\"ListItem\",\"position\":1,\"name\":\"In\u00edcio\",\"item\":\"https:\\\/\\\/folhapopular.info\\\/\"},{\"@type\":\"ListItem\",\"position\":2,\"name\":\"Emater indica 2 milh\u00f5es de hectares atingidos pelas cheias\"}]},{\"@type\":\"WebSite\",\"@id\":\"https:\\\/\\\/folhapopular.info\\\/#website\",\"url\":\"https:\\\/\\\/folhapopular.info\\\/\",\"name\":\"Folha Popular\",\"description\":\"Onde voc\u00ea tem vez e voz\",\"potentialAction\":[{\"@type\":\"SearchAction\",\"target\":{\"@type\":\"EntryPoint\",\"urlTemplate\":\"https:\\\/\\\/folhapopular.info\\\/?s={search_term_string}\"},\"query-input\":{\"@type\":\"PropertyValueSpecification\",\"valueRequired\":true,\"valueName\":\"search_term_string\"}}],\"inLanguage\":\"pt-BR\"},{\"@type\":\"Person\",\"@id\":\"https:\\\/\\\/folhapopular.info\\\/#\\\/schema\\\/person\\\/2814e8a0df7643585a9ca38bc6eb9d4b\",\"name\":\"Reda\u00e7\u00e3o Folha Popular\",\"image\":{\"@type\":\"ImageObject\",\"inLanguage\":\"pt-BR\",\"@id\":\"https:\\\/\\\/folhapopular.info\\\/wp-content\\\/uploads\\\/2026\\\/04\\\/Folha-1.webp\",\"url\":\"https:\\\/\\\/folhapopular.info\\\/wp-content\\\/uploads\\\/2026\\\/04\\\/Folha-1.webp\",\"contentUrl\":\"https:\\\/\\\/folhapopular.info\\\/wp-content\\\/uploads\\\/2026\\\/04\\\/Folha-1.webp\",\"caption\":\"Reda\u00e7\u00e3o Folha Popular\"},\"url\":\"https:\\\/\\\/folhapopular.info\\\/index.php\\\/author\\\/redacao\\\/\"}]}<\/script>\n<!-- \/ Yoast SEO plugin. -->","yoast_head_json":{"title":"Emater indica 2 milh\u00f5es de hectares atingidos pelas cheias - Folha Popular","robots":{"index":"index","follow":"follow","max-snippet":"max-snippet:-1","max-image-preview":"max-image-preview:large","max-video-preview":"max-video-preview:-1"},"canonical":"https:\/\/folhapopular.info\/index.php\/2024\/06\/13\/emater-indica-2-milhoes-de-hectares-atingidos-pelas-cheias\/","og_locale":"pt_BR","og_type":"article","og_title":"Emater indica 2 milh\u00f5es de hectares atingidos pelas cheias - Folha Popular","og_description":"A presidente da Emater\/ASCAR, Mara Helena Saafeld, e o diretor t\u00e9cnico da empresa, Claudinei Baldissera, apresentaram na manh\u00e3 desta quinta-feira (13\/6) na Comiss\u00e3o de Agricultura, Pecu\u00e1ria, Pesca e Cooperativismo da Assembleia, o relat\u00f3rio dos preju\u00edzos sofridos pelos produtores ga\u00fachos, durante as cheias do m\u00eas de maio. Cerca de 1,7 mil colaboradores foram a campo\u00a0quantificar as [&hellip;]","og_url":"https:\/\/folhapopular.info\/index.php\/2024\/06\/13\/emater-indica-2-milhoes-de-hectares-atingidos-pelas-cheias\/","og_site_name":"Folha Popular","article_published_time":"2024-06-13T21:00:00+00:00","og_image":[{"width":2560,"height":1920,"url":"https:\/\/folhapopular.info\/wp-content\/uploads\/2024\/06\/image_50451201-scaled.jpg","type":"image\/jpeg"}],"author":"Reda\u00e7\u00e3o Folha Popular","twitter_card":"summary_large_image","twitter_misc":{"Escrito por":"Reda\u00e7\u00e3o Folha Popular","Est. tempo de leitura":"3 minutos"},"schema":{"@context":"https:\/\/schema.org","@graph":[{"@type":"Article","@id":"https:\/\/folhapopular.info\/index.php\/2024\/06\/13\/emater-indica-2-milhoes-de-hectares-atingidos-pelas-cheias\/#article","isPartOf":{"@id":"https:\/\/folhapopular.info\/index.php\/2024\/06\/13\/emater-indica-2-milhoes-de-hectares-atingidos-pelas-cheias\/"},"author":{"name":"Reda\u00e7\u00e3o Folha Popular","@id":"https:\/\/folhapopular.info\/#\/schema\/person\/2814e8a0df7643585a9ca38bc6eb9d4b"},"headline":"Emater indica 2 milh\u00f5es de hectares atingidos pelas cheias","datePublished":"2024-06-13T21:00:00+00:00","mainEntityOfPage":{"@id":"https:\/\/folhapopular.info\/index.php\/2024\/06\/13\/emater-indica-2-milhoes-de-hectares-atingidos-pelas-cheias\/"},"wordCount":385,"commentCount":0,"image":{"@id":"https:\/\/folhapopular.info\/index.php\/2024\/06\/13\/emater-indica-2-milhoes-de-hectares-atingidos-pelas-cheias\/#primaryimage"},"thumbnailUrl":"https:\/\/folhapopular.info\/wp-content\/uploads\/2024\/06\/image_50451201-scaled.jpg","keywords":["Emater","rural"],"articleSection":["Destaques","Economia","Rural"],"inLanguage":"pt-BR","potentialAction":[{"@type":"CommentAction","name":"Comment","target":["https:\/\/folhapopular.info\/index.php\/2024\/06\/13\/emater-indica-2-milhoes-de-hectares-atingidos-pelas-cheias\/#respond"]}]},{"@type":"WebPage","@id":"https:\/\/folhapopular.info\/index.php\/2024\/06\/13\/emater-indica-2-milhoes-de-hectares-atingidos-pelas-cheias\/","url":"https:\/\/folhapopular.info\/index.php\/2024\/06\/13\/emater-indica-2-milhoes-de-hectares-atingidos-pelas-cheias\/","name":"Emater indica 2 milh\u00f5es de hectares atingidos pelas cheias - Folha Popular","isPartOf":{"@id":"https:\/\/folhapopular.info\/#website"},"primaryImageOfPage":{"@id":"https:\/\/folhapopular.info\/index.php\/2024\/06\/13\/emater-indica-2-milhoes-de-hectares-atingidos-pelas-cheias\/#primaryimage"},"image":{"@id":"https:\/\/folhapopular.info\/index.php\/2024\/06\/13\/emater-indica-2-milhoes-de-hectares-atingidos-pelas-cheias\/#primaryimage"},"thumbnailUrl":"https:\/\/folhapopular.info\/wp-content\/uploads\/2024\/06\/image_50451201-scaled.jpg","datePublished":"2024-06-13T21:00:00+00:00","author":{"@id":"https:\/\/folhapopular.info\/#\/schema\/person\/2814e8a0df7643585a9ca38bc6eb9d4b"},"breadcrumb":{"@id":"https:\/\/folhapopular.info\/index.php\/2024\/06\/13\/emater-indica-2-milhoes-de-hectares-atingidos-pelas-cheias\/#breadcrumb"},"inLanguage":"pt-BR","potentialAction":[{"@type":"ReadAction","target":["https:\/\/folhapopular.info\/index.php\/2024\/06\/13\/emater-indica-2-milhoes-de-hectares-atingidos-pelas-cheias\/"]}]},{"@type":"ImageObject","inLanguage":"pt-BR","@id":"https:\/\/folhapopular.info\/index.php\/2024\/06\/13\/emater-indica-2-milhoes-de-hectares-atingidos-pelas-cheias\/#primaryimage","url":"https:\/\/folhapopular.info\/wp-content\/uploads\/2024\/06\/image_50451201-scaled.jpg","contentUrl":"https:\/\/folhapopular.info\/wp-content\/uploads\/2024\/06\/image_50451201-scaled.jpg","width":2560,"height":1920,"caption":"Cr\u00e9dito: Divulga\u00e7\u00e3o"},{"@type":"BreadcrumbList","@id":"https:\/\/folhapopular.info\/index.php\/2024\/06\/13\/emater-indica-2-milhoes-de-hectares-atingidos-pelas-cheias\/#breadcrumb","itemListElement":[{"@type":"ListItem","position":1,"name":"In\u00edcio","item":"https:\/\/folhapopular.info\/"},{"@type":"ListItem","position":2,"name":"Emater indica 2 milh\u00f5es de hectares atingidos pelas cheias"}]},{"@type":"WebSite","@id":"https:\/\/folhapopular.info\/#website","url":"https:\/\/folhapopular.info\/","name":"Folha Popular","description":"Onde voc\u00ea tem vez e voz","potentialAction":[{"@type":"SearchAction","target":{"@type":"EntryPoint","urlTemplate":"https:\/\/folhapopular.info\/?s={search_term_string}"},"query-input":{"@type":"PropertyValueSpecification","valueRequired":true,"valueName":"search_term_string"}}],"inLanguage":"pt-BR"},{"@type":"Person","@id":"https:\/\/folhapopular.info\/#\/schema\/person\/2814e8a0df7643585a9ca38bc6eb9d4b","name":"Reda\u00e7\u00e3o Folha Popular","image":{"@type":"ImageObject","inLanguage":"pt-BR","@id":"https:\/\/folhapopular.info\/wp-content\/uploads\/2026\/04\/Folha-1.webp","url":"https:\/\/folhapopular.info\/wp-content\/uploads\/2026\/04\/Folha-1.webp","contentUrl":"https:\/\/folhapopular.info\/wp-content\/uploads\/2026\/04\/Folha-1.webp","caption":"Reda\u00e7\u00e3o Folha Popular"},"url":"https:\/\/folhapopular.info\/index.php\/author\/redacao\/"}]}},"jetpack_featured_media_url":"https:\/\/folhapopular.info\/wp-content\/uploads\/2024\/06\/image_50451201-scaled.jpg","jetpack_sharing_enabled":true,"amp_enabled":true,"_links":{"self":[{"href":"https:\/\/folhapopular.info\/index.php\/wp-json\/wp\/v2\/posts\/160012","targetHints":{"allow":["GET"]}}],"collection":[{"href":"https:\/\/folhapopular.info\/index.php\/wp-json\/wp\/v2\/posts"}],"about":[{"href":"https:\/\/folhapopular.info\/index.php\/wp-json\/wp\/v2\/types\/post"}],"author":[{"embeddable":true,"href":"https:\/\/folhapopular.info\/index.php\/wp-json\/wp\/v2\/users\/8"}],"replies":[{"embeddable":true,"href":"https:\/\/folhapopular.info\/index.php\/wp-json\/wp\/v2\/comments?post=160012"}],"version-history":[{"count":0,"href":"https:\/\/folhapopular.info\/index.php\/wp-json\/wp\/v2\/posts\/160012\/revisions"}],"wp:featuredmedia":[{"embeddable":true,"href":"https:\/\/folhapopular.info\/index.php\/wp-json\/wp\/v2\/media\/160013"}],"wp:attachment":[{"href":"https:\/\/folhapopular.info\/index.php\/wp-json\/wp\/v2\/media?parent=160012"}],"wp:term":[{"taxonomy":"category","embeddable":true,"href":"https:\/\/folhapopular.info\/index.php\/wp-json\/wp\/v2\/categories?post=160012"},{"taxonomy":"post_tag","embeddable":true,"href":"https:\/\/folhapopular.info\/index.php\/wp-json\/wp\/v2\/tags?post=160012"}],"curies":[{"name":"wp","href":"https:\/\/api.w.org\/{rel}","templated":true}]}}