{"id":160065,"date":"2024-06-14T10:23:02","date_gmt":"2024-06-14T13:23:02","guid":{"rendered":"https:\/\/folhapopular.info\/?p=160065"},"modified":"2024-06-14T10:23:07","modified_gmt":"2024-06-14T13:23:07","slug":"inscricoes-de-projetos-ao-nossa-arte-circula-rs-se-aproximam-do-encerramento","status":"publish","type":"post","link":"https:\/\/folhapopular.info\/index.php\/2024\/06\/14\/inscricoes-de-projetos-ao-nossa-arte-circula-rs-se-aproximam-do-encerramento\/","title":{"rendered":"Inscri\u00e7\u00f5es de projetos ao \u201cNossa Arte Circula RS\u201d se aproximam do encerramento"},"content":{"rendered":"\n<p>Os artistas de todo o Rio Grande do Sul t\u00eam at\u00e9 a pr\u00f3xima segunda-feira (17\/6) para inscrever projetos na chamada p\u00fablica \u201cNossa Arte Circula RS\u201d. Promovida pelo Sesc\/RS em prol da retomada do setor cultural ap\u00f3s as enchentes, a iniciativa selecionar\u00e1 60 projetos: 20 de artes c\u00eanicas, contemplando circo, teatro e dan\u00e7a; 20 de m\u00fasica; e 20 atividades de leitura. Elas v\u00e3o compor uma s\u00e9rie de circuitos culturais que contemplar\u00e3o 30 cidades no interior do Estado, com cach\u00ea, custos de produ\u00e7\u00e3o, divulga\u00e7\u00e3o, transporte e hospedagem mantidos pela entidade.&nbsp;<\/p>\n\n\n\n<p>\u201cO \u2018Nossa Arte Circula RS\u2019 \u00e9 parte do projeto \u2018Tch\u00ea Acolhe\u2019, criado pelo Sistema Fecom\u00e9rcio-RS\/Sesc\/Senac para, com a\u00e7\u00f5es nas mais variadas \u00e1reas de atua\u00e7\u00e3o, auxiliar o povo ga\u00facho neste momento de dificuldades\u201d, explica a gerente de Cultura do Sesc\/RS, Luciana Stello. \u201cEsta iniciativa fomenta, de um lado, que centenas de artistas envolvidos nestas 60 atra\u00e7\u00f5es selecionadas, alguns afetados diretamente pelas enchentes, outros indiretamente pelo fechamento de espa\u00e7os culturais, ganhem visibilidade e renda. Por outro lado, tamb\u00e9m aumenta a economia das regi\u00f5es por onde estes circuitos passar\u00e3o, em \u00e1reas como transporte, hospedagem e alimenta\u00e7\u00e3o, que ser\u00e3o movimentadas\u201d, pontua.<\/p>\n\n\n\n<p>Os contemplados pelo projeto ser\u00e3o divulgados no pr\u00f3ximo dia 27, nas redes sociais e no site do Sesc\/RS. Cada circuito ser\u00e1 fechado com tr\u00eas cidades, composto por atra\u00e7\u00f5es de artes e cultura. Os projetos contemplados realizar\u00e3o, ao todo, tr\u00eas apresenta\u00e7\u00f5es, que ter\u00e3o entrada gratuita ao p\u00fablico.<\/p>\n\n\n\n<p>Em agosto, as primeiras cidades a receber o projeto ser\u00e3o Passo Fundo, Erechim e Frederico Wesphalen com o circuito 1, e Cruz Alta, Iju\u00ed e Santo \u00c2ngelo com o circuito 2. At\u00e9 dezembro, acontecer\u00e3o circuitos em Alegrete, Uruguaiana, S\u00e3o Borja, S\u00e3o Luiz Gonzaga, Santa Rosa, Tr\u00eas de Maio, Lajeado, Carazinho, Palmeira das Miss\u00f5es, Ven\u00e2ncio Aires, Santa Cruz do Sul, Santa Maria, Canoas, S\u00e3o Leopoldo, Novo Hamburgo, Montenegro, Gravata\u00ed, Camaqu\u00e3, Rio Grande, Pelotas, Bag\u00e9, Farroupilha, Caxias do Sul e Vacaria.&nbsp;<\/p>\n\n\n\n<p>A convoca\u00e7\u00e3o \u00e9 voltada exclusivamente a artistas profissionais representados por pessoa jur\u00eddica, residentes no Rio Grande do Sul. N\u00e3o s\u00e3o aceitos espet\u00e1culos ou apresenta\u00e7\u00f5es in\u00e9ditas. No momento do cadastro, \u00e9 necess\u00e1rio preencher informa\u00e7\u00f5es sobre o espet\u00e1culo, especifica\u00e7\u00f5es t\u00e9cnicas, hist\u00f3rico dos artistas, dentre outros dados. No caso da m\u00fasica, a inscri\u00e7\u00e3o \u00e9 para duplas ou grupos de at\u00e9 seis participantes. J\u00e1 no caso da literatura, \u00e9 poss\u00edvel enviar propostas de performances liter\u00e1rias, media\u00e7\u00f5es de leitura e oficinas. As apresenta\u00e7\u00f5es de artes c\u00eanicas precisam ser enviadas em v\u00eddeo para avalia\u00e7\u00e3o, que ser\u00e1 realizada por colaboradores do Sesc\/RS.<\/p>\n\n\n\n<p>O formul\u00e1rio de inscri\u00e7\u00e3o \u00e9 online, dispon\u00edvel em <a href=\"https:\/\/forms.gle\/To6Q8P7zFimKY52j7\">https:\/\/forms.gle\/To6Q8P7zFimKY52j7<\/a> . O edital completo pode ser consultado no <a href=\"http:\/\/www.sesc-rs.com.br\/convocatoria-nossa-arte-circula\">site<\/a>.<\/p>\n\n\n\n<p>D\u00favidas podem ser sanadas pelo e-mail <a href=\"mailto:artesescrs@sesc-rs.com.br\">artesescrs@sesc-rs.com.br<\/a>.&nbsp;<\/p>\n","protected":false},"excerpt":{"rendered":"<p>Os artistas de todo o Rio Grande do Sul t\u00eam at\u00e9 a pr\u00f3xima segunda-feira (17\/6) para inscrever projetos na chamada p\u00fablica \u201cNossa Arte Circula RS\u201d. Promovida pelo Sesc\/RS em prol da retomada do setor cultural ap\u00f3s as enchentes, a iniciativa selecionar\u00e1 60 projetos: 20 de artes c\u00eanicas, contemplando circo, teatro e dan\u00e7a; 20 de m\u00fasica; [&hellip;]<\/p>\n","protected":false},"author":8,"featured_media":160066,"comment_status":"open","ping_status":"open","sticky":false,"template":"","format":"standard","meta":{"pmpro_default_level":"","_jetpack_memberships_contains_paid_content":false,"footnotes":""},"categories":[10996,2,6],"tags":[11432,15238,549],"class_list":{"0":"post-160065","1":"post","2":"type-post","3":"status-publish","4":"format-standard","5":"has-post-thumbnail","7":"category-cultura","8":"category-featured","9":"category-inclusive","10":"tag-fecomercio-rs","11":"tag-nossa-arte-circula","12":"tag-sesc","13":"pmpro-has-access"},"yoast_head":"<!-- This site is optimized with the Yoast SEO plugin v27.5 - https:\/\/yoast.com\/product\/yoast-seo-wordpress\/ -->\n<title>Inscri\u00e7\u00f5es de projetos ao \u201cNossa Arte Circula RS\u201d se aproximam do encerramento - Folha Popular<\/title>\n<meta name=\"robots\" content=\"index, follow, max-snippet:-1, max-image-preview:large, max-video-preview:-1\" \/>\n<link rel=\"canonical\" href=\"https:\/\/folhapopular.info\/index.php\/2024\/06\/14\/inscricoes-de-projetos-ao-nossa-arte-circula-rs-se-aproximam-do-encerramento\/\" \/>\n<meta property=\"og:locale\" content=\"pt_BR\" \/>\n<meta property=\"og:type\" content=\"article\" \/>\n<meta property=\"og:title\" content=\"Inscri\u00e7\u00f5es de projetos ao \u201cNossa Arte Circula RS\u201d se aproximam do encerramento - Folha Popular\" \/>\n<meta property=\"og:description\" content=\"Os artistas de todo o Rio Grande do Sul t\u00eam at\u00e9 a pr\u00f3xima segunda-feira (17\/6) para inscrever projetos na chamada p\u00fablica \u201cNossa Arte Circula RS\u201d. Promovida pelo Sesc\/RS em prol da retomada do setor cultural ap\u00f3s as enchentes, a iniciativa selecionar\u00e1 60 projetos: 20 de artes c\u00eanicas, contemplando circo, teatro e dan\u00e7a; 20 de m\u00fasica; [&hellip;]\" \/>\n<meta property=\"og:url\" content=\"https:\/\/folhapopular.info\/index.php\/2024\/06\/14\/inscricoes-de-projetos-ao-nossa-arte-circula-rs-se-aproximam-do-encerramento\/\" \/>\n<meta property=\"og:site_name\" content=\"Folha Popular\" \/>\n<meta property=\"article:published_time\" content=\"2024-06-14T13:23:02+00:00\" \/>\n<meta property=\"article:modified_time\" content=\"2024-06-14T13:23:07+00:00\" \/>\n<meta property=\"og:image\" content=\"http:\/\/folhapopular.info\/wp-content\/uploads\/2024\/06\/52934388141_101abf0342_o-scaled.jpg\" \/>\n\t<meta property=\"og:image:width\" content=\"2560\" \/>\n\t<meta property=\"og:image:height\" content=\"1707\" \/>\n\t<meta property=\"og:image:type\" content=\"image\/jpeg\" \/>\n<meta name=\"author\" content=\"Reda\u00e7\u00e3o Folha Popular\" \/>\n<meta name=\"twitter:card\" content=\"summary_large_image\" \/>\n<meta name=\"twitter:label1\" content=\"Escrito por\" \/>\n\t<meta name=\"twitter:data1\" content=\"Reda\u00e7\u00e3o Folha Popular\" \/>\n\t<meta name=\"twitter:label2\" content=\"Est. tempo de leitura\" \/>\n\t<meta name=\"twitter:data2\" content=\"3 minutos\" \/>\n<script type=\"application\/ld+json\" class=\"yoast-schema-graph\">{\"@context\":\"https:\\\/\\\/schema.org\",\"@graph\":[{\"@type\":\"Article\",\"@id\":\"https:\\\/\\\/folhapopular.info\\\/index.php\\\/2024\\\/06\\\/14\\\/inscricoes-de-projetos-ao-nossa-arte-circula-rs-se-aproximam-do-encerramento\\\/#article\",\"isPartOf\":{\"@id\":\"https:\\\/\\\/folhapopular.info\\\/index.php\\\/2024\\\/06\\\/14\\\/inscricoes-de-projetos-ao-nossa-arte-circula-rs-se-aproximam-do-encerramento\\\/\"},\"author\":{\"name\":\"Reda\u00e7\u00e3o Folha Popular\",\"@id\":\"https:\\\/\\\/folhapopular.info\\\/#\\\/schema\\\/person\\\/2814e8a0df7643585a9ca38bc6eb9d4b\"},\"headline\":\"Inscri\u00e7\u00f5es de projetos ao \u201cNossa Arte Circula RS\u201d se aproximam do encerramento\",\"datePublished\":\"2024-06-14T13:23:02+00:00\",\"dateModified\":\"2024-06-14T13:23:07+00:00\",\"mainEntityOfPage\":{\"@id\":\"https:\\\/\\\/folhapopular.info\\\/index.php\\\/2024\\\/06\\\/14\\\/inscricoes-de-projetos-ao-nossa-arte-circula-rs-se-aproximam-do-encerramento\\\/\"},\"wordCount\":511,\"commentCount\":0,\"image\":{\"@id\":\"https:\\\/\\\/folhapopular.info\\\/index.php\\\/2024\\\/06\\\/14\\\/inscricoes-de-projetos-ao-nossa-arte-circula-rs-se-aproximam-do-encerramento\\\/#primaryimage\"},\"thumbnailUrl\":\"https:\\\/\\\/folhapopular.info\\\/wp-content\\\/uploads\\\/2024\\\/06\\\/52934388141_101abf0342_o-scaled.jpg\",\"keywords\":[\"fecom\u00e9rcio-rs\",\"Nossa Arte Circula\",\"SESC\"],\"articleSection\":[\"Cultura\",\"Destaques\",\"Inclusive\"],\"inLanguage\":\"pt-BR\",\"potentialAction\":[{\"@type\":\"CommentAction\",\"name\":\"Comment\",\"target\":[\"https:\\\/\\\/folhapopular.info\\\/index.php\\\/2024\\\/06\\\/14\\\/inscricoes-de-projetos-ao-nossa-arte-circula-rs-se-aproximam-do-encerramento\\\/#respond\"]}]},{\"@type\":\"WebPage\",\"@id\":\"https:\\\/\\\/folhapopular.info\\\/index.php\\\/2024\\\/06\\\/14\\\/inscricoes-de-projetos-ao-nossa-arte-circula-rs-se-aproximam-do-encerramento\\\/\",\"url\":\"https:\\\/\\\/folhapopular.info\\\/index.php\\\/2024\\\/06\\\/14\\\/inscricoes-de-projetos-ao-nossa-arte-circula-rs-se-aproximam-do-encerramento\\\/\",\"name\":\"Inscri\u00e7\u00f5es de projetos ao \u201cNossa Arte Circula RS\u201d se aproximam do encerramento - Folha Popular\",\"isPartOf\":{\"@id\":\"https:\\\/\\\/folhapopular.info\\\/#website\"},\"primaryImageOfPage\":{\"@id\":\"https:\\\/\\\/folhapopular.info\\\/index.php\\\/2024\\\/06\\\/14\\\/inscricoes-de-projetos-ao-nossa-arte-circula-rs-se-aproximam-do-encerramento\\\/#primaryimage\"},\"image\":{\"@id\":\"https:\\\/\\\/folhapopular.info\\\/index.php\\\/2024\\\/06\\\/14\\\/inscricoes-de-projetos-ao-nossa-arte-circula-rs-se-aproximam-do-encerramento\\\/#primaryimage\"},\"thumbnailUrl\":\"https:\\\/\\\/folhapopular.info\\\/wp-content\\\/uploads\\\/2024\\\/06\\\/52934388141_101abf0342_o-scaled.jpg\",\"datePublished\":\"2024-06-14T13:23:02+00:00\",\"dateModified\":\"2024-06-14T13:23:07+00:00\",\"author\":{\"@id\":\"https:\\\/\\\/folhapopular.info\\\/#\\\/schema\\\/person\\\/2814e8a0df7643585a9ca38bc6eb9d4b\"},\"breadcrumb\":{\"@id\":\"https:\\\/\\\/folhapopular.info\\\/index.php\\\/2024\\\/06\\\/14\\\/inscricoes-de-projetos-ao-nossa-arte-circula-rs-se-aproximam-do-encerramento\\\/#breadcrumb\"},\"inLanguage\":\"pt-BR\",\"potentialAction\":[{\"@type\":\"ReadAction\",\"target\":[\"https:\\\/\\\/folhapopular.info\\\/index.php\\\/2024\\\/06\\\/14\\\/inscricoes-de-projetos-ao-nossa-arte-circula-rs-se-aproximam-do-encerramento\\\/\"]}]},{\"@type\":\"ImageObject\",\"inLanguage\":\"pt-BR\",\"@id\":\"https:\\\/\\\/folhapopular.info\\\/index.php\\\/2024\\\/06\\\/14\\\/inscricoes-de-projetos-ao-nossa-arte-circula-rs-se-aproximam-do-encerramento\\\/#primaryimage\",\"url\":\"https:\\\/\\\/folhapopular.info\\\/wp-content\\\/uploads\\\/2024\\\/06\\\/52934388141_101abf0342_o-scaled.jpg\",\"contentUrl\":\"https:\\\/\\\/folhapopular.info\\\/wp-content\\\/uploads\\\/2024\\\/06\\\/52934388141_101abf0342_o-scaled.jpg\",\"width\":2560,\"height\":1707,\"caption\":\"Cr\u00e9dito: Divulga\u00e7\u00e3o\\\/AI Sesc\"},{\"@type\":\"BreadcrumbList\",\"@id\":\"https:\\\/\\\/folhapopular.info\\\/index.php\\\/2024\\\/06\\\/14\\\/inscricoes-de-projetos-ao-nossa-arte-circula-rs-se-aproximam-do-encerramento\\\/#breadcrumb\",\"itemListElement\":[{\"@type\":\"ListItem\",\"position\":1,\"name\":\"In\u00edcio\",\"item\":\"https:\\\/\\\/folhapopular.info\\\/\"},{\"@type\":\"ListItem\",\"position\":2,\"name\":\"Inscri\u00e7\u00f5es de projetos ao \u201cNossa Arte Circula RS\u201d se aproximam do encerramento\"}]},{\"@type\":\"WebSite\",\"@id\":\"https:\\\/\\\/folhapopular.info\\\/#website\",\"url\":\"https:\\\/\\\/folhapopular.info\\\/\",\"name\":\"Folha Popular\",\"description\":\"Onde voc\u00ea tem vez e voz\",\"potentialAction\":[{\"@type\":\"SearchAction\",\"target\":{\"@type\":\"EntryPoint\",\"urlTemplate\":\"https:\\\/\\\/folhapopular.info\\\/?s={search_term_string}\"},\"query-input\":{\"@type\":\"PropertyValueSpecification\",\"valueRequired\":true,\"valueName\":\"search_term_string\"}}],\"inLanguage\":\"pt-BR\"},{\"@type\":\"Person\",\"@id\":\"https:\\\/\\\/folhapopular.info\\\/#\\\/schema\\\/person\\\/2814e8a0df7643585a9ca38bc6eb9d4b\",\"name\":\"Reda\u00e7\u00e3o Folha Popular\",\"image\":{\"@type\":\"ImageObject\",\"inLanguage\":\"pt-BR\",\"@id\":\"https:\\\/\\\/folhapopular.info\\\/wp-content\\\/uploads\\\/2026\\\/04\\\/Folha-1.webp\",\"url\":\"https:\\\/\\\/folhapopular.info\\\/wp-content\\\/uploads\\\/2026\\\/04\\\/Folha-1.webp\",\"contentUrl\":\"https:\\\/\\\/folhapopular.info\\\/wp-content\\\/uploads\\\/2026\\\/04\\\/Folha-1.webp\",\"caption\":\"Reda\u00e7\u00e3o Folha Popular\"},\"url\":\"https:\\\/\\\/folhapopular.info\\\/index.php\\\/author\\\/redacao\\\/\"}]}<\/script>\n<!-- \/ Yoast SEO plugin. -->","yoast_head_json":{"title":"Inscri\u00e7\u00f5es de projetos ao \u201cNossa Arte Circula RS\u201d se aproximam do encerramento - Folha Popular","robots":{"index":"index","follow":"follow","max-snippet":"max-snippet:-1","max-image-preview":"max-image-preview:large","max-video-preview":"max-video-preview:-1"},"canonical":"https:\/\/folhapopular.info\/index.php\/2024\/06\/14\/inscricoes-de-projetos-ao-nossa-arte-circula-rs-se-aproximam-do-encerramento\/","og_locale":"pt_BR","og_type":"article","og_title":"Inscri\u00e7\u00f5es de projetos ao \u201cNossa Arte Circula RS\u201d se aproximam do encerramento - Folha Popular","og_description":"Os artistas de todo o Rio Grande do Sul t\u00eam at\u00e9 a pr\u00f3xima segunda-feira (17\/6) para inscrever projetos na chamada p\u00fablica \u201cNossa Arte Circula RS\u201d. Promovida pelo Sesc\/RS em prol da retomada do setor cultural ap\u00f3s as enchentes, a iniciativa selecionar\u00e1 60 projetos: 20 de artes c\u00eanicas, contemplando circo, teatro e dan\u00e7a; 20 de m\u00fasica; [&hellip;]","og_url":"https:\/\/folhapopular.info\/index.php\/2024\/06\/14\/inscricoes-de-projetos-ao-nossa-arte-circula-rs-se-aproximam-do-encerramento\/","og_site_name":"Folha Popular","article_published_time":"2024-06-14T13:23:02+00:00","article_modified_time":"2024-06-14T13:23:07+00:00","og_image":[{"width":2560,"height":1707,"url":"http:\/\/folhapopular.info\/wp-content\/uploads\/2024\/06\/52934388141_101abf0342_o-scaled.jpg","type":"image\/jpeg"}],"author":"Reda\u00e7\u00e3o Folha Popular","twitter_card":"summary_large_image","twitter_misc":{"Escrito por":"Reda\u00e7\u00e3o Folha Popular","Est. tempo de leitura":"3 minutos"},"schema":{"@context":"https:\/\/schema.org","@graph":[{"@type":"Article","@id":"https:\/\/folhapopular.info\/index.php\/2024\/06\/14\/inscricoes-de-projetos-ao-nossa-arte-circula-rs-se-aproximam-do-encerramento\/#article","isPartOf":{"@id":"https:\/\/folhapopular.info\/index.php\/2024\/06\/14\/inscricoes-de-projetos-ao-nossa-arte-circula-rs-se-aproximam-do-encerramento\/"},"author":{"name":"Reda\u00e7\u00e3o Folha Popular","@id":"https:\/\/folhapopular.info\/#\/schema\/person\/2814e8a0df7643585a9ca38bc6eb9d4b"},"headline":"Inscri\u00e7\u00f5es de projetos ao \u201cNossa Arte Circula RS\u201d se aproximam do encerramento","datePublished":"2024-06-14T13:23:02+00:00","dateModified":"2024-06-14T13:23:07+00:00","mainEntityOfPage":{"@id":"https:\/\/folhapopular.info\/index.php\/2024\/06\/14\/inscricoes-de-projetos-ao-nossa-arte-circula-rs-se-aproximam-do-encerramento\/"},"wordCount":511,"commentCount":0,"image":{"@id":"https:\/\/folhapopular.info\/index.php\/2024\/06\/14\/inscricoes-de-projetos-ao-nossa-arte-circula-rs-se-aproximam-do-encerramento\/#primaryimage"},"thumbnailUrl":"https:\/\/folhapopular.info\/wp-content\/uploads\/2024\/06\/52934388141_101abf0342_o-scaled.jpg","keywords":["fecom\u00e9rcio-rs","Nossa Arte Circula","SESC"],"articleSection":["Cultura","Destaques","Inclusive"],"inLanguage":"pt-BR","potentialAction":[{"@type":"CommentAction","name":"Comment","target":["https:\/\/folhapopular.info\/index.php\/2024\/06\/14\/inscricoes-de-projetos-ao-nossa-arte-circula-rs-se-aproximam-do-encerramento\/#respond"]}]},{"@type":"WebPage","@id":"https:\/\/folhapopular.info\/index.php\/2024\/06\/14\/inscricoes-de-projetos-ao-nossa-arte-circula-rs-se-aproximam-do-encerramento\/","url":"https:\/\/folhapopular.info\/index.php\/2024\/06\/14\/inscricoes-de-projetos-ao-nossa-arte-circula-rs-se-aproximam-do-encerramento\/","name":"Inscri\u00e7\u00f5es de projetos ao \u201cNossa Arte Circula RS\u201d se aproximam do encerramento - Folha Popular","isPartOf":{"@id":"https:\/\/folhapopular.info\/#website"},"primaryImageOfPage":{"@id":"https:\/\/folhapopular.info\/index.php\/2024\/06\/14\/inscricoes-de-projetos-ao-nossa-arte-circula-rs-se-aproximam-do-encerramento\/#primaryimage"},"image":{"@id":"https:\/\/folhapopular.info\/index.php\/2024\/06\/14\/inscricoes-de-projetos-ao-nossa-arte-circula-rs-se-aproximam-do-encerramento\/#primaryimage"},"thumbnailUrl":"https:\/\/folhapopular.info\/wp-content\/uploads\/2024\/06\/52934388141_101abf0342_o-scaled.jpg","datePublished":"2024-06-14T13:23:02+00:00","dateModified":"2024-06-14T13:23:07+00:00","author":{"@id":"https:\/\/folhapopular.info\/#\/schema\/person\/2814e8a0df7643585a9ca38bc6eb9d4b"},"breadcrumb":{"@id":"https:\/\/folhapopular.info\/index.php\/2024\/06\/14\/inscricoes-de-projetos-ao-nossa-arte-circula-rs-se-aproximam-do-encerramento\/#breadcrumb"},"inLanguage":"pt-BR","potentialAction":[{"@type":"ReadAction","target":["https:\/\/folhapopular.info\/index.php\/2024\/06\/14\/inscricoes-de-projetos-ao-nossa-arte-circula-rs-se-aproximam-do-encerramento\/"]}]},{"@type":"ImageObject","inLanguage":"pt-BR","@id":"https:\/\/folhapopular.info\/index.php\/2024\/06\/14\/inscricoes-de-projetos-ao-nossa-arte-circula-rs-se-aproximam-do-encerramento\/#primaryimage","url":"https:\/\/folhapopular.info\/wp-content\/uploads\/2024\/06\/52934388141_101abf0342_o-scaled.jpg","contentUrl":"https:\/\/folhapopular.info\/wp-content\/uploads\/2024\/06\/52934388141_101abf0342_o-scaled.jpg","width":2560,"height":1707,"caption":"Cr\u00e9dito: Divulga\u00e7\u00e3o\/AI Sesc"},{"@type":"BreadcrumbList","@id":"https:\/\/folhapopular.info\/index.php\/2024\/06\/14\/inscricoes-de-projetos-ao-nossa-arte-circula-rs-se-aproximam-do-encerramento\/#breadcrumb","itemListElement":[{"@type":"ListItem","position":1,"name":"In\u00edcio","item":"https:\/\/folhapopular.info\/"},{"@type":"ListItem","position":2,"name":"Inscri\u00e7\u00f5es de projetos ao \u201cNossa Arte Circula RS\u201d se aproximam do encerramento"}]},{"@type":"WebSite","@id":"https:\/\/folhapopular.info\/#website","url":"https:\/\/folhapopular.info\/","name":"Folha Popular","description":"Onde voc\u00ea tem vez e voz","potentialAction":[{"@type":"SearchAction","target":{"@type":"EntryPoint","urlTemplate":"https:\/\/folhapopular.info\/?s={search_term_string}"},"query-input":{"@type":"PropertyValueSpecification","valueRequired":true,"valueName":"search_term_string"}}],"inLanguage":"pt-BR"},{"@type":"Person","@id":"https:\/\/folhapopular.info\/#\/schema\/person\/2814e8a0df7643585a9ca38bc6eb9d4b","name":"Reda\u00e7\u00e3o Folha Popular","image":{"@type":"ImageObject","inLanguage":"pt-BR","@id":"https:\/\/folhapopular.info\/wp-content\/uploads\/2026\/04\/Folha-1.webp","url":"https:\/\/folhapopular.info\/wp-content\/uploads\/2026\/04\/Folha-1.webp","contentUrl":"https:\/\/folhapopular.info\/wp-content\/uploads\/2026\/04\/Folha-1.webp","caption":"Reda\u00e7\u00e3o Folha Popular"},"url":"https:\/\/folhapopular.info\/index.php\/author\/redacao\/"}]}},"jetpack_featured_media_url":"https:\/\/folhapopular.info\/wp-content\/uploads\/2024\/06\/52934388141_101abf0342_o-scaled.jpg","jetpack_sharing_enabled":true,"amp_enabled":true,"_links":{"self":[{"href":"https:\/\/folhapopular.info\/index.php\/wp-json\/wp\/v2\/posts\/160065","targetHints":{"allow":["GET"]}}],"collection":[{"href":"https:\/\/folhapopular.info\/index.php\/wp-json\/wp\/v2\/posts"}],"about":[{"href":"https:\/\/folhapopular.info\/index.php\/wp-json\/wp\/v2\/types\/post"}],"author":[{"embeddable":true,"href":"https:\/\/folhapopular.info\/index.php\/wp-json\/wp\/v2\/users\/8"}],"replies":[{"embeddable":true,"href":"https:\/\/folhapopular.info\/index.php\/wp-json\/wp\/v2\/comments?post=160065"}],"version-history":[{"count":0,"href":"https:\/\/folhapopular.info\/index.php\/wp-json\/wp\/v2\/posts\/160065\/revisions"}],"wp:featuredmedia":[{"embeddable":true,"href":"https:\/\/folhapopular.info\/index.php\/wp-json\/wp\/v2\/media\/160066"}],"wp:attachment":[{"href":"https:\/\/folhapopular.info\/index.php\/wp-json\/wp\/v2\/media?parent=160065"}],"wp:term":[{"taxonomy":"category","embeddable":true,"href":"https:\/\/folhapopular.info\/index.php\/wp-json\/wp\/v2\/categories?post=160065"},{"taxonomy":"post_tag","embeddable":true,"href":"https:\/\/folhapopular.info\/index.php\/wp-json\/wp\/v2\/tags?post=160065"}],"curies":[{"name":"wp","href":"https:\/\/api.w.org\/{rel}","templated":true}]}}