{"id":160326,"date":"2024-06-17T08:49:23","date_gmt":"2024-06-17T11:49:23","guid":{"rendered":"https:\/\/folhapopular.info\/?p=160326"},"modified":"2024-06-17T08:49:25","modified_gmt":"2024-06-17T11:49:25","slug":"semana-deve-registrar-subida-de-rios-e-novas-enchentes-no-rs","status":"publish","type":"post","link":"https:\/\/folhapopular.info\/index.php\/2024\/06\/17\/semana-deve-registrar-subida-de-rios-e-novas-enchentes-no-rs\/","title":{"rendered":"Semana deve registrar subida de rios e novas enchentes no RS"},"content":{"rendered":"\n<p>A <a href=\"https:\/\/metsul.com\/semana-tera-subida-de-rios-e-novas-enchentes-no-rio-grande-do-sul\/\" target=\"_blank\" rel=\"noreferrer noopener\">MetSul Meteorologia<\/a> alerta que, nesta semana, <strong>haver\u00e1 novas enchentes no estado, mas menos graves que as observadas em maio<\/strong>. <\/p>\n\n\n\n<p>Com base no que j\u00e1 choveu e ainda vai chover, haver\u00e1 cheias de rios devido aos elevados volumes de chuva registrados at\u00e9 agora na Metade Norte ga\u00facha, os quais se somar\u00e3o \u00e0 chuva dos pr\u00f3ximos dias. <\/p>\n\n\n\n<p>Uma frente fria chegou durante o s\u00e1bado (15\/6) ao estado ga\u00facho, trazendo chuva na maioria dos munic\u00edpios. O sistema agora se torna semiestacion\u00e1rio, uma vez que n\u00e3o progride pelo bloqueio atmosf\u00e9rico associado ao ar seco e quente no Centro do Brasil.<\/p>\n\n\n\n<p>Os maiores volumes de chuva se concentram, desde ontem, sobre a Serra Ga\u00facha e os Campos de Cima da Serra, com marcas de 100 a 150 mil\u00edmetros em alguns pontos, que tendem a se elevar ainda mais. A Serra Ga\u00facha e os Campos de Cima da Serra compreendem as regi\u00f5es de nascentes e parte importante das bacias dos rios Taquari-Antas, Ca\u00ed e Paranhana (que desemboca no Rio dos Sinos).<\/p>\n\n\n\n<p>As nascentes do Ca\u00ed e do Taquari est\u00e3o entre os munic\u00edpios de S\u00e3o Francisco de Paula, Jaquirana, Cambar\u00e1 do Sul e S\u00e3o Jos\u00e9 dos Ausentes. Os dois rios recebem \u00e1guas que caem na Serra, e o dado de chuva volumosa acima de 100 mil\u00edmetros de Serafina Corr\u00eaa, na parte mais a Oeste da bacia do Taquari, \u00e9 tamb\u00e9m relevante para o n\u00edvel do rio.<\/p>\n\n\n\n<p>Espera-se uma eleva\u00e7\u00e3o, principalmente no curto e m\u00e9dio prazos, dos rios que nascem no Nordeste do Rio Grande do Sul e que possuem resposta mais r\u00e1pida pela declividade, casos do Taquari e Ca\u00ed.<\/p>\n\n\n\n<p>A persist\u00eancia da chuva por v\u00e1rios dias ainda \u00e9 o que mais preocupa. Embora a chuva ocorra com frequ\u00eancia, os volumes n\u00e3o ser\u00e3o altos na maioria dos dias desta semana. <strong>Esta \u00e9 a diferen\u00e7a para o fim de abril e o come\u00e7o de maio. <\/strong><\/p>\n\n\n\n<p>A chuva ao longo da semana n\u00e3o ser\u00e1 constante. Haver\u00e1 momentos de melhoria e sem precipita\u00e7\u00e3o. O tempo, contudo, n\u00e3o firma. A chuva para, h\u00e1 melhoria tempor\u00e1ria e volta a chover. <\/p>\n\n\n\n<p>Esse cen\u00e1rio de chove, para por horas e volta a chover vai persistir na Metade Norte durante toda a semana. Mas a soma da sequ\u00eancia de v\u00e1rios dias com instabilidade e precipita\u00e7\u00e3o far\u00e1 com que os acumulados sejam elevados e mesmo localmente excessivos. O mapa abaixo traz a proje\u00e7\u00e3o de chuva para cinco dias do modelo alem\u00e3o Icon.<\/p>\n\n\n\n<figure class=\"wp-block-image size-large\"><img loading=\"lazy\" decoding=\"async\" width=\"1024\" height=\"769\" src=\"https:\/\/folhapopular.info\/wp-content\/uploads\/2024\/06\/image-2-1024x769.png\" alt=\"\" class=\"wp-image-160327\" srcset=\"https:\/\/folhapopular.info\/wp-content\/uploads\/2024\/06\/image-2-1024x769.png 1024w, https:\/\/folhapopular.info\/wp-content\/uploads\/2024\/06\/image-2-300x225.png 300w, https:\/\/folhapopular.info\/wp-content\/uploads\/2024\/06\/image-2-768x577.png 768w, https:\/\/folhapopular.info\/wp-content\/uploads\/2024\/06\/image-2-559x420.png 559w, https:\/\/folhapopular.info\/wp-content\/uploads\/2024\/06\/image-2-80x60.png 80w, https:\/\/folhapopular.info\/wp-content\/uploads\/2024\/06\/image-2-696x523.png 696w, https:\/\/folhapopular.info\/wp-content\/uploads\/2024\/06\/image-2-1068x803.png 1068w, https:\/\/folhapopular.info\/wp-content\/uploads\/2024\/06\/image-2.png 1400w\" sizes=\"auto, (max-width: 1024px) 100vw, 1024px\" \/><\/figure>\n\n\n\n<p>Pela an\u00e1lise da MetSul, a chuva nesta semana pode atingir marcas de 250 a 300 mil\u00edmetros ou mais em pontos, principalmente, dos Campos de Cima da Serra. Sob este cen\u00e1rio, os rios com maior potencial de eleva\u00e7\u00e3o e a maioria com risco de cheia s\u00e3o Uruguai, Jacu\u00ed, Taquari, Sinos, Gravata\u00ed e Ca\u00ed. <\/p>\n\n\n\n<p><em> *Com informa\u00e7\u00f5es de MetSul Meteorologia<\/em><\/p>\n","protected":false},"excerpt":{"rendered":"<p>A MetSul Meteorologia alerta que, nesta semana, haver\u00e1 novas enchentes no estado, mas menos graves que as observadas em maio. Com base no que j\u00e1 choveu e ainda vai chover, haver\u00e1 cheias de rios devido aos elevados volumes de chuva registrados at\u00e9 agora na Metade Norte ga\u00facha, os quais se somar\u00e3o \u00e0 chuva dos pr\u00f3ximos [&hellip;]<\/p>\n","protected":false},"author":8,"featured_media":160329,"comment_status":"open","ping_status":"open","sticky":false,"template":"","format":"standard","meta":{"pmpro_default_level":"","_jetpack_memberships_contains_paid_content":false,"footnotes":""},"categories":[12655,2,3],"tags":[1057,4170,12604,207,6819,156],"class_list":{"0":"post-160326","1":"post","2":"type-post","3":"status-publish","4":"format-standard","5":"has-post-thumbnail","7":"category-clima","8":"category-featured","9":"category-geral","10":"tag-chuva","11":"tag-enchente","12":"tag-metsul","13":"tag-rio-taquari","14":"tag-rios","15":"tag-vale-do-taquari","16":"pmpro-has-access"},"yoast_head":"<!-- This site is optimized with the Yoast SEO plugin v27.4 - https:\/\/yoast.com\/product\/yoast-seo-wordpress\/ -->\n<title>Semana deve registrar subida de rios e novas enchentes no RS - Folha Popular<\/title>\n<meta name=\"robots\" content=\"index, follow, max-snippet:-1, max-image-preview:large, max-video-preview:-1\" \/>\n<link rel=\"canonical\" href=\"https:\/\/folhapopular.info\/index.php\/2024\/06\/17\/semana-deve-registrar-subida-de-rios-e-novas-enchentes-no-rs\/\" \/>\n<meta property=\"og:locale\" content=\"pt_BR\" \/>\n<meta property=\"og:type\" content=\"article\" \/>\n<meta property=\"og:title\" content=\"Semana deve registrar subida de rios e novas enchentes no RS - Folha Popular\" \/>\n<meta property=\"og:description\" content=\"A MetSul Meteorologia alerta que, nesta semana, haver\u00e1 novas enchentes no estado, mas menos graves que as observadas em maio. Com base no que j\u00e1 choveu e ainda vai chover, haver\u00e1 cheias de rios devido aos elevados volumes de chuva registrados at\u00e9 agora na Metade Norte ga\u00facha, os quais se somar\u00e3o \u00e0 chuva dos pr\u00f3ximos [&hellip;]\" \/>\n<meta property=\"og:url\" content=\"https:\/\/folhapopular.info\/index.php\/2024\/06\/17\/semana-deve-registrar-subida-de-rios-e-novas-enchentes-no-rs\/\" \/>\n<meta property=\"og:site_name\" content=\"Folha Popular\" \/>\n<meta property=\"article:published_time\" content=\"2024-06-17T11:49:23+00:00\" \/>\n<meta property=\"article:modified_time\" content=\"2024-06-17T11:49:25+00:00\" \/>\n<meta property=\"og:image\" content=\"http:\/\/folhapopular.info\/wp-content\/uploads\/2024\/06\/rios1606g.webp\" \/>\n\t<meta property=\"og:image:width\" content=\"1366\" \/>\n\t<meta property=\"og:image:height\" content=\"768\" \/>\n\t<meta property=\"og:image:type\" content=\"image\/webp\" \/>\n<meta name=\"author\" content=\"Reda\u00e7\u00e3o Folha Popular\" \/>\n<meta name=\"twitter:card\" content=\"summary_large_image\" \/>\n<meta name=\"twitter:label1\" content=\"Escrito por\" \/>\n\t<meta name=\"twitter:data1\" content=\"Reda\u00e7\u00e3o Folha Popular\" \/>\n\t<meta name=\"twitter:label2\" content=\"Est. tempo de leitura\" \/>\n\t<meta name=\"twitter:data2\" content=\"3 minutos\" \/>\n<script type=\"application\/ld+json\" class=\"yoast-schema-graph\">{\"@context\":\"https:\\\/\\\/schema.org\",\"@graph\":[{\"@type\":\"Article\",\"@id\":\"https:\\\/\\\/folhapopular.info\\\/index.php\\\/2024\\\/06\\\/17\\\/semana-deve-registrar-subida-de-rios-e-novas-enchentes-no-rs\\\/#article\",\"isPartOf\":{\"@id\":\"https:\\\/\\\/folhapopular.info\\\/index.php\\\/2024\\\/06\\\/17\\\/semana-deve-registrar-subida-de-rios-e-novas-enchentes-no-rs\\\/\"},\"author\":{\"name\":\"Reda\u00e7\u00e3o Folha Popular\",\"@id\":\"https:\\\/\\\/folhapopular.info\\\/#\\\/schema\\\/person\\\/2814e8a0df7643585a9ca38bc6eb9d4b\"},\"headline\":\"Semana deve registrar subida de rios e novas enchentes no RS\",\"datePublished\":\"2024-06-17T11:49:23+00:00\",\"dateModified\":\"2024-06-17T11:49:25+00:00\",\"mainEntityOfPage\":{\"@id\":\"https:\\\/\\\/folhapopular.info\\\/index.php\\\/2024\\\/06\\\/17\\\/semana-deve-registrar-subida-de-rios-e-novas-enchentes-no-rs\\\/\"},\"wordCount\":501,\"commentCount\":0,\"image\":{\"@id\":\"https:\\\/\\\/folhapopular.info\\\/index.php\\\/2024\\\/06\\\/17\\\/semana-deve-registrar-subida-de-rios-e-novas-enchentes-no-rs\\\/#primaryimage\"},\"thumbnailUrl\":\"https:\\\/\\\/folhapopular.info\\\/wp-content\\\/uploads\\\/2024\\\/06\\\/rios1606g.webp\",\"keywords\":[\"chuva\",\"Enchente\",\"metsul\",\"Rio Taquari\",\"Rios\",\"Vale do Taquari\"],\"articleSection\":[\"Clima\",\"Destaques\",\"Geral\"],\"inLanguage\":\"pt-BR\",\"potentialAction\":[{\"@type\":\"CommentAction\",\"name\":\"Comment\",\"target\":[\"https:\\\/\\\/folhapopular.info\\\/index.php\\\/2024\\\/06\\\/17\\\/semana-deve-registrar-subida-de-rios-e-novas-enchentes-no-rs\\\/#respond\"]}]},{\"@type\":\"WebPage\",\"@id\":\"https:\\\/\\\/folhapopular.info\\\/index.php\\\/2024\\\/06\\\/17\\\/semana-deve-registrar-subida-de-rios-e-novas-enchentes-no-rs\\\/\",\"url\":\"https:\\\/\\\/folhapopular.info\\\/index.php\\\/2024\\\/06\\\/17\\\/semana-deve-registrar-subida-de-rios-e-novas-enchentes-no-rs\\\/\",\"name\":\"Semana deve registrar subida de rios e novas enchentes no RS - Folha Popular\",\"isPartOf\":{\"@id\":\"https:\\\/\\\/folhapopular.info\\\/#website\"},\"primaryImageOfPage\":{\"@id\":\"https:\\\/\\\/folhapopular.info\\\/index.php\\\/2024\\\/06\\\/17\\\/semana-deve-registrar-subida-de-rios-e-novas-enchentes-no-rs\\\/#primaryimage\"},\"image\":{\"@id\":\"https:\\\/\\\/folhapopular.info\\\/index.php\\\/2024\\\/06\\\/17\\\/semana-deve-registrar-subida-de-rios-e-novas-enchentes-no-rs\\\/#primaryimage\"},\"thumbnailUrl\":\"https:\\\/\\\/folhapopular.info\\\/wp-content\\\/uploads\\\/2024\\\/06\\\/rios1606g.webp\",\"datePublished\":\"2024-06-17T11:49:23+00:00\",\"dateModified\":\"2024-06-17T11:49:25+00:00\",\"author\":{\"@id\":\"https:\\\/\\\/folhapopular.info\\\/#\\\/schema\\\/person\\\/2814e8a0df7643585a9ca38bc6eb9d4b\"},\"breadcrumb\":{\"@id\":\"https:\\\/\\\/folhapopular.info\\\/index.php\\\/2024\\\/06\\\/17\\\/semana-deve-registrar-subida-de-rios-e-novas-enchentes-no-rs\\\/#breadcrumb\"},\"inLanguage\":\"pt-BR\",\"potentialAction\":[{\"@type\":\"ReadAction\",\"target\":[\"https:\\\/\\\/folhapopular.info\\\/index.php\\\/2024\\\/06\\\/17\\\/semana-deve-registrar-subida-de-rios-e-novas-enchentes-no-rs\\\/\"]}]},{\"@type\":\"ImageObject\",\"inLanguage\":\"pt-BR\",\"@id\":\"https:\\\/\\\/folhapopular.info\\\/index.php\\\/2024\\\/06\\\/17\\\/semana-deve-registrar-subida-de-rios-e-novas-enchentes-no-rs\\\/#primaryimage\",\"url\":\"https:\\\/\\\/folhapopular.info\\\/wp-content\\\/uploads\\\/2024\\\/06\\\/rios1606g.webp\",\"contentUrl\":\"https:\\\/\\\/folhapopular.info\\\/wp-content\\\/uploads\\\/2024\\\/06\\\/rios1606g.webp\",\"width\":1366,\"height\":768,\"caption\":\"Cr\u00e9dito: Mateus Bonomi \\\/ Anadolu \\\/ Metsul\"},{\"@type\":\"BreadcrumbList\",\"@id\":\"https:\\\/\\\/folhapopular.info\\\/index.php\\\/2024\\\/06\\\/17\\\/semana-deve-registrar-subida-de-rios-e-novas-enchentes-no-rs\\\/#breadcrumb\",\"itemListElement\":[{\"@type\":\"ListItem\",\"position\":1,\"name\":\"In\u00edcio\",\"item\":\"https:\\\/\\\/folhapopular.info\\\/\"},{\"@type\":\"ListItem\",\"position\":2,\"name\":\"Semana deve registrar subida de rios e novas enchentes no RS\"}]},{\"@type\":\"WebSite\",\"@id\":\"https:\\\/\\\/folhapopular.info\\\/#website\",\"url\":\"https:\\\/\\\/folhapopular.info\\\/\",\"name\":\"Folha Popular\",\"description\":\"Onde voc\u00ea tem vez e voz\",\"potentialAction\":[{\"@type\":\"SearchAction\",\"target\":{\"@type\":\"EntryPoint\",\"urlTemplate\":\"https:\\\/\\\/folhapopular.info\\\/?s={search_term_string}\"},\"query-input\":{\"@type\":\"PropertyValueSpecification\",\"valueRequired\":true,\"valueName\":\"search_term_string\"}}],\"inLanguage\":\"pt-BR\"},{\"@type\":\"Person\",\"@id\":\"https:\\\/\\\/folhapopular.info\\\/#\\\/schema\\\/person\\\/2814e8a0df7643585a9ca38bc6eb9d4b\",\"name\":\"Reda\u00e7\u00e3o Folha Popular\",\"image\":{\"@type\":\"ImageObject\",\"inLanguage\":\"pt-BR\",\"@id\":\"https:\\\/\\\/folhapopular.info\\\/wp-content\\\/uploads\\\/2026\\\/04\\\/Folha-1.webp\",\"url\":\"https:\\\/\\\/folhapopular.info\\\/wp-content\\\/uploads\\\/2026\\\/04\\\/Folha-1.webp\",\"contentUrl\":\"https:\\\/\\\/folhapopular.info\\\/wp-content\\\/uploads\\\/2026\\\/04\\\/Folha-1.webp\",\"caption\":\"Reda\u00e7\u00e3o Folha Popular\"},\"url\":\"https:\\\/\\\/folhapopular.info\\\/index.php\\\/author\\\/redacao\\\/\"}]}<\/script>\n<!-- \/ Yoast SEO plugin. -->","yoast_head_json":{"title":"Semana deve registrar subida de rios e novas enchentes no RS - Folha Popular","robots":{"index":"index","follow":"follow","max-snippet":"max-snippet:-1","max-image-preview":"max-image-preview:large","max-video-preview":"max-video-preview:-1"},"canonical":"https:\/\/folhapopular.info\/index.php\/2024\/06\/17\/semana-deve-registrar-subida-de-rios-e-novas-enchentes-no-rs\/","og_locale":"pt_BR","og_type":"article","og_title":"Semana deve registrar subida de rios e novas enchentes no RS - Folha Popular","og_description":"A MetSul Meteorologia alerta que, nesta semana, haver\u00e1 novas enchentes no estado, mas menos graves que as observadas em maio. Com base no que j\u00e1 choveu e ainda vai chover, haver\u00e1 cheias de rios devido aos elevados volumes de chuva registrados at\u00e9 agora na Metade Norte ga\u00facha, os quais se somar\u00e3o \u00e0 chuva dos pr\u00f3ximos [&hellip;]","og_url":"https:\/\/folhapopular.info\/index.php\/2024\/06\/17\/semana-deve-registrar-subida-de-rios-e-novas-enchentes-no-rs\/","og_site_name":"Folha Popular","article_published_time":"2024-06-17T11:49:23+00:00","article_modified_time":"2024-06-17T11:49:25+00:00","og_image":[{"width":1366,"height":768,"url":"http:\/\/folhapopular.info\/wp-content\/uploads\/2024\/06\/rios1606g.webp","type":"image\/webp"}],"author":"Reda\u00e7\u00e3o Folha Popular","twitter_card":"summary_large_image","twitter_misc":{"Escrito por":"Reda\u00e7\u00e3o Folha Popular","Est. tempo de leitura":"3 minutos"},"schema":{"@context":"https:\/\/schema.org","@graph":[{"@type":"Article","@id":"https:\/\/folhapopular.info\/index.php\/2024\/06\/17\/semana-deve-registrar-subida-de-rios-e-novas-enchentes-no-rs\/#article","isPartOf":{"@id":"https:\/\/folhapopular.info\/index.php\/2024\/06\/17\/semana-deve-registrar-subida-de-rios-e-novas-enchentes-no-rs\/"},"author":{"name":"Reda\u00e7\u00e3o Folha Popular","@id":"https:\/\/folhapopular.info\/#\/schema\/person\/2814e8a0df7643585a9ca38bc6eb9d4b"},"headline":"Semana deve registrar subida de rios e novas enchentes no RS","datePublished":"2024-06-17T11:49:23+00:00","dateModified":"2024-06-17T11:49:25+00:00","mainEntityOfPage":{"@id":"https:\/\/folhapopular.info\/index.php\/2024\/06\/17\/semana-deve-registrar-subida-de-rios-e-novas-enchentes-no-rs\/"},"wordCount":501,"commentCount":0,"image":{"@id":"https:\/\/folhapopular.info\/index.php\/2024\/06\/17\/semana-deve-registrar-subida-de-rios-e-novas-enchentes-no-rs\/#primaryimage"},"thumbnailUrl":"https:\/\/folhapopular.info\/wp-content\/uploads\/2024\/06\/rios1606g.webp","keywords":["chuva","Enchente","metsul","Rio Taquari","Rios","Vale do Taquari"],"articleSection":["Clima","Destaques","Geral"],"inLanguage":"pt-BR","potentialAction":[{"@type":"CommentAction","name":"Comment","target":["https:\/\/folhapopular.info\/index.php\/2024\/06\/17\/semana-deve-registrar-subida-de-rios-e-novas-enchentes-no-rs\/#respond"]}]},{"@type":"WebPage","@id":"https:\/\/folhapopular.info\/index.php\/2024\/06\/17\/semana-deve-registrar-subida-de-rios-e-novas-enchentes-no-rs\/","url":"https:\/\/folhapopular.info\/index.php\/2024\/06\/17\/semana-deve-registrar-subida-de-rios-e-novas-enchentes-no-rs\/","name":"Semana deve registrar subida de rios e novas enchentes no RS - Folha Popular","isPartOf":{"@id":"https:\/\/folhapopular.info\/#website"},"primaryImageOfPage":{"@id":"https:\/\/folhapopular.info\/index.php\/2024\/06\/17\/semana-deve-registrar-subida-de-rios-e-novas-enchentes-no-rs\/#primaryimage"},"image":{"@id":"https:\/\/folhapopular.info\/index.php\/2024\/06\/17\/semana-deve-registrar-subida-de-rios-e-novas-enchentes-no-rs\/#primaryimage"},"thumbnailUrl":"https:\/\/folhapopular.info\/wp-content\/uploads\/2024\/06\/rios1606g.webp","datePublished":"2024-06-17T11:49:23+00:00","dateModified":"2024-06-17T11:49:25+00:00","author":{"@id":"https:\/\/folhapopular.info\/#\/schema\/person\/2814e8a0df7643585a9ca38bc6eb9d4b"},"breadcrumb":{"@id":"https:\/\/folhapopular.info\/index.php\/2024\/06\/17\/semana-deve-registrar-subida-de-rios-e-novas-enchentes-no-rs\/#breadcrumb"},"inLanguage":"pt-BR","potentialAction":[{"@type":"ReadAction","target":["https:\/\/folhapopular.info\/index.php\/2024\/06\/17\/semana-deve-registrar-subida-de-rios-e-novas-enchentes-no-rs\/"]}]},{"@type":"ImageObject","inLanguage":"pt-BR","@id":"https:\/\/folhapopular.info\/index.php\/2024\/06\/17\/semana-deve-registrar-subida-de-rios-e-novas-enchentes-no-rs\/#primaryimage","url":"https:\/\/folhapopular.info\/wp-content\/uploads\/2024\/06\/rios1606g.webp","contentUrl":"https:\/\/folhapopular.info\/wp-content\/uploads\/2024\/06\/rios1606g.webp","width":1366,"height":768,"caption":"Cr\u00e9dito: Mateus Bonomi \/ Anadolu \/ Metsul"},{"@type":"BreadcrumbList","@id":"https:\/\/folhapopular.info\/index.php\/2024\/06\/17\/semana-deve-registrar-subida-de-rios-e-novas-enchentes-no-rs\/#breadcrumb","itemListElement":[{"@type":"ListItem","position":1,"name":"In\u00edcio","item":"https:\/\/folhapopular.info\/"},{"@type":"ListItem","position":2,"name":"Semana deve registrar subida de rios e novas enchentes no RS"}]},{"@type":"WebSite","@id":"https:\/\/folhapopular.info\/#website","url":"https:\/\/folhapopular.info\/","name":"Folha Popular","description":"Onde voc\u00ea tem vez e voz","potentialAction":[{"@type":"SearchAction","target":{"@type":"EntryPoint","urlTemplate":"https:\/\/folhapopular.info\/?s={search_term_string}"},"query-input":{"@type":"PropertyValueSpecification","valueRequired":true,"valueName":"search_term_string"}}],"inLanguage":"pt-BR"},{"@type":"Person","@id":"https:\/\/folhapopular.info\/#\/schema\/person\/2814e8a0df7643585a9ca38bc6eb9d4b","name":"Reda\u00e7\u00e3o Folha Popular","image":{"@type":"ImageObject","inLanguage":"pt-BR","@id":"https:\/\/folhapopular.info\/wp-content\/uploads\/2026\/04\/Folha-1.webp","url":"https:\/\/folhapopular.info\/wp-content\/uploads\/2026\/04\/Folha-1.webp","contentUrl":"https:\/\/folhapopular.info\/wp-content\/uploads\/2026\/04\/Folha-1.webp","caption":"Reda\u00e7\u00e3o Folha Popular"},"url":"https:\/\/folhapopular.info\/index.php\/author\/redacao\/"}]}},"jetpack_featured_media_url":"https:\/\/folhapopular.info\/wp-content\/uploads\/2024\/06\/rios1606g.webp","jetpack_sharing_enabled":true,"amp_enabled":true,"_links":{"self":[{"href":"https:\/\/folhapopular.info\/index.php\/wp-json\/wp\/v2\/posts\/160326","targetHints":{"allow":["GET"]}}],"collection":[{"href":"https:\/\/folhapopular.info\/index.php\/wp-json\/wp\/v2\/posts"}],"about":[{"href":"https:\/\/folhapopular.info\/index.php\/wp-json\/wp\/v2\/types\/post"}],"author":[{"embeddable":true,"href":"https:\/\/folhapopular.info\/index.php\/wp-json\/wp\/v2\/users\/8"}],"replies":[{"embeddable":true,"href":"https:\/\/folhapopular.info\/index.php\/wp-json\/wp\/v2\/comments?post=160326"}],"version-history":[{"count":0,"href":"https:\/\/folhapopular.info\/index.php\/wp-json\/wp\/v2\/posts\/160326\/revisions"}],"wp:featuredmedia":[{"embeddable":true,"href":"https:\/\/folhapopular.info\/index.php\/wp-json\/wp\/v2\/media\/160329"}],"wp:attachment":[{"href":"https:\/\/folhapopular.info\/index.php\/wp-json\/wp\/v2\/media?parent=160326"}],"wp:term":[{"taxonomy":"category","embeddable":true,"href":"https:\/\/folhapopular.info\/index.php\/wp-json\/wp\/v2\/categories?post=160326"},{"taxonomy":"post_tag","embeddable":true,"href":"https:\/\/folhapopular.info\/index.php\/wp-json\/wp\/v2\/tags?post=160326"}],"curies":[{"name":"wp","href":"https:\/\/api.w.org\/{rel}","templated":true}]}}