{"id":160662,"date":"2024-06-19T17:15:51","date_gmt":"2024-06-19T20:15:51","guid":{"rendered":"https:\/\/folhapopular.info\/?p=160662"},"modified":"2024-06-19T18:10:05","modified_gmt":"2024-06-19T21:10:05","slug":"clair-kuhn-e-nomeado-novo-secretario-do-governo-de-eduardo-leite","status":"publish","type":"post","link":"https:\/\/folhapopular.info\/index.php\/2024\/06\/19\/clair-kuhn-e-nomeado-novo-secretario-do-governo-de-eduardo-leite\/","title":{"rendered":"Clair Kuhn \u00e9 nomeado novo secret\u00e1rio do governo de Eduardo Leite"},"content":{"rendered":"\n<p>O governador do Rio Grande do Sul, Eduardo Leite, anunciou na tarde da quarta-feira (19\/6) que Clair Kuhn ser\u00e1 o novo secret\u00e1rio estadual de Agricultura, Pecu\u00e1ria, Produ\u00e7\u00e3o Sustent\u00e1vel e Irriga\u00e7\u00e3o. Dando sequ\u00eancia ao trabalho realizado pelo deputado Giovani Feltes e ter\u00e1 como foco a realiza\u00e7\u00e3o da Expointer e a recupera\u00e7\u00e3o p\u00f3s-cheias.<\/p>\n\n\n\n<p>Kuhn&nbsp;ocupar\u00e1 o posto exercido interinamente por M\u00e1rcio Madalena, que seguir\u00e1 como secret\u00e1rio-adjunto da pasta. O an\u00fancio foi feito por Leite ao lado do vice-governador Gabriel Souza, no Pal\u00e1cio Piratini.<\/p>\n\n\n\n<p>Clair tem vasta experi\u00eancia no setor p\u00fablico e na \u00e1rea rural, tendo em vista que j\u00e1 foi prefeito, vice-prefeito e vereador da cidade de Quinze de Novembro, bem como atuou na presid\u00eancia da Emater e na Assembleia Legislativa do RS. Tamb\u00e9m integrou a equipe do Minist\u00e9rio da Cidadania e, atualmente, estava como diretor geral adjunto da pasta. O deputado tem 54 anos, \u00e9 cidad\u00e3o ibirubense e filho de produtores rurais. Possui MBA em Gest\u00e3o P\u00fablica. <\/p>\n","protected":false},"excerpt":{"rendered":"<p>O governador do Rio Grande do Sul, Eduardo Leite, anunciou na tarde da quarta-feira (19\/6) que Clair Kuhn ser\u00e1 o novo secret\u00e1rio estadual de Agricultura, Pecu\u00e1ria, Produ\u00e7\u00e3o Sustent\u00e1vel e Irriga\u00e7\u00e3o. Dando sequ\u00eancia ao trabalho realizado pelo deputado Giovani Feltes e ter\u00e1 como foco a realiza\u00e7\u00e3o da Expointer e a recupera\u00e7\u00e3o p\u00f3s-cheias. Kuhn&nbsp;ocupar\u00e1 o posto exercido [&hellip;]<\/p>\n","protected":false},"author":8,"featured_media":160663,"comment_status":"open","ping_status":"open","sticky":false,"template":"","format":"standard","meta":{"pmpro_default_level":"","_jetpack_memberships_contains_paid_content":false,"footnotes":""},"categories":[2,3],"tags":[15306,15307,1794,15308],"class_list":{"0":"post-160662","1":"post","2":"type-post","3":"status-publish","4":"format-standard","5":"has-post-thumbnail","7":"category-featured","8":"category-geral","9":"tag-clair-kuhn","10":"tag-novo-secretario","11":"tag-rio-grande-do-sul","12":"tag-secretaria-de-agricultura-do-rs","13":"pmpro-has-access"},"yoast_head":"<!-- This site is optimized with the Yoast SEO plugin v27.5 - https:\/\/yoast.com\/product\/yoast-seo-wordpress\/ -->\n<title>Clair Kuhn \u00e9 nomeado novo secret\u00e1rio do governo de Eduardo Leite - Folha Popular<\/title>\n<meta name=\"robots\" content=\"index, follow, max-snippet:-1, max-image-preview:large, max-video-preview:-1\" \/>\n<link rel=\"canonical\" href=\"https:\/\/folhapopular.info\/index.php\/2024\/06\/19\/clair-kuhn-e-nomeado-novo-secretario-do-governo-de-eduardo-leite\/\" \/>\n<meta property=\"og:locale\" content=\"pt_BR\" \/>\n<meta property=\"og:type\" content=\"article\" \/>\n<meta property=\"og:title\" content=\"Clair Kuhn \u00e9 nomeado novo secret\u00e1rio do governo de Eduardo Leite - Folha Popular\" \/>\n<meta property=\"og:description\" content=\"O governador do Rio Grande do Sul, Eduardo Leite, anunciou na tarde da quarta-feira (19\/6) que Clair Kuhn ser\u00e1 o novo secret\u00e1rio estadual de Agricultura, Pecu\u00e1ria, Produ\u00e7\u00e3o Sustent\u00e1vel e Irriga\u00e7\u00e3o. Dando sequ\u00eancia ao trabalho realizado pelo deputado Giovani Feltes e ter\u00e1 como foco a realiza\u00e7\u00e3o da Expointer e a recupera\u00e7\u00e3o p\u00f3s-cheias. Kuhn&nbsp;ocupar\u00e1 o posto exercido [&hellip;]\" \/>\n<meta property=\"og:url\" content=\"https:\/\/folhapopular.info\/index.php\/2024\/06\/19\/clair-kuhn-e-nomeado-novo-secretario-do-governo-de-eduardo-leite\/\" \/>\n<meta property=\"og:site_name\" content=\"Folha Popular\" \/>\n<meta property=\"article:published_time\" content=\"2024-06-19T20:15:51+00:00\" \/>\n<meta property=\"article:modified_time\" content=\"2024-06-19T21:10:05+00:00\" \/>\n<meta property=\"og:image\" content=\"http:\/\/folhapopular.info\/wp-content\/uploads\/2024\/06\/GQdhzLlWUAAqo6u-1024x683.png\" \/>\n\t<meta property=\"og:image:width\" content=\"1024\" \/>\n\t<meta property=\"og:image:height\" content=\"683\" \/>\n\t<meta property=\"og:image:type\" content=\"image\/png\" \/>\n<meta name=\"author\" content=\"Reda\u00e7\u00e3o Folha Popular\" \/>\n<meta name=\"twitter:card\" content=\"summary_large_image\" \/>\n<meta name=\"twitter:label1\" content=\"Escrito por\" \/>\n\t<meta name=\"twitter:data1\" content=\"Reda\u00e7\u00e3o Folha Popular\" \/>\n\t<meta name=\"twitter:label2\" content=\"Est. tempo de leitura\" \/>\n\t<meta name=\"twitter:data2\" content=\"2 minutos\" \/>\n<script type=\"application\/ld+json\" class=\"yoast-schema-graph\">{\"@context\":\"https:\\\/\\\/schema.org\",\"@graph\":[{\"@type\":\"Article\",\"@id\":\"https:\\\/\\\/folhapopular.info\\\/index.php\\\/2024\\\/06\\\/19\\\/clair-kuhn-e-nomeado-novo-secretario-do-governo-de-eduardo-leite\\\/#article\",\"isPartOf\":{\"@id\":\"https:\\\/\\\/folhapopular.info\\\/index.php\\\/2024\\\/06\\\/19\\\/clair-kuhn-e-nomeado-novo-secretario-do-governo-de-eduardo-leite\\\/\"},\"author\":{\"name\":\"Reda\u00e7\u00e3o Folha Popular\",\"@id\":\"https:\\\/\\\/folhapopular.info\\\/#\\\/schema\\\/person\\\/2814e8a0df7643585a9ca38bc6eb9d4b\"},\"headline\":\"Clair Kuhn \u00e9 nomeado novo secret\u00e1rio do governo de Eduardo Leite\",\"datePublished\":\"2024-06-19T20:15:51+00:00\",\"dateModified\":\"2024-06-19T21:10:05+00:00\",\"mainEntityOfPage\":{\"@id\":\"https:\\\/\\\/folhapopular.info\\\/index.php\\\/2024\\\/06\\\/19\\\/clair-kuhn-e-nomeado-novo-secretario-do-governo-de-eduardo-leite\\\/\"},\"wordCount\":186,\"commentCount\":0,\"image\":{\"@id\":\"https:\\\/\\\/folhapopular.info\\\/index.php\\\/2024\\\/06\\\/19\\\/clair-kuhn-e-nomeado-novo-secretario-do-governo-de-eduardo-leite\\\/#primaryimage\"},\"thumbnailUrl\":\"https:\\\/\\\/folhapopular.info\\\/wp-content\\\/uploads\\\/2024\\\/06\\\/GQdhzLlWUAAqo6u.png\",\"keywords\":[\"Clair Kuhn\",\"novo secret\u00e1rio\",\"Rio Grande do Sul\",\"Secretaria de Agricultura do RS\"],\"articleSection\":[\"Destaques\",\"Geral\"],\"inLanguage\":\"pt-BR\",\"potentialAction\":[{\"@type\":\"CommentAction\",\"name\":\"Comment\",\"target\":[\"https:\\\/\\\/folhapopular.info\\\/index.php\\\/2024\\\/06\\\/19\\\/clair-kuhn-e-nomeado-novo-secretario-do-governo-de-eduardo-leite\\\/#respond\"]}]},{\"@type\":\"WebPage\",\"@id\":\"https:\\\/\\\/folhapopular.info\\\/index.php\\\/2024\\\/06\\\/19\\\/clair-kuhn-e-nomeado-novo-secretario-do-governo-de-eduardo-leite\\\/\",\"url\":\"https:\\\/\\\/folhapopular.info\\\/index.php\\\/2024\\\/06\\\/19\\\/clair-kuhn-e-nomeado-novo-secretario-do-governo-de-eduardo-leite\\\/\",\"name\":\"Clair Kuhn \u00e9 nomeado novo secret\u00e1rio do governo de Eduardo Leite - Folha Popular\",\"isPartOf\":{\"@id\":\"https:\\\/\\\/folhapopular.info\\\/#website\"},\"primaryImageOfPage\":{\"@id\":\"https:\\\/\\\/folhapopular.info\\\/index.php\\\/2024\\\/06\\\/19\\\/clair-kuhn-e-nomeado-novo-secretario-do-governo-de-eduardo-leite\\\/#primaryimage\"},\"image\":{\"@id\":\"https:\\\/\\\/folhapopular.info\\\/index.php\\\/2024\\\/06\\\/19\\\/clair-kuhn-e-nomeado-novo-secretario-do-governo-de-eduardo-leite\\\/#primaryimage\"},\"thumbnailUrl\":\"https:\\\/\\\/folhapopular.info\\\/wp-content\\\/uploads\\\/2024\\\/06\\\/GQdhzLlWUAAqo6u.png\",\"datePublished\":\"2024-06-19T20:15:51+00:00\",\"dateModified\":\"2024-06-19T21:10:05+00:00\",\"author\":{\"@id\":\"https:\\\/\\\/folhapopular.info\\\/#\\\/schema\\\/person\\\/2814e8a0df7643585a9ca38bc6eb9d4b\"},\"breadcrumb\":{\"@id\":\"https:\\\/\\\/folhapopular.info\\\/index.php\\\/2024\\\/06\\\/19\\\/clair-kuhn-e-nomeado-novo-secretario-do-governo-de-eduardo-leite\\\/#breadcrumb\"},\"inLanguage\":\"pt-BR\",\"potentialAction\":[{\"@type\":\"ReadAction\",\"target\":[\"https:\\\/\\\/folhapopular.info\\\/index.php\\\/2024\\\/06\\\/19\\\/clair-kuhn-e-nomeado-novo-secretario-do-governo-de-eduardo-leite\\\/\"]}]},{\"@type\":\"ImageObject\",\"inLanguage\":\"pt-BR\",\"@id\":\"https:\\\/\\\/folhapopular.info\\\/index.php\\\/2024\\\/06\\\/19\\\/clair-kuhn-e-nomeado-novo-secretario-do-governo-de-eduardo-leite\\\/#primaryimage\",\"url\":\"https:\\\/\\\/folhapopular.info\\\/wp-content\\\/uploads\\\/2024\\\/06\\\/GQdhzLlWUAAqo6u.png\",\"contentUrl\":\"https:\\\/\\\/folhapopular.info\\\/wp-content\\\/uploads\\\/2024\\\/06\\\/GQdhzLlWUAAqo6u.png\",\"width\":2048,\"height\":1366,\"caption\":\"Cr\u00e9dito: Divulga\u00e7\u00e3o\"},{\"@type\":\"BreadcrumbList\",\"@id\":\"https:\\\/\\\/folhapopular.info\\\/index.php\\\/2024\\\/06\\\/19\\\/clair-kuhn-e-nomeado-novo-secretario-do-governo-de-eduardo-leite\\\/#breadcrumb\",\"itemListElement\":[{\"@type\":\"ListItem\",\"position\":1,\"name\":\"In\u00edcio\",\"item\":\"https:\\\/\\\/folhapopular.info\\\/\"},{\"@type\":\"ListItem\",\"position\":2,\"name\":\"Clair Kuhn \u00e9 nomeado novo secret\u00e1rio do governo de Eduardo Leite\"}]},{\"@type\":\"WebSite\",\"@id\":\"https:\\\/\\\/folhapopular.info\\\/#website\",\"url\":\"https:\\\/\\\/folhapopular.info\\\/\",\"name\":\"Folha Popular\",\"description\":\"Onde voc\u00ea tem vez e voz\",\"potentialAction\":[{\"@type\":\"SearchAction\",\"target\":{\"@type\":\"EntryPoint\",\"urlTemplate\":\"https:\\\/\\\/folhapopular.info\\\/?s={search_term_string}\"},\"query-input\":{\"@type\":\"PropertyValueSpecification\",\"valueRequired\":true,\"valueName\":\"search_term_string\"}}],\"inLanguage\":\"pt-BR\"},{\"@type\":\"Person\",\"@id\":\"https:\\\/\\\/folhapopular.info\\\/#\\\/schema\\\/person\\\/2814e8a0df7643585a9ca38bc6eb9d4b\",\"name\":\"Reda\u00e7\u00e3o Folha Popular\",\"image\":{\"@type\":\"ImageObject\",\"inLanguage\":\"pt-BR\",\"@id\":\"https:\\\/\\\/folhapopular.info\\\/wp-content\\\/uploads\\\/2026\\\/04\\\/Folha-1.webp\",\"url\":\"https:\\\/\\\/folhapopular.info\\\/wp-content\\\/uploads\\\/2026\\\/04\\\/Folha-1.webp\",\"contentUrl\":\"https:\\\/\\\/folhapopular.info\\\/wp-content\\\/uploads\\\/2026\\\/04\\\/Folha-1.webp\",\"caption\":\"Reda\u00e7\u00e3o Folha Popular\"},\"url\":\"https:\\\/\\\/folhapopular.info\\\/index.php\\\/author\\\/redacao\\\/\"}]}<\/script>\n<!-- \/ Yoast SEO plugin. -->","yoast_head_json":{"title":"Clair Kuhn \u00e9 nomeado novo secret\u00e1rio do governo de Eduardo Leite - Folha Popular","robots":{"index":"index","follow":"follow","max-snippet":"max-snippet:-1","max-image-preview":"max-image-preview:large","max-video-preview":"max-video-preview:-1"},"canonical":"https:\/\/folhapopular.info\/index.php\/2024\/06\/19\/clair-kuhn-e-nomeado-novo-secretario-do-governo-de-eduardo-leite\/","og_locale":"pt_BR","og_type":"article","og_title":"Clair Kuhn \u00e9 nomeado novo secret\u00e1rio do governo de Eduardo Leite - Folha Popular","og_description":"O governador do Rio Grande do Sul, Eduardo Leite, anunciou na tarde da quarta-feira (19\/6) que Clair Kuhn ser\u00e1 o novo secret\u00e1rio estadual de Agricultura, Pecu\u00e1ria, Produ\u00e7\u00e3o Sustent\u00e1vel e Irriga\u00e7\u00e3o. Dando sequ\u00eancia ao trabalho realizado pelo deputado Giovani Feltes e ter\u00e1 como foco a realiza\u00e7\u00e3o da Expointer e a recupera\u00e7\u00e3o p\u00f3s-cheias. Kuhn&nbsp;ocupar\u00e1 o posto exercido [&hellip;]","og_url":"https:\/\/folhapopular.info\/index.php\/2024\/06\/19\/clair-kuhn-e-nomeado-novo-secretario-do-governo-de-eduardo-leite\/","og_site_name":"Folha Popular","article_published_time":"2024-06-19T20:15:51+00:00","article_modified_time":"2024-06-19T21:10:05+00:00","og_image":[{"width":1024,"height":683,"url":"http:\/\/folhapopular.info\/wp-content\/uploads\/2024\/06\/GQdhzLlWUAAqo6u-1024x683.png","type":"image\/png"}],"author":"Reda\u00e7\u00e3o Folha Popular","twitter_card":"summary_large_image","twitter_misc":{"Escrito por":"Reda\u00e7\u00e3o Folha Popular","Est. tempo de leitura":"2 minutos"},"schema":{"@context":"https:\/\/schema.org","@graph":[{"@type":"Article","@id":"https:\/\/folhapopular.info\/index.php\/2024\/06\/19\/clair-kuhn-e-nomeado-novo-secretario-do-governo-de-eduardo-leite\/#article","isPartOf":{"@id":"https:\/\/folhapopular.info\/index.php\/2024\/06\/19\/clair-kuhn-e-nomeado-novo-secretario-do-governo-de-eduardo-leite\/"},"author":{"name":"Reda\u00e7\u00e3o Folha Popular","@id":"https:\/\/folhapopular.info\/#\/schema\/person\/2814e8a0df7643585a9ca38bc6eb9d4b"},"headline":"Clair Kuhn \u00e9 nomeado novo secret\u00e1rio do governo de Eduardo Leite","datePublished":"2024-06-19T20:15:51+00:00","dateModified":"2024-06-19T21:10:05+00:00","mainEntityOfPage":{"@id":"https:\/\/folhapopular.info\/index.php\/2024\/06\/19\/clair-kuhn-e-nomeado-novo-secretario-do-governo-de-eduardo-leite\/"},"wordCount":186,"commentCount":0,"image":{"@id":"https:\/\/folhapopular.info\/index.php\/2024\/06\/19\/clair-kuhn-e-nomeado-novo-secretario-do-governo-de-eduardo-leite\/#primaryimage"},"thumbnailUrl":"https:\/\/folhapopular.info\/wp-content\/uploads\/2024\/06\/GQdhzLlWUAAqo6u.png","keywords":["Clair Kuhn","novo secret\u00e1rio","Rio Grande do Sul","Secretaria de Agricultura do RS"],"articleSection":["Destaques","Geral"],"inLanguage":"pt-BR","potentialAction":[{"@type":"CommentAction","name":"Comment","target":["https:\/\/folhapopular.info\/index.php\/2024\/06\/19\/clair-kuhn-e-nomeado-novo-secretario-do-governo-de-eduardo-leite\/#respond"]}]},{"@type":"WebPage","@id":"https:\/\/folhapopular.info\/index.php\/2024\/06\/19\/clair-kuhn-e-nomeado-novo-secretario-do-governo-de-eduardo-leite\/","url":"https:\/\/folhapopular.info\/index.php\/2024\/06\/19\/clair-kuhn-e-nomeado-novo-secretario-do-governo-de-eduardo-leite\/","name":"Clair Kuhn \u00e9 nomeado novo secret\u00e1rio do governo de Eduardo Leite - Folha Popular","isPartOf":{"@id":"https:\/\/folhapopular.info\/#website"},"primaryImageOfPage":{"@id":"https:\/\/folhapopular.info\/index.php\/2024\/06\/19\/clair-kuhn-e-nomeado-novo-secretario-do-governo-de-eduardo-leite\/#primaryimage"},"image":{"@id":"https:\/\/folhapopular.info\/index.php\/2024\/06\/19\/clair-kuhn-e-nomeado-novo-secretario-do-governo-de-eduardo-leite\/#primaryimage"},"thumbnailUrl":"https:\/\/folhapopular.info\/wp-content\/uploads\/2024\/06\/GQdhzLlWUAAqo6u.png","datePublished":"2024-06-19T20:15:51+00:00","dateModified":"2024-06-19T21:10:05+00:00","author":{"@id":"https:\/\/folhapopular.info\/#\/schema\/person\/2814e8a0df7643585a9ca38bc6eb9d4b"},"breadcrumb":{"@id":"https:\/\/folhapopular.info\/index.php\/2024\/06\/19\/clair-kuhn-e-nomeado-novo-secretario-do-governo-de-eduardo-leite\/#breadcrumb"},"inLanguage":"pt-BR","potentialAction":[{"@type":"ReadAction","target":["https:\/\/folhapopular.info\/index.php\/2024\/06\/19\/clair-kuhn-e-nomeado-novo-secretario-do-governo-de-eduardo-leite\/"]}]},{"@type":"ImageObject","inLanguage":"pt-BR","@id":"https:\/\/folhapopular.info\/index.php\/2024\/06\/19\/clair-kuhn-e-nomeado-novo-secretario-do-governo-de-eduardo-leite\/#primaryimage","url":"https:\/\/folhapopular.info\/wp-content\/uploads\/2024\/06\/GQdhzLlWUAAqo6u.png","contentUrl":"https:\/\/folhapopular.info\/wp-content\/uploads\/2024\/06\/GQdhzLlWUAAqo6u.png","width":2048,"height":1366,"caption":"Cr\u00e9dito: Divulga\u00e7\u00e3o"},{"@type":"BreadcrumbList","@id":"https:\/\/folhapopular.info\/index.php\/2024\/06\/19\/clair-kuhn-e-nomeado-novo-secretario-do-governo-de-eduardo-leite\/#breadcrumb","itemListElement":[{"@type":"ListItem","position":1,"name":"In\u00edcio","item":"https:\/\/folhapopular.info\/"},{"@type":"ListItem","position":2,"name":"Clair Kuhn \u00e9 nomeado novo secret\u00e1rio do governo de Eduardo Leite"}]},{"@type":"WebSite","@id":"https:\/\/folhapopular.info\/#website","url":"https:\/\/folhapopular.info\/","name":"Folha Popular","description":"Onde voc\u00ea tem vez e voz","potentialAction":[{"@type":"SearchAction","target":{"@type":"EntryPoint","urlTemplate":"https:\/\/folhapopular.info\/?s={search_term_string}"},"query-input":{"@type":"PropertyValueSpecification","valueRequired":true,"valueName":"search_term_string"}}],"inLanguage":"pt-BR"},{"@type":"Person","@id":"https:\/\/folhapopular.info\/#\/schema\/person\/2814e8a0df7643585a9ca38bc6eb9d4b","name":"Reda\u00e7\u00e3o Folha Popular","image":{"@type":"ImageObject","inLanguage":"pt-BR","@id":"https:\/\/folhapopular.info\/wp-content\/uploads\/2026\/04\/Folha-1.webp","url":"https:\/\/folhapopular.info\/wp-content\/uploads\/2026\/04\/Folha-1.webp","contentUrl":"https:\/\/folhapopular.info\/wp-content\/uploads\/2026\/04\/Folha-1.webp","caption":"Reda\u00e7\u00e3o Folha Popular"},"url":"https:\/\/folhapopular.info\/index.php\/author\/redacao\/"}]}},"jetpack_featured_media_url":"https:\/\/folhapopular.info\/wp-content\/uploads\/2024\/06\/GQdhzLlWUAAqo6u.png","jetpack_sharing_enabled":true,"amp_enabled":true,"_links":{"self":[{"href":"https:\/\/folhapopular.info\/index.php\/wp-json\/wp\/v2\/posts\/160662","targetHints":{"allow":["GET"]}}],"collection":[{"href":"https:\/\/folhapopular.info\/index.php\/wp-json\/wp\/v2\/posts"}],"about":[{"href":"https:\/\/folhapopular.info\/index.php\/wp-json\/wp\/v2\/types\/post"}],"author":[{"embeddable":true,"href":"https:\/\/folhapopular.info\/index.php\/wp-json\/wp\/v2\/users\/8"}],"replies":[{"embeddable":true,"href":"https:\/\/folhapopular.info\/index.php\/wp-json\/wp\/v2\/comments?post=160662"}],"version-history":[{"count":0,"href":"https:\/\/folhapopular.info\/index.php\/wp-json\/wp\/v2\/posts\/160662\/revisions"}],"wp:featuredmedia":[{"embeddable":true,"href":"https:\/\/folhapopular.info\/index.php\/wp-json\/wp\/v2\/media\/160663"}],"wp:attachment":[{"href":"https:\/\/folhapopular.info\/index.php\/wp-json\/wp\/v2\/media?parent=160662"}],"wp:term":[{"taxonomy":"category","embeddable":true,"href":"https:\/\/folhapopular.info\/index.php\/wp-json\/wp\/v2\/categories?post=160662"},{"taxonomy":"post_tag","embeddable":true,"href":"https:\/\/folhapopular.info\/index.php\/wp-json\/wp\/v2\/tags?post=160662"}],"curies":[{"name":"wp","href":"https:\/\/api.w.org\/{rel}","templated":true}]}}