{"id":160781,"date":"2024-06-21T09:41:42","date_gmt":"2024-06-21T12:41:42","guid":{"rendered":"https:\/\/folhapopular.info\/?p=160781"},"modified":"2024-06-21T09:41:45","modified_gmt":"2024-06-21T12:41:45","slug":"comitiva-realiza-audiencia-publica-em-roca-sales-sobre-acoes-de-enfrentamento-a-catastrofe-no-rs","status":"publish","type":"post","link":"https:\/\/folhapopular.info\/index.php\/2024\/06\/21\/comitiva-realiza-audiencia-publica-em-roca-sales-sobre-acoes-de-enfrentamento-a-catastrofe-no-rs\/","title":{"rendered":"Comitiva realiza audi\u00eancia p\u00fablica em Roca Sales sobre a\u00e7\u00f5es de enfrentamento \u00e0 catastrofe no RS"},"content":{"rendered":"\n<p>Seis senadores estiveram no Vale do Taquari na quinta-feira (20\/6). A comitiva formada por Paulo Paim (PT-RS),<br>Ireneu Orth (PP-RS),Hamilton Mour\u00e3o (Republicanos-RS), Luiz Carlos Heinze (PP-RS), Jorge Kajuru (PSB-GO),Leila Barros (PDT-DF) integra a Comiss\u00e3o Tempor\u00e1ria Externa que acompanha as a\u00e7\u00f5es de enfrentamento da calamidade no Rio Grande do Sul.<\/p>\n\n\n\n<p>O roteiro incluiu visitas a Roca Sales, Lajeado e Encantado, onde foi realizada uma audi\u00eancia p\u00fablica no Audit\u00f3rio Brasil, da Prefeitura, com a participa\u00e7\u00e3o da comunidade regional.<\/p>\n\n\n\n<p>Em Roca Sales, o grupo esteve na propriedade rural de Loren\u00e7o Caneppele, na Linha Bento Gon\u00e7alves. Acompanhado da esposa , filhos e seus pais, o produtor revelou que a \u00e1rea de Terra pertence \u00e0 fam\u00edlia h\u00e1 mais de 130 anos. A cheia do Rio Taquari destruiu a lavoura, bem como a resid\u00eancia. Emocionado, Caneppelle pediu apoio dos senadores e destacou que, se n\u00e3o houver anistia, subs\u00eddios, ser\u00e1 imposs\u00edvel recome\u00e7ar, tampouco honrar os compromissos.<\/p>\n\n\n\n<p>Durante a audi\u00eancia, a qual Roca Sales foi representada pelo prefeito Amilton Fontana, presidente da C\u00e2mara, Jaquisele dos Santos; presidente do STR, Gilmar Bernstein; e chefe do escrit\u00f3rio local da Emater, Guilherme Miritz<strong>, os senadores ouviram as sugest\u00f5es de medidas que possam amenizar os problemas enfrentados pela regi\u00e3o, especialmente no \u00e2mbito da reconstru\u00e7\u00e3o de moradias, dragagem do Rio Taquari e retomada do com\u00e9rcio e ind\u00fastrias<\/strong>.<\/p>\n\n\n\n<p>Ap\u00f3s, o senador Luiz Carlos Heinze reuniu prefeitos e demais autoridades e prop\u00f4s uma uni\u00e3o s\u00f3lida e definitiva entre os munic\u00edpios para avan\u00e7ar nos estudos e a\u00e7\u00f5es que recuperem a Bacia Taquari-Antas;<\/p>\n\n\n\n<p>Para o pressidente da CIC VT, \u00c2ngelo Fontana, a presen\u00e7a da comitiva, com &#8220;os p\u00e9s sujos de barro&#8221; foi fundamental para o conhecimento da realidade do Vale. &#8220;Eles tiveram a dimens\u00e3o exata do quanto Roca Sales e regi\u00e3o precisam de ajuda&#8221;, pontua.<\/p>\n\n\n\n<p>Criada pelo presidente do Senado, Rodrigo Pacheco (PSD-MG), a comiss\u00e3o tem o objetivo de centralizar os pedidos de projetos de lei e emendas constitucionais de interesse do Rio Grande do Sul ap\u00f3s as cheias. O encontro da quinta-feira foi organizado pela suplente do senador Paim e agricultora familiar, Cleonice Back.<\/p>\n\n\n\n<p><\/p>\n","protected":false},"excerpt":{"rendered":"<p>Seis senadores estiveram no Vale do Taquari na quinta-feira (20\/6). A comitiva formada por Paulo Paim (PT-RS),Ireneu Orth (PP-RS),Hamilton Mour\u00e3o (Republicanos-RS), Luiz Carlos Heinze (PP-RS), Jorge Kajuru (PSB-GO),Leila Barros (PDT-DF) integra a Comiss\u00e3o Tempor\u00e1ria Externa que acompanha as a\u00e7\u00f5es de enfrentamento da calamidade no Rio Grande do Sul. O roteiro incluiu visitas a Roca Sales, [&hellip;]<\/p>\n","protected":false},"author":8,"featured_media":160786,"comment_status":"open","ping_status":"open","sticky":false,"template":"","format":"standard","meta":{"pmpro_default_level":"","_jetpack_memberships_contains_paid_content":false,"footnotes":""},"categories":[14970,3],"tags":[5057,15327,5847,27,1794,707],"class_list":{"0":"post-160781","1":"post","2":"type-post","3":"status-publish","4":"format-standard","5":"has-post-thumbnail","7":"category-enchentes","8":"category-geral","9":"tag-comitiva","10":"tag-enfrentamento-da-catastrofe","11":"tag-governo-federal","12":"tag-lajeado","13":"tag-rio-grande-do-sul","14":"tag-roca-sales","15":"pmpro-has-access"},"yoast_head":"<!-- This site is optimized with the Yoast SEO plugin v27.5 - https:\/\/yoast.com\/product\/yoast-seo-wordpress\/ -->\n<title>Comitiva realiza audi\u00eancia p\u00fablica em Roca Sales sobre a\u00e7\u00f5es de enfrentamento \u00e0 catastrofe no RS - Folha Popular<\/title>\n<meta name=\"robots\" content=\"index, follow, max-snippet:-1, max-image-preview:large, max-video-preview:-1\" \/>\n<link rel=\"canonical\" href=\"https:\/\/folhapopular.info\/index.php\/2024\/06\/21\/comitiva-realiza-audiencia-publica-em-roca-sales-sobre-acoes-de-enfrentamento-a-catastrofe-no-rs\/\" \/>\n<meta property=\"og:locale\" content=\"pt_BR\" \/>\n<meta property=\"og:type\" content=\"article\" \/>\n<meta property=\"og:title\" content=\"Comitiva realiza audi\u00eancia p\u00fablica em Roca Sales sobre a\u00e7\u00f5es de enfrentamento \u00e0 catastrofe no RS - Folha Popular\" \/>\n<meta property=\"og:description\" content=\"Seis senadores estiveram no Vale do Taquari na quinta-feira (20\/6). A comitiva formada por Paulo Paim (PT-RS),Ireneu Orth (PP-RS),Hamilton Mour\u00e3o (Republicanos-RS), Luiz Carlos Heinze (PP-RS), Jorge Kajuru (PSB-GO),Leila Barros (PDT-DF) integra a Comiss\u00e3o Tempor\u00e1ria Externa que acompanha as a\u00e7\u00f5es de enfrentamento da calamidade no Rio Grande do Sul. O roteiro incluiu visitas a Roca Sales, [&hellip;]\" \/>\n<meta property=\"og:url\" content=\"https:\/\/folhapopular.info\/index.php\/2024\/06\/21\/comitiva-realiza-audiencia-publica-em-roca-sales-sobre-acoes-de-enfrentamento-a-catastrofe-no-rs\/\" \/>\n<meta property=\"og:site_name\" content=\"Folha Popular\" \/>\n<meta property=\"article:published_time\" content=\"2024-06-21T12:41:42+00:00\" \/>\n<meta property=\"article:modified_time\" content=\"2024-06-21T12:41:45+00:00\" \/>\n<meta property=\"og:image\" content=\"http:\/\/folhapopular.info\/wp-content\/uploads\/2024\/06\/WhatsApp-Image-2024-06-21-at-09.39.05.jpeg\" \/>\n\t<meta property=\"og:image:width\" content=\"515\" \/>\n\t<meta property=\"og:image:height\" content=\"458\" \/>\n\t<meta property=\"og:image:type\" content=\"image\/jpeg\" \/>\n<meta name=\"author\" content=\"Reda\u00e7\u00e3o Folha Popular\" \/>\n<meta name=\"twitter:card\" content=\"summary_large_image\" \/>\n<meta name=\"twitter:label1\" content=\"Escrito por\" \/>\n\t<meta name=\"twitter:data1\" content=\"Reda\u00e7\u00e3o Folha Popular\" \/>\n\t<meta name=\"twitter:label2\" content=\"Est. tempo de leitura\" \/>\n\t<meta name=\"twitter:data2\" content=\"3 minutos\" \/>\n<script type=\"application\/ld+json\" class=\"yoast-schema-graph\">{\"@context\":\"https:\\\/\\\/schema.org\",\"@graph\":[{\"@type\":\"Article\",\"@id\":\"https:\\\/\\\/folhapopular.info\\\/index.php\\\/2024\\\/06\\\/21\\\/comitiva-realiza-audiencia-publica-em-roca-sales-sobre-acoes-de-enfrentamento-a-catastrofe-no-rs\\\/#article\",\"isPartOf\":{\"@id\":\"https:\\\/\\\/folhapopular.info\\\/index.php\\\/2024\\\/06\\\/21\\\/comitiva-realiza-audiencia-publica-em-roca-sales-sobre-acoes-de-enfrentamento-a-catastrofe-no-rs\\\/\"},\"author\":{\"name\":\"Reda\u00e7\u00e3o Folha Popular\",\"@id\":\"https:\\\/\\\/folhapopular.info\\\/#\\\/schema\\\/person\\\/2814e8a0df7643585a9ca38bc6eb9d4b\"},\"headline\":\"Comitiva realiza audi\u00eancia p\u00fablica em Roca Sales sobre a\u00e7\u00f5es de enfrentamento \u00e0 catastrofe no RS\",\"datePublished\":\"2024-06-21T12:41:42+00:00\",\"dateModified\":\"2024-06-21T12:41:45+00:00\",\"mainEntityOfPage\":{\"@id\":\"https:\\\/\\\/folhapopular.info\\\/index.php\\\/2024\\\/06\\\/21\\\/comitiva-realiza-audiencia-publica-em-roca-sales-sobre-acoes-de-enfrentamento-a-catastrofe-no-rs\\\/\"},\"wordCount\":390,\"commentCount\":0,\"image\":{\"@id\":\"https:\\\/\\\/folhapopular.info\\\/index.php\\\/2024\\\/06\\\/21\\\/comitiva-realiza-audiencia-publica-em-roca-sales-sobre-acoes-de-enfrentamento-a-catastrofe-no-rs\\\/#primaryimage\"},\"thumbnailUrl\":\"https:\\\/\\\/folhapopular.info\\\/wp-content\\\/uploads\\\/2024\\\/06\\\/WhatsApp-Image-2024-06-21-at-09.39.05.jpeg\",\"keywords\":[\"comitiva\",\"Enfrentamento da cat\u00e1strofe\",\"Governo Federal\",\"Lajeado\",\"Rio Grande do Sul\",\"Roca Sales\"],\"articleSection\":[\"Enchentes\",\"Geral\"],\"inLanguage\":\"pt-BR\",\"potentialAction\":[{\"@type\":\"CommentAction\",\"name\":\"Comment\",\"target\":[\"https:\\\/\\\/folhapopular.info\\\/index.php\\\/2024\\\/06\\\/21\\\/comitiva-realiza-audiencia-publica-em-roca-sales-sobre-acoes-de-enfrentamento-a-catastrofe-no-rs\\\/#respond\"]}]},{\"@type\":\"WebPage\",\"@id\":\"https:\\\/\\\/folhapopular.info\\\/index.php\\\/2024\\\/06\\\/21\\\/comitiva-realiza-audiencia-publica-em-roca-sales-sobre-acoes-de-enfrentamento-a-catastrofe-no-rs\\\/\",\"url\":\"https:\\\/\\\/folhapopular.info\\\/index.php\\\/2024\\\/06\\\/21\\\/comitiva-realiza-audiencia-publica-em-roca-sales-sobre-acoes-de-enfrentamento-a-catastrofe-no-rs\\\/\",\"name\":\"Comitiva realiza audi\u00eancia p\u00fablica em Roca Sales sobre a\u00e7\u00f5es de enfrentamento \u00e0 catastrofe no RS - Folha Popular\",\"isPartOf\":{\"@id\":\"https:\\\/\\\/folhapopular.info\\\/#website\"},\"primaryImageOfPage\":{\"@id\":\"https:\\\/\\\/folhapopular.info\\\/index.php\\\/2024\\\/06\\\/21\\\/comitiva-realiza-audiencia-publica-em-roca-sales-sobre-acoes-de-enfrentamento-a-catastrofe-no-rs\\\/#primaryimage\"},\"image\":{\"@id\":\"https:\\\/\\\/folhapopular.info\\\/index.php\\\/2024\\\/06\\\/21\\\/comitiva-realiza-audiencia-publica-em-roca-sales-sobre-acoes-de-enfrentamento-a-catastrofe-no-rs\\\/#primaryimage\"},\"thumbnailUrl\":\"https:\\\/\\\/folhapopular.info\\\/wp-content\\\/uploads\\\/2024\\\/06\\\/WhatsApp-Image-2024-06-21-at-09.39.05.jpeg\",\"datePublished\":\"2024-06-21T12:41:42+00:00\",\"dateModified\":\"2024-06-21T12:41:45+00:00\",\"author\":{\"@id\":\"https:\\\/\\\/folhapopular.info\\\/#\\\/schema\\\/person\\\/2814e8a0df7643585a9ca38bc6eb9d4b\"},\"breadcrumb\":{\"@id\":\"https:\\\/\\\/folhapopular.info\\\/index.php\\\/2024\\\/06\\\/21\\\/comitiva-realiza-audiencia-publica-em-roca-sales-sobre-acoes-de-enfrentamento-a-catastrofe-no-rs\\\/#breadcrumb\"},\"inLanguage\":\"pt-BR\",\"potentialAction\":[{\"@type\":\"ReadAction\",\"target\":[\"https:\\\/\\\/folhapopular.info\\\/index.php\\\/2024\\\/06\\\/21\\\/comitiva-realiza-audiencia-publica-em-roca-sales-sobre-acoes-de-enfrentamento-a-catastrofe-no-rs\\\/\"]}]},{\"@type\":\"ImageObject\",\"inLanguage\":\"pt-BR\",\"@id\":\"https:\\\/\\\/folhapopular.info\\\/index.php\\\/2024\\\/06\\\/21\\\/comitiva-realiza-audiencia-publica-em-roca-sales-sobre-acoes-de-enfrentamento-a-catastrofe-no-rs\\\/#primaryimage\",\"url\":\"https:\\\/\\\/folhapopular.info\\\/wp-content\\\/uploads\\\/2024\\\/06\\\/WhatsApp-Image-2024-06-21-at-09.39.05.jpeg\",\"contentUrl\":\"https:\\\/\\\/folhapopular.info\\\/wp-content\\\/uploads\\\/2024\\\/06\\\/WhatsApp-Image-2024-06-21-at-09.39.05.jpeg\",\"width\":515,\"height\":458,\"caption\":\"Cr\u00e9dito: Divulga\u00e7\u00e3o\\\/AI Roca Sales\"},{\"@type\":\"BreadcrumbList\",\"@id\":\"https:\\\/\\\/folhapopular.info\\\/index.php\\\/2024\\\/06\\\/21\\\/comitiva-realiza-audiencia-publica-em-roca-sales-sobre-acoes-de-enfrentamento-a-catastrofe-no-rs\\\/#breadcrumb\",\"itemListElement\":[{\"@type\":\"ListItem\",\"position\":1,\"name\":\"In\u00edcio\",\"item\":\"https:\\\/\\\/folhapopular.info\\\/\"},{\"@type\":\"ListItem\",\"position\":2,\"name\":\"Comitiva realiza audi\u00eancia p\u00fablica em Roca Sales sobre a\u00e7\u00f5es de enfrentamento \u00e0 catastrofe no RS\"}]},{\"@type\":\"WebSite\",\"@id\":\"https:\\\/\\\/folhapopular.info\\\/#website\",\"url\":\"https:\\\/\\\/folhapopular.info\\\/\",\"name\":\"Folha Popular\",\"description\":\"Onde voc\u00ea tem vez e voz\",\"potentialAction\":[{\"@type\":\"SearchAction\",\"target\":{\"@type\":\"EntryPoint\",\"urlTemplate\":\"https:\\\/\\\/folhapopular.info\\\/?s={search_term_string}\"},\"query-input\":{\"@type\":\"PropertyValueSpecification\",\"valueRequired\":true,\"valueName\":\"search_term_string\"}}],\"inLanguage\":\"pt-BR\"},{\"@type\":\"Person\",\"@id\":\"https:\\\/\\\/folhapopular.info\\\/#\\\/schema\\\/person\\\/2814e8a0df7643585a9ca38bc6eb9d4b\",\"name\":\"Reda\u00e7\u00e3o Folha Popular\",\"image\":{\"@type\":\"ImageObject\",\"inLanguage\":\"pt-BR\",\"@id\":\"https:\\\/\\\/folhapopular.info\\\/wp-content\\\/uploads\\\/2026\\\/04\\\/Folha-1.webp\",\"url\":\"https:\\\/\\\/folhapopular.info\\\/wp-content\\\/uploads\\\/2026\\\/04\\\/Folha-1.webp\",\"contentUrl\":\"https:\\\/\\\/folhapopular.info\\\/wp-content\\\/uploads\\\/2026\\\/04\\\/Folha-1.webp\",\"caption\":\"Reda\u00e7\u00e3o Folha Popular\"},\"url\":\"https:\\\/\\\/folhapopular.info\\\/index.php\\\/author\\\/redacao\\\/\"}]}<\/script>\n<!-- \/ Yoast SEO plugin. -->","yoast_head_json":{"title":"Comitiva realiza audi\u00eancia p\u00fablica em Roca Sales sobre a\u00e7\u00f5es de enfrentamento \u00e0 catastrofe no RS - Folha Popular","robots":{"index":"index","follow":"follow","max-snippet":"max-snippet:-1","max-image-preview":"max-image-preview:large","max-video-preview":"max-video-preview:-1"},"canonical":"https:\/\/folhapopular.info\/index.php\/2024\/06\/21\/comitiva-realiza-audiencia-publica-em-roca-sales-sobre-acoes-de-enfrentamento-a-catastrofe-no-rs\/","og_locale":"pt_BR","og_type":"article","og_title":"Comitiva realiza audi\u00eancia p\u00fablica em Roca Sales sobre a\u00e7\u00f5es de enfrentamento \u00e0 catastrofe no RS - Folha Popular","og_description":"Seis senadores estiveram no Vale do Taquari na quinta-feira (20\/6). A comitiva formada por Paulo Paim (PT-RS),Ireneu Orth (PP-RS),Hamilton Mour\u00e3o (Republicanos-RS), Luiz Carlos Heinze (PP-RS), Jorge Kajuru (PSB-GO),Leila Barros (PDT-DF) integra a Comiss\u00e3o Tempor\u00e1ria Externa que acompanha as a\u00e7\u00f5es de enfrentamento da calamidade no Rio Grande do Sul. O roteiro incluiu visitas a Roca Sales, [&hellip;]","og_url":"https:\/\/folhapopular.info\/index.php\/2024\/06\/21\/comitiva-realiza-audiencia-publica-em-roca-sales-sobre-acoes-de-enfrentamento-a-catastrofe-no-rs\/","og_site_name":"Folha Popular","article_published_time":"2024-06-21T12:41:42+00:00","article_modified_time":"2024-06-21T12:41:45+00:00","og_image":[{"width":515,"height":458,"url":"http:\/\/folhapopular.info\/wp-content\/uploads\/2024\/06\/WhatsApp-Image-2024-06-21-at-09.39.05.jpeg","type":"image\/jpeg"}],"author":"Reda\u00e7\u00e3o Folha Popular","twitter_card":"summary_large_image","twitter_misc":{"Escrito por":"Reda\u00e7\u00e3o Folha Popular","Est. tempo de leitura":"3 minutos"},"schema":{"@context":"https:\/\/schema.org","@graph":[{"@type":"Article","@id":"https:\/\/folhapopular.info\/index.php\/2024\/06\/21\/comitiva-realiza-audiencia-publica-em-roca-sales-sobre-acoes-de-enfrentamento-a-catastrofe-no-rs\/#article","isPartOf":{"@id":"https:\/\/folhapopular.info\/index.php\/2024\/06\/21\/comitiva-realiza-audiencia-publica-em-roca-sales-sobre-acoes-de-enfrentamento-a-catastrofe-no-rs\/"},"author":{"name":"Reda\u00e7\u00e3o Folha Popular","@id":"https:\/\/folhapopular.info\/#\/schema\/person\/2814e8a0df7643585a9ca38bc6eb9d4b"},"headline":"Comitiva realiza audi\u00eancia p\u00fablica em Roca Sales sobre a\u00e7\u00f5es de enfrentamento \u00e0 catastrofe no RS","datePublished":"2024-06-21T12:41:42+00:00","dateModified":"2024-06-21T12:41:45+00:00","mainEntityOfPage":{"@id":"https:\/\/folhapopular.info\/index.php\/2024\/06\/21\/comitiva-realiza-audiencia-publica-em-roca-sales-sobre-acoes-de-enfrentamento-a-catastrofe-no-rs\/"},"wordCount":390,"commentCount":0,"image":{"@id":"https:\/\/folhapopular.info\/index.php\/2024\/06\/21\/comitiva-realiza-audiencia-publica-em-roca-sales-sobre-acoes-de-enfrentamento-a-catastrofe-no-rs\/#primaryimage"},"thumbnailUrl":"https:\/\/folhapopular.info\/wp-content\/uploads\/2024\/06\/WhatsApp-Image-2024-06-21-at-09.39.05.jpeg","keywords":["comitiva","Enfrentamento da cat\u00e1strofe","Governo Federal","Lajeado","Rio Grande do Sul","Roca Sales"],"articleSection":["Enchentes","Geral"],"inLanguage":"pt-BR","potentialAction":[{"@type":"CommentAction","name":"Comment","target":["https:\/\/folhapopular.info\/index.php\/2024\/06\/21\/comitiva-realiza-audiencia-publica-em-roca-sales-sobre-acoes-de-enfrentamento-a-catastrofe-no-rs\/#respond"]}]},{"@type":"WebPage","@id":"https:\/\/folhapopular.info\/index.php\/2024\/06\/21\/comitiva-realiza-audiencia-publica-em-roca-sales-sobre-acoes-de-enfrentamento-a-catastrofe-no-rs\/","url":"https:\/\/folhapopular.info\/index.php\/2024\/06\/21\/comitiva-realiza-audiencia-publica-em-roca-sales-sobre-acoes-de-enfrentamento-a-catastrofe-no-rs\/","name":"Comitiva realiza audi\u00eancia p\u00fablica em Roca Sales sobre a\u00e7\u00f5es de enfrentamento \u00e0 catastrofe no RS - Folha Popular","isPartOf":{"@id":"https:\/\/folhapopular.info\/#website"},"primaryImageOfPage":{"@id":"https:\/\/folhapopular.info\/index.php\/2024\/06\/21\/comitiva-realiza-audiencia-publica-em-roca-sales-sobre-acoes-de-enfrentamento-a-catastrofe-no-rs\/#primaryimage"},"image":{"@id":"https:\/\/folhapopular.info\/index.php\/2024\/06\/21\/comitiva-realiza-audiencia-publica-em-roca-sales-sobre-acoes-de-enfrentamento-a-catastrofe-no-rs\/#primaryimage"},"thumbnailUrl":"https:\/\/folhapopular.info\/wp-content\/uploads\/2024\/06\/WhatsApp-Image-2024-06-21-at-09.39.05.jpeg","datePublished":"2024-06-21T12:41:42+00:00","dateModified":"2024-06-21T12:41:45+00:00","author":{"@id":"https:\/\/folhapopular.info\/#\/schema\/person\/2814e8a0df7643585a9ca38bc6eb9d4b"},"breadcrumb":{"@id":"https:\/\/folhapopular.info\/index.php\/2024\/06\/21\/comitiva-realiza-audiencia-publica-em-roca-sales-sobre-acoes-de-enfrentamento-a-catastrofe-no-rs\/#breadcrumb"},"inLanguage":"pt-BR","potentialAction":[{"@type":"ReadAction","target":["https:\/\/folhapopular.info\/index.php\/2024\/06\/21\/comitiva-realiza-audiencia-publica-em-roca-sales-sobre-acoes-de-enfrentamento-a-catastrofe-no-rs\/"]}]},{"@type":"ImageObject","inLanguage":"pt-BR","@id":"https:\/\/folhapopular.info\/index.php\/2024\/06\/21\/comitiva-realiza-audiencia-publica-em-roca-sales-sobre-acoes-de-enfrentamento-a-catastrofe-no-rs\/#primaryimage","url":"https:\/\/folhapopular.info\/wp-content\/uploads\/2024\/06\/WhatsApp-Image-2024-06-21-at-09.39.05.jpeg","contentUrl":"https:\/\/folhapopular.info\/wp-content\/uploads\/2024\/06\/WhatsApp-Image-2024-06-21-at-09.39.05.jpeg","width":515,"height":458,"caption":"Cr\u00e9dito: Divulga\u00e7\u00e3o\/AI Roca Sales"},{"@type":"BreadcrumbList","@id":"https:\/\/folhapopular.info\/index.php\/2024\/06\/21\/comitiva-realiza-audiencia-publica-em-roca-sales-sobre-acoes-de-enfrentamento-a-catastrofe-no-rs\/#breadcrumb","itemListElement":[{"@type":"ListItem","position":1,"name":"In\u00edcio","item":"https:\/\/folhapopular.info\/"},{"@type":"ListItem","position":2,"name":"Comitiva realiza audi\u00eancia p\u00fablica em Roca Sales sobre a\u00e7\u00f5es de enfrentamento \u00e0 catastrofe no RS"}]},{"@type":"WebSite","@id":"https:\/\/folhapopular.info\/#website","url":"https:\/\/folhapopular.info\/","name":"Folha Popular","description":"Onde voc\u00ea tem vez e voz","potentialAction":[{"@type":"SearchAction","target":{"@type":"EntryPoint","urlTemplate":"https:\/\/folhapopular.info\/?s={search_term_string}"},"query-input":{"@type":"PropertyValueSpecification","valueRequired":true,"valueName":"search_term_string"}}],"inLanguage":"pt-BR"},{"@type":"Person","@id":"https:\/\/folhapopular.info\/#\/schema\/person\/2814e8a0df7643585a9ca38bc6eb9d4b","name":"Reda\u00e7\u00e3o Folha Popular","image":{"@type":"ImageObject","inLanguage":"pt-BR","@id":"https:\/\/folhapopular.info\/wp-content\/uploads\/2026\/04\/Folha-1.webp","url":"https:\/\/folhapopular.info\/wp-content\/uploads\/2026\/04\/Folha-1.webp","contentUrl":"https:\/\/folhapopular.info\/wp-content\/uploads\/2026\/04\/Folha-1.webp","caption":"Reda\u00e7\u00e3o Folha Popular"},"url":"https:\/\/folhapopular.info\/index.php\/author\/redacao\/"}]}},"jetpack_featured_media_url":"https:\/\/folhapopular.info\/wp-content\/uploads\/2024\/06\/WhatsApp-Image-2024-06-21-at-09.39.05.jpeg","jetpack_sharing_enabled":true,"amp_enabled":true,"_links":{"self":[{"href":"https:\/\/folhapopular.info\/index.php\/wp-json\/wp\/v2\/posts\/160781","targetHints":{"allow":["GET"]}}],"collection":[{"href":"https:\/\/folhapopular.info\/index.php\/wp-json\/wp\/v2\/posts"}],"about":[{"href":"https:\/\/folhapopular.info\/index.php\/wp-json\/wp\/v2\/types\/post"}],"author":[{"embeddable":true,"href":"https:\/\/folhapopular.info\/index.php\/wp-json\/wp\/v2\/users\/8"}],"replies":[{"embeddable":true,"href":"https:\/\/folhapopular.info\/index.php\/wp-json\/wp\/v2\/comments?post=160781"}],"version-history":[{"count":0,"href":"https:\/\/folhapopular.info\/index.php\/wp-json\/wp\/v2\/posts\/160781\/revisions"}],"wp:featuredmedia":[{"embeddable":true,"href":"https:\/\/folhapopular.info\/index.php\/wp-json\/wp\/v2\/media\/160786"}],"wp:attachment":[{"href":"https:\/\/folhapopular.info\/index.php\/wp-json\/wp\/v2\/media?parent=160781"}],"wp:term":[{"taxonomy":"category","embeddable":true,"href":"https:\/\/folhapopular.info\/index.php\/wp-json\/wp\/v2\/categories?post=160781"},{"taxonomy":"post_tag","embeddable":true,"href":"https:\/\/folhapopular.info\/index.php\/wp-json\/wp\/v2\/tags?post=160781"}],"curies":[{"name":"wp","href":"https:\/\/api.w.org\/{rel}","templated":true}]}}