{"id":160903,"date":"2024-06-22T08:00:00","date_gmt":"2024-06-22T11:00:00","guid":{"rendered":"https:\/\/folhapopular.info\/?p=160903"},"modified":"2024-06-22T08:03:27","modified_gmt":"2024-06-22T11:03:27","slug":"festa-de-sao-joao-da-apae-ocorre-hoje-e-e-aberta-ausuarios-alunos-e-familiares","status":"publish","type":"post","link":"https:\/\/folhapopular.info\/index.php\/2024\/06\/22\/festa-de-sao-joao-da-apae-ocorre-hoje-e-e-aberta-ausuarios-alunos-e-familiares\/","title":{"rendered":"Festa de S\u00e3o Jo\u00e3o da Apae ocorre hoje e \u00e9 aberta a usu\u00e1rios, alunos e familiares"},"content":{"rendered":"\n<p>A Festa de S\u00e3o Jo\u00e3o da Associa\u00e7\u00e3o de Pais e Amigos dos Excepcionais (Apae) de Teut\u00f4nia \u00e9 uma a\u00e7\u00e3o que faz parte do calend\u00e1rio escolar da institui\u00e7\u00e3o. Contudo, neste ano, a festividade n\u00e3o ser\u00e1 voltada somente aos alunos, mas sim a todos os usu\u00e1rios, alunos e familiares.<\/p>\n\n\n\n<p>Como toda boa festa, muita alegria, divers\u00e3o e comidas t\u00edpicas v\u00e3o preencher a tarde deste s\u00e1bado (22\/6), na sede da associa\u00e7\u00e3o.<\/p>\n\n\n\n<p>Apenas dois dias antes do Dia de S\u00e3o Jo\u00e3o, o momento promete grande integra\u00e7\u00e3o a todos que frequentam os espa\u00e7os da escola. A diretora Raquel Brackmann salienta que \u201ca import\u00e2ncia deste momento \u00e9 proporcionar, al\u00e9m da integra\u00e7\u00e3o, algo diferente para o p\u00fablico que tem a vida social dentro da Apae\u201d.<\/p>\n\n\n\n<p>O momento ser\u00e1 de integra\u00e7\u00e3o entre todos que fazem parte desta grande fam\u00edlia, uma vez que a institui\u00e7\u00e3o busca o desenvolvimento da pessoa com defici\u00eancia. Al\u00e9m de promover atividades de ensino e aprendizagem, um dos princ\u00edpios da Apae \u00e9 tamb\u00e9m impulsionar a sociabilidade dos alunos.<\/p>\n\n\n\n<p>A programa\u00e7\u00e3o de S\u00e3o Jo\u00e3o da Apae come\u00e7ar\u00e1 \u00e0s 14h e segue at\u00e9 as 17h.<\/p>\n\n\n\n<p><strong>BOX: Programa\u00e7\u00e3o<\/strong><\/p>\n\n\n\n<p>14h \u2013 Recep\u00e7\u00e3o<\/p>\n\n\n\n<p>14h30 \u2013 In\u00edcio das atividades: brincadeiras, pescaria, venda de lanches<\/p>\n\n\n\n<p>15h \u2013 Apresenta\u00e7\u00e3o do Casamento Caipira e Quadrilha (Usu\u00e1rios dos grupos de Assist\u00eancia Social)<\/p>\n\n\n\n<p>15h30 \u2013 Dan\u00e7a dos cones (dan\u00e7a da cadeira) &#8211; alunos e familiares<\/p>\n\n\n\n<p>Depois haver\u00e1 m\u00fasica para todos poderem dan\u00e7ar e se divertir<\/p>\n\n\n\n<p><strong>Atra\u00e7\u00f5es:<\/strong><\/p>\n\n\n\n<p>1 &#8211; Casamento Caipira + Dan\u00e7a da Quadrilha<\/p>\n\n\n\n<p>2 &#8211; Dan\u00e7a dos cones (dan\u00e7a da cadeira)<\/p>\n\n\n\n<p>3 &#8211; Correio Elegante<\/p>\n\n\n\n<p>4 &#8211; Boca do palha\u00e7o e corrida do milho<\/p>\n","protected":false},"excerpt":{"rendered":"<p>A Festa de S\u00e3o Jo\u00e3o da Associa\u00e7\u00e3o de Pais e Amigos dos Excepcionais (Apae) de Teut\u00f4nia \u00e9 uma a\u00e7\u00e3o que faz parte do calend\u00e1rio escolar da institui\u00e7\u00e3o. Contudo, neste ano, a festividade n\u00e3o ser\u00e1 voltada somente aos alunos, mas sim a todos os usu\u00e1rios, alunos e familiares. Como toda boa festa, muita alegria, divers\u00e3o e [&hellip;]<\/p>\n","protected":false},"author":707,"featured_media":160904,"comment_status":"open","ping_status":"open","sticky":false,"template":"","format":"standard","meta":{"pmpro_default_level":"","_jetpack_memberships_contains_paid_content":false,"footnotes":""},"categories":[2,10999,6],"tags":[887,26],"class_list":{"0":"post-160903","1":"post","2":"type-post","3":"status-publish","4":"format-standard","5":"has-post-thumbnail","7":"category-featured","8":"category-entretenimento","9":"category-inclusive","10":"tag-apae","11":"tag-teutonia","12":"pmpro-has-access"},"yoast_head":"<!-- This site is optimized with the Yoast SEO plugin v27.5 - https:\/\/yoast.com\/product\/yoast-seo-wordpress\/ -->\n<title>Festa de S\u00e3o Jo\u00e3o da Apae ocorre hoje e \u00e9 aberta a usu\u00e1rios, alunos e familiares - Folha Popular<\/title>\n<meta name=\"robots\" content=\"index, follow, max-snippet:-1, max-image-preview:large, max-video-preview:-1\" \/>\n<link rel=\"canonical\" href=\"https:\/\/folhapopular.info\/index.php\/2024\/06\/22\/festa-de-sao-joao-da-apae-ocorre-hoje-e-e-aberta-ausuarios-alunos-e-familiares\/\" \/>\n<meta property=\"og:locale\" content=\"pt_BR\" \/>\n<meta property=\"og:type\" content=\"article\" \/>\n<meta property=\"og:title\" content=\"Festa de S\u00e3o Jo\u00e3o da Apae ocorre hoje e \u00e9 aberta a usu\u00e1rios, alunos e familiares - Folha Popular\" \/>\n<meta property=\"og:description\" content=\"A Festa de S\u00e3o Jo\u00e3o da Associa\u00e7\u00e3o de Pais e Amigos dos Excepcionais (Apae) de Teut\u00f4nia \u00e9 uma a\u00e7\u00e3o que faz parte do calend\u00e1rio escolar da institui\u00e7\u00e3o. Contudo, neste ano, a festividade n\u00e3o ser\u00e1 voltada somente aos alunos, mas sim a todos os usu\u00e1rios, alunos e familiares. Como toda boa festa, muita alegria, divers\u00e3o e [&hellip;]\" \/>\n<meta property=\"og:url\" content=\"https:\/\/folhapopular.info\/index.php\/2024\/06\/22\/festa-de-sao-joao-da-apae-ocorre-hoje-e-e-aberta-ausuarios-alunos-e-familiares\/\" \/>\n<meta property=\"og:site_name\" content=\"Folha Popular\" \/>\n<meta property=\"article:published_time\" content=\"2024-06-22T11:00:00+00:00\" \/>\n<meta property=\"article:modified_time\" content=\"2024-06-22T11:03:27+00:00\" \/>\n<meta property=\"og:image\" content=\"http:\/\/folhapopular.info\/wp-content\/uploads\/2024\/06\/Celebracao-entre-os-alunos-faz-parte-do-calendario-escolar_Divulgacao.jpg\" \/>\n\t<meta property=\"og:image:width\" content=\"1600\" \/>\n\t<meta property=\"og:image:height\" content=\"1200\" \/>\n\t<meta property=\"og:image:type\" content=\"image\/jpeg\" \/>\n<meta name=\"author\" content=\"Ariana de Oliveira\" \/>\n<meta name=\"twitter:card\" content=\"summary_large_image\" \/>\n<meta name=\"twitter:label1\" content=\"Escrito por\" \/>\n\t<meta name=\"twitter:data1\" content=\"Ariana de Oliveira\" \/>\n\t<meta name=\"twitter:label2\" content=\"Est. tempo de leitura\" \/>\n\t<meta name=\"twitter:data2\" content=\"2 minutos\" \/>\n<script type=\"application\/ld+json\" class=\"yoast-schema-graph\">{\"@context\":\"https:\\\/\\\/schema.org\",\"@graph\":[{\"@type\":\"Article\",\"@id\":\"https:\\\/\\\/folhapopular.info\\\/index.php\\\/2024\\\/06\\\/22\\\/festa-de-sao-joao-da-apae-ocorre-hoje-e-e-aberta-ausuarios-alunos-e-familiares\\\/#article\",\"isPartOf\":{\"@id\":\"https:\\\/\\\/folhapopular.info\\\/index.php\\\/2024\\\/06\\\/22\\\/festa-de-sao-joao-da-apae-ocorre-hoje-e-e-aberta-ausuarios-alunos-e-familiares\\\/\"},\"author\":{\"name\":\"Ariana de Oliveira\",\"@id\":\"https:\\\/\\\/folhapopular.info\\\/#\\\/schema\\\/person\\\/e80d332e33633a6164933af03d7ee1b2\"},\"headline\":\"Festa de S\u00e3o Jo\u00e3o da Apae ocorre hoje e \u00e9 aberta a usu\u00e1rios, alunos e familiares\",\"datePublished\":\"2024-06-22T11:00:00+00:00\",\"dateModified\":\"2024-06-22T11:03:27+00:00\",\"mainEntityOfPage\":{\"@id\":\"https:\\\/\\\/folhapopular.info\\\/index.php\\\/2024\\\/06\\\/22\\\/festa-de-sao-joao-da-apae-ocorre-hoje-e-e-aberta-ausuarios-alunos-e-familiares\\\/\"},\"wordCount\":312,\"commentCount\":0,\"image\":{\"@id\":\"https:\\\/\\\/folhapopular.info\\\/index.php\\\/2024\\\/06\\\/22\\\/festa-de-sao-joao-da-apae-ocorre-hoje-e-e-aberta-ausuarios-alunos-e-familiares\\\/#primaryimage\"},\"thumbnailUrl\":\"https:\\\/\\\/folhapopular.info\\\/wp-content\\\/uploads\\\/2024\\\/06\\\/Celebracao-entre-os-alunos-faz-parte-do-calendario-escolar_Divulgacao.jpg\",\"keywords\":[\"Apae\",\"Teut\u00f4nia\"],\"articleSection\":[\"Destaques\",\"Entretenimento\",\"Inclusive\"],\"inLanguage\":\"pt-BR\",\"potentialAction\":[{\"@type\":\"CommentAction\",\"name\":\"Comment\",\"target\":[\"https:\\\/\\\/folhapopular.info\\\/index.php\\\/2024\\\/06\\\/22\\\/festa-de-sao-joao-da-apae-ocorre-hoje-e-e-aberta-ausuarios-alunos-e-familiares\\\/#respond\"]}]},{\"@type\":\"WebPage\",\"@id\":\"https:\\\/\\\/folhapopular.info\\\/index.php\\\/2024\\\/06\\\/22\\\/festa-de-sao-joao-da-apae-ocorre-hoje-e-e-aberta-ausuarios-alunos-e-familiares\\\/\",\"url\":\"https:\\\/\\\/folhapopular.info\\\/index.php\\\/2024\\\/06\\\/22\\\/festa-de-sao-joao-da-apae-ocorre-hoje-e-e-aberta-ausuarios-alunos-e-familiares\\\/\",\"name\":\"Festa de S\u00e3o Jo\u00e3o da Apae ocorre hoje e \u00e9 aberta a usu\u00e1rios, alunos e familiares - Folha Popular\",\"isPartOf\":{\"@id\":\"https:\\\/\\\/folhapopular.info\\\/#website\"},\"primaryImageOfPage\":{\"@id\":\"https:\\\/\\\/folhapopular.info\\\/index.php\\\/2024\\\/06\\\/22\\\/festa-de-sao-joao-da-apae-ocorre-hoje-e-e-aberta-ausuarios-alunos-e-familiares\\\/#primaryimage\"},\"image\":{\"@id\":\"https:\\\/\\\/folhapopular.info\\\/index.php\\\/2024\\\/06\\\/22\\\/festa-de-sao-joao-da-apae-ocorre-hoje-e-e-aberta-ausuarios-alunos-e-familiares\\\/#primaryimage\"},\"thumbnailUrl\":\"https:\\\/\\\/folhapopular.info\\\/wp-content\\\/uploads\\\/2024\\\/06\\\/Celebracao-entre-os-alunos-faz-parte-do-calendario-escolar_Divulgacao.jpg\",\"datePublished\":\"2024-06-22T11:00:00+00:00\",\"dateModified\":\"2024-06-22T11:03:27+00:00\",\"author\":{\"@id\":\"https:\\\/\\\/folhapopular.info\\\/#\\\/schema\\\/person\\\/e80d332e33633a6164933af03d7ee1b2\"},\"breadcrumb\":{\"@id\":\"https:\\\/\\\/folhapopular.info\\\/index.php\\\/2024\\\/06\\\/22\\\/festa-de-sao-joao-da-apae-ocorre-hoje-e-e-aberta-ausuarios-alunos-e-familiares\\\/#breadcrumb\"},\"inLanguage\":\"pt-BR\",\"potentialAction\":[{\"@type\":\"ReadAction\",\"target\":[\"https:\\\/\\\/folhapopular.info\\\/index.php\\\/2024\\\/06\\\/22\\\/festa-de-sao-joao-da-apae-ocorre-hoje-e-e-aberta-ausuarios-alunos-e-familiares\\\/\"]}]},{\"@type\":\"ImageObject\",\"inLanguage\":\"pt-BR\",\"@id\":\"https:\\\/\\\/folhapopular.info\\\/index.php\\\/2024\\\/06\\\/22\\\/festa-de-sao-joao-da-apae-ocorre-hoje-e-e-aberta-ausuarios-alunos-e-familiares\\\/#primaryimage\",\"url\":\"https:\\\/\\\/folhapopular.info\\\/wp-content\\\/uploads\\\/2024\\\/06\\\/Celebracao-entre-os-alunos-faz-parte-do-calendario-escolar_Divulgacao.jpg\",\"contentUrl\":\"https:\\\/\\\/folhapopular.info\\\/wp-content\\\/uploads\\\/2024\\\/06\\\/Celebracao-entre-os-alunos-faz-parte-do-calendario-escolar_Divulgacao.jpg\",\"width\":1600,\"height\":1200,\"caption\":\"Cr\u00e9dito: Divulga\u00e7\u00e3o\"},{\"@type\":\"BreadcrumbList\",\"@id\":\"https:\\\/\\\/folhapopular.info\\\/index.php\\\/2024\\\/06\\\/22\\\/festa-de-sao-joao-da-apae-ocorre-hoje-e-e-aberta-ausuarios-alunos-e-familiares\\\/#breadcrumb\",\"itemListElement\":[{\"@type\":\"ListItem\",\"position\":1,\"name\":\"In\u00edcio\",\"item\":\"https:\\\/\\\/folhapopular.info\\\/\"},{\"@type\":\"ListItem\",\"position\":2,\"name\":\"Festa de S\u00e3o Jo\u00e3o da Apae ocorre hoje e \u00e9 aberta a usu\u00e1rios, alunos e familiares\"}]},{\"@type\":\"WebSite\",\"@id\":\"https:\\\/\\\/folhapopular.info\\\/#website\",\"url\":\"https:\\\/\\\/folhapopular.info\\\/\",\"name\":\"Folha Popular\",\"description\":\"Onde voc\u00ea tem vez e voz\",\"potentialAction\":[{\"@type\":\"SearchAction\",\"target\":{\"@type\":\"EntryPoint\",\"urlTemplate\":\"https:\\\/\\\/folhapopular.info\\\/?s={search_term_string}\"},\"query-input\":{\"@type\":\"PropertyValueSpecification\",\"valueRequired\":true,\"valueName\":\"search_term_string\"}}],\"inLanguage\":\"pt-BR\"},{\"@type\":\"Person\",\"@id\":\"https:\\\/\\\/folhapopular.info\\\/#\\\/schema\\\/person\\\/e80d332e33633a6164933af03d7ee1b2\",\"name\":\"Ariana de Oliveira\",\"image\":{\"@type\":\"ImageObject\",\"inLanguage\":\"pt-BR\",\"@id\":\"https:\\\/\\\/secure.gravatar.com\\\/avatar\\\/f41f85ba276460e0a04f6d5aca07e53f273efeee7e662d9ef431432a18216f59?s=96&d=mm&r=g\",\"url\":\"https:\\\/\\\/secure.gravatar.com\\\/avatar\\\/f41f85ba276460e0a04f6d5aca07e53f273efeee7e662d9ef431432a18216f59?s=96&d=mm&r=g\",\"contentUrl\":\"https:\\\/\\\/secure.gravatar.com\\\/avatar\\\/f41f85ba276460e0a04f6d5aca07e53f273efeee7e662d9ef431432a18216f59?s=96&d=mm&r=g\",\"caption\":\"Ariana de Oliveira\"},\"url\":\"https:\\\/\\\/folhapopular.info\\\/index.php\\\/author\\\/ariana-deoliveiragmail-com\\\/\"}]}<\/script>\n<!-- \/ Yoast SEO plugin. -->","yoast_head_json":{"title":"Festa de S\u00e3o Jo\u00e3o da Apae ocorre hoje e \u00e9 aberta a usu\u00e1rios, alunos e familiares - Folha Popular","robots":{"index":"index","follow":"follow","max-snippet":"max-snippet:-1","max-image-preview":"max-image-preview:large","max-video-preview":"max-video-preview:-1"},"canonical":"https:\/\/folhapopular.info\/index.php\/2024\/06\/22\/festa-de-sao-joao-da-apae-ocorre-hoje-e-e-aberta-ausuarios-alunos-e-familiares\/","og_locale":"pt_BR","og_type":"article","og_title":"Festa de S\u00e3o Jo\u00e3o da Apae ocorre hoje e \u00e9 aberta a usu\u00e1rios, alunos e familiares - Folha Popular","og_description":"A Festa de S\u00e3o Jo\u00e3o da Associa\u00e7\u00e3o de Pais e Amigos dos Excepcionais (Apae) de Teut\u00f4nia \u00e9 uma a\u00e7\u00e3o que faz parte do calend\u00e1rio escolar da institui\u00e7\u00e3o. Contudo, neste ano, a festividade n\u00e3o ser\u00e1 voltada somente aos alunos, mas sim a todos os usu\u00e1rios, alunos e familiares. Como toda boa festa, muita alegria, divers\u00e3o e [&hellip;]","og_url":"https:\/\/folhapopular.info\/index.php\/2024\/06\/22\/festa-de-sao-joao-da-apae-ocorre-hoje-e-e-aberta-ausuarios-alunos-e-familiares\/","og_site_name":"Folha Popular","article_published_time":"2024-06-22T11:00:00+00:00","article_modified_time":"2024-06-22T11:03:27+00:00","og_image":[{"width":1600,"height":1200,"url":"http:\/\/folhapopular.info\/wp-content\/uploads\/2024\/06\/Celebracao-entre-os-alunos-faz-parte-do-calendario-escolar_Divulgacao.jpg","type":"image\/jpeg"}],"author":"Ariana de Oliveira","twitter_card":"summary_large_image","twitter_misc":{"Escrito por":"Ariana de Oliveira","Est. tempo de leitura":"2 minutos"},"schema":{"@context":"https:\/\/schema.org","@graph":[{"@type":"Article","@id":"https:\/\/folhapopular.info\/index.php\/2024\/06\/22\/festa-de-sao-joao-da-apae-ocorre-hoje-e-e-aberta-ausuarios-alunos-e-familiares\/#article","isPartOf":{"@id":"https:\/\/folhapopular.info\/index.php\/2024\/06\/22\/festa-de-sao-joao-da-apae-ocorre-hoje-e-e-aberta-ausuarios-alunos-e-familiares\/"},"author":{"name":"Ariana de Oliveira","@id":"https:\/\/folhapopular.info\/#\/schema\/person\/e80d332e33633a6164933af03d7ee1b2"},"headline":"Festa de S\u00e3o Jo\u00e3o da Apae ocorre hoje e \u00e9 aberta a usu\u00e1rios, alunos e familiares","datePublished":"2024-06-22T11:00:00+00:00","dateModified":"2024-06-22T11:03:27+00:00","mainEntityOfPage":{"@id":"https:\/\/folhapopular.info\/index.php\/2024\/06\/22\/festa-de-sao-joao-da-apae-ocorre-hoje-e-e-aberta-ausuarios-alunos-e-familiares\/"},"wordCount":312,"commentCount":0,"image":{"@id":"https:\/\/folhapopular.info\/index.php\/2024\/06\/22\/festa-de-sao-joao-da-apae-ocorre-hoje-e-e-aberta-ausuarios-alunos-e-familiares\/#primaryimage"},"thumbnailUrl":"https:\/\/folhapopular.info\/wp-content\/uploads\/2024\/06\/Celebracao-entre-os-alunos-faz-parte-do-calendario-escolar_Divulgacao.jpg","keywords":["Apae","Teut\u00f4nia"],"articleSection":["Destaques","Entretenimento","Inclusive"],"inLanguage":"pt-BR","potentialAction":[{"@type":"CommentAction","name":"Comment","target":["https:\/\/folhapopular.info\/index.php\/2024\/06\/22\/festa-de-sao-joao-da-apae-ocorre-hoje-e-e-aberta-ausuarios-alunos-e-familiares\/#respond"]}]},{"@type":"WebPage","@id":"https:\/\/folhapopular.info\/index.php\/2024\/06\/22\/festa-de-sao-joao-da-apae-ocorre-hoje-e-e-aberta-ausuarios-alunos-e-familiares\/","url":"https:\/\/folhapopular.info\/index.php\/2024\/06\/22\/festa-de-sao-joao-da-apae-ocorre-hoje-e-e-aberta-ausuarios-alunos-e-familiares\/","name":"Festa de S\u00e3o Jo\u00e3o da Apae ocorre hoje e \u00e9 aberta a usu\u00e1rios, alunos e familiares - Folha Popular","isPartOf":{"@id":"https:\/\/folhapopular.info\/#website"},"primaryImageOfPage":{"@id":"https:\/\/folhapopular.info\/index.php\/2024\/06\/22\/festa-de-sao-joao-da-apae-ocorre-hoje-e-e-aberta-ausuarios-alunos-e-familiares\/#primaryimage"},"image":{"@id":"https:\/\/folhapopular.info\/index.php\/2024\/06\/22\/festa-de-sao-joao-da-apae-ocorre-hoje-e-e-aberta-ausuarios-alunos-e-familiares\/#primaryimage"},"thumbnailUrl":"https:\/\/folhapopular.info\/wp-content\/uploads\/2024\/06\/Celebracao-entre-os-alunos-faz-parte-do-calendario-escolar_Divulgacao.jpg","datePublished":"2024-06-22T11:00:00+00:00","dateModified":"2024-06-22T11:03:27+00:00","author":{"@id":"https:\/\/folhapopular.info\/#\/schema\/person\/e80d332e33633a6164933af03d7ee1b2"},"breadcrumb":{"@id":"https:\/\/folhapopular.info\/index.php\/2024\/06\/22\/festa-de-sao-joao-da-apae-ocorre-hoje-e-e-aberta-ausuarios-alunos-e-familiares\/#breadcrumb"},"inLanguage":"pt-BR","potentialAction":[{"@type":"ReadAction","target":["https:\/\/folhapopular.info\/index.php\/2024\/06\/22\/festa-de-sao-joao-da-apae-ocorre-hoje-e-e-aberta-ausuarios-alunos-e-familiares\/"]}]},{"@type":"ImageObject","inLanguage":"pt-BR","@id":"https:\/\/folhapopular.info\/index.php\/2024\/06\/22\/festa-de-sao-joao-da-apae-ocorre-hoje-e-e-aberta-ausuarios-alunos-e-familiares\/#primaryimage","url":"https:\/\/folhapopular.info\/wp-content\/uploads\/2024\/06\/Celebracao-entre-os-alunos-faz-parte-do-calendario-escolar_Divulgacao.jpg","contentUrl":"https:\/\/folhapopular.info\/wp-content\/uploads\/2024\/06\/Celebracao-entre-os-alunos-faz-parte-do-calendario-escolar_Divulgacao.jpg","width":1600,"height":1200,"caption":"Cr\u00e9dito: Divulga\u00e7\u00e3o"},{"@type":"BreadcrumbList","@id":"https:\/\/folhapopular.info\/index.php\/2024\/06\/22\/festa-de-sao-joao-da-apae-ocorre-hoje-e-e-aberta-ausuarios-alunos-e-familiares\/#breadcrumb","itemListElement":[{"@type":"ListItem","position":1,"name":"In\u00edcio","item":"https:\/\/folhapopular.info\/"},{"@type":"ListItem","position":2,"name":"Festa de S\u00e3o Jo\u00e3o da Apae ocorre hoje e \u00e9 aberta a usu\u00e1rios, alunos e familiares"}]},{"@type":"WebSite","@id":"https:\/\/folhapopular.info\/#website","url":"https:\/\/folhapopular.info\/","name":"Folha Popular","description":"Onde voc\u00ea tem vez e voz","potentialAction":[{"@type":"SearchAction","target":{"@type":"EntryPoint","urlTemplate":"https:\/\/folhapopular.info\/?s={search_term_string}"},"query-input":{"@type":"PropertyValueSpecification","valueRequired":true,"valueName":"search_term_string"}}],"inLanguage":"pt-BR"},{"@type":"Person","@id":"https:\/\/folhapopular.info\/#\/schema\/person\/e80d332e33633a6164933af03d7ee1b2","name":"Ariana de Oliveira","image":{"@type":"ImageObject","inLanguage":"pt-BR","@id":"https:\/\/secure.gravatar.com\/avatar\/f41f85ba276460e0a04f6d5aca07e53f273efeee7e662d9ef431432a18216f59?s=96&d=mm&r=g","url":"https:\/\/secure.gravatar.com\/avatar\/f41f85ba276460e0a04f6d5aca07e53f273efeee7e662d9ef431432a18216f59?s=96&d=mm&r=g","contentUrl":"https:\/\/secure.gravatar.com\/avatar\/f41f85ba276460e0a04f6d5aca07e53f273efeee7e662d9ef431432a18216f59?s=96&d=mm&r=g","caption":"Ariana de Oliveira"},"url":"https:\/\/folhapopular.info\/index.php\/author\/ariana-deoliveiragmail-com\/"}]}},"jetpack_featured_media_url":"https:\/\/folhapopular.info\/wp-content\/uploads\/2024\/06\/Celebracao-entre-os-alunos-faz-parte-do-calendario-escolar_Divulgacao.jpg","jetpack_sharing_enabled":true,"amp_enabled":true,"_links":{"self":[{"href":"https:\/\/folhapopular.info\/index.php\/wp-json\/wp\/v2\/posts\/160903","targetHints":{"allow":["GET"]}}],"collection":[{"href":"https:\/\/folhapopular.info\/index.php\/wp-json\/wp\/v2\/posts"}],"about":[{"href":"https:\/\/folhapopular.info\/index.php\/wp-json\/wp\/v2\/types\/post"}],"author":[{"embeddable":true,"href":"https:\/\/folhapopular.info\/index.php\/wp-json\/wp\/v2\/users\/707"}],"replies":[{"embeddable":true,"href":"https:\/\/folhapopular.info\/index.php\/wp-json\/wp\/v2\/comments?post=160903"}],"version-history":[{"count":0,"href":"https:\/\/folhapopular.info\/index.php\/wp-json\/wp\/v2\/posts\/160903\/revisions"}],"wp:featuredmedia":[{"embeddable":true,"href":"https:\/\/folhapopular.info\/index.php\/wp-json\/wp\/v2\/media\/160904"}],"wp:attachment":[{"href":"https:\/\/folhapopular.info\/index.php\/wp-json\/wp\/v2\/media?parent=160903"}],"wp:term":[{"taxonomy":"category","embeddable":true,"href":"https:\/\/folhapopular.info\/index.php\/wp-json\/wp\/v2\/categories?post=160903"},{"taxonomy":"post_tag","embeddable":true,"href":"https:\/\/folhapopular.info\/index.php\/wp-json\/wp\/v2\/tags?post=160903"}],"curies":[{"name":"wp","href":"https:\/\/api.w.org\/{rel}","templated":true}]}}