{"id":161052,"date":"2024-06-24T11:21:44","date_gmt":"2024-06-24T14:21:44","guid":{"rendered":"https:\/\/folhapopular.info\/?p=161052"},"modified":"2024-06-24T11:21:46","modified_gmt":"2024-06-24T14:21:46","slug":"orquestra-promove-concerto-para-celebrar-cultura-alema-na-univates","status":"publish","type":"post","link":"https:\/\/folhapopular.info\/index.php\/2024\/06\/24\/orquestra-promove-concerto-para-celebrar-cultura-alema-na-univates\/","title":{"rendered":"Orquestra promove concerto para celebrar cultura alem\u00e3 na Univates"},"content":{"rendered":"\n<p>A Orquestra Gustavo Adolfo Univates, promove a terceira edi\u00e7\u00e3o do Concerto de Inverno. Neste ano, o espet\u00e1culo \u201cRetratos\u201d celebra o bicenten\u00e1rio da imigra\u00e7\u00e3o alem\u00e3 no Brasil. O evento \u00e9 aberto \u00e0 comunidade e acontece no dia 11 de julho, no Teatro Univates, a partir das 20h. O repert\u00f3rio do concerto \u00e9 preparado para homenagear as obras dos maiores compositores da hist\u00f3ria da m\u00fasica alem\u00e3.<\/p>\n\n\n\n<p>Os ingressos s\u00e3o gratuitos e podem ser retirados na Biblioteca Univates, na avenida Avelino Talini, 171, no Centro Cultural Univates. O hor\u00e1rio de atendimento ao p\u00fablico \u00e9 de segunda a sexta-feira, das 8h \u00e0s 22h e nos s\u00e1bado, das 8h ao meio-dia. H\u00e1 o limite de quatro ingressos por CPF.<\/p>\n\n\n\n<p>No evento, o p\u00fablico poder\u00e1 contribuir com doa\u00e7\u00f5es para a <a href=\"https:\/\/folhapopular.info\/index.php\/2024\/05\/22\/entidades-promovem-arrecadacao-de-materiais-materiais-escolares-para-estudantes-atingidos-pela-enchente\/\">campanha de arrecada\u00e7\u00e3o de material escolar<\/a> para escolas municipais e estaduais, que \u00e9 promovida pela Universidade do Vale do Taquari (Univates), Universidade de Santa Cruz do Sul (Unisc), Minist\u00e9rio P\u00fablico do Rio Grande do Sul, Centro de Educa\u00e7\u00e3o B\u00e1sica Gustavo Adolfo, Lions Clube Santa Cruz do Sul Centro, Rotary Club Santa Club Avenida, Gazeta Grupo de Comunica\u00e7\u00f5es e Associa\u00e7\u00e3o do Minist\u00e9rio P\u00fablico do RS.<\/p>\n\n\n\n<p><strong>Sobre a Orquestra<\/strong><\/p>\n\n\n\n<p>A Orquestra Gustavo Adolfo Univates foi criada em 2019, a partir de uma parceria entre o Centro de Educa\u00e7\u00e3o B\u00e1sica Gustavo Adolfo e a Univates. O grupo composto por 45 m\u00fasicos \u00e9 regido pelo maestro Astor Jair Dalferth.<\/p>\n\n\n\n<p>Mais informa\u00e7\u00f5es sobre o Concerto de Inverno podem ser obtidas com o N\u00facleo de Cultura, pelo telefone (51) 3714-7000, ramal 5946, ou pelo e-mail <a href=\"mailto:bilheteria@univates.br\">bilheteria@univates.br<\/a>.<\/p>\n","protected":false},"excerpt":{"rendered":"<p>A Orquestra Gustavo Adolfo Univates, promove a terceira edi\u00e7\u00e3o do Concerto de Inverno. Neste ano, o espet\u00e1culo \u201cRetratos\u201d celebra o bicenten\u00e1rio da imigra\u00e7\u00e3o alem\u00e3 no Brasil. O evento \u00e9 aberto \u00e0 comunidade e acontece no dia 11 de julho, no Teatro Univates, a partir das 20h. O repert\u00f3rio do concerto \u00e9 preparado para homenagear as [&hellip;]<\/p>\n","protected":false},"author":8,"featured_media":161053,"comment_status":"open","ping_status":"open","sticky":false,"template":"","format":"standard","meta":{"pmpro_default_level":"","_jetpack_memberships_contains_paid_content":false,"footnotes":""},"categories":[10996,2,6,12657],"tags":[15363,14557,83],"class_list":{"0":"post-161052","1":"post","2":"type-post","3":"status-publish","4":"format-standard","5":"has-post-thumbnail","7":"category-cultura","8":"category-featured","9":"category-inclusive","10":"category-solidariedade","11":"tag-concerto-de-inverno","12":"tag-orquestra-gustavo-adolfo","13":"tag-univates","14":"pmpro-has-access"},"yoast_head":"<!-- This site is optimized with the Yoast SEO plugin v27.5 - https:\/\/yoast.com\/product\/yoast-seo-wordpress\/ -->\n<title>Orquestra promove concerto para celebrar cultura alem\u00e3 na Univates - Folha Popular<\/title>\n<meta name=\"robots\" content=\"index, follow, max-snippet:-1, max-image-preview:large, max-video-preview:-1\" \/>\n<link rel=\"canonical\" href=\"https:\/\/folhapopular.info\/index.php\/2024\/06\/24\/orquestra-promove-concerto-para-celebrar-cultura-alema-na-univates\/\" \/>\n<meta property=\"og:locale\" content=\"pt_BR\" \/>\n<meta property=\"og:type\" content=\"article\" \/>\n<meta property=\"og:title\" content=\"Orquestra promove concerto para celebrar cultura alem\u00e3 na Univates - Folha Popular\" \/>\n<meta property=\"og:description\" content=\"A Orquestra Gustavo Adolfo Univates, promove a terceira edi\u00e7\u00e3o do Concerto de Inverno. Neste ano, o espet\u00e1culo \u201cRetratos\u201d celebra o bicenten\u00e1rio da imigra\u00e7\u00e3o alem\u00e3 no Brasil. O evento \u00e9 aberto \u00e0 comunidade e acontece no dia 11 de julho, no Teatro Univates, a partir das 20h. O repert\u00f3rio do concerto \u00e9 preparado para homenagear as [&hellip;]\" \/>\n<meta property=\"og:url\" content=\"https:\/\/folhapopular.info\/index.php\/2024\/06\/24\/orquestra-promove-concerto-para-celebrar-cultura-alema-na-univates\/\" \/>\n<meta property=\"og:site_name\" content=\"Folha Popular\" \/>\n<meta property=\"article:published_time\" content=\"2024-06-24T14:21:44+00:00\" \/>\n<meta property=\"article:modified_time\" content=\"2024-06-24T14:21:46+00:00\" \/>\n<meta property=\"og:image\" content=\"http:\/\/folhapopular.info\/wp-content\/uploads\/2024\/06\/1-Concerto-Orquestra-Gustavo-Adolfo-Univates-Credito-Ana-Luisa-de-Mattos-Reckziegel-Univates.jpg\" \/>\n\t<meta property=\"og:image:width\" content=\"2048\" \/>\n\t<meta property=\"og:image:height\" content=\"1365\" \/>\n\t<meta property=\"og:image:type\" content=\"image\/jpeg\" \/>\n<meta name=\"author\" content=\"Reda\u00e7\u00e3o Folha Popular\" \/>\n<meta name=\"twitter:card\" content=\"summary_large_image\" \/>\n<meta name=\"twitter:label1\" content=\"Escrito por\" \/>\n\t<meta name=\"twitter:data1\" content=\"Reda\u00e7\u00e3o Folha Popular\" \/>\n\t<meta name=\"twitter:label2\" content=\"Est. tempo de leitura\" \/>\n\t<meta name=\"twitter:data2\" content=\"2 minutos\" \/>\n<script type=\"application\/ld+json\" class=\"yoast-schema-graph\">{\"@context\":\"https:\\\/\\\/schema.org\",\"@graph\":[{\"@type\":\"Article\",\"@id\":\"https:\\\/\\\/folhapopular.info\\\/index.php\\\/2024\\\/06\\\/24\\\/orquestra-promove-concerto-para-celebrar-cultura-alema-na-univates\\\/#article\",\"isPartOf\":{\"@id\":\"https:\\\/\\\/folhapopular.info\\\/index.php\\\/2024\\\/06\\\/24\\\/orquestra-promove-concerto-para-celebrar-cultura-alema-na-univates\\\/\"},\"author\":{\"name\":\"Reda\u00e7\u00e3o Folha Popular\",\"@id\":\"https:\\\/\\\/folhapopular.info\\\/#\\\/schema\\\/person\\\/2814e8a0df7643585a9ca38bc6eb9d4b\"},\"headline\":\"Orquestra promove concerto para celebrar cultura alem\u00e3 na Univates\",\"datePublished\":\"2024-06-24T14:21:44+00:00\",\"dateModified\":\"2024-06-24T14:21:46+00:00\",\"mainEntityOfPage\":{\"@id\":\"https:\\\/\\\/folhapopular.info\\\/index.php\\\/2024\\\/06\\\/24\\\/orquestra-promove-concerto-para-celebrar-cultura-alema-na-univates\\\/\"},\"wordCount\":280,\"commentCount\":0,\"image\":{\"@id\":\"https:\\\/\\\/folhapopular.info\\\/index.php\\\/2024\\\/06\\\/24\\\/orquestra-promove-concerto-para-celebrar-cultura-alema-na-univates\\\/#primaryimage\"},\"thumbnailUrl\":\"https:\\\/\\\/folhapopular.info\\\/wp-content\\\/uploads\\\/2024\\\/06\\\/1-Concerto-Orquestra-Gustavo-Adolfo-Univates-Credito-Ana-Luisa-de-Mattos-Reckziegel-Univates.jpg\",\"keywords\":[\"Concerto de Inverno\",\"Orquestra Gustavo Adolfo\",\"Univates\"],\"articleSection\":[\"Cultura\",\"Destaques\",\"Inclusive\",\"Solidariedade\"],\"inLanguage\":\"pt-BR\",\"potentialAction\":[{\"@type\":\"CommentAction\",\"name\":\"Comment\",\"target\":[\"https:\\\/\\\/folhapopular.info\\\/index.php\\\/2024\\\/06\\\/24\\\/orquestra-promove-concerto-para-celebrar-cultura-alema-na-univates\\\/#respond\"]}]},{\"@type\":\"WebPage\",\"@id\":\"https:\\\/\\\/folhapopular.info\\\/index.php\\\/2024\\\/06\\\/24\\\/orquestra-promove-concerto-para-celebrar-cultura-alema-na-univates\\\/\",\"url\":\"https:\\\/\\\/folhapopular.info\\\/index.php\\\/2024\\\/06\\\/24\\\/orquestra-promove-concerto-para-celebrar-cultura-alema-na-univates\\\/\",\"name\":\"Orquestra promove concerto para celebrar cultura alem\u00e3 na Univates - Folha Popular\",\"isPartOf\":{\"@id\":\"https:\\\/\\\/folhapopular.info\\\/#website\"},\"primaryImageOfPage\":{\"@id\":\"https:\\\/\\\/folhapopular.info\\\/index.php\\\/2024\\\/06\\\/24\\\/orquestra-promove-concerto-para-celebrar-cultura-alema-na-univates\\\/#primaryimage\"},\"image\":{\"@id\":\"https:\\\/\\\/folhapopular.info\\\/index.php\\\/2024\\\/06\\\/24\\\/orquestra-promove-concerto-para-celebrar-cultura-alema-na-univates\\\/#primaryimage\"},\"thumbnailUrl\":\"https:\\\/\\\/folhapopular.info\\\/wp-content\\\/uploads\\\/2024\\\/06\\\/1-Concerto-Orquestra-Gustavo-Adolfo-Univates-Credito-Ana-Luisa-de-Mattos-Reckziegel-Univates.jpg\",\"datePublished\":\"2024-06-24T14:21:44+00:00\",\"dateModified\":\"2024-06-24T14:21:46+00:00\",\"author\":{\"@id\":\"https:\\\/\\\/folhapopular.info\\\/#\\\/schema\\\/person\\\/2814e8a0df7643585a9ca38bc6eb9d4b\"},\"breadcrumb\":{\"@id\":\"https:\\\/\\\/folhapopular.info\\\/index.php\\\/2024\\\/06\\\/24\\\/orquestra-promove-concerto-para-celebrar-cultura-alema-na-univates\\\/#breadcrumb\"},\"inLanguage\":\"pt-BR\",\"potentialAction\":[{\"@type\":\"ReadAction\",\"target\":[\"https:\\\/\\\/folhapopular.info\\\/index.php\\\/2024\\\/06\\\/24\\\/orquestra-promove-concerto-para-celebrar-cultura-alema-na-univates\\\/\"]}]},{\"@type\":\"ImageObject\",\"inLanguage\":\"pt-BR\",\"@id\":\"https:\\\/\\\/folhapopular.info\\\/index.php\\\/2024\\\/06\\\/24\\\/orquestra-promove-concerto-para-celebrar-cultura-alema-na-univates\\\/#primaryimage\",\"url\":\"https:\\\/\\\/folhapopular.info\\\/wp-content\\\/uploads\\\/2024\\\/06\\\/1-Concerto-Orquestra-Gustavo-Adolfo-Univates-Credito-Ana-Luisa-de-Mattos-Reckziegel-Univates.jpg\",\"contentUrl\":\"https:\\\/\\\/folhapopular.info\\\/wp-content\\\/uploads\\\/2024\\\/06\\\/1-Concerto-Orquestra-Gustavo-Adolfo-Univates-Credito-Ana-Luisa-de-Mattos-Reckziegel-Univates.jpg\",\"width\":2048,\"height\":1365,\"caption\":\"Cr\u00e9dito: Divulga\u00e7\u00e3o \\\/ AI Univates\"},{\"@type\":\"BreadcrumbList\",\"@id\":\"https:\\\/\\\/folhapopular.info\\\/index.php\\\/2024\\\/06\\\/24\\\/orquestra-promove-concerto-para-celebrar-cultura-alema-na-univates\\\/#breadcrumb\",\"itemListElement\":[{\"@type\":\"ListItem\",\"position\":1,\"name\":\"In\u00edcio\",\"item\":\"https:\\\/\\\/folhapopular.info\\\/\"},{\"@type\":\"ListItem\",\"position\":2,\"name\":\"Orquestra promove concerto para celebrar cultura alem\u00e3 na Univates\"}]},{\"@type\":\"WebSite\",\"@id\":\"https:\\\/\\\/folhapopular.info\\\/#website\",\"url\":\"https:\\\/\\\/folhapopular.info\\\/\",\"name\":\"Folha Popular\",\"description\":\"Onde voc\u00ea tem vez e voz\",\"potentialAction\":[{\"@type\":\"SearchAction\",\"target\":{\"@type\":\"EntryPoint\",\"urlTemplate\":\"https:\\\/\\\/folhapopular.info\\\/?s={search_term_string}\"},\"query-input\":{\"@type\":\"PropertyValueSpecification\",\"valueRequired\":true,\"valueName\":\"search_term_string\"}}],\"inLanguage\":\"pt-BR\"},{\"@type\":\"Person\",\"@id\":\"https:\\\/\\\/folhapopular.info\\\/#\\\/schema\\\/person\\\/2814e8a0df7643585a9ca38bc6eb9d4b\",\"name\":\"Reda\u00e7\u00e3o Folha Popular\",\"image\":{\"@type\":\"ImageObject\",\"inLanguage\":\"pt-BR\",\"@id\":\"https:\\\/\\\/folhapopular.info\\\/wp-content\\\/uploads\\\/2026\\\/04\\\/Folha-1.webp\",\"url\":\"https:\\\/\\\/folhapopular.info\\\/wp-content\\\/uploads\\\/2026\\\/04\\\/Folha-1.webp\",\"contentUrl\":\"https:\\\/\\\/folhapopular.info\\\/wp-content\\\/uploads\\\/2026\\\/04\\\/Folha-1.webp\",\"caption\":\"Reda\u00e7\u00e3o Folha Popular\"},\"url\":\"https:\\\/\\\/folhapopular.info\\\/index.php\\\/author\\\/redacao\\\/\"}]}<\/script>\n<!-- \/ Yoast SEO plugin. -->","yoast_head_json":{"title":"Orquestra promove concerto para celebrar cultura alem\u00e3 na Univates - Folha Popular","robots":{"index":"index","follow":"follow","max-snippet":"max-snippet:-1","max-image-preview":"max-image-preview:large","max-video-preview":"max-video-preview:-1"},"canonical":"https:\/\/folhapopular.info\/index.php\/2024\/06\/24\/orquestra-promove-concerto-para-celebrar-cultura-alema-na-univates\/","og_locale":"pt_BR","og_type":"article","og_title":"Orquestra promove concerto para celebrar cultura alem\u00e3 na Univates - Folha Popular","og_description":"A Orquestra Gustavo Adolfo Univates, promove a terceira edi\u00e7\u00e3o do Concerto de Inverno. Neste ano, o espet\u00e1culo \u201cRetratos\u201d celebra o bicenten\u00e1rio da imigra\u00e7\u00e3o alem\u00e3 no Brasil. O evento \u00e9 aberto \u00e0 comunidade e acontece no dia 11 de julho, no Teatro Univates, a partir das 20h. O repert\u00f3rio do concerto \u00e9 preparado para homenagear as [&hellip;]","og_url":"https:\/\/folhapopular.info\/index.php\/2024\/06\/24\/orquestra-promove-concerto-para-celebrar-cultura-alema-na-univates\/","og_site_name":"Folha Popular","article_published_time":"2024-06-24T14:21:44+00:00","article_modified_time":"2024-06-24T14:21:46+00:00","og_image":[{"width":2048,"height":1365,"url":"http:\/\/folhapopular.info\/wp-content\/uploads\/2024\/06\/1-Concerto-Orquestra-Gustavo-Adolfo-Univates-Credito-Ana-Luisa-de-Mattos-Reckziegel-Univates.jpg","type":"image\/jpeg"}],"author":"Reda\u00e7\u00e3o Folha Popular","twitter_card":"summary_large_image","twitter_misc":{"Escrito por":"Reda\u00e7\u00e3o Folha Popular","Est. tempo de leitura":"2 minutos"},"schema":{"@context":"https:\/\/schema.org","@graph":[{"@type":"Article","@id":"https:\/\/folhapopular.info\/index.php\/2024\/06\/24\/orquestra-promove-concerto-para-celebrar-cultura-alema-na-univates\/#article","isPartOf":{"@id":"https:\/\/folhapopular.info\/index.php\/2024\/06\/24\/orquestra-promove-concerto-para-celebrar-cultura-alema-na-univates\/"},"author":{"name":"Reda\u00e7\u00e3o Folha Popular","@id":"https:\/\/folhapopular.info\/#\/schema\/person\/2814e8a0df7643585a9ca38bc6eb9d4b"},"headline":"Orquestra promove concerto para celebrar cultura alem\u00e3 na Univates","datePublished":"2024-06-24T14:21:44+00:00","dateModified":"2024-06-24T14:21:46+00:00","mainEntityOfPage":{"@id":"https:\/\/folhapopular.info\/index.php\/2024\/06\/24\/orquestra-promove-concerto-para-celebrar-cultura-alema-na-univates\/"},"wordCount":280,"commentCount":0,"image":{"@id":"https:\/\/folhapopular.info\/index.php\/2024\/06\/24\/orquestra-promove-concerto-para-celebrar-cultura-alema-na-univates\/#primaryimage"},"thumbnailUrl":"https:\/\/folhapopular.info\/wp-content\/uploads\/2024\/06\/1-Concerto-Orquestra-Gustavo-Adolfo-Univates-Credito-Ana-Luisa-de-Mattos-Reckziegel-Univates.jpg","keywords":["Concerto de Inverno","Orquestra Gustavo Adolfo","Univates"],"articleSection":["Cultura","Destaques","Inclusive","Solidariedade"],"inLanguage":"pt-BR","potentialAction":[{"@type":"CommentAction","name":"Comment","target":["https:\/\/folhapopular.info\/index.php\/2024\/06\/24\/orquestra-promove-concerto-para-celebrar-cultura-alema-na-univates\/#respond"]}]},{"@type":"WebPage","@id":"https:\/\/folhapopular.info\/index.php\/2024\/06\/24\/orquestra-promove-concerto-para-celebrar-cultura-alema-na-univates\/","url":"https:\/\/folhapopular.info\/index.php\/2024\/06\/24\/orquestra-promove-concerto-para-celebrar-cultura-alema-na-univates\/","name":"Orquestra promove concerto para celebrar cultura alem\u00e3 na Univates - Folha Popular","isPartOf":{"@id":"https:\/\/folhapopular.info\/#website"},"primaryImageOfPage":{"@id":"https:\/\/folhapopular.info\/index.php\/2024\/06\/24\/orquestra-promove-concerto-para-celebrar-cultura-alema-na-univates\/#primaryimage"},"image":{"@id":"https:\/\/folhapopular.info\/index.php\/2024\/06\/24\/orquestra-promove-concerto-para-celebrar-cultura-alema-na-univates\/#primaryimage"},"thumbnailUrl":"https:\/\/folhapopular.info\/wp-content\/uploads\/2024\/06\/1-Concerto-Orquestra-Gustavo-Adolfo-Univates-Credito-Ana-Luisa-de-Mattos-Reckziegel-Univates.jpg","datePublished":"2024-06-24T14:21:44+00:00","dateModified":"2024-06-24T14:21:46+00:00","author":{"@id":"https:\/\/folhapopular.info\/#\/schema\/person\/2814e8a0df7643585a9ca38bc6eb9d4b"},"breadcrumb":{"@id":"https:\/\/folhapopular.info\/index.php\/2024\/06\/24\/orquestra-promove-concerto-para-celebrar-cultura-alema-na-univates\/#breadcrumb"},"inLanguage":"pt-BR","potentialAction":[{"@type":"ReadAction","target":["https:\/\/folhapopular.info\/index.php\/2024\/06\/24\/orquestra-promove-concerto-para-celebrar-cultura-alema-na-univates\/"]}]},{"@type":"ImageObject","inLanguage":"pt-BR","@id":"https:\/\/folhapopular.info\/index.php\/2024\/06\/24\/orquestra-promove-concerto-para-celebrar-cultura-alema-na-univates\/#primaryimage","url":"https:\/\/folhapopular.info\/wp-content\/uploads\/2024\/06\/1-Concerto-Orquestra-Gustavo-Adolfo-Univates-Credito-Ana-Luisa-de-Mattos-Reckziegel-Univates.jpg","contentUrl":"https:\/\/folhapopular.info\/wp-content\/uploads\/2024\/06\/1-Concerto-Orquestra-Gustavo-Adolfo-Univates-Credito-Ana-Luisa-de-Mattos-Reckziegel-Univates.jpg","width":2048,"height":1365,"caption":"Cr\u00e9dito: Divulga\u00e7\u00e3o \/ AI Univates"},{"@type":"BreadcrumbList","@id":"https:\/\/folhapopular.info\/index.php\/2024\/06\/24\/orquestra-promove-concerto-para-celebrar-cultura-alema-na-univates\/#breadcrumb","itemListElement":[{"@type":"ListItem","position":1,"name":"In\u00edcio","item":"https:\/\/folhapopular.info\/"},{"@type":"ListItem","position":2,"name":"Orquestra promove concerto para celebrar cultura alem\u00e3 na Univates"}]},{"@type":"WebSite","@id":"https:\/\/folhapopular.info\/#website","url":"https:\/\/folhapopular.info\/","name":"Folha Popular","description":"Onde voc\u00ea tem vez e voz","potentialAction":[{"@type":"SearchAction","target":{"@type":"EntryPoint","urlTemplate":"https:\/\/folhapopular.info\/?s={search_term_string}"},"query-input":{"@type":"PropertyValueSpecification","valueRequired":true,"valueName":"search_term_string"}}],"inLanguage":"pt-BR"},{"@type":"Person","@id":"https:\/\/folhapopular.info\/#\/schema\/person\/2814e8a0df7643585a9ca38bc6eb9d4b","name":"Reda\u00e7\u00e3o Folha Popular","image":{"@type":"ImageObject","inLanguage":"pt-BR","@id":"https:\/\/folhapopular.info\/wp-content\/uploads\/2026\/04\/Folha-1.webp","url":"https:\/\/folhapopular.info\/wp-content\/uploads\/2026\/04\/Folha-1.webp","contentUrl":"https:\/\/folhapopular.info\/wp-content\/uploads\/2026\/04\/Folha-1.webp","caption":"Reda\u00e7\u00e3o Folha Popular"},"url":"https:\/\/folhapopular.info\/index.php\/author\/redacao\/"}]}},"jetpack_featured_media_url":"https:\/\/folhapopular.info\/wp-content\/uploads\/2024\/06\/1-Concerto-Orquestra-Gustavo-Adolfo-Univates-Credito-Ana-Luisa-de-Mattos-Reckziegel-Univates.jpg","jetpack_sharing_enabled":true,"amp_enabled":true,"_links":{"self":[{"href":"https:\/\/folhapopular.info\/index.php\/wp-json\/wp\/v2\/posts\/161052","targetHints":{"allow":["GET"]}}],"collection":[{"href":"https:\/\/folhapopular.info\/index.php\/wp-json\/wp\/v2\/posts"}],"about":[{"href":"https:\/\/folhapopular.info\/index.php\/wp-json\/wp\/v2\/types\/post"}],"author":[{"embeddable":true,"href":"https:\/\/folhapopular.info\/index.php\/wp-json\/wp\/v2\/users\/8"}],"replies":[{"embeddable":true,"href":"https:\/\/folhapopular.info\/index.php\/wp-json\/wp\/v2\/comments?post=161052"}],"version-history":[{"count":0,"href":"https:\/\/folhapopular.info\/index.php\/wp-json\/wp\/v2\/posts\/161052\/revisions"}],"wp:featuredmedia":[{"embeddable":true,"href":"https:\/\/folhapopular.info\/index.php\/wp-json\/wp\/v2\/media\/161053"}],"wp:attachment":[{"href":"https:\/\/folhapopular.info\/index.php\/wp-json\/wp\/v2\/media?parent=161052"}],"wp:term":[{"taxonomy":"category","embeddable":true,"href":"https:\/\/folhapopular.info\/index.php\/wp-json\/wp\/v2\/categories?post=161052"},{"taxonomy":"post_tag","embeddable":true,"href":"https:\/\/folhapopular.info\/index.php\/wp-json\/wp\/v2\/tags?post=161052"}],"curies":[{"name":"wp","href":"https:\/\/api.w.org\/{rel}","templated":true}]}}