{"id":161328,"date":"2024-06-27T07:30:00","date_gmt":"2024-06-27T10:30:00","guid":{"rendered":"https:\/\/folhapopular.info\/?p=161328"},"modified":"2024-06-26T17:28:20","modified_gmt":"2024-06-26T20:28:20","slug":"aluno-de-estrela-e-destaque-na-olimpiada-brasileira-de-matematica","status":"publish","type":"post","link":"https:\/\/folhapopular.info\/index.php\/2024\/06\/27\/aluno-de-estrela-e-destaque-na-olimpiada-brasileira-de-matematica\/","title":{"rendered":"Aluno de Estrela \u00e9 destaque na Olimp\u00edada Brasileira de Matem\u00e1tica"},"content":{"rendered":"\n<p>O aluno da Escola Municipal de Ensino Fundamental (Emef) Jos\u00e9 Bonif\u00e1cio, do Distrito de Cost\u00e3o, interior de Estrela, Pedro Sulzbach Diedrich, de 13 anos, embarcou para o Rio de Janeiro para receber a premia\u00e7\u00e3o na 18\u00aa edi\u00e7\u00e3o da Olimp\u00edada Brasileira de Matem\u00e1tica das Escolas P\u00fablicas (Obmep).<\/p>\n\n\n\n<p>Foram mais de 18,3 milh\u00f5es de participantes (do 6\u00ba ano do Fundamental ao 3\u00ba do M\u00e9dio) de 53 mil escolas de todo o pa\u00eds desta que \u00e9 a maior competi\u00e7\u00e3o cient\u00edfica do pa\u00eds, o estrelense foi um dos 650 alunos que levaram a medalha de ouro. Foi o 39\u00ba na sua categoria, 7\u00ba no estado (3\u00ba considerando apenas as escolas p\u00fablicas ga\u00fachas).<\/p>\n\n\n\n<p>A premia\u00e7\u00e3o nacional ocorreu no Rio de Janeiro, no \u00faltimo dia 11. Promovida pelo Instituto de Matem\u00e1tica Pura e Aplicada (Impa), em cerim\u00f4nia com a presen\u00e7a do Presidente da Rep\u00fablica, Luiz In\u00e1cio Lula da Silva. Nesta quarta-feira (26\/6), acompanhado da m\u00e3e Let\u00edcia; da diretora da Emef Jos\u00e9 Bonif\u00e1cio, Leila Ane Dresch; e da secret\u00e1ria de Educa\u00e7\u00e3o de Estrela, Elis\u00e2ngela Mendes, Pedro foi recebido no gabinete pelo prefeito Elmar Schneider, em encontro que era pra ter ocorrido antes, mas foi protelado pelas cheias.<\/p>\n\n\n\n<p>De acordo com Pedro, o gosto por n\u00fameros vem desde pequeno. \u201cSempre gostei. Assim como coisas de ci\u00eancia, astronomia, inform\u00e1tica\u201d, diz. Sua m\u00e3e, que viajou para o Rio de Janeiro para acompanhar a premia\u00e7\u00e3o, confirma. \u201cEle sempre demonstrou interesse. Desde pequeno vinha nos perguntar sobre n\u00fameros, contas. Queria saber como funcionava as opera\u00e7\u00f5es. Tamb\u00e9m para outras coisas al\u00e9m do comum para a idade dele. E mostrava ter facilidade em entender\u201d, explica.&nbsp;&nbsp;&nbsp;&nbsp;&nbsp;<\/p>\n\n\n\n<p>N\u00e3o foi a primeira vez que o jovem foi premiado. Em 2022, ele ficou com a medalha de bronze e ele j\u00e1 fez a primeira prova da Olimp\u00edada de 2024, mas agora em nova categoria. Ele revela que j\u00e1 vislumbra um futuro com a \u00e1rea. \u201cDesejo trabalhar em alguma \u00e1rea que envolva ci\u00eancias, engenharia de computa\u00e7\u00e3o, astronomia, que tamb\u00e9m envolvam n\u00fameros\u201d, detalha.&nbsp;<\/p>\n\n\n\n<p>Pela conquista, Pedro, assim como outros medalhistas nacionais da Obmep, foi convidado a participar do Programa de Inicia\u00e7\u00e3o Cient\u00edfica (Pic Jr.) como incentivo e promo\u00e7\u00e3o do desenvolvimento acad\u00eamico. A iniciativa oferece uma bolsa de R$ 300 aos alunos de escolas p\u00fablicas que integram o programa, na qual tem acesso a uma diversificada plataforma de cursos.<\/p>\n","protected":false},"excerpt":{"rendered":"<p>O aluno da Escola Municipal de Ensino Fundamental (Emef) Jos\u00e9 Bonif\u00e1cio, do Distrito de Cost\u00e3o, interior de Estrela, Pedro Sulzbach Diedrich, de 13 anos, embarcou para o Rio de Janeiro para receber a premia\u00e7\u00e3o na 18\u00aa edi\u00e7\u00e3o da Olimp\u00edada Brasileira de Matem\u00e1tica das Escolas P\u00fablicas (Obmep). Foram mais de 18,3 milh\u00f5es de participantes (do 6\u00ba [&hellip;]<\/p>\n","protected":false},"author":8,"featured_media":161329,"comment_status":"open","ping_status":"open","sticky":false,"template":"","format":"standard","meta":{"pmpro_default_level":"","_jetpack_memberships_contains_paid_content":false,"footnotes":""},"categories":[2,10988,3],"tags":[15394,8,403],"class_list":{"0":"post-161328","1":"post","2":"type-post","3":"status-publish","4":"format-standard","5":"has-post-thumbnail","7":"category-featured","8":"category-educacao","9":"category-geral","10":"tag-aluno-premiado","11":"tag-estrela","12":"tag-obmep","13":"pmpro-has-access"},"yoast_head":"<!-- This site is optimized with the Yoast SEO plugin v27.5 - https:\/\/yoast.com\/product\/yoast-seo-wordpress\/ -->\n<title>Aluno de Estrela \u00e9 destaque na Olimp\u00edada Brasileira de Matem\u00e1tica - Folha Popular<\/title>\n<meta name=\"robots\" content=\"index, follow, max-snippet:-1, max-image-preview:large, max-video-preview:-1\" \/>\n<link rel=\"canonical\" href=\"https:\/\/folhapopular.info\/index.php\/2024\/06\/27\/aluno-de-estrela-e-destaque-na-olimpiada-brasileira-de-matematica\/\" \/>\n<meta property=\"og:locale\" content=\"pt_BR\" \/>\n<meta property=\"og:type\" content=\"article\" \/>\n<meta property=\"og:title\" content=\"Aluno de Estrela \u00e9 destaque na Olimp\u00edada Brasileira de Matem\u00e1tica - Folha Popular\" \/>\n<meta property=\"og:description\" content=\"O aluno da Escola Municipal de Ensino Fundamental (Emef) Jos\u00e9 Bonif\u00e1cio, do Distrito de Cost\u00e3o, interior de Estrela, Pedro Sulzbach Diedrich, de 13 anos, embarcou para o Rio de Janeiro para receber a premia\u00e7\u00e3o na 18\u00aa edi\u00e7\u00e3o da Olimp\u00edada Brasileira de Matem\u00e1tica das Escolas P\u00fablicas (Obmep). Foram mais de 18,3 milh\u00f5es de participantes (do 6\u00ba [&hellip;]\" \/>\n<meta property=\"og:url\" content=\"https:\/\/folhapopular.info\/index.php\/2024\/06\/27\/aluno-de-estrela-e-destaque-na-olimpiada-brasileira-de-matematica\/\" \/>\n<meta property=\"og:site_name\" content=\"Folha Popular\" \/>\n<meta property=\"article:published_time\" content=\"2024-06-27T10:30:00+00:00\" \/>\n<meta property=\"og:image\" content=\"https:\/\/folhapopular.info\/wp-content\/uploads\/2024\/06\/26.06_Olimpiada-de-Matematica-Pedro-e-arquivo-pessoal-premiacao-3.jpeg\" \/>\n\t<meta property=\"og:image:width\" content=\"1280\" \/>\n\t<meta property=\"og:image:height\" content=\"960\" \/>\n\t<meta property=\"og:image:type\" content=\"image\/jpeg\" \/>\n<meta name=\"author\" content=\"Reda\u00e7\u00e3o Folha Popular\" \/>\n<meta name=\"twitter:card\" content=\"summary_large_image\" \/>\n<meta name=\"twitter:label1\" content=\"Escrito por\" \/>\n\t<meta name=\"twitter:data1\" content=\"Reda\u00e7\u00e3o Folha Popular\" \/>\n\t<meta name=\"twitter:label2\" content=\"Est. tempo de leitura\" \/>\n\t<meta name=\"twitter:data2\" content=\"3 minutos\" \/>\n<script type=\"application\/ld+json\" class=\"yoast-schema-graph\">{\"@context\":\"https:\\\/\\\/schema.org\",\"@graph\":[{\"@type\":\"Article\",\"@id\":\"https:\\\/\\\/folhapopular.info\\\/index.php\\\/2024\\\/06\\\/27\\\/aluno-de-estrela-e-destaque-na-olimpiada-brasileira-de-matematica\\\/#article\",\"isPartOf\":{\"@id\":\"https:\\\/\\\/folhapopular.info\\\/index.php\\\/2024\\\/06\\\/27\\\/aluno-de-estrela-e-destaque-na-olimpiada-brasileira-de-matematica\\\/\"},\"author\":{\"name\":\"Reda\u00e7\u00e3o Folha Popular\",\"@id\":\"https:\\\/\\\/folhapopular.info\\\/#\\\/schema\\\/person\\\/2814e8a0df7643585a9ca38bc6eb9d4b\"},\"headline\":\"Aluno de Estrela \u00e9 destaque na Olimp\u00edada Brasileira de Matem\u00e1tica\",\"datePublished\":\"2024-06-27T10:30:00+00:00\",\"mainEntityOfPage\":{\"@id\":\"https:\\\/\\\/folhapopular.info\\\/index.php\\\/2024\\\/06\\\/27\\\/aluno-de-estrela-e-destaque-na-olimpiada-brasileira-de-matematica\\\/\"},\"wordCount\":426,\"commentCount\":0,\"image\":{\"@id\":\"https:\\\/\\\/folhapopular.info\\\/index.php\\\/2024\\\/06\\\/27\\\/aluno-de-estrela-e-destaque-na-olimpiada-brasileira-de-matematica\\\/#primaryimage\"},\"thumbnailUrl\":\"https:\\\/\\\/folhapopular.info\\\/wp-content\\\/uploads\\\/2024\\\/06\\\/26.06_Olimpiada-de-Matematica-Pedro-e-arquivo-pessoal-premiacao-3.jpeg\",\"keywords\":[\"Aluno premiado\",\"Estrela\",\"OBMEP\"],\"articleSection\":[\"Destaques\",\"Educa\u00e7\u00e3o\",\"Geral\"],\"inLanguage\":\"pt-BR\",\"potentialAction\":[{\"@type\":\"CommentAction\",\"name\":\"Comment\",\"target\":[\"https:\\\/\\\/folhapopular.info\\\/index.php\\\/2024\\\/06\\\/27\\\/aluno-de-estrela-e-destaque-na-olimpiada-brasileira-de-matematica\\\/#respond\"]}]},{\"@type\":\"WebPage\",\"@id\":\"https:\\\/\\\/folhapopular.info\\\/index.php\\\/2024\\\/06\\\/27\\\/aluno-de-estrela-e-destaque-na-olimpiada-brasileira-de-matematica\\\/\",\"url\":\"https:\\\/\\\/folhapopular.info\\\/index.php\\\/2024\\\/06\\\/27\\\/aluno-de-estrela-e-destaque-na-olimpiada-brasileira-de-matematica\\\/\",\"name\":\"Aluno de Estrela \u00e9 destaque na Olimp\u00edada Brasileira de Matem\u00e1tica - Folha Popular\",\"isPartOf\":{\"@id\":\"https:\\\/\\\/folhapopular.info\\\/#website\"},\"primaryImageOfPage\":{\"@id\":\"https:\\\/\\\/folhapopular.info\\\/index.php\\\/2024\\\/06\\\/27\\\/aluno-de-estrela-e-destaque-na-olimpiada-brasileira-de-matematica\\\/#primaryimage\"},\"image\":{\"@id\":\"https:\\\/\\\/folhapopular.info\\\/index.php\\\/2024\\\/06\\\/27\\\/aluno-de-estrela-e-destaque-na-olimpiada-brasileira-de-matematica\\\/#primaryimage\"},\"thumbnailUrl\":\"https:\\\/\\\/folhapopular.info\\\/wp-content\\\/uploads\\\/2024\\\/06\\\/26.06_Olimpiada-de-Matematica-Pedro-e-arquivo-pessoal-premiacao-3.jpeg\",\"datePublished\":\"2024-06-27T10:30:00+00:00\",\"author\":{\"@id\":\"https:\\\/\\\/folhapopular.info\\\/#\\\/schema\\\/person\\\/2814e8a0df7643585a9ca38bc6eb9d4b\"},\"breadcrumb\":{\"@id\":\"https:\\\/\\\/folhapopular.info\\\/index.php\\\/2024\\\/06\\\/27\\\/aluno-de-estrela-e-destaque-na-olimpiada-brasileira-de-matematica\\\/#breadcrumb\"},\"inLanguage\":\"pt-BR\",\"potentialAction\":[{\"@type\":\"ReadAction\",\"target\":[\"https:\\\/\\\/folhapopular.info\\\/index.php\\\/2024\\\/06\\\/27\\\/aluno-de-estrela-e-destaque-na-olimpiada-brasileira-de-matematica\\\/\"]}]},{\"@type\":\"ImageObject\",\"inLanguage\":\"pt-BR\",\"@id\":\"https:\\\/\\\/folhapopular.info\\\/index.php\\\/2024\\\/06\\\/27\\\/aluno-de-estrela-e-destaque-na-olimpiada-brasileira-de-matematica\\\/#primaryimage\",\"url\":\"https:\\\/\\\/folhapopular.info\\\/wp-content\\\/uploads\\\/2024\\\/06\\\/26.06_Olimpiada-de-Matematica-Pedro-e-arquivo-pessoal-premiacao-3.jpeg\",\"contentUrl\":\"https:\\\/\\\/folhapopular.info\\\/wp-content\\\/uploads\\\/2024\\\/06\\\/26.06_Olimpiada-de-Matematica-Pedro-e-arquivo-pessoal-premiacao-3.jpeg\",\"width\":1280,\"height\":960,\"caption\":\"Cr\u00e9dito: Divulga\u00e7\u00e3o \\\/ AI Estrela\"},{\"@type\":\"BreadcrumbList\",\"@id\":\"https:\\\/\\\/folhapopular.info\\\/index.php\\\/2024\\\/06\\\/27\\\/aluno-de-estrela-e-destaque-na-olimpiada-brasileira-de-matematica\\\/#breadcrumb\",\"itemListElement\":[{\"@type\":\"ListItem\",\"position\":1,\"name\":\"In\u00edcio\",\"item\":\"https:\\\/\\\/folhapopular.info\\\/\"},{\"@type\":\"ListItem\",\"position\":2,\"name\":\"Aluno de Estrela \u00e9 destaque na Olimp\u00edada Brasileira de Matem\u00e1tica\"}]},{\"@type\":\"WebSite\",\"@id\":\"https:\\\/\\\/folhapopular.info\\\/#website\",\"url\":\"https:\\\/\\\/folhapopular.info\\\/\",\"name\":\"Folha Popular\",\"description\":\"Onde voc\u00ea tem vez e voz\",\"potentialAction\":[{\"@type\":\"SearchAction\",\"target\":{\"@type\":\"EntryPoint\",\"urlTemplate\":\"https:\\\/\\\/folhapopular.info\\\/?s={search_term_string}\"},\"query-input\":{\"@type\":\"PropertyValueSpecification\",\"valueRequired\":true,\"valueName\":\"search_term_string\"}}],\"inLanguage\":\"pt-BR\"},{\"@type\":\"Person\",\"@id\":\"https:\\\/\\\/folhapopular.info\\\/#\\\/schema\\\/person\\\/2814e8a0df7643585a9ca38bc6eb9d4b\",\"name\":\"Reda\u00e7\u00e3o Folha Popular\",\"image\":{\"@type\":\"ImageObject\",\"inLanguage\":\"pt-BR\",\"@id\":\"https:\\\/\\\/folhapopular.info\\\/wp-content\\\/uploads\\\/2026\\\/04\\\/Folha-1.webp\",\"url\":\"https:\\\/\\\/folhapopular.info\\\/wp-content\\\/uploads\\\/2026\\\/04\\\/Folha-1.webp\",\"contentUrl\":\"https:\\\/\\\/folhapopular.info\\\/wp-content\\\/uploads\\\/2026\\\/04\\\/Folha-1.webp\",\"caption\":\"Reda\u00e7\u00e3o Folha Popular\"},\"url\":\"https:\\\/\\\/folhapopular.info\\\/index.php\\\/author\\\/redacao\\\/\"}]}<\/script>\n<!-- \/ Yoast SEO plugin. -->","yoast_head_json":{"title":"Aluno de Estrela \u00e9 destaque na Olimp\u00edada Brasileira de Matem\u00e1tica - Folha Popular","robots":{"index":"index","follow":"follow","max-snippet":"max-snippet:-1","max-image-preview":"max-image-preview:large","max-video-preview":"max-video-preview:-1"},"canonical":"https:\/\/folhapopular.info\/index.php\/2024\/06\/27\/aluno-de-estrela-e-destaque-na-olimpiada-brasileira-de-matematica\/","og_locale":"pt_BR","og_type":"article","og_title":"Aluno de Estrela \u00e9 destaque na Olimp\u00edada Brasileira de Matem\u00e1tica - Folha Popular","og_description":"O aluno da Escola Municipal de Ensino Fundamental (Emef) Jos\u00e9 Bonif\u00e1cio, do Distrito de Cost\u00e3o, interior de Estrela, Pedro Sulzbach Diedrich, de 13 anos, embarcou para o Rio de Janeiro para receber a premia\u00e7\u00e3o na 18\u00aa edi\u00e7\u00e3o da Olimp\u00edada Brasileira de Matem\u00e1tica das Escolas P\u00fablicas (Obmep). Foram mais de 18,3 milh\u00f5es de participantes (do 6\u00ba [&hellip;]","og_url":"https:\/\/folhapopular.info\/index.php\/2024\/06\/27\/aluno-de-estrela-e-destaque-na-olimpiada-brasileira-de-matematica\/","og_site_name":"Folha Popular","article_published_time":"2024-06-27T10:30:00+00:00","og_image":[{"width":1280,"height":960,"url":"https:\/\/folhapopular.info\/wp-content\/uploads\/2024\/06\/26.06_Olimpiada-de-Matematica-Pedro-e-arquivo-pessoal-premiacao-3.jpeg","type":"image\/jpeg"}],"author":"Reda\u00e7\u00e3o Folha Popular","twitter_card":"summary_large_image","twitter_misc":{"Escrito por":"Reda\u00e7\u00e3o Folha Popular","Est. tempo de leitura":"3 minutos"},"schema":{"@context":"https:\/\/schema.org","@graph":[{"@type":"Article","@id":"https:\/\/folhapopular.info\/index.php\/2024\/06\/27\/aluno-de-estrela-e-destaque-na-olimpiada-brasileira-de-matematica\/#article","isPartOf":{"@id":"https:\/\/folhapopular.info\/index.php\/2024\/06\/27\/aluno-de-estrela-e-destaque-na-olimpiada-brasileira-de-matematica\/"},"author":{"name":"Reda\u00e7\u00e3o Folha Popular","@id":"https:\/\/folhapopular.info\/#\/schema\/person\/2814e8a0df7643585a9ca38bc6eb9d4b"},"headline":"Aluno de Estrela \u00e9 destaque na Olimp\u00edada Brasileira de Matem\u00e1tica","datePublished":"2024-06-27T10:30:00+00:00","mainEntityOfPage":{"@id":"https:\/\/folhapopular.info\/index.php\/2024\/06\/27\/aluno-de-estrela-e-destaque-na-olimpiada-brasileira-de-matematica\/"},"wordCount":426,"commentCount":0,"image":{"@id":"https:\/\/folhapopular.info\/index.php\/2024\/06\/27\/aluno-de-estrela-e-destaque-na-olimpiada-brasileira-de-matematica\/#primaryimage"},"thumbnailUrl":"https:\/\/folhapopular.info\/wp-content\/uploads\/2024\/06\/26.06_Olimpiada-de-Matematica-Pedro-e-arquivo-pessoal-premiacao-3.jpeg","keywords":["Aluno premiado","Estrela","OBMEP"],"articleSection":["Destaques","Educa\u00e7\u00e3o","Geral"],"inLanguage":"pt-BR","potentialAction":[{"@type":"CommentAction","name":"Comment","target":["https:\/\/folhapopular.info\/index.php\/2024\/06\/27\/aluno-de-estrela-e-destaque-na-olimpiada-brasileira-de-matematica\/#respond"]}]},{"@type":"WebPage","@id":"https:\/\/folhapopular.info\/index.php\/2024\/06\/27\/aluno-de-estrela-e-destaque-na-olimpiada-brasileira-de-matematica\/","url":"https:\/\/folhapopular.info\/index.php\/2024\/06\/27\/aluno-de-estrela-e-destaque-na-olimpiada-brasileira-de-matematica\/","name":"Aluno de Estrela \u00e9 destaque na Olimp\u00edada Brasileira de Matem\u00e1tica - Folha Popular","isPartOf":{"@id":"https:\/\/folhapopular.info\/#website"},"primaryImageOfPage":{"@id":"https:\/\/folhapopular.info\/index.php\/2024\/06\/27\/aluno-de-estrela-e-destaque-na-olimpiada-brasileira-de-matematica\/#primaryimage"},"image":{"@id":"https:\/\/folhapopular.info\/index.php\/2024\/06\/27\/aluno-de-estrela-e-destaque-na-olimpiada-brasileira-de-matematica\/#primaryimage"},"thumbnailUrl":"https:\/\/folhapopular.info\/wp-content\/uploads\/2024\/06\/26.06_Olimpiada-de-Matematica-Pedro-e-arquivo-pessoal-premiacao-3.jpeg","datePublished":"2024-06-27T10:30:00+00:00","author":{"@id":"https:\/\/folhapopular.info\/#\/schema\/person\/2814e8a0df7643585a9ca38bc6eb9d4b"},"breadcrumb":{"@id":"https:\/\/folhapopular.info\/index.php\/2024\/06\/27\/aluno-de-estrela-e-destaque-na-olimpiada-brasileira-de-matematica\/#breadcrumb"},"inLanguage":"pt-BR","potentialAction":[{"@type":"ReadAction","target":["https:\/\/folhapopular.info\/index.php\/2024\/06\/27\/aluno-de-estrela-e-destaque-na-olimpiada-brasileira-de-matematica\/"]}]},{"@type":"ImageObject","inLanguage":"pt-BR","@id":"https:\/\/folhapopular.info\/index.php\/2024\/06\/27\/aluno-de-estrela-e-destaque-na-olimpiada-brasileira-de-matematica\/#primaryimage","url":"https:\/\/folhapopular.info\/wp-content\/uploads\/2024\/06\/26.06_Olimpiada-de-Matematica-Pedro-e-arquivo-pessoal-premiacao-3.jpeg","contentUrl":"https:\/\/folhapopular.info\/wp-content\/uploads\/2024\/06\/26.06_Olimpiada-de-Matematica-Pedro-e-arquivo-pessoal-premiacao-3.jpeg","width":1280,"height":960,"caption":"Cr\u00e9dito: Divulga\u00e7\u00e3o \/ AI Estrela"},{"@type":"BreadcrumbList","@id":"https:\/\/folhapopular.info\/index.php\/2024\/06\/27\/aluno-de-estrela-e-destaque-na-olimpiada-brasileira-de-matematica\/#breadcrumb","itemListElement":[{"@type":"ListItem","position":1,"name":"In\u00edcio","item":"https:\/\/folhapopular.info\/"},{"@type":"ListItem","position":2,"name":"Aluno de Estrela \u00e9 destaque na Olimp\u00edada Brasileira de Matem\u00e1tica"}]},{"@type":"WebSite","@id":"https:\/\/folhapopular.info\/#website","url":"https:\/\/folhapopular.info\/","name":"Folha Popular","description":"Onde voc\u00ea tem vez e voz","potentialAction":[{"@type":"SearchAction","target":{"@type":"EntryPoint","urlTemplate":"https:\/\/folhapopular.info\/?s={search_term_string}"},"query-input":{"@type":"PropertyValueSpecification","valueRequired":true,"valueName":"search_term_string"}}],"inLanguage":"pt-BR"},{"@type":"Person","@id":"https:\/\/folhapopular.info\/#\/schema\/person\/2814e8a0df7643585a9ca38bc6eb9d4b","name":"Reda\u00e7\u00e3o Folha Popular","image":{"@type":"ImageObject","inLanguage":"pt-BR","@id":"https:\/\/folhapopular.info\/wp-content\/uploads\/2026\/04\/Folha-1.webp","url":"https:\/\/folhapopular.info\/wp-content\/uploads\/2026\/04\/Folha-1.webp","contentUrl":"https:\/\/folhapopular.info\/wp-content\/uploads\/2026\/04\/Folha-1.webp","caption":"Reda\u00e7\u00e3o Folha Popular"},"url":"https:\/\/folhapopular.info\/index.php\/author\/redacao\/"}]}},"jetpack_featured_media_url":"https:\/\/folhapopular.info\/wp-content\/uploads\/2024\/06\/26.06_Olimpiada-de-Matematica-Pedro-e-arquivo-pessoal-premiacao-3.jpeg","jetpack_sharing_enabled":true,"amp_enabled":true,"_links":{"self":[{"href":"https:\/\/folhapopular.info\/index.php\/wp-json\/wp\/v2\/posts\/161328","targetHints":{"allow":["GET"]}}],"collection":[{"href":"https:\/\/folhapopular.info\/index.php\/wp-json\/wp\/v2\/posts"}],"about":[{"href":"https:\/\/folhapopular.info\/index.php\/wp-json\/wp\/v2\/types\/post"}],"author":[{"embeddable":true,"href":"https:\/\/folhapopular.info\/index.php\/wp-json\/wp\/v2\/users\/8"}],"replies":[{"embeddable":true,"href":"https:\/\/folhapopular.info\/index.php\/wp-json\/wp\/v2\/comments?post=161328"}],"version-history":[{"count":0,"href":"https:\/\/folhapopular.info\/index.php\/wp-json\/wp\/v2\/posts\/161328\/revisions"}],"wp:featuredmedia":[{"embeddable":true,"href":"https:\/\/folhapopular.info\/index.php\/wp-json\/wp\/v2\/media\/161329"}],"wp:attachment":[{"href":"https:\/\/folhapopular.info\/index.php\/wp-json\/wp\/v2\/media?parent=161328"}],"wp:term":[{"taxonomy":"category","embeddable":true,"href":"https:\/\/folhapopular.info\/index.php\/wp-json\/wp\/v2\/categories?post=161328"},{"taxonomy":"post_tag","embeddable":true,"href":"https:\/\/folhapopular.info\/index.php\/wp-json\/wp\/v2\/tags?post=161328"}],"curies":[{"name":"wp","href":"https:\/\/api.w.org\/{rel}","templated":true}]}}