{"id":161415,"date":"2024-06-27T15:40:42","date_gmt":"2024-06-27T18:40:42","guid":{"rendered":"https:\/\/folhapopular.info\/?p=161415"},"modified":"2024-06-27T15:41:23","modified_gmt":"2024-06-27T18:41:23","slug":"estrela-retoma-atividades-do-programa-nota-fiscal-na-escola","status":"publish","type":"post","link":"https:\/\/folhapopular.info\/index.php\/2024\/06\/27\/estrela-retoma-atividades-do-programa-nota-fiscal-na-escola\/","title":{"rendered":"Estrela retoma atividades do programa \u201cNota Fiscal na Escola\u201d\u00a0"},"content":{"rendered":"\n<p>Idealizado pelo Grupo Municipal de Educa\u00e7\u00e3o Fiscal (Gmef), o programa estrelense \u201cEduca\u00e7\u00e3o Fiscal &#8211; Criando Consci\u00eancia\u201d atua em diversas frentes e projetos, buscando n\u00e3o apenas a maior arrecada\u00e7\u00e3o fiscal, combate \u00e0 sonega\u00e7\u00e3o de impostos, mas tamb\u00e9m para uma maior conscientiza\u00e7\u00e3o e entendimento destes temas.<\/p>\n\n\n\n<p>Passado o momento mais turbulento dos eventos clim\u00e1ticos, o projeto retoma gradativamente as iniciativas que buscam proporcionar educa\u00e7\u00e3o fiscal \u00e0 comunidade escolar nas mais diversas escalas, dos alunos mais jovens aos professores, tamb\u00e9m funcion\u00e1rios, pais e admiradores das institui\u00e7\u00f5es de ensino.<\/p>\n\n\n\n<p>Junto das iniciativas est\u00e1 a continuidade das visitas \u00e0s escolas, onde este processo \u00e9 detalhado atrav\u00e9s de palestras e conversas diretas com os alunos. Outra proposta presente \u00e9 a realiza\u00e7\u00e3o de concursos que buscam incentivar o interesse das crian\u00e7as e jovens para com temas did\u00e1ticos voltados \u00e0 renda, tributos e outros.<\/p>\n\n\n\n<p>Com o apoio das secretarias municipais da Fazenda (Sefaz) e da Educa\u00e7\u00e3o (Smed), os concursos culturais e art\u00edsticos denominados \u201cMascote Educa\u00e7\u00e3o Fiscal\u201d e \u201cMelhor Reda\u00e7\u00e3o Educa\u00e7\u00e3o Fiscal\u201d foram colocados em pr\u00e1tica. Os mesmos t\u00eam por objetivo estimular, de forma criativa, os alunos da Rede Municipal de Estrela e assim fomentar o entendimento sobre os temas e a constru\u00e7\u00e3o de uma consci\u00eancia voltada ao exerc\u00edcio da cidadania.<\/p>\n\n\n\n<p>Dentro da proposta do concurso do mascote est\u00e1 a elabora\u00e7\u00e3o de um desenho livre que abranja o tema Educa\u00e7\u00e3o Fiscal, podendo ser qualquer figura l\u00fadica que remetesse ao termo \u201cmascote\u201d. Al\u00e9m da elabora\u00e7\u00e3o de um texto livre, em formato de reda\u00e7\u00e3o, sobre o mesmo tema. Devido \u00e0s cheias do Rio Taquari, o cumprimento do cronograma n\u00e3o foi atendido. Assim, foi prorrogado at\u00e9 a sexta-feira (28\/6) a entrega do material para julgamento da comiss\u00e3o organizadora.<\/p>\n\n\n\n<p>Hoje, mais de 16,4 mil CPFs cadastrados no Nota Fiscal Ga\u00facha (NFG) tem alguma escola de Estrela como benefici\u00e1ria, sendo que o programa j\u00e1 opera em 13 escolas. As demais est\u00e3o em fase de cadastramento. Mesmo com as enchentes, desde o in\u00edcio do ano letivo, mais de mil novos CPFs passaram a adotar uma das escolas como beneficiadas. Mais de 650 deles como resultado direto das visitas do \u201cNota Fiscal Ga\u00facha nas Escolas\u201d \u00e0s institui\u00e7\u00f5es de ensino, atingindo 240% de crescimento.<\/p>\n","protected":false},"excerpt":{"rendered":"<p>Idealizado pelo Grupo Municipal de Educa\u00e7\u00e3o Fiscal (Gmef), o programa estrelense \u201cEduca\u00e7\u00e3o Fiscal &#8211; Criando Consci\u00eancia\u201d atua em diversas frentes e projetos, buscando n\u00e3o apenas a maior arrecada\u00e7\u00e3o fiscal, combate \u00e0 sonega\u00e7\u00e3o de impostos, mas tamb\u00e9m para uma maior conscientiza\u00e7\u00e3o e entendimento destes temas. Passado o momento mais turbulento dos eventos clim\u00e1ticos, o projeto retoma [&hellip;]<\/p>\n","protected":false},"author":8,"featured_media":161416,"comment_status":"open","ping_status":"open","sticky":false,"template":"","format":"standard","meta":{"pmpro_default_level":"","_jetpack_memberships_contains_paid_content":false,"footnotes":""},"categories":[10988,3],"tags":[8,477,15403],"class_list":{"0":"post-161415","1":"post","2":"type-post","3":"status-publish","4":"format-standard","5":"has-post-thumbnail","7":"category-educacao","8":"category-geral","9":"tag-estrela","10":"tag-nota-fiscal-gaucha","11":"tag-nota-fiscal-na-escola","12":"pmpro-has-access"},"yoast_head":"<!-- This site is optimized with the Yoast SEO plugin v27.5 - https:\/\/yoast.com\/product\/yoast-seo-wordpress\/ -->\n<title>Estrela retoma atividades do programa \u201cNota Fiscal na Escola\u201d\u00a0 - Folha Popular<\/title>\n<meta name=\"robots\" content=\"index, follow, max-snippet:-1, max-image-preview:large, max-video-preview:-1\" \/>\n<link rel=\"canonical\" href=\"https:\/\/folhapopular.info\/index.php\/2024\/06\/27\/estrela-retoma-atividades-do-programa-nota-fiscal-na-escola\/\" \/>\n<meta property=\"og:locale\" content=\"pt_BR\" \/>\n<meta property=\"og:type\" content=\"article\" \/>\n<meta property=\"og:title\" content=\"Estrela retoma atividades do programa \u201cNota Fiscal na Escola\u201d\u00a0 - Folha Popular\" \/>\n<meta property=\"og:description\" content=\"Idealizado pelo Grupo Municipal de Educa\u00e7\u00e3o Fiscal (Gmef), o programa estrelense \u201cEduca\u00e7\u00e3o Fiscal &#8211; Criando Consci\u00eancia\u201d atua em diversas frentes e projetos, buscando n\u00e3o apenas a maior arrecada\u00e7\u00e3o fiscal, combate \u00e0 sonega\u00e7\u00e3o de impostos, mas tamb\u00e9m para uma maior conscientiza\u00e7\u00e3o e entendimento destes temas. Passado o momento mais turbulento dos eventos clim\u00e1ticos, o projeto retoma [&hellip;]\" \/>\n<meta property=\"og:url\" content=\"https:\/\/folhapopular.info\/index.php\/2024\/06\/27\/estrela-retoma-atividades-do-programa-nota-fiscal-na-escola\/\" \/>\n<meta property=\"og:site_name\" content=\"Folha Popular\" \/>\n<meta property=\"article:published_time\" content=\"2024-06-27T18:40:42+00:00\" \/>\n<meta property=\"article:modified_time\" content=\"2024-06-27T18:41:23+00:00\" \/>\n<meta property=\"og:image\" content=\"http:\/\/folhapopular.info\/wp-content\/uploads\/2024\/06\/Nota-Fiscal-Gaucha-nas-Escolas-16-PALESTRAS-2x.jpeg\" \/>\n\t<meta property=\"og:image:width\" content=\"1600\" \/>\n\t<meta property=\"og:image:height\" content=\"1197\" \/>\n\t<meta property=\"og:image:type\" content=\"image\/jpeg\" \/>\n<meta name=\"author\" content=\"Reda\u00e7\u00e3o Folha Popular\" \/>\n<meta name=\"twitter:card\" content=\"summary_large_image\" \/>\n<meta name=\"twitter:label1\" content=\"Escrito por\" \/>\n\t<meta name=\"twitter:data1\" content=\"Reda\u00e7\u00e3o Folha Popular\" \/>\n\t<meta name=\"twitter:label2\" content=\"Est. tempo de leitura\" \/>\n\t<meta name=\"twitter:data2\" content=\"3 minutos\" \/>\n<script type=\"application\/ld+json\" class=\"yoast-schema-graph\">{\"@context\":\"https:\\\/\\\/schema.org\",\"@graph\":[{\"@type\":\"Article\",\"@id\":\"https:\\\/\\\/folhapopular.info\\\/index.php\\\/2024\\\/06\\\/27\\\/estrela-retoma-atividades-do-programa-nota-fiscal-na-escola\\\/#article\",\"isPartOf\":{\"@id\":\"https:\\\/\\\/folhapopular.info\\\/index.php\\\/2024\\\/06\\\/27\\\/estrela-retoma-atividades-do-programa-nota-fiscal-na-escola\\\/\"},\"author\":{\"name\":\"Reda\u00e7\u00e3o Folha Popular\",\"@id\":\"https:\\\/\\\/folhapopular.info\\\/#\\\/schema\\\/person\\\/2814e8a0df7643585a9ca38bc6eb9d4b\"},\"headline\":\"Estrela retoma atividades do programa \u201cNota Fiscal na Escola\u201d\u00a0\",\"datePublished\":\"2024-06-27T18:40:42+00:00\",\"dateModified\":\"2024-06-27T18:41:23+00:00\",\"mainEntityOfPage\":{\"@id\":\"https:\\\/\\\/folhapopular.info\\\/index.php\\\/2024\\\/06\\\/27\\\/estrela-retoma-atividades-do-programa-nota-fiscal-na-escola\\\/\"},\"wordCount\":397,\"commentCount\":0,\"image\":{\"@id\":\"https:\\\/\\\/folhapopular.info\\\/index.php\\\/2024\\\/06\\\/27\\\/estrela-retoma-atividades-do-programa-nota-fiscal-na-escola\\\/#primaryimage\"},\"thumbnailUrl\":\"https:\\\/\\\/folhapopular.info\\\/wp-content\\\/uploads\\\/2024\\\/06\\\/Nota-Fiscal-Gaucha-nas-Escolas-16-PALESTRAS-2x.jpeg\",\"keywords\":[\"Estrela\",\"Nota Fiscal Ga\u00facha\",\"Nota Fiscal na Escola\"],\"articleSection\":[\"Educa\u00e7\u00e3o\",\"Geral\"],\"inLanguage\":\"pt-BR\",\"potentialAction\":[{\"@type\":\"CommentAction\",\"name\":\"Comment\",\"target\":[\"https:\\\/\\\/folhapopular.info\\\/index.php\\\/2024\\\/06\\\/27\\\/estrela-retoma-atividades-do-programa-nota-fiscal-na-escola\\\/#respond\"]}]},{\"@type\":\"WebPage\",\"@id\":\"https:\\\/\\\/folhapopular.info\\\/index.php\\\/2024\\\/06\\\/27\\\/estrela-retoma-atividades-do-programa-nota-fiscal-na-escola\\\/\",\"url\":\"https:\\\/\\\/folhapopular.info\\\/index.php\\\/2024\\\/06\\\/27\\\/estrela-retoma-atividades-do-programa-nota-fiscal-na-escola\\\/\",\"name\":\"Estrela retoma atividades do programa \u201cNota Fiscal na Escola\u201d\u00a0 - Folha Popular\",\"isPartOf\":{\"@id\":\"https:\\\/\\\/folhapopular.info\\\/#website\"},\"primaryImageOfPage\":{\"@id\":\"https:\\\/\\\/folhapopular.info\\\/index.php\\\/2024\\\/06\\\/27\\\/estrela-retoma-atividades-do-programa-nota-fiscal-na-escola\\\/#primaryimage\"},\"image\":{\"@id\":\"https:\\\/\\\/folhapopular.info\\\/index.php\\\/2024\\\/06\\\/27\\\/estrela-retoma-atividades-do-programa-nota-fiscal-na-escola\\\/#primaryimage\"},\"thumbnailUrl\":\"https:\\\/\\\/folhapopular.info\\\/wp-content\\\/uploads\\\/2024\\\/06\\\/Nota-Fiscal-Gaucha-nas-Escolas-16-PALESTRAS-2x.jpeg\",\"datePublished\":\"2024-06-27T18:40:42+00:00\",\"dateModified\":\"2024-06-27T18:41:23+00:00\",\"author\":{\"@id\":\"https:\\\/\\\/folhapopular.info\\\/#\\\/schema\\\/person\\\/2814e8a0df7643585a9ca38bc6eb9d4b\"},\"breadcrumb\":{\"@id\":\"https:\\\/\\\/folhapopular.info\\\/index.php\\\/2024\\\/06\\\/27\\\/estrela-retoma-atividades-do-programa-nota-fiscal-na-escola\\\/#breadcrumb\"},\"inLanguage\":\"pt-BR\",\"potentialAction\":[{\"@type\":\"ReadAction\",\"target\":[\"https:\\\/\\\/folhapopular.info\\\/index.php\\\/2024\\\/06\\\/27\\\/estrela-retoma-atividades-do-programa-nota-fiscal-na-escola\\\/\"]}]},{\"@type\":\"ImageObject\",\"inLanguage\":\"pt-BR\",\"@id\":\"https:\\\/\\\/folhapopular.info\\\/index.php\\\/2024\\\/06\\\/27\\\/estrela-retoma-atividades-do-programa-nota-fiscal-na-escola\\\/#primaryimage\",\"url\":\"https:\\\/\\\/folhapopular.info\\\/wp-content\\\/uploads\\\/2024\\\/06\\\/Nota-Fiscal-Gaucha-nas-Escolas-16-PALESTRAS-2x.jpeg\",\"contentUrl\":\"https:\\\/\\\/folhapopular.info\\\/wp-content\\\/uploads\\\/2024\\\/06\\\/Nota-Fiscal-Gaucha-nas-Escolas-16-PALESTRAS-2x.jpeg\",\"width\":1600,\"height\":1197,\"caption\":\"Cr\u00e9dito: Divulga\u00e7\u00e3o\"},{\"@type\":\"BreadcrumbList\",\"@id\":\"https:\\\/\\\/folhapopular.info\\\/index.php\\\/2024\\\/06\\\/27\\\/estrela-retoma-atividades-do-programa-nota-fiscal-na-escola\\\/#breadcrumb\",\"itemListElement\":[{\"@type\":\"ListItem\",\"position\":1,\"name\":\"In\u00edcio\",\"item\":\"https:\\\/\\\/folhapopular.info\\\/\"},{\"@type\":\"ListItem\",\"position\":2,\"name\":\"Estrela retoma atividades do programa \u201cNota Fiscal na Escola\u201d\u00a0\"}]},{\"@type\":\"WebSite\",\"@id\":\"https:\\\/\\\/folhapopular.info\\\/#website\",\"url\":\"https:\\\/\\\/folhapopular.info\\\/\",\"name\":\"Folha Popular\",\"description\":\"Onde voc\u00ea tem vez e voz\",\"potentialAction\":[{\"@type\":\"SearchAction\",\"target\":{\"@type\":\"EntryPoint\",\"urlTemplate\":\"https:\\\/\\\/folhapopular.info\\\/?s={search_term_string}\"},\"query-input\":{\"@type\":\"PropertyValueSpecification\",\"valueRequired\":true,\"valueName\":\"search_term_string\"}}],\"inLanguage\":\"pt-BR\"},{\"@type\":\"Person\",\"@id\":\"https:\\\/\\\/folhapopular.info\\\/#\\\/schema\\\/person\\\/2814e8a0df7643585a9ca38bc6eb9d4b\",\"name\":\"Reda\u00e7\u00e3o Folha Popular\",\"image\":{\"@type\":\"ImageObject\",\"inLanguage\":\"pt-BR\",\"@id\":\"https:\\\/\\\/folhapopular.info\\\/wp-content\\\/uploads\\\/2026\\\/04\\\/Folha-1.webp\",\"url\":\"https:\\\/\\\/folhapopular.info\\\/wp-content\\\/uploads\\\/2026\\\/04\\\/Folha-1.webp\",\"contentUrl\":\"https:\\\/\\\/folhapopular.info\\\/wp-content\\\/uploads\\\/2026\\\/04\\\/Folha-1.webp\",\"caption\":\"Reda\u00e7\u00e3o Folha Popular\"},\"url\":\"https:\\\/\\\/folhapopular.info\\\/index.php\\\/author\\\/redacao\\\/\"}]}<\/script>\n<!-- \/ Yoast SEO plugin. -->","yoast_head_json":{"title":"Estrela retoma atividades do programa \u201cNota Fiscal na Escola\u201d\u00a0 - Folha Popular","robots":{"index":"index","follow":"follow","max-snippet":"max-snippet:-1","max-image-preview":"max-image-preview:large","max-video-preview":"max-video-preview:-1"},"canonical":"https:\/\/folhapopular.info\/index.php\/2024\/06\/27\/estrela-retoma-atividades-do-programa-nota-fiscal-na-escola\/","og_locale":"pt_BR","og_type":"article","og_title":"Estrela retoma atividades do programa \u201cNota Fiscal na Escola\u201d\u00a0 - Folha Popular","og_description":"Idealizado pelo Grupo Municipal de Educa\u00e7\u00e3o Fiscal (Gmef), o programa estrelense \u201cEduca\u00e7\u00e3o Fiscal &#8211; Criando Consci\u00eancia\u201d atua em diversas frentes e projetos, buscando n\u00e3o apenas a maior arrecada\u00e7\u00e3o fiscal, combate \u00e0 sonega\u00e7\u00e3o de impostos, mas tamb\u00e9m para uma maior conscientiza\u00e7\u00e3o e entendimento destes temas. Passado o momento mais turbulento dos eventos clim\u00e1ticos, o projeto retoma [&hellip;]","og_url":"https:\/\/folhapopular.info\/index.php\/2024\/06\/27\/estrela-retoma-atividades-do-programa-nota-fiscal-na-escola\/","og_site_name":"Folha Popular","article_published_time":"2024-06-27T18:40:42+00:00","article_modified_time":"2024-06-27T18:41:23+00:00","og_image":[{"width":1600,"height":1197,"url":"http:\/\/folhapopular.info\/wp-content\/uploads\/2024\/06\/Nota-Fiscal-Gaucha-nas-Escolas-16-PALESTRAS-2x.jpeg","type":"image\/jpeg"}],"author":"Reda\u00e7\u00e3o Folha Popular","twitter_card":"summary_large_image","twitter_misc":{"Escrito por":"Reda\u00e7\u00e3o Folha Popular","Est. tempo de leitura":"3 minutos"},"schema":{"@context":"https:\/\/schema.org","@graph":[{"@type":"Article","@id":"https:\/\/folhapopular.info\/index.php\/2024\/06\/27\/estrela-retoma-atividades-do-programa-nota-fiscal-na-escola\/#article","isPartOf":{"@id":"https:\/\/folhapopular.info\/index.php\/2024\/06\/27\/estrela-retoma-atividades-do-programa-nota-fiscal-na-escola\/"},"author":{"name":"Reda\u00e7\u00e3o Folha Popular","@id":"https:\/\/folhapopular.info\/#\/schema\/person\/2814e8a0df7643585a9ca38bc6eb9d4b"},"headline":"Estrela retoma atividades do programa \u201cNota Fiscal na Escola\u201d\u00a0","datePublished":"2024-06-27T18:40:42+00:00","dateModified":"2024-06-27T18:41:23+00:00","mainEntityOfPage":{"@id":"https:\/\/folhapopular.info\/index.php\/2024\/06\/27\/estrela-retoma-atividades-do-programa-nota-fiscal-na-escola\/"},"wordCount":397,"commentCount":0,"image":{"@id":"https:\/\/folhapopular.info\/index.php\/2024\/06\/27\/estrela-retoma-atividades-do-programa-nota-fiscal-na-escola\/#primaryimage"},"thumbnailUrl":"https:\/\/folhapopular.info\/wp-content\/uploads\/2024\/06\/Nota-Fiscal-Gaucha-nas-Escolas-16-PALESTRAS-2x.jpeg","keywords":["Estrela","Nota Fiscal Ga\u00facha","Nota Fiscal na Escola"],"articleSection":["Educa\u00e7\u00e3o","Geral"],"inLanguage":"pt-BR","potentialAction":[{"@type":"CommentAction","name":"Comment","target":["https:\/\/folhapopular.info\/index.php\/2024\/06\/27\/estrela-retoma-atividades-do-programa-nota-fiscal-na-escola\/#respond"]}]},{"@type":"WebPage","@id":"https:\/\/folhapopular.info\/index.php\/2024\/06\/27\/estrela-retoma-atividades-do-programa-nota-fiscal-na-escola\/","url":"https:\/\/folhapopular.info\/index.php\/2024\/06\/27\/estrela-retoma-atividades-do-programa-nota-fiscal-na-escola\/","name":"Estrela retoma atividades do programa \u201cNota Fiscal na Escola\u201d\u00a0 - Folha Popular","isPartOf":{"@id":"https:\/\/folhapopular.info\/#website"},"primaryImageOfPage":{"@id":"https:\/\/folhapopular.info\/index.php\/2024\/06\/27\/estrela-retoma-atividades-do-programa-nota-fiscal-na-escola\/#primaryimage"},"image":{"@id":"https:\/\/folhapopular.info\/index.php\/2024\/06\/27\/estrela-retoma-atividades-do-programa-nota-fiscal-na-escola\/#primaryimage"},"thumbnailUrl":"https:\/\/folhapopular.info\/wp-content\/uploads\/2024\/06\/Nota-Fiscal-Gaucha-nas-Escolas-16-PALESTRAS-2x.jpeg","datePublished":"2024-06-27T18:40:42+00:00","dateModified":"2024-06-27T18:41:23+00:00","author":{"@id":"https:\/\/folhapopular.info\/#\/schema\/person\/2814e8a0df7643585a9ca38bc6eb9d4b"},"breadcrumb":{"@id":"https:\/\/folhapopular.info\/index.php\/2024\/06\/27\/estrela-retoma-atividades-do-programa-nota-fiscal-na-escola\/#breadcrumb"},"inLanguage":"pt-BR","potentialAction":[{"@type":"ReadAction","target":["https:\/\/folhapopular.info\/index.php\/2024\/06\/27\/estrela-retoma-atividades-do-programa-nota-fiscal-na-escola\/"]}]},{"@type":"ImageObject","inLanguage":"pt-BR","@id":"https:\/\/folhapopular.info\/index.php\/2024\/06\/27\/estrela-retoma-atividades-do-programa-nota-fiscal-na-escola\/#primaryimage","url":"https:\/\/folhapopular.info\/wp-content\/uploads\/2024\/06\/Nota-Fiscal-Gaucha-nas-Escolas-16-PALESTRAS-2x.jpeg","contentUrl":"https:\/\/folhapopular.info\/wp-content\/uploads\/2024\/06\/Nota-Fiscal-Gaucha-nas-Escolas-16-PALESTRAS-2x.jpeg","width":1600,"height":1197,"caption":"Cr\u00e9dito: Divulga\u00e7\u00e3o"},{"@type":"BreadcrumbList","@id":"https:\/\/folhapopular.info\/index.php\/2024\/06\/27\/estrela-retoma-atividades-do-programa-nota-fiscal-na-escola\/#breadcrumb","itemListElement":[{"@type":"ListItem","position":1,"name":"In\u00edcio","item":"https:\/\/folhapopular.info\/"},{"@type":"ListItem","position":2,"name":"Estrela retoma atividades do programa \u201cNota Fiscal na Escola\u201d\u00a0"}]},{"@type":"WebSite","@id":"https:\/\/folhapopular.info\/#website","url":"https:\/\/folhapopular.info\/","name":"Folha Popular","description":"Onde voc\u00ea tem vez e voz","potentialAction":[{"@type":"SearchAction","target":{"@type":"EntryPoint","urlTemplate":"https:\/\/folhapopular.info\/?s={search_term_string}"},"query-input":{"@type":"PropertyValueSpecification","valueRequired":true,"valueName":"search_term_string"}}],"inLanguage":"pt-BR"},{"@type":"Person","@id":"https:\/\/folhapopular.info\/#\/schema\/person\/2814e8a0df7643585a9ca38bc6eb9d4b","name":"Reda\u00e7\u00e3o Folha Popular","image":{"@type":"ImageObject","inLanguage":"pt-BR","@id":"https:\/\/folhapopular.info\/wp-content\/uploads\/2026\/04\/Folha-1.webp","url":"https:\/\/folhapopular.info\/wp-content\/uploads\/2026\/04\/Folha-1.webp","contentUrl":"https:\/\/folhapopular.info\/wp-content\/uploads\/2026\/04\/Folha-1.webp","caption":"Reda\u00e7\u00e3o Folha Popular"},"url":"https:\/\/folhapopular.info\/index.php\/author\/redacao\/"}]}},"jetpack_featured_media_url":"https:\/\/folhapopular.info\/wp-content\/uploads\/2024\/06\/Nota-Fiscal-Gaucha-nas-Escolas-16-PALESTRAS-2x.jpeg","jetpack_sharing_enabled":true,"amp_enabled":true,"_links":{"self":[{"href":"https:\/\/folhapopular.info\/index.php\/wp-json\/wp\/v2\/posts\/161415","targetHints":{"allow":["GET"]}}],"collection":[{"href":"https:\/\/folhapopular.info\/index.php\/wp-json\/wp\/v2\/posts"}],"about":[{"href":"https:\/\/folhapopular.info\/index.php\/wp-json\/wp\/v2\/types\/post"}],"author":[{"embeddable":true,"href":"https:\/\/folhapopular.info\/index.php\/wp-json\/wp\/v2\/users\/8"}],"replies":[{"embeddable":true,"href":"https:\/\/folhapopular.info\/index.php\/wp-json\/wp\/v2\/comments?post=161415"}],"version-history":[{"count":0,"href":"https:\/\/folhapopular.info\/index.php\/wp-json\/wp\/v2\/posts\/161415\/revisions"}],"wp:featuredmedia":[{"embeddable":true,"href":"https:\/\/folhapopular.info\/index.php\/wp-json\/wp\/v2\/media\/161416"}],"wp:attachment":[{"href":"https:\/\/folhapopular.info\/index.php\/wp-json\/wp\/v2\/media?parent=161415"}],"wp:term":[{"taxonomy":"category","embeddable":true,"href":"https:\/\/folhapopular.info\/index.php\/wp-json\/wp\/v2\/categories?post=161415"},{"taxonomy":"post_tag","embeddable":true,"href":"https:\/\/folhapopular.info\/index.php\/wp-json\/wp\/v2\/tags?post=161415"}],"curies":[{"name":"wp","href":"https:\/\/api.w.org\/{rel}","templated":true}]}}