{"id":161425,"date":"2024-06-27T16:35:49","date_gmt":"2024-06-27T19:35:49","guid":{"rendered":"https:\/\/folhapopular.info\/?p=161425"},"modified":"2024-06-28T07:29:57","modified_gmt":"2024-06-28T10:29:57","slug":"fazenda-vilanova-inaugura-ampliacao-da-ubs","status":"publish","type":"post","link":"https:\/\/folhapopular.info\/index.php\/2024\/06\/27\/fazenda-vilanova-inaugura-ampliacao-da-ubs\/","title":{"rendered":"Fazenda Vilanova inaugura amplia\u00e7\u00e3o da UBS"},"content":{"rendered":"\n<p>Nesta quinta-feira (27\/6) foi entregue oficialmente \u00e0 comunidade a obra de amplia\u00e7\u00e3o da Unidade B\u00e1sica de Sa\u00fade de Fazenda Vilanova. A  Secretaria de Sa\u00fade da cidade estar\u00e1 dentro da estrutura ampliada. Os recursos para a melhoria s\u00e3o do projeto da Rede Bem Cuidar, dentro do Programa Avan\u00e7ar na Sa\u00fade, do Governo do Estado.<\/p>\n\n\n\n<p>O novo espa\u00e7o abrigar\u00e1 os servi\u00e7os de marca\u00e7\u00e3o, transporte e telefonista, que antes estavam localizados pr\u00f3ximo \u00e0 entrada principal do pr\u00e9dio. Assim, as salas antes ocupadas ser\u00e3o utilizadas pela Unidade B\u00e1sica para a oferta de mais especialidades, qualificando o atendimento \u00e0 popula\u00e7\u00e3o. <strong>O novo ambiente conta com tr\u00eas amplas salas, recep\u00e7\u00e3o e banheiro.<\/strong><\/p>\n\n\n\n<p>Durante a solenidade de inaugura\u00e7\u00e3o, o prefeito, Amarildo Luis da Silva, pontuou que a cidade busca qualificar constantemente o atendimento em sa\u00fade \u00e0 popula\u00e7\u00e3o. O vice-prefeito, Ant\u00f4nio Pedro Dornelles, ressaltou que a amplia\u00e7\u00e3o da Unidade B\u00e1sica de Sa\u00fade \u00e9 uma conquista de todos os mun\u00edcipes.<br>A secret\u00e1ria de Sa\u00fade, Cidadania e Aten\u00e7\u00e3o Social, Graciela Manini de Azevedo, agradeceu a todos que tornaram a amplia\u00e7\u00e3o poss\u00edvel. \u201cEssa obra \u00e9 de todos voc\u00eas. Essa amplia\u00e7\u00e3o n\u00e3o representa somente mais um espa\u00e7o, mas, sim, condi\u00e7\u00f5es ainda melhores de trabalho e de atendimento \u00e0 popula\u00e7\u00e3o. Nossa equipe tem mais miss\u00e3o do que profiss\u00e3o, pois tem amor naquilo que faz\u201d, exp\u00f4s.<br><br>A amplia\u00e7\u00e3o da unidade B\u00e1sica de Sa\u00fade recebeu um investimento total de R$ 393.393,80. Deste montante, R$ 378.472,48 s\u00e3o oriundos do projeto da Rede Bem Cuidar, dentro do Programa Avan\u00e7ar na Sa\u00fade, do Governo do Estado, sendo R$ 350 mil o valor original e R$ 28.472,48 a partir dos rendimentos desta aplica\u00e7\u00e3o. <strong>O valor restante, de R$ 14.924,32, foi de contrapartida da Prefeitura de Fazenda Vilanova.<\/strong><\/p>\n","protected":false},"excerpt":{"rendered":"<p>Nesta quinta-feira (27\/6) foi entregue oficialmente \u00e0 comunidade a obra de amplia\u00e7\u00e3o da Unidade B\u00e1sica de Sa\u00fade de Fazenda Vilanova. A Secretaria de Sa\u00fade da cidade estar\u00e1 dentro da estrutura ampliada. Os recursos para a melhoria s\u00e3o do projeto da Rede Bem Cuidar, dentro do Programa Avan\u00e7ar na Sa\u00fade, do Governo do Estado. O novo [&hellip;]<\/p>\n","protected":false},"author":8,"featured_media":161426,"comment_status":"open","ping_status":"open","sticky":false,"template":"","format":"standard","meta":{"pmpro_default_level":"","_jetpack_memberships_contains_paid_content":false,"footnotes":""},"categories":[2,3,10986],"tags":[3347,801,89,579],"class_list":{"0":"post-161425","1":"post","2":"type-post","3":"status-publish","4":"format-standard","5":"has-post-thumbnail","7":"category-featured","8":"category-geral","9":"category-saude","10":"tag-ampliacao","11":"tag-fazenda-vilanova","12":"tag-saude","13":"tag-ubs","14":"pmpro-has-access"},"yoast_head":"<!-- This site is optimized with the Yoast SEO plugin v27.5 - https:\/\/yoast.com\/product\/yoast-seo-wordpress\/ -->\n<title>Fazenda Vilanova inaugura amplia\u00e7\u00e3o da UBS - Folha Popular<\/title>\n<meta name=\"robots\" content=\"index, follow, max-snippet:-1, max-image-preview:large, max-video-preview:-1\" \/>\n<link rel=\"canonical\" href=\"https:\/\/folhapopular.info\/index.php\/2024\/06\/27\/fazenda-vilanova-inaugura-ampliacao-da-ubs\/\" \/>\n<meta property=\"og:locale\" content=\"pt_BR\" \/>\n<meta property=\"og:type\" content=\"article\" \/>\n<meta property=\"og:title\" content=\"Fazenda Vilanova inaugura amplia\u00e7\u00e3o da UBS - Folha Popular\" \/>\n<meta property=\"og:description\" content=\"Nesta quinta-feira (27\/6) foi entregue oficialmente \u00e0 comunidade a obra de amplia\u00e7\u00e3o da Unidade B\u00e1sica de Sa\u00fade de Fazenda Vilanova. A Secretaria de Sa\u00fade da cidade estar\u00e1 dentro da estrutura ampliada. Os recursos para a melhoria s\u00e3o do projeto da Rede Bem Cuidar, dentro do Programa Avan\u00e7ar na Sa\u00fade, do Governo do Estado. O novo [&hellip;]\" \/>\n<meta property=\"og:url\" content=\"https:\/\/folhapopular.info\/index.php\/2024\/06\/27\/fazenda-vilanova-inaugura-ampliacao-da-ubs\/\" \/>\n<meta property=\"og:site_name\" content=\"Folha Popular\" \/>\n<meta property=\"article:published_time\" content=\"2024-06-27T19:35:49+00:00\" \/>\n<meta property=\"article:modified_time\" content=\"2024-06-28T10:29:57+00:00\" \/>\n<meta property=\"og:image\" content=\"http:\/\/folhapopular.info\/wp-content\/uploads\/2024\/06\/Ampliacao-concentrara-parte-administrativa-da-Secretaria-de-Saude-scaled.jpg\" \/>\n\t<meta property=\"og:image:width\" content=\"2560\" \/>\n\t<meta property=\"og:image:height\" content=\"1707\" \/>\n\t<meta property=\"og:image:type\" content=\"image\/jpeg\" \/>\n<meta name=\"author\" content=\"Reda\u00e7\u00e3o Folha Popular\" \/>\n<meta name=\"twitter:card\" content=\"summary_large_image\" \/>\n<meta name=\"twitter:label1\" content=\"Escrito por\" \/>\n\t<meta name=\"twitter:data1\" content=\"Reda\u00e7\u00e3o Folha Popular\" \/>\n\t<meta name=\"twitter:label2\" content=\"Est. tempo de leitura\" \/>\n\t<meta name=\"twitter:data2\" content=\"2 minutos\" \/>\n<script type=\"application\/ld+json\" class=\"yoast-schema-graph\">{\"@context\":\"https:\\\/\\\/schema.org\",\"@graph\":[{\"@type\":\"Article\",\"@id\":\"https:\\\/\\\/folhapopular.info\\\/index.php\\\/2024\\\/06\\\/27\\\/fazenda-vilanova-inaugura-ampliacao-da-ubs\\\/#article\",\"isPartOf\":{\"@id\":\"https:\\\/\\\/folhapopular.info\\\/index.php\\\/2024\\\/06\\\/27\\\/fazenda-vilanova-inaugura-ampliacao-da-ubs\\\/\"},\"author\":{\"name\":\"Reda\u00e7\u00e3o Folha Popular\",\"@id\":\"https:\\\/\\\/folhapopular.info\\\/#\\\/schema\\\/person\\\/2814e8a0df7643585a9ca38bc6eb9d4b\"},\"headline\":\"Fazenda Vilanova inaugura amplia\u00e7\u00e3o da UBS\",\"datePublished\":\"2024-06-27T19:35:49+00:00\",\"dateModified\":\"2024-06-28T10:29:57+00:00\",\"mainEntityOfPage\":{\"@id\":\"https:\\\/\\\/folhapopular.info\\\/index.php\\\/2024\\\/06\\\/27\\\/fazenda-vilanova-inaugura-ampliacao-da-ubs\\\/\"},\"wordCount\":318,\"commentCount\":0,\"image\":{\"@id\":\"https:\\\/\\\/folhapopular.info\\\/index.php\\\/2024\\\/06\\\/27\\\/fazenda-vilanova-inaugura-ampliacao-da-ubs\\\/#primaryimage\"},\"thumbnailUrl\":\"https:\\\/\\\/folhapopular.info\\\/wp-content\\\/uploads\\\/2024\\\/06\\\/Ampliacao-concentrara-parte-administrativa-da-Secretaria-de-Saude-scaled.jpg\",\"keywords\":[\"Amplia\u00e7\u00e3o\",\"Fazenda Vilanova\",\"Sa\u00fade\",\"UBS\"],\"articleSection\":[\"Destaques\",\"Geral\",\"Sa\u00fade\"],\"inLanguage\":\"pt-BR\",\"potentialAction\":[{\"@type\":\"CommentAction\",\"name\":\"Comment\",\"target\":[\"https:\\\/\\\/folhapopular.info\\\/index.php\\\/2024\\\/06\\\/27\\\/fazenda-vilanova-inaugura-ampliacao-da-ubs\\\/#respond\"]}]},{\"@type\":\"WebPage\",\"@id\":\"https:\\\/\\\/folhapopular.info\\\/index.php\\\/2024\\\/06\\\/27\\\/fazenda-vilanova-inaugura-ampliacao-da-ubs\\\/\",\"url\":\"https:\\\/\\\/folhapopular.info\\\/index.php\\\/2024\\\/06\\\/27\\\/fazenda-vilanova-inaugura-ampliacao-da-ubs\\\/\",\"name\":\"Fazenda Vilanova inaugura amplia\u00e7\u00e3o da UBS - Folha Popular\",\"isPartOf\":{\"@id\":\"https:\\\/\\\/folhapopular.info\\\/#website\"},\"primaryImageOfPage\":{\"@id\":\"https:\\\/\\\/folhapopular.info\\\/index.php\\\/2024\\\/06\\\/27\\\/fazenda-vilanova-inaugura-ampliacao-da-ubs\\\/#primaryimage\"},\"image\":{\"@id\":\"https:\\\/\\\/folhapopular.info\\\/index.php\\\/2024\\\/06\\\/27\\\/fazenda-vilanova-inaugura-ampliacao-da-ubs\\\/#primaryimage\"},\"thumbnailUrl\":\"https:\\\/\\\/folhapopular.info\\\/wp-content\\\/uploads\\\/2024\\\/06\\\/Ampliacao-concentrara-parte-administrativa-da-Secretaria-de-Saude-scaled.jpg\",\"datePublished\":\"2024-06-27T19:35:49+00:00\",\"dateModified\":\"2024-06-28T10:29:57+00:00\",\"author\":{\"@id\":\"https:\\\/\\\/folhapopular.info\\\/#\\\/schema\\\/person\\\/2814e8a0df7643585a9ca38bc6eb9d4b\"},\"breadcrumb\":{\"@id\":\"https:\\\/\\\/folhapopular.info\\\/index.php\\\/2024\\\/06\\\/27\\\/fazenda-vilanova-inaugura-ampliacao-da-ubs\\\/#breadcrumb\"},\"inLanguage\":\"pt-BR\",\"potentialAction\":[{\"@type\":\"ReadAction\",\"target\":[\"https:\\\/\\\/folhapopular.info\\\/index.php\\\/2024\\\/06\\\/27\\\/fazenda-vilanova-inaugura-ampliacao-da-ubs\\\/\"]}]},{\"@type\":\"ImageObject\",\"inLanguage\":\"pt-BR\",\"@id\":\"https:\\\/\\\/folhapopular.info\\\/index.php\\\/2024\\\/06\\\/27\\\/fazenda-vilanova-inaugura-ampliacao-da-ubs\\\/#primaryimage\",\"url\":\"https:\\\/\\\/folhapopular.info\\\/wp-content\\\/uploads\\\/2024\\\/06\\\/Ampliacao-concentrara-parte-administrativa-da-Secretaria-de-Saude-scaled.jpg\",\"contentUrl\":\"https:\\\/\\\/folhapopular.info\\\/wp-content\\\/uploads\\\/2024\\\/06\\\/Ampliacao-concentrara-parte-administrativa-da-Secretaria-de-Saude-scaled.jpg\",\"width\":2560,\"height\":1707,\"caption\":\"Cr\u00e9dito: Divulga\u00e7\u00e3o\\\/AI Fazenda Vilanova\"},{\"@type\":\"BreadcrumbList\",\"@id\":\"https:\\\/\\\/folhapopular.info\\\/index.php\\\/2024\\\/06\\\/27\\\/fazenda-vilanova-inaugura-ampliacao-da-ubs\\\/#breadcrumb\",\"itemListElement\":[{\"@type\":\"ListItem\",\"position\":1,\"name\":\"In\u00edcio\",\"item\":\"https:\\\/\\\/folhapopular.info\\\/\"},{\"@type\":\"ListItem\",\"position\":2,\"name\":\"Fazenda Vilanova inaugura amplia\u00e7\u00e3o da UBS\"}]},{\"@type\":\"WebSite\",\"@id\":\"https:\\\/\\\/folhapopular.info\\\/#website\",\"url\":\"https:\\\/\\\/folhapopular.info\\\/\",\"name\":\"Folha Popular\",\"description\":\"Onde voc\u00ea tem vez e voz\",\"potentialAction\":[{\"@type\":\"SearchAction\",\"target\":{\"@type\":\"EntryPoint\",\"urlTemplate\":\"https:\\\/\\\/folhapopular.info\\\/?s={search_term_string}\"},\"query-input\":{\"@type\":\"PropertyValueSpecification\",\"valueRequired\":true,\"valueName\":\"search_term_string\"}}],\"inLanguage\":\"pt-BR\"},{\"@type\":\"Person\",\"@id\":\"https:\\\/\\\/folhapopular.info\\\/#\\\/schema\\\/person\\\/2814e8a0df7643585a9ca38bc6eb9d4b\",\"name\":\"Reda\u00e7\u00e3o Folha Popular\",\"image\":{\"@type\":\"ImageObject\",\"inLanguage\":\"pt-BR\",\"@id\":\"https:\\\/\\\/folhapopular.info\\\/wp-content\\\/uploads\\\/2026\\\/04\\\/Folha-1.webp\",\"url\":\"https:\\\/\\\/folhapopular.info\\\/wp-content\\\/uploads\\\/2026\\\/04\\\/Folha-1.webp\",\"contentUrl\":\"https:\\\/\\\/folhapopular.info\\\/wp-content\\\/uploads\\\/2026\\\/04\\\/Folha-1.webp\",\"caption\":\"Reda\u00e7\u00e3o Folha Popular\"},\"url\":\"https:\\\/\\\/folhapopular.info\\\/index.php\\\/author\\\/redacao\\\/\"}]}<\/script>\n<!-- \/ Yoast SEO plugin. -->","yoast_head_json":{"title":"Fazenda Vilanova inaugura amplia\u00e7\u00e3o da UBS - Folha Popular","robots":{"index":"index","follow":"follow","max-snippet":"max-snippet:-1","max-image-preview":"max-image-preview:large","max-video-preview":"max-video-preview:-1"},"canonical":"https:\/\/folhapopular.info\/index.php\/2024\/06\/27\/fazenda-vilanova-inaugura-ampliacao-da-ubs\/","og_locale":"pt_BR","og_type":"article","og_title":"Fazenda Vilanova inaugura amplia\u00e7\u00e3o da UBS - Folha Popular","og_description":"Nesta quinta-feira (27\/6) foi entregue oficialmente \u00e0 comunidade a obra de amplia\u00e7\u00e3o da Unidade B\u00e1sica de Sa\u00fade de Fazenda Vilanova. A Secretaria de Sa\u00fade da cidade estar\u00e1 dentro da estrutura ampliada. Os recursos para a melhoria s\u00e3o do projeto da Rede Bem Cuidar, dentro do Programa Avan\u00e7ar na Sa\u00fade, do Governo do Estado. O novo [&hellip;]","og_url":"https:\/\/folhapopular.info\/index.php\/2024\/06\/27\/fazenda-vilanova-inaugura-ampliacao-da-ubs\/","og_site_name":"Folha Popular","article_published_time":"2024-06-27T19:35:49+00:00","article_modified_time":"2024-06-28T10:29:57+00:00","og_image":[{"width":2560,"height":1707,"url":"http:\/\/folhapopular.info\/wp-content\/uploads\/2024\/06\/Ampliacao-concentrara-parte-administrativa-da-Secretaria-de-Saude-scaled.jpg","type":"image\/jpeg"}],"author":"Reda\u00e7\u00e3o Folha Popular","twitter_card":"summary_large_image","twitter_misc":{"Escrito por":"Reda\u00e7\u00e3o Folha Popular","Est. tempo de leitura":"2 minutos"},"schema":{"@context":"https:\/\/schema.org","@graph":[{"@type":"Article","@id":"https:\/\/folhapopular.info\/index.php\/2024\/06\/27\/fazenda-vilanova-inaugura-ampliacao-da-ubs\/#article","isPartOf":{"@id":"https:\/\/folhapopular.info\/index.php\/2024\/06\/27\/fazenda-vilanova-inaugura-ampliacao-da-ubs\/"},"author":{"name":"Reda\u00e7\u00e3o Folha Popular","@id":"https:\/\/folhapopular.info\/#\/schema\/person\/2814e8a0df7643585a9ca38bc6eb9d4b"},"headline":"Fazenda Vilanova inaugura amplia\u00e7\u00e3o da UBS","datePublished":"2024-06-27T19:35:49+00:00","dateModified":"2024-06-28T10:29:57+00:00","mainEntityOfPage":{"@id":"https:\/\/folhapopular.info\/index.php\/2024\/06\/27\/fazenda-vilanova-inaugura-ampliacao-da-ubs\/"},"wordCount":318,"commentCount":0,"image":{"@id":"https:\/\/folhapopular.info\/index.php\/2024\/06\/27\/fazenda-vilanova-inaugura-ampliacao-da-ubs\/#primaryimage"},"thumbnailUrl":"https:\/\/folhapopular.info\/wp-content\/uploads\/2024\/06\/Ampliacao-concentrara-parte-administrativa-da-Secretaria-de-Saude-scaled.jpg","keywords":["Amplia\u00e7\u00e3o","Fazenda Vilanova","Sa\u00fade","UBS"],"articleSection":["Destaques","Geral","Sa\u00fade"],"inLanguage":"pt-BR","potentialAction":[{"@type":"CommentAction","name":"Comment","target":["https:\/\/folhapopular.info\/index.php\/2024\/06\/27\/fazenda-vilanova-inaugura-ampliacao-da-ubs\/#respond"]}]},{"@type":"WebPage","@id":"https:\/\/folhapopular.info\/index.php\/2024\/06\/27\/fazenda-vilanova-inaugura-ampliacao-da-ubs\/","url":"https:\/\/folhapopular.info\/index.php\/2024\/06\/27\/fazenda-vilanova-inaugura-ampliacao-da-ubs\/","name":"Fazenda Vilanova inaugura amplia\u00e7\u00e3o da UBS - Folha Popular","isPartOf":{"@id":"https:\/\/folhapopular.info\/#website"},"primaryImageOfPage":{"@id":"https:\/\/folhapopular.info\/index.php\/2024\/06\/27\/fazenda-vilanova-inaugura-ampliacao-da-ubs\/#primaryimage"},"image":{"@id":"https:\/\/folhapopular.info\/index.php\/2024\/06\/27\/fazenda-vilanova-inaugura-ampliacao-da-ubs\/#primaryimage"},"thumbnailUrl":"https:\/\/folhapopular.info\/wp-content\/uploads\/2024\/06\/Ampliacao-concentrara-parte-administrativa-da-Secretaria-de-Saude-scaled.jpg","datePublished":"2024-06-27T19:35:49+00:00","dateModified":"2024-06-28T10:29:57+00:00","author":{"@id":"https:\/\/folhapopular.info\/#\/schema\/person\/2814e8a0df7643585a9ca38bc6eb9d4b"},"breadcrumb":{"@id":"https:\/\/folhapopular.info\/index.php\/2024\/06\/27\/fazenda-vilanova-inaugura-ampliacao-da-ubs\/#breadcrumb"},"inLanguage":"pt-BR","potentialAction":[{"@type":"ReadAction","target":["https:\/\/folhapopular.info\/index.php\/2024\/06\/27\/fazenda-vilanova-inaugura-ampliacao-da-ubs\/"]}]},{"@type":"ImageObject","inLanguage":"pt-BR","@id":"https:\/\/folhapopular.info\/index.php\/2024\/06\/27\/fazenda-vilanova-inaugura-ampliacao-da-ubs\/#primaryimage","url":"https:\/\/folhapopular.info\/wp-content\/uploads\/2024\/06\/Ampliacao-concentrara-parte-administrativa-da-Secretaria-de-Saude-scaled.jpg","contentUrl":"https:\/\/folhapopular.info\/wp-content\/uploads\/2024\/06\/Ampliacao-concentrara-parte-administrativa-da-Secretaria-de-Saude-scaled.jpg","width":2560,"height":1707,"caption":"Cr\u00e9dito: Divulga\u00e7\u00e3o\/AI Fazenda Vilanova"},{"@type":"BreadcrumbList","@id":"https:\/\/folhapopular.info\/index.php\/2024\/06\/27\/fazenda-vilanova-inaugura-ampliacao-da-ubs\/#breadcrumb","itemListElement":[{"@type":"ListItem","position":1,"name":"In\u00edcio","item":"https:\/\/folhapopular.info\/"},{"@type":"ListItem","position":2,"name":"Fazenda Vilanova inaugura amplia\u00e7\u00e3o da UBS"}]},{"@type":"WebSite","@id":"https:\/\/folhapopular.info\/#website","url":"https:\/\/folhapopular.info\/","name":"Folha Popular","description":"Onde voc\u00ea tem vez e voz","potentialAction":[{"@type":"SearchAction","target":{"@type":"EntryPoint","urlTemplate":"https:\/\/folhapopular.info\/?s={search_term_string}"},"query-input":{"@type":"PropertyValueSpecification","valueRequired":true,"valueName":"search_term_string"}}],"inLanguage":"pt-BR"},{"@type":"Person","@id":"https:\/\/folhapopular.info\/#\/schema\/person\/2814e8a0df7643585a9ca38bc6eb9d4b","name":"Reda\u00e7\u00e3o Folha Popular","image":{"@type":"ImageObject","inLanguage":"pt-BR","@id":"https:\/\/folhapopular.info\/wp-content\/uploads\/2026\/04\/Folha-1.webp","url":"https:\/\/folhapopular.info\/wp-content\/uploads\/2026\/04\/Folha-1.webp","contentUrl":"https:\/\/folhapopular.info\/wp-content\/uploads\/2026\/04\/Folha-1.webp","caption":"Reda\u00e7\u00e3o Folha Popular"},"url":"https:\/\/folhapopular.info\/index.php\/author\/redacao\/"}]}},"jetpack_featured_media_url":"https:\/\/folhapopular.info\/wp-content\/uploads\/2024\/06\/Ampliacao-concentrara-parte-administrativa-da-Secretaria-de-Saude-scaled.jpg","jetpack_sharing_enabled":true,"amp_enabled":true,"_links":{"self":[{"href":"https:\/\/folhapopular.info\/index.php\/wp-json\/wp\/v2\/posts\/161425","targetHints":{"allow":["GET"]}}],"collection":[{"href":"https:\/\/folhapopular.info\/index.php\/wp-json\/wp\/v2\/posts"}],"about":[{"href":"https:\/\/folhapopular.info\/index.php\/wp-json\/wp\/v2\/types\/post"}],"author":[{"embeddable":true,"href":"https:\/\/folhapopular.info\/index.php\/wp-json\/wp\/v2\/users\/8"}],"replies":[{"embeddable":true,"href":"https:\/\/folhapopular.info\/index.php\/wp-json\/wp\/v2\/comments?post=161425"}],"version-history":[{"count":0,"href":"https:\/\/folhapopular.info\/index.php\/wp-json\/wp\/v2\/posts\/161425\/revisions"}],"wp:featuredmedia":[{"embeddable":true,"href":"https:\/\/folhapopular.info\/index.php\/wp-json\/wp\/v2\/media\/161426"}],"wp:attachment":[{"href":"https:\/\/folhapopular.info\/index.php\/wp-json\/wp\/v2\/media?parent=161425"}],"wp:term":[{"taxonomy":"category","embeddable":true,"href":"https:\/\/folhapopular.info\/index.php\/wp-json\/wp\/v2\/categories?post=161425"},{"taxonomy":"post_tag","embeddable":true,"href":"https:\/\/folhapopular.info\/index.php\/wp-json\/wp\/v2\/tags?post=161425"}],"curies":[{"name":"wp","href":"https:\/\/api.w.org\/{rel}","templated":true}]}}