{"id":161603,"date":"2024-06-29T07:50:54","date_gmt":"2024-06-29T10:50:54","guid":{"rendered":"https:\/\/folhapopular.info\/?p=161603"},"modified":"2024-06-29T07:55:26","modified_gmt":"2024-06-29T10:55:26","slug":"municipio-de-imigrante-assina-fomento-com-abrigo-estrelas-do-amanha","status":"publish","type":"post","link":"https:\/\/folhapopular.info\/index.php\/2024\/06\/29\/municipio-de-imigrante-assina-fomento-com-abrigo-estrelas-do-amanha\/","title":{"rendered":"Munic\u00edpio de Imigrante assina fomento com Abrigo Estrelas do Amanh\u00e3"},"content":{"rendered":"\n<p>O munic\u00edpio de Imigrante e a Associa\u00e7\u00e3o Abrigo Comarca de Teut\u00f4nia, mantenedora do Abrigo Estrelas do Amanh\u00e3, localizado no Centro Administrativo de Teut\u00f4nia, firmaram o termo de fomento 100\/2024. A assinatura foi oficializada na quinta-feira (27\/6) pelo prefeito Germano Stevens e a presidente do abrigo, Claudia R\u00f6hrig.<\/p>\n\n\n\n<p>Estiveram presentes a secret\u00e1ria de Sa\u00fade, Joice Cristina Horst, a servidora respons\u00e1vel pelos termos de fomento, M\u00e1rcia Haberkamp Porsche, e a representante do Centro de Refer\u00eancia de Assist\u00eancia Social (Cras) de Teut\u00f4nia, Fabiane Lenz.<\/p>\n\n\n\n<p>O Abrigo Estrelas do Amanh\u00e3 presta apoio para crian\u00e7as e adolescentes (0 a 18 anos incompletos) com medidas protetivas, determinadas pelo Poder Judici\u00e1rio da Comarca de Teut\u00f4nia, em decorr\u00eancia de viola\u00e7\u00e3o de direitos (abandonos, neglig\u00eancia e viol\u00eancia) ou pela impossibilidade de cuidado e prote\u00e7\u00e3o por sua fam\u00edlia. Al\u00e9m do abrigamento, a entidade dever\u00e1 manter atendimento especializado, como materiais pedag\u00f3gicos, com servi\u00e7os envolvendo profissionais qualificados da equipe pedag\u00f3gica e t\u00e9cnica.<\/p>\n\n\n\n<p>O repasse mensal ser\u00e1 de R$ 4.312, somado ao valor vari\u00e1vel de R$ 1,5 mil, quando houver crian\u00e7a ou adolescente acolhido. O valor fixo do repasse \u00e9 de R$ 51.744.<\/p>\n\n\n\n<p>Os munic\u00edpios de Westf\u00e1lia, Paverama, Teut\u00f4nia e Po\u00e7o das Antas tamb\u00e9m mant\u00eam conv\u00eanio com a associa\u00e7\u00e3o.<\/p>\n","protected":false},"excerpt":{"rendered":"<p>O munic\u00edpio de Imigrante e a Associa\u00e7\u00e3o Abrigo Comarca de Teut\u00f4nia, mantenedora do Abrigo Estrelas do Amanh\u00e3, localizado no Centro Administrativo de Teut\u00f4nia, firmaram o termo de fomento 100\/2024. A assinatura foi oficializada na quinta-feira (27\/6) pelo prefeito Germano Stevens e a presidente do abrigo, Claudia R\u00f6hrig. Estiveram presentes a secret\u00e1ria de Sa\u00fade, Joice Cristina [&hellip;]<\/p>\n","protected":false},"author":8,"featured_media":161609,"comment_status":"open","ping_status":"open","sticky":false,"template":"","format":"standard","meta":{"pmpro_default_level":"","_jetpack_memberships_contains_paid_content":false,"footnotes":""},"categories":[10987,2,3,10986],"tags":[15416,15417,34,26],"class_list":{"0":"post-161603","1":"post","2":"type-post","3":"status-publish","4":"format-standard","5":"has-post-thumbnail","7":"category-bem-estar","8":"category-featured","9":"category-geral","10":"category-saude","11":"tag-abrigo-estrela-do-amanha","12":"tag-assinatura-de-fomento","13":"tag-imigrante","14":"tag-teutonia","15":"pmpro-has-access"},"yoast_head":"<!-- This site is optimized with the Yoast SEO plugin v27.5 - https:\/\/yoast.com\/product\/yoast-seo-wordpress\/ -->\n<title>Munic\u00edpio de Imigrante assina fomento com Abrigo Estrelas do Amanh\u00e3 - Folha Popular<\/title>\n<meta name=\"robots\" content=\"index, follow, max-snippet:-1, max-image-preview:large, max-video-preview:-1\" \/>\n<link rel=\"canonical\" href=\"https:\/\/folhapopular.info\/index.php\/2024\/06\/29\/municipio-de-imigrante-assina-fomento-com-abrigo-estrelas-do-amanha\/\" \/>\n<meta property=\"og:locale\" content=\"pt_BR\" \/>\n<meta property=\"og:type\" content=\"article\" \/>\n<meta property=\"og:title\" content=\"Munic\u00edpio de Imigrante assina fomento com Abrigo Estrelas do Amanh\u00e3 - Folha Popular\" \/>\n<meta property=\"og:description\" content=\"O munic\u00edpio de Imigrante e a Associa\u00e7\u00e3o Abrigo Comarca de Teut\u00f4nia, mantenedora do Abrigo Estrelas do Amanh\u00e3, localizado no Centro Administrativo de Teut\u00f4nia, firmaram o termo de fomento 100\/2024. A assinatura foi oficializada na quinta-feira (27\/6) pelo prefeito Germano Stevens e a presidente do abrigo, Claudia R\u00f6hrig. Estiveram presentes a secret\u00e1ria de Sa\u00fade, Joice Cristina [&hellip;]\" \/>\n<meta property=\"og:url\" content=\"https:\/\/folhapopular.info\/index.php\/2024\/06\/29\/municipio-de-imigrante-assina-fomento-com-abrigo-estrelas-do-amanha\/\" \/>\n<meta property=\"og:site_name\" content=\"Folha Popular\" \/>\n<meta property=\"article:published_time\" content=\"2024-06-29T10:50:54+00:00\" \/>\n<meta property=\"article:modified_time\" content=\"2024-06-29T10:55:26+00:00\" \/>\n<meta property=\"og:image\" content=\"http:\/\/folhapopular.info\/wp-content\/uploads\/2024\/06\/assinaturatermoimigrante.png\" \/>\n\t<meta property=\"og:image:width\" content=\"587\" \/>\n\t<meta property=\"og:image:height\" content=\"367\" \/>\n\t<meta property=\"og:image:type\" content=\"image\/png\" \/>\n<meta name=\"author\" content=\"Reda\u00e7\u00e3o Folha Popular\" \/>\n<meta name=\"twitter:card\" content=\"summary_large_image\" \/>\n<meta name=\"twitter:label1\" content=\"Escrito por\" \/>\n\t<meta name=\"twitter:data1\" content=\"Reda\u00e7\u00e3o Folha Popular\" \/>\n\t<meta name=\"twitter:label2\" content=\"Est. tempo de leitura\" \/>\n\t<meta name=\"twitter:data2\" content=\"2 minutos\" \/>\n<script type=\"application\/ld+json\" class=\"yoast-schema-graph\">{\"@context\":\"https:\\\/\\\/schema.org\",\"@graph\":[{\"@type\":\"Article\",\"@id\":\"https:\\\/\\\/folhapopular.info\\\/index.php\\\/2024\\\/06\\\/29\\\/municipio-de-imigrante-assina-fomento-com-abrigo-estrelas-do-amanha\\\/#article\",\"isPartOf\":{\"@id\":\"https:\\\/\\\/folhapopular.info\\\/index.php\\\/2024\\\/06\\\/29\\\/municipio-de-imigrante-assina-fomento-com-abrigo-estrelas-do-amanha\\\/\"},\"author\":{\"name\":\"Reda\u00e7\u00e3o Folha Popular\",\"@id\":\"https:\\\/\\\/folhapopular.info\\\/#\\\/schema\\\/person\\\/2814e8a0df7643585a9ca38bc6eb9d4b\"},\"headline\":\"Munic\u00edpio de Imigrante assina fomento com Abrigo Estrelas do Amanh\u00e3\",\"datePublished\":\"2024-06-29T10:50:54+00:00\",\"dateModified\":\"2024-06-29T10:55:26+00:00\",\"mainEntityOfPage\":{\"@id\":\"https:\\\/\\\/folhapopular.info\\\/index.php\\\/2024\\\/06\\\/29\\\/municipio-de-imigrante-assina-fomento-com-abrigo-estrelas-do-amanha\\\/\"},\"wordCount\":235,\"commentCount\":0,\"image\":{\"@id\":\"https:\\\/\\\/folhapopular.info\\\/index.php\\\/2024\\\/06\\\/29\\\/municipio-de-imigrante-assina-fomento-com-abrigo-estrelas-do-amanha\\\/#primaryimage\"},\"thumbnailUrl\":\"https:\\\/\\\/folhapopular.info\\\/wp-content\\\/uploads\\\/2024\\\/06\\\/assinaturatermoimigrante.png\",\"keywords\":[\"Abrigo Estrela do Amanh\u00e3\",\"Assinatura de fomento\",\"Imigrante\",\"Teut\u00f4nia\"],\"articleSection\":[\"Bem-estar\",\"Destaques\",\"Geral\",\"Sa\u00fade\"],\"inLanguage\":\"pt-BR\",\"potentialAction\":[{\"@type\":\"CommentAction\",\"name\":\"Comment\",\"target\":[\"https:\\\/\\\/folhapopular.info\\\/index.php\\\/2024\\\/06\\\/29\\\/municipio-de-imigrante-assina-fomento-com-abrigo-estrelas-do-amanha\\\/#respond\"]}]},{\"@type\":\"WebPage\",\"@id\":\"https:\\\/\\\/folhapopular.info\\\/index.php\\\/2024\\\/06\\\/29\\\/municipio-de-imigrante-assina-fomento-com-abrigo-estrelas-do-amanha\\\/\",\"url\":\"https:\\\/\\\/folhapopular.info\\\/index.php\\\/2024\\\/06\\\/29\\\/municipio-de-imigrante-assina-fomento-com-abrigo-estrelas-do-amanha\\\/\",\"name\":\"Munic\u00edpio de Imigrante assina fomento com Abrigo Estrelas do Amanh\u00e3 - Folha Popular\",\"isPartOf\":{\"@id\":\"https:\\\/\\\/folhapopular.info\\\/#website\"},\"primaryImageOfPage\":{\"@id\":\"https:\\\/\\\/folhapopular.info\\\/index.php\\\/2024\\\/06\\\/29\\\/municipio-de-imigrante-assina-fomento-com-abrigo-estrelas-do-amanha\\\/#primaryimage\"},\"image\":{\"@id\":\"https:\\\/\\\/folhapopular.info\\\/index.php\\\/2024\\\/06\\\/29\\\/municipio-de-imigrante-assina-fomento-com-abrigo-estrelas-do-amanha\\\/#primaryimage\"},\"thumbnailUrl\":\"https:\\\/\\\/folhapopular.info\\\/wp-content\\\/uploads\\\/2024\\\/06\\\/assinaturatermoimigrante.png\",\"datePublished\":\"2024-06-29T10:50:54+00:00\",\"dateModified\":\"2024-06-29T10:55:26+00:00\",\"author\":{\"@id\":\"https:\\\/\\\/folhapopular.info\\\/#\\\/schema\\\/person\\\/2814e8a0df7643585a9ca38bc6eb9d4b\"},\"breadcrumb\":{\"@id\":\"https:\\\/\\\/folhapopular.info\\\/index.php\\\/2024\\\/06\\\/29\\\/municipio-de-imigrante-assina-fomento-com-abrigo-estrelas-do-amanha\\\/#breadcrumb\"},\"inLanguage\":\"pt-BR\",\"potentialAction\":[{\"@type\":\"ReadAction\",\"target\":[\"https:\\\/\\\/folhapopular.info\\\/index.php\\\/2024\\\/06\\\/29\\\/municipio-de-imigrante-assina-fomento-com-abrigo-estrelas-do-amanha\\\/\"]}]},{\"@type\":\"ImageObject\",\"inLanguage\":\"pt-BR\",\"@id\":\"https:\\\/\\\/folhapopular.info\\\/index.php\\\/2024\\\/06\\\/29\\\/municipio-de-imigrante-assina-fomento-com-abrigo-estrelas-do-amanha\\\/#primaryimage\",\"url\":\"https:\\\/\\\/folhapopular.info\\\/wp-content\\\/uploads\\\/2024\\\/06\\\/assinaturatermoimigrante.png\",\"contentUrl\":\"https:\\\/\\\/folhapopular.info\\\/wp-content\\\/uploads\\\/2024\\\/06\\\/assinaturatermoimigrante.png\",\"width\":587,\"height\":367,\"caption\":\"Cr\u00e9dito: Divulga\u00e7\u00e3o \\\/ AI Imigrante\"},{\"@type\":\"BreadcrumbList\",\"@id\":\"https:\\\/\\\/folhapopular.info\\\/index.php\\\/2024\\\/06\\\/29\\\/municipio-de-imigrante-assina-fomento-com-abrigo-estrelas-do-amanha\\\/#breadcrumb\",\"itemListElement\":[{\"@type\":\"ListItem\",\"position\":1,\"name\":\"In\u00edcio\",\"item\":\"https:\\\/\\\/folhapopular.info\\\/\"},{\"@type\":\"ListItem\",\"position\":2,\"name\":\"Munic\u00edpio de Imigrante assina fomento com Abrigo Estrelas do Amanh\u00e3\"}]},{\"@type\":\"WebSite\",\"@id\":\"https:\\\/\\\/folhapopular.info\\\/#website\",\"url\":\"https:\\\/\\\/folhapopular.info\\\/\",\"name\":\"Folha Popular\",\"description\":\"Onde voc\u00ea tem vez e voz\",\"potentialAction\":[{\"@type\":\"SearchAction\",\"target\":{\"@type\":\"EntryPoint\",\"urlTemplate\":\"https:\\\/\\\/folhapopular.info\\\/?s={search_term_string}\"},\"query-input\":{\"@type\":\"PropertyValueSpecification\",\"valueRequired\":true,\"valueName\":\"search_term_string\"}}],\"inLanguage\":\"pt-BR\"},{\"@type\":\"Person\",\"@id\":\"https:\\\/\\\/folhapopular.info\\\/#\\\/schema\\\/person\\\/2814e8a0df7643585a9ca38bc6eb9d4b\",\"name\":\"Reda\u00e7\u00e3o Folha Popular\",\"image\":{\"@type\":\"ImageObject\",\"inLanguage\":\"pt-BR\",\"@id\":\"https:\\\/\\\/folhapopular.info\\\/wp-content\\\/uploads\\\/2026\\\/04\\\/Folha-1.webp\",\"url\":\"https:\\\/\\\/folhapopular.info\\\/wp-content\\\/uploads\\\/2026\\\/04\\\/Folha-1.webp\",\"contentUrl\":\"https:\\\/\\\/folhapopular.info\\\/wp-content\\\/uploads\\\/2026\\\/04\\\/Folha-1.webp\",\"caption\":\"Reda\u00e7\u00e3o Folha Popular\"},\"url\":\"https:\\\/\\\/folhapopular.info\\\/index.php\\\/author\\\/redacao\\\/\"}]}<\/script>\n<!-- \/ Yoast SEO plugin. -->","yoast_head_json":{"title":"Munic\u00edpio de Imigrante assina fomento com Abrigo Estrelas do Amanh\u00e3 - Folha Popular","robots":{"index":"index","follow":"follow","max-snippet":"max-snippet:-1","max-image-preview":"max-image-preview:large","max-video-preview":"max-video-preview:-1"},"canonical":"https:\/\/folhapopular.info\/index.php\/2024\/06\/29\/municipio-de-imigrante-assina-fomento-com-abrigo-estrelas-do-amanha\/","og_locale":"pt_BR","og_type":"article","og_title":"Munic\u00edpio de Imigrante assina fomento com Abrigo Estrelas do Amanh\u00e3 - Folha Popular","og_description":"O munic\u00edpio de Imigrante e a Associa\u00e7\u00e3o Abrigo Comarca de Teut\u00f4nia, mantenedora do Abrigo Estrelas do Amanh\u00e3, localizado no Centro Administrativo de Teut\u00f4nia, firmaram o termo de fomento 100\/2024. A assinatura foi oficializada na quinta-feira (27\/6) pelo prefeito Germano Stevens e a presidente do abrigo, Claudia R\u00f6hrig. Estiveram presentes a secret\u00e1ria de Sa\u00fade, Joice Cristina [&hellip;]","og_url":"https:\/\/folhapopular.info\/index.php\/2024\/06\/29\/municipio-de-imigrante-assina-fomento-com-abrigo-estrelas-do-amanha\/","og_site_name":"Folha Popular","article_published_time":"2024-06-29T10:50:54+00:00","article_modified_time":"2024-06-29T10:55:26+00:00","og_image":[{"width":587,"height":367,"url":"http:\/\/folhapopular.info\/wp-content\/uploads\/2024\/06\/assinaturatermoimigrante.png","type":"image\/png"}],"author":"Reda\u00e7\u00e3o Folha Popular","twitter_card":"summary_large_image","twitter_misc":{"Escrito por":"Reda\u00e7\u00e3o Folha Popular","Est. tempo de leitura":"2 minutos"},"schema":{"@context":"https:\/\/schema.org","@graph":[{"@type":"Article","@id":"https:\/\/folhapopular.info\/index.php\/2024\/06\/29\/municipio-de-imigrante-assina-fomento-com-abrigo-estrelas-do-amanha\/#article","isPartOf":{"@id":"https:\/\/folhapopular.info\/index.php\/2024\/06\/29\/municipio-de-imigrante-assina-fomento-com-abrigo-estrelas-do-amanha\/"},"author":{"name":"Reda\u00e7\u00e3o Folha Popular","@id":"https:\/\/folhapopular.info\/#\/schema\/person\/2814e8a0df7643585a9ca38bc6eb9d4b"},"headline":"Munic\u00edpio de Imigrante assina fomento com Abrigo Estrelas do Amanh\u00e3","datePublished":"2024-06-29T10:50:54+00:00","dateModified":"2024-06-29T10:55:26+00:00","mainEntityOfPage":{"@id":"https:\/\/folhapopular.info\/index.php\/2024\/06\/29\/municipio-de-imigrante-assina-fomento-com-abrigo-estrelas-do-amanha\/"},"wordCount":235,"commentCount":0,"image":{"@id":"https:\/\/folhapopular.info\/index.php\/2024\/06\/29\/municipio-de-imigrante-assina-fomento-com-abrigo-estrelas-do-amanha\/#primaryimage"},"thumbnailUrl":"https:\/\/folhapopular.info\/wp-content\/uploads\/2024\/06\/assinaturatermoimigrante.png","keywords":["Abrigo Estrela do Amanh\u00e3","Assinatura de fomento","Imigrante","Teut\u00f4nia"],"articleSection":["Bem-estar","Destaques","Geral","Sa\u00fade"],"inLanguage":"pt-BR","potentialAction":[{"@type":"CommentAction","name":"Comment","target":["https:\/\/folhapopular.info\/index.php\/2024\/06\/29\/municipio-de-imigrante-assina-fomento-com-abrigo-estrelas-do-amanha\/#respond"]}]},{"@type":"WebPage","@id":"https:\/\/folhapopular.info\/index.php\/2024\/06\/29\/municipio-de-imigrante-assina-fomento-com-abrigo-estrelas-do-amanha\/","url":"https:\/\/folhapopular.info\/index.php\/2024\/06\/29\/municipio-de-imigrante-assina-fomento-com-abrigo-estrelas-do-amanha\/","name":"Munic\u00edpio de Imigrante assina fomento com Abrigo Estrelas do Amanh\u00e3 - Folha Popular","isPartOf":{"@id":"https:\/\/folhapopular.info\/#website"},"primaryImageOfPage":{"@id":"https:\/\/folhapopular.info\/index.php\/2024\/06\/29\/municipio-de-imigrante-assina-fomento-com-abrigo-estrelas-do-amanha\/#primaryimage"},"image":{"@id":"https:\/\/folhapopular.info\/index.php\/2024\/06\/29\/municipio-de-imigrante-assina-fomento-com-abrigo-estrelas-do-amanha\/#primaryimage"},"thumbnailUrl":"https:\/\/folhapopular.info\/wp-content\/uploads\/2024\/06\/assinaturatermoimigrante.png","datePublished":"2024-06-29T10:50:54+00:00","dateModified":"2024-06-29T10:55:26+00:00","author":{"@id":"https:\/\/folhapopular.info\/#\/schema\/person\/2814e8a0df7643585a9ca38bc6eb9d4b"},"breadcrumb":{"@id":"https:\/\/folhapopular.info\/index.php\/2024\/06\/29\/municipio-de-imigrante-assina-fomento-com-abrigo-estrelas-do-amanha\/#breadcrumb"},"inLanguage":"pt-BR","potentialAction":[{"@type":"ReadAction","target":["https:\/\/folhapopular.info\/index.php\/2024\/06\/29\/municipio-de-imigrante-assina-fomento-com-abrigo-estrelas-do-amanha\/"]}]},{"@type":"ImageObject","inLanguage":"pt-BR","@id":"https:\/\/folhapopular.info\/index.php\/2024\/06\/29\/municipio-de-imigrante-assina-fomento-com-abrigo-estrelas-do-amanha\/#primaryimage","url":"https:\/\/folhapopular.info\/wp-content\/uploads\/2024\/06\/assinaturatermoimigrante.png","contentUrl":"https:\/\/folhapopular.info\/wp-content\/uploads\/2024\/06\/assinaturatermoimigrante.png","width":587,"height":367,"caption":"Cr\u00e9dito: Divulga\u00e7\u00e3o \/ AI Imigrante"},{"@type":"BreadcrumbList","@id":"https:\/\/folhapopular.info\/index.php\/2024\/06\/29\/municipio-de-imigrante-assina-fomento-com-abrigo-estrelas-do-amanha\/#breadcrumb","itemListElement":[{"@type":"ListItem","position":1,"name":"In\u00edcio","item":"https:\/\/folhapopular.info\/"},{"@type":"ListItem","position":2,"name":"Munic\u00edpio de Imigrante assina fomento com Abrigo Estrelas do Amanh\u00e3"}]},{"@type":"WebSite","@id":"https:\/\/folhapopular.info\/#website","url":"https:\/\/folhapopular.info\/","name":"Folha Popular","description":"Onde voc\u00ea tem vez e voz","potentialAction":[{"@type":"SearchAction","target":{"@type":"EntryPoint","urlTemplate":"https:\/\/folhapopular.info\/?s={search_term_string}"},"query-input":{"@type":"PropertyValueSpecification","valueRequired":true,"valueName":"search_term_string"}}],"inLanguage":"pt-BR"},{"@type":"Person","@id":"https:\/\/folhapopular.info\/#\/schema\/person\/2814e8a0df7643585a9ca38bc6eb9d4b","name":"Reda\u00e7\u00e3o Folha Popular","image":{"@type":"ImageObject","inLanguage":"pt-BR","@id":"https:\/\/folhapopular.info\/wp-content\/uploads\/2026\/04\/Folha-1.webp","url":"https:\/\/folhapopular.info\/wp-content\/uploads\/2026\/04\/Folha-1.webp","contentUrl":"https:\/\/folhapopular.info\/wp-content\/uploads\/2026\/04\/Folha-1.webp","caption":"Reda\u00e7\u00e3o Folha Popular"},"url":"https:\/\/folhapopular.info\/index.php\/author\/redacao\/"}]}},"jetpack_featured_media_url":"https:\/\/folhapopular.info\/wp-content\/uploads\/2024\/06\/assinaturatermoimigrante.png","jetpack_sharing_enabled":true,"amp_enabled":true,"_links":{"self":[{"href":"https:\/\/folhapopular.info\/index.php\/wp-json\/wp\/v2\/posts\/161603","targetHints":{"allow":["GET"]}}],"collection":[{"href":"https:\/\/folhapopular.info\/index.php\/wp-json\/wp\/v2\/posts"}],"about":[{"href":"https:\/\/folhapopular.info\/index.php\/wp-json\/wp\/v2\/types\/post"}],"author":[{"embeddable":true,"href":"https:\/\/folhapopular.info\/index.php\/wp-json\/wp\/v2\/users\/8"}],"replies":[{"embeddable":true,"href":"https:\/\/folhapopular.info\/index.php\/wp-json\/wp\/v2\/comments?post=161603"}],"version-history":[{"count":0,"href":"https:\/\/folhapopular.info\/index.php\/wp-json\/wp\/v2\/posts\/161603\/revisions"}],"wp:featuredmedia":[{"embeddable":true,"href":"https:\/\/folhapopular.info\/index.php\/wp-json\/wp\/v2\/media\/161609"}],"wp:attachment":[{"href":"https:\/\/folhapopular.info\/index.php\/wp-json\/wp\/v2\/media?parent=161603"}],"wp:term":[{"taxonomy":"category","embeddable":true,"href":"https:\/\/folhapopular.info\/index.php\/wp-json\/wp\/v2\/categories?post=161603"},{"taxonomy":"post_tag","embeddable":true,"href":"https:\/\/folhapopular.info\/index.php\/wp-json\/wp\/v2\/tags?post=161603"}],"curies":[{"name":"wp","href":"https:\/\/api.w.org\/{rel}","templated":true}]}}