{"id":161773,"date":"2024-07-01T10:15:00","date_gmt":"2024-07-01T13:15:00","guid":{"rendered":"https:\/\/folhapopular.info\/?p=161773"},"modified":"2024-07-01T09:07:12","modified_gmt":"2024-07-01T12:07:12","slug":"amturvales-participa-de-encontro-com-liderancas-do-turismo-em-gramado","status":"publish","type":"post","link":"https:\/\/folhapopular.info\/index.php\/2024\/07\/01\/amturvales-participa-de-encontro-com-liderancas-do-turismo-em-gramado\/","title":{"rendered":"Amturvales participa de encontro com lideran\u00e7as do turismo em Gramado"},"content":{"rendered":"\n<p>A C\u00e2mara Tem\u00e1tica do Turismo de Gramado realizou, nesta sexta-feira (28\/6), a primeira reuni\u00e3o no \u00e2mbito do Conselho do Plano Rio Grande. O Plano, lan\u00e7ado pelo Governador Eduardo Leite, tem como objetivo promover a reconstru\u00e7\u00e3o do Rio Grande do Sul, com agilidade e efici\u00eancia, seguindo os preceitos de resili\u00eancia e adapta\u00e7\u00e3o clim\u00e1tica.&nbsp;<\/p>\n\n\n\n<p>Na Governan\u00e7a do Plano Rio Grande, foi formado um Conselho, composto por diversos setores da sociedade ga\u00facha, acontecendo no Buona Vitta Resort, em Gramado. O presidente, Charles Rossner, e a secret\u00e1ria executiva da Associa\u00e7\u00e3o dos Munic\u00edpios de Turismo da Regi\u00e3o dos Vales, Vanessa Spindler, estiveram representando o Vale do Taquari. O encontro contou com a presen\u00e7a do vice-governador, Gabriel Souza, e do secret\u00e1rio de Turismo do Estado, Luiz Fernando Rodriguez J\u00fanior.<\/p>\n\n\n\n<p>Segundo Rossner, foram solicitadas demandas para o Vale. \u201cDurante nossa apari\u00e7\u00e3o, solicitamos o restabelecimento das conex\u00f5es entre as estradas, RS 129, 139 e 332. Al\u00e9m de linha de cr\u00e9dito a fundo perdido, para empresas que foram afetadas, e apoio de linhas de financiamento subsidiados para os demais empreendimentos\u201d, comentou.<\/p>\n\n\n\n<p>Com rela\u00e7\u00e3o a retomada do Trem dos Vales, Rossner confirmou apoio do estado. \u201cSolicitamos apoio para a retomada da opera\u00e7\u00e3o. O RS sinalizou nos ajudar com as demandas em Bras\u00edlia, junto a Antt, Dnit e a Rumo\u201d.<\/p>\n\n\n\n<p>O presidente da Amturvales comenta que o momento \u00e9 de apoiar os empreendedores e promover o Vale do Acolhimento. \u201c\u00c9 consenso que precisamos apoiar os empreendimentos que, desde setembro, t\u00eam sofrido com as destrui\u00e7\u00f5es e cheias. Um plano de posicionamento e promo\u00e7\u00e3o da nossa regi\u00e3o ser\u00e1 apresentado\u201d, finaliza Rossner.<\/p>\n","protected":false},"excerpt":{"rendered":"<p>A C\u00e2mara Tem\u00e1tica do Turismo de Gramado realizou, nesta sexta-feira (28\/6), a primeira reuni\u00e3o no \u00e2mbito do Conselho do Plano Rio Grande. O Plano, lan\u00e7ado pelo Governador Eduardo Leite, tem como objetivo promover a reconstru\u00e7\u00e3o do Rio Grande do Sul, com agilidade e efici\u00eancia, seguindo os preceitos de resili\u00eancia e adapta\u00e7\u00e3o clim\u00e1tica.&nbsp; Na Governan\u00e7a do [&hellip;]<\/p>\n","protected":false},"author":8,"featured_media":161774,"comment_status":"open","ping_status":"open","sticky":false,"template":"","format":"standard","meta":{"pmpro_default_level":"","_jetpack_memberships_contains_paid_content":false,"footnotes":""},"categories":[2,10991,12473],"tags":[15430,15431,1794],"class_list":{"0":"post-161773","1":"post","2":"type-post","3":"status-publish","4":"format-standard","5":"has-post-thumbnail","7":"category-featured","8":"category-economia","9":"category-negocios","10":"tag-camara-tematica-do-turismo-de-gramado","11":"tag-conselho-do-plano-rio-grande","12":"tag-rio-grande-do-sul","13":"pmpro-has-access"},"yoast_head":"<!-- This site is optimized with the Yoast SEO plugin v27.5 - https:\/\/yoast.com\/product\/yoast-seo-wordpress\/ -->\n<title>Amturvales participa de encontro com lideran\u00e7as do turismo em Gramado - Folha Popular<\/title>\n<meta name=\"robots\" content=\"index, follow, max-snippet:-1, max-image-preview:large, max-video-preview:-1\" \/>\n<link rel=\"canonical\" href=\"https:\/\/folhapopular.info\/index.php\/2024\/07\/01\/amturvales-participa-de-encontro-com-liderancas-do-turismo-em-gramado\/\" \/>\n<meta property=\"og:locale\" content=\"pt_BR\" \/>\n<meta property=\"og:type\" content=\"article\" \/>\n<meta property=\"og:title\" content=\"Amturvales participa de encontro com lideran\u00e7as do turismo em Gramado - Folha Popular\" \/>\n<meta property=\"og:description\" content=\"A C\u00e2mara Tem\u00e1tica do Turismo de Gramado realizou, nesta sexta-feira (28\/6), a primeira reuni\u00e3o no \u00e2mbito do Conselho do Plano Rio Grande. O Plano, lan\u00e7ado pelo Governador Eduardo Leite, tem como objetivo promover a reconstru\u00e7\u00e3o do Rio Grande do Sul, com agilidade e efici\u00eancia, seguindo os preceitos de resili\u00eancia e adapta\u00e7\u00e3o clim\u00e1tica.&nbsp; Na Governan\u00e7a do [&hellip;]\" \/>\n<meta property=\"og:url\" content=\"https:\/\/folhapopular.info\/index.php\/2024\/07\/01\/amturvales-participa-de-encontro-com-liderancas-do-turismo-em-gramado\/\" \/>\n<meta property=\"og:site_name\" content=\"Folha Popular\" \/>\n<meta property=\"article:published_time\" content=\"2024-07-01T13:15:00+00:00\" \/>\n<meta property=\"og:image\" content=\"https:\/\/folhapopular.info\/wp-content\/uploads\/2024\/07\/a3909b0e-0c60-4660-af08-12f97c762d87.png\" \/>\n\t<meta property=\"og:image:width\" content=\"1600\" \/>\n\t<meta property=\"og:image:height\" content=\"1200\" \/>\n\t<meta property=\"og:image:type\" content=\"image\/png\" \/>\n<meta name=\"author\" content=\"Reda\u00e7\u00e3o Folha Popular\" \/>\n<meta name=\"twitter:card\" content=\"summary_large_image\" \/>\n<meta name=\"twitter:label1\" content=\"Escrito por\" \/>\n\t<meta name=\"twitter:data1\" content=\"Reda\u00e7\u00e3o Folha Popular\" \/>\n\t<meta name=\"twitter:label2\" content=\"Est. tempo de leitura\" \/>\n\t<meta name=\"twitter:data2\" content=\"2 minutos\" \/>\n<script type=\"application\/ld+json\" class=\"yoast-schema-graph\">{\"@context\":\"https:\\\/\\\/schema.org\",\"@graph\":[{\"@type\":\"Article\",\"@id\":\"https:\\\/\\\/folhapopular.info\\\/index.php\\\/2024\\\/07\\\/01\\\/amturvales-participa-de-encontro-com-liderancas-do-turismo-em-gramado\\\/#article\",\"isPartOf\":{\"@id\":\"https:\\\/\\\/folhapopular.info\\\/index.php\\\/2024\\\/07\\\/01\\\/amturvales-participa-de-encontro-com-liderancas-do-turismo-em-gramado\\\/\"},\"author\":{\"name\":\"Reda\u00e7\u00e3o Folha Popular\",\"@id\":\"https:\\\/\\\/folhapopular.info\\\/#\\\/schema\\\/person\\\/2814e8a0df7643585a9ca38bc6eb9d4b\"},\"headline\":\"Amturvales participa de encontro com lideran\u00e7as do turismo em Gramado\",\"datePublished\":\"2024-07-01T13:15:00+00:00\",\"mainEntityOfPage\":{\"@id\":\"https:\\\/\\\/folhapopular.info\\\/index.php\\\/2024\\\/07\\\/01\\\/amturvales-participa-de-encontro-com-liderancas-do-turismo-em-gramado\\\/\"},\"wordCount\":293,\"commentCount\":0,\"image\":{\"@id\":\"https:\\\/\\\/folhapopular.info\\\/index.php\\\/2024\\\/07\\\/01\\\/amturvales-participa-de-encontro-com-liderancas-do-turismo-em-gramado\\\/#primaryimage\"},\"thumbnailUrl\":\"https:\\\/\\\/folhapopular.info\\\/wp-content\\\/uploads\\\/2024\\\/07\\\/a3909b0e-0c60-4660-af08-12f97c762d87.png\",\"keywords\":[\"C\u00e2mara Tem\u00e1tica do Turismo de Gramado\",\"Conselho do Plano Rio Grande\",\"Rio Grande do Sul\"],\"articleSection\":[\"Destaques\",\"Economia\",\"Neg\u00f3cios\"],\"inLanguage\":\"pt-BR\",\"potentialAction\":[{\"@type\":\"CommentAction\",\"name\":\"Comment\",\"target\":[\"https:\\\/\\\/folhapopular.info\\\/index.php\\\/2024\\\/07\\\/01\\\/amturvales-participa-de-encontro-com-liderancas-do-turismo-em-gramado\\\/#respond\"]}]},{\"@type\":\"WebPage\",\"@id\":\"https:\\\/\\\/folhapopular.info\\\/index.php\\\/2024\\\/07\\\/01\\\/amturvales-participa-de-encontro-com-liderancas-do-turismo-em-gramado\\\/\",\"url\":\"https:\\\/\\\/folhapopular.info\\\/index.php\\\/2024\\\/07\\\/01\\\/amturvales-participa-de-encontro-com-liderancas-do-turismo-em-gramado\\\/\",\"name\":\"Amturvales participa de encontro com lideran\u00e7as do turismo em Gramado - Folha Popular\",\"isPartOf\":{\"@id\":\"https:\\\/\\\/folhapopular.info\\\/#website\"},\"primaryImageOfPage\":{\"@id\":\"https:\\\/\\\/folhapopular.info\\\/index.php\\\/2024\\\/07\\\/01\\\/amturvales-participa-de-encontro-com-liderancas-do-turismo-em-gramado\\\/#primaryimage\"},\"image\":{\"@id\":\"https:\\\/\\\/folhapopular.info\\\/index.php\\\/2024\\\/07\\\/01\\\/amturvales-participa-de-encontro-com-liderancas-do-turismo-em-gramado\\\/#primaryimage\"},\"thumbnailUrl\":\"https:\\\/\\\/folhapopular.info\\\/wp-content\\\/uploads\\\/2024\\\/07\\\/a3909b0e-0c60-4660-af08-12f97c762d87.png\",\"datePublished\":\"2024-07-01T13:15:00+00:00\",\"author\":{\"@id\":\"https:\\\/\\\/folhapopular.info\\\/#\\\/schema\\\/person\\\/2814e8a0df7643585a9ca38bc6eb9d4b\"},\"breadcrumb\":{\"@id\":\"https:\\\/\\\/folhapopular.info\\\/index.php\\\/2024\\\/07\\\/01\\\/amturvales-participa-de-encontro-com-liderancas-do-turismo-em-gramado\\\/#breadcrumb\"},\"inLanguage\":\"pt-BR\",\"potentialAction\":[{\"@type\":\"ReadAction\",\"target\":[\"https:\\\/\\\/folhapopular.info\\\/index.php\\\/2024\\\/07\\\/01\\\/amturvales-participa-de-encontro-com-liderancas-do-turismo-em-gramado\\\/\"]}]},{\"@type\":\"ImageObject\",\"inLanguage\":\"pt-BR\",\"@id\":\"https:\\\/\\\/folhapopular.info\\\/index.php\\\/2024\\\/07\\\/01\\\/amturvales-participa-de-encontro-com-liderancas-do-turismo-em-gramado\\\/#primaryimage\",\"url\":\"https:\\\/\\\/folhapopular.info\\\/wp-content\\\/uploads\\\/2024\\\/07\\\/a3909b0e-0c60-4660-af08-12f97c762d87.png\",\"contentUrl\":\"https:\\\/\\\/folhapopular.info\\\/wp-content\\\/uploads\\\/2024\\\/07\\\/a3909b0e-0c60-4660-af08-12f97c762d87.png\",\"width\":1600,\"height\":1200,\"caption\":\"Cr\u00e9dito: Divulga\u00e7\u00e3o\"},{\"@type\":\"BreadcrumbList\",\"@id\":\"https:\\\/\\\/folhapopular.info\\\/index.php\\\/2024\\\/07\\\/01\\\/amturvales-participa-de-encontro-com-liderancas-do-turismo-em-gramado\\\/#breadcrumb\",\"itemListElement\":[{\"@type\":\"ListItem\",\"position\":1,\"name\":\"In\u00edcio\",\"item\":\"https:\\\/\\\/folhapopular.info\\\/\"},{\"@type\":\"ListItem\",\"position\":2,\"name\":\"Amturvales participa de encontro com lideran\u00e7as do turismo em Gramado\"}]},{\"@type\":\"WebSite\",\"@id\":\"https:\\\/\\\/folhapopular.info\\\/#website\",\"url\":\"https:\\\/\\\/folhapopular.info\\\/\",\"name\":\"Folha Popular\",\"description\":\"Onde voc\u00ea tem vez e voz\",\"potentialAction\":[{\"@type\":\"SearchAction\",\"target\":{\"@type\":\"EntryPoint\",\"urlTemplate\":\"https:\\\/\\\/folhapopular.info\\\/?s={search_term_string}\"},\"query-input\":{\"@type\":\"PropertyValueSpecification\",\"valueRequired\":true,\"valueName\":\"search_term_string\"}}],\"inLanguage\":\"pt-BR\"},{\"@type\":\"Person\",\"@id\":\"https:\\\/\\\/folhapopular.info\\\/#\\\/schema\\\/person\\\/2814e8a0df7643585a9ca38bc6eb9d4b\",\"name\":\"Reda\u00e7\u00e3o Folha Popular\",\"image\":{\"@type\":\"ImageObject\",\"inLanguage\":\"pt-BR\",\"@id\":\"https:\\\/\\\/folhapopular.info\\\/wp-content\\\/uploads\\\/2026\\\/04\\\/Folha-1.webp\",\"url\":\"https:\\\/\\\/folhapopular.info\\\/wp-content\\\/uploads\\\/2026\\\/04\\\/Folha-1.webp\",\"contentUrl\":\"https:\\\/\\\/folhapopular.info\\\/wp-content\\\/uploads\\\/2026\\\/04\\\/Folha-1.webp\",\"caption\":\"Reda\u00e7\u00e3o Folha Popular\"},\"url\":\"https:\\\/\\\/folhapopular.info\\\/index.php\\\/author\\\/redacao\\\/\"}]}<\/script>\n<!-- \/ Yoast SEO plugin. -->","yoast_head_json":{"title":"Amturvales participa de encontro com lideran\u00e7as do turismo em Gramado - Folha Popular","robots":{"index":"index","follow":"follow","max-snippet":"max-snippet:-1","max-image-preview":"max-image-preview:large","max-video-preview":"max-video-preview:-1"},"canonical":"https:\/\/folhapopular.info\/index.php\/2024\/07\/01\/amturvales-participa-de-encontro-com-liderancas-do-turismo-em-gramado\/","og_locale":"pt_BR","og_type":"article","og_title":"Amturvales participa de encontro com lideran\u00e7as do turismo em Gramado - Folha Popular","og_description":"A C\u00e2mara Tem\u00e1tica do Turismo de Gramado realizou, nesta sexta-feira (28\/6), a primeira reuni\u00e3o no \u00e2mbito do Conselho do Plano Rio Grande. O Plano, lan\u00e7ado pelo Governador Eduardo Leite, tem como objetivo promover a reconstru\u00e7\u00e3o do Rio Grande do Sul, com agilidade e efici\u00eancia, seguindo os preceitos de resili\u00eancia e adapta\u00e7\u00e3o clim\u00e1tica.&nbsp; Na Governan\u00e7a do [&hellip;]","og_url":"https:\/\/folhapopular.info\/index.php\/2024\/07\/01\/amturvales-participa-de-encontro-com-liderancas-do-turismo-em-gramado\/","og_site_name":"Folha Popular","article_published_time":"2024-07-01T13:15:00+00:00","og_image":[{"width":1600,"height":1200,"url":"https:\/\/folhapopular.info\/wp-content\/uploads\/2024\/07\/a3909b0e-0c60-4660-af08-12f97c762d87.png","type":"image\/png"}],"author":"Reda\u00e7\u00e3o Folha Popular","twitter_card":"summary_large_image","twitter_misc":{"Escrito por":"Reda\u00e7\u00e3o Folha Popular","Est. tempo de leitura":"2 minutos"},"schema":{"@context":"https:\/\/schema.org","@graph":[{"@type":"Article","@id":"https:\/\/folhapopular.info\/index.php\/2024\/07\/01\/amturvales-participa-de-encontro-com-liderancas-do-turismo-em-gramado\/#article","isPartOf":{"@id":"https:\/\/folhapopular.info\/index.php\/2024\/07\/01\/amturvales-participa-de-encontro-com-liderancas-do-turismo-em-gramado\/"},"author":{"name":"Reda\u00e7\u00e3o Folha Popular","@id":"https:\/\/folhapopular.info\/#\/schema\/person\/2814e8a0df7643585a9ca38bc6eb9d4b"},"headline":"Amturvales participa de encontro com lideran\u00e7as do turismo em Gramado","datePublished":"2024-07-01T13:15:00+00:00","mainEntityOfPage":{"@id":"https:\/\/folhapopular.info\/index.php\/2024\/07\/01\/amturvales-participa-de-encontro-com-liderancas-do-turismo-em-gramado\/"},"wordCount":293,"commentCount":0,"image":{"@id":"https:\/\/folhapopular.info\/index.php\/2024\/07\/01\/amturvales-participa-de-encontro-com-liderancas-do-turismo-em-gramado\/#primaryimage"},"thumbnailUrl":"https:\/\/folhapopular.info\/wp-content\/uploads\/2024\/07\/a3909b0e-0c60-4660-af08-12f97c762d87.png","keywords":["C\u00e2mara Tem\u00e1tica do Turismo de Gramado","Conselho do Plano Rio Grande","Rio Grande do Sul"],"articleSection":["Destaques","Economia","Neg\u00f3cios"],"inLanguage":"pt-BR","potentialAction":[{"@type":"CommentAction","name":"Comment","target":["https:\/\/folhapopular.info\/index.php\/2024\/07\/01\/amturvales-participa-de-encontro-com-liderancas-do-turismo-em-gramado\/#respond"]}]},{"@type":"WebPage","@id":"https:\/\/folhapopular.info\/index.php\/2024\/07\/01\/amturvales-participa-de-encontro-com-liderancas-do-turismo-em-gramado\/","url":"https:\/\/folhapopular.info\/index.php\/2024\/07\/01\/amturvales-participa-de-encontro-com-liderancas-do-turismo-em-gramado\/","name":"Amturvales participa de encontro com lideran\u00e7as do turismo em Gramado - Folha Popular","isPartOf":{"@id":"https:\/\/folhapopular.info\/#website"},"primaryImageOfPage":{"@id":"https:\/\/folhapopular.info\/index.php\/2024\/07\/01\/amturvales-participa-de-encontro-com-liderancas-do-turismo-em-gramado\/#primaryimage"},"image":{"@id":"https:\/\/folhapopular.info\/index.php\/2024\/07\/01\/amturvales-participa-de-encontro-com-liderancas-do-turismo-em-gramado\/#primaryimage"},"thumbnailUrl":"https:\/\/folhapopular.info\/wp-content\/uploads\/2024\/07\/a3909b0e-0c60-4660-af08-12f97c762d87.png","datePublished":"2024-07-01T13:15:00+00:00","author":{"@id":"https:\/\/folhapopular.info\/#\/schema\/person\/2814e8a0df7643585a9ca38bc6eb9d4b"},"breadcrumb":{"@id":"https:\/\/folhapopular.info\/index.php\/2024\/07\/01\/amturvales-participa-de-encontro-com-liderancas-do-turismo-em-gramado\/#breadcrumb"},"inLanguage":"pt-BR","potentialAction":[{"@type":"ReadAction","target":["https:\/\/folhapopular.info\/index.php\/2024\/07\/01\/amturvales-participa-de-encontro-com-liderancas-do-turismo-em-gramado\/"]}]},{"@type":"ImageObject","inLanguage":"pt-BR","@id":"https:\/\/folhapopular.info\/index.php\/2024\/07\/01\/amturvales-participa-de-encontro-com-liderancas-do-turismo-em-gramado\/#primaryimage","url":"https:\/\/folhapopular.info\/wp-content\/uploads\/2024\/07\/a3909b0e-0c60-4660-af08-12f97c762d87.png","contentUrl":"https:\/\/folhapopular.info\/wp-content\/uploads\/2024\/07\/a3909b0e-0c60-4660-af08-12f97c762d87.png","width":1600,"height":1200,"caption":"Cr\u00e9dito: Divulga\u00e7\u00e3o"},{"@type":"BreadcrumbList","@id":"https:\/\/folhapopular.info\/index.php\/2024\/07\/01\/amturvales-participa-de-encontro-com-liderancas-do-turismo-em-gramado\/#breadcrumb","itemListElement":[{"@type":"ListItem","position":1,"name":"In\u00edcio","item":"https:\/\/folhapopular.info\/"},{"@type":"ListItem","position":2,"name":"Amturvales participa de encontro com lideran\u00e7as do turismo em Gramado"}]},{"@type":"WebSite","@id":"https:\/\/folhapopular.info\/#website","url":"https:\/\/folhapopular.info\/","name":"Folha Popular","description":"Onde voc\u00ea tem vez e voz","potentialAction":[{"@type":"SearchAction","target":{"@type":"EntryPoint","urlTemplate":"https:\/\/folhapopular.info\/?s={search_term_string}"},"query-input":{"@type":"PropertyValueSpecification","valueRequired":true,"valueName":"search_term_string"}}],"inLanguage":"pt-BR"},{"@type":"Person","@id":"https:\/\/folhapopular.info\/#\/schema\/person\/2814e8a0df7643585a9ca38bc6eb9d4b","name":"Reda\u00e7\u00e3o Folha Popular","image":{"@type":"ImageObject","inLanguage":"pt-BR","@id":"https:\/\/folhapopular.info\/wp-content\/uploads\/2026\/04\/Folha-1.webp","url":"https:\/\/folhapopular.info\/wp-content\/uploads\/2026\/04\/Folha-1.webp","contentUrl":"https:\/\/folhapopular.info\/wp-content\/uploads\/2026\/04\/Folha-1.webp","caption":"Reda\u00e7\u00e3o Folha Popular"},"url":"https:\/\/folhapopular.info\/index.php\/author\/redacao\/"}]}},"jetpack_featured_media_url":"https:\/\/folhapopular.info\/wp-content\/uploads\/2024\/07\/a3909b0e-0c60-4660-af08-12f97c762d87.png","jetpack_sharing_enabled":true,"amp_enabled":true,"_links":{"self":[{"href":"https:\/\/folhapopular.info\/index.php\/wp-json\/wp\/v2\/posts\/161773","targetHints":{"allow":["GET"]}}],"collection":[{"href":"https:\/\/folhapopular.info\/index.php\/wp-json\/wp\/v2\/posts"}],"about":[{"href":"https:\/\/folhapopular.info\/index.php\/wp-json\/wp\/v2\/types\/post"}],"author":[{"embeddable":true,"href":"https:\/\/folhapopular.info\/index.php\/wp-json\/wp\/v2\/users\/8"}],"replies":[{"embeddable":true,"href":"https:\/\/folhapopular.info\/index.php\/wp-json\/wp\/v2\/comments?post=161773"}],"version-history":[{"count":0,"href":"https:\/\/folhapopular.info\/index.php\/wp-json\/wp\/v2\/posts\/161773\/revisions"}],"wp:featuredmedia":[{"embeddable":true,"href":"https:\/\/folhapopular.info\/index.php\/wp-json\/wp\/v2\/media\/161774"}],"wp:attachment":[{"href":"https:\/\/folhapopular.info\/index.php\/wp-json\/wp\/v2\/media?parent=161773"}],"wp:term":[{"taxonomy":"category","embeddable":true,"href":"https:\/\/folhapopular.info\/index.php\/wp-json\/wp\/v2\/categories?post=161773"},{"taxonomy":"post_tag","embeddable":true,"href":"https:\/\/folhapopular.info\/index.php\/wp-json\/wp\/v2\/tags?post=161773"}],"curies":[{"name":"wp","href":"https:\/\/api.w.org\/{rel}","templated":true}]}}